{"id":10661,"date":"2018-10-24T14:10:20","date_gmt":"2018-10-24T12:10:20","guid":{"rendered":"https:\/\/asso.graie.org\/portail\/?p=10661"},"modified":"2023-09-29T10:35:54","modified_gmt":"2023-09-29T08:35:54","slug":"journee-de-restitution-micromegas","status":"publish","type":"post","link":"https:\/\/asso.graie.org\/portail\/journee-de-restitution-micromegas\/","title":{"rendered":"Programme de recherche MicroMegas  Pluie\/Micropolluants\/TA"},"content":{"rendered":"\n<div id=\"page-wrapper\">\n<div id=\"contenu\">\n<div id=\"post-2\" class=\"padd-post-item padd-post-item-single\">\n<h3><a href=\"https:\/\/www.graie.org\/graie\/graiedoc\/doc_telech\/actesyntheses\/ACTES-GRAIE-Restitution-micromegas-20dec2018-v4.pdf\" target=\"_blank\" class=\"shortc-button big blue \"><span class=\"fa fa-file-pdf-o\" aria-hidden=\"true\"><\/span> Actes (49p)<\/a><\/h3>\n<\/div>\n<p>POUR PLUS D\u2019INFORMATIONS SUR LE PROGRAMME DE RECHERCHE MICROMEGAS :<\/p>\n<div id=\"post-2\" class=\"padd-post-item padd-post-item-single\">\n<h3><a href=\"http:\/\/www.micromegas-lyon.org\/\" class=\"shortc-button big blue \"><span class=\"fa \" aria-hidden=\"true\"><\/span> Micromegas-lyon.org<\/a><\/h3>\n<p><\/p><\/div><\/div><\/div>\n\n\n\n<div style=\"height:35px\" aria-hidden=\"true\" class=\"wp-block-spacer\"><\/div>\n\n\n<a href=\"https:\/\/www.graie.org\/graie\/graiedoc\/doc_telech\/actesyntheses\/GRAIE-L4B-MicroMegas-TApollutions-VFIN.pdf\" target=\"_blank\" class=\"shortc-button big blue \"><span class=\"fa fa-file-pdf-o\" aria-hidden=\"true\"><\/span>  Synth\u00e8se op\u00e9rationnelle 2020 (18p)<\/a>\n\n\n\n<div style=\"height:53px\" aria-hidden=\"true\" class=\"wp-block-spacer\"><\/div>\n\n\n\n<h3 class=\"wp-block-heading\">Contexte :<\/h3>\n\n\n\n<div class=\"padd-post-item-entry\">\n<div class=\"texte\">\n<p>Le projet de recherche MicroMegas soutenu par l\u2019<a class=\"spip_out\" href=\"https:\/\/ofb.gouv.fr\/\" rel=\"external\">AFB<\/a> &#8211; l&rsquo;Agence Fran\u00e7aise pour la Biodiversit\u00e9 ,L\u2019<a class=\"spip_out\" href=\"https:\/\/www.eaurmc.fr\/\" rel=\"external\">Agence de l\u2019eau Rh\u00f4ne M\u00e9diterran\u00e9e Corse<\/a> et le <a href=\"https:\/\/www.ecologique-solidaire.gouv.fr\/\">Minist\u00e8re de la Transition \u00e9cologique et solidaire<\/a>, dans le cadre de l\u2019appel \u00e0 projets \u00ab\u00a0Innovation et changements de pratiques&nbsp;: micropolluants des eaux urbaines\u00a0\u00bb 2013, a d\u00e9but\u00e9 pour une dur\u00e9e de 4 ans en mars 2015.<\/p>\n<p>MicroMegas s\u2019est attach\u00e9 au r\u00f4le des techniques alternatives de gestion des eaux pluviales sur la gestion des micropolluants dans les rejets urbains de temps de pluie (RUTP) , en comparant les <strong>syst\u00e8mes centralis\u00e9s \/ syst\u00e8mes \u00e0 la source<\/strong> (notamment sur le site exp\u00e9rimental <a class=\"spip_out\" href=\"http:\/\/www.othu.org\" rel=\"external\">OTHU<\/a> de Chassieu Django Reinhardt et l\u2019EcoCampus Lyontech la Doua ).<\/p>\n<p>Afin d\u2019atteindre les objectifs et r\u00e9pondre aux diff\u00e9rentes questions soulev\u00e9es par cette th\u00e9matique. Un consortium m\u00ealant \u00e9troitement comp\u00e9tences de recherche et comp\u00e9tences op\u00e9rationnelles a \u00e9t\u00e9 constitu\u00e9 : DEEP (<a class=\"spip_out broken_link\" href=\"http:\/\/deep.insa-lyon.fr\/\" rel=\"external\">INSA Lyon<\/a>), <a class=\"spip_out\" href=\"http:\/\/umr5600.ish-lyon.cnrs.fr\/\" rel=\"external\">EVS<\/a> (ENS Lyon &#8211; Universit\u00e9 Lyon 2), <a class=\"spip_out\" href=\"http:\/\/www.grandlyon.com\/\" rel=\"external\">Grand Lyon<\/a> La M\u00e9tropole, <a class=\"spip_out\" href=\"http:\/\/www.graie.org\/graie\/index.htm\" rel=\"external\">Graie<\/a>, <a href=\"https:\/\/www.univ-lyon1.fr\/campus\/plan-des-campus\/campus-lyontech-la-doua\">Campus Lyon Tech La Doua<\/a>, OTHU.<\/p>\n<h3>\n\t\t<div class=\"clearfix\"><\/div>\n\t\t<hr style=\"margin-top:40px; margin-bottom:40px;\" class=\"divider divider-solid\">\n\t<\/h3>\n<h3>Objectifs :<\/h3>\n<p>Cette journ\u00e9e visait \u00e0 restituer et faire conna\u00eetre, aussi largement que possible, les r\u00e9sultats du programme de recherche, \u00e0 savoir :<\/p>\n<p>\u2022 les connaissances acquises sur :<br>&#8212; le suivi exp\u00e9rimental des dispositifs alternatifs de gestion des eaux pluviales centralis\u00e9s et \u00e0 la source et<br>&#8212; la caract\u00e9risation des perceptions des micropolluants et des dispositifs techniques par les diff\u00e9rents niveaux d\u00e9cisionnels d\u2019acteurs&nbsp; ;<br>\u2022 les outils op\u00e9rationnels d\u00e9velopp\u00e9s et en projet .<\/p>\n<h3>\n\t\t<div class=\"clearfix\"><\/div>\n\t\t<hr style=\"margin-top:40px; margin-bottom:40px;\" class=\"divider divider-solid\">\n\t<\/h3>\n<h3>Public :<\/h3>\n<p>Cette journ\u00e9e s\u2019adresse particuli\u00e8rement \u00e0 un PUBLIC TECHNIQUE\/OP\u00c9RATIONNEL :<br>repr\u00e9sentants des collectivit\u00e9s territoriales, les op\u00e9rateurs, les bureaux d\u2019\u00e9tudes, leurs partenaires institutionnels (Services de l\u2019\u00e9tat, Agences de l\u2019Eau\u2026), et les acteurs de l\u2019am\u00e9nagement (am\u00e9nageurs, paysagistes\u2026) qui participent \u00e0 la conception des ouvrages. Elle int\u00e9ressera \u00e9galement les \u00e9lus, soucieux de mettre en place une strat\u00e9gie int\u00e9gr\u00e9e de gestion de l\u2019eau sur leur territoire, et enfin, les scientifiques travaillant sur la gestion de l\u2019eau dans la ville (hydrologues, biologistes, chimistes, sociologues, \u00e9conomistes\u2026).<\/p>\n<h3>\n\t\t<div class=\"clearfix\"><\/div>\n\t\t<hr style=\"margin-top:40px; margin-bottom:40px;\" class=\"divider divider-solid\">\n\t<\/h3>\n<\/div>\n<h3><strong>Rappel du PROGRAMME<br><\/strong><\/h3>\n<p><u><b>&#x2198;13h00 <\/b><\/u><u><b>&#8211;&nbsp; <\/b><\/u><u><b>Accueil<\/b><\/u><\/p>\n<p><b>14h00<\/b> \u2013 Introduction et cadrage \u2013<br><em>Sylvie Barraud, INSA LYON &#8211; DEEP &#8211; Coordinatrice du Programme<\/em> et<br><em>Elisabeth Sibeud, Responsable \u00e9tudes et travaux de la Direction de l&rsquo;eau &#8211; M\u00e9tropole de Lyon<\/em><\/p>\n<p><b>14h30 <\/b>-Quelles perceptions et repr\u00e9sentations ont de ces micropolluants les usagers et les gestionnaires de ces ouvrages? Est-ce que ces perceptions sont de nature \u00e0 impacter le fonctionnement des syst\u00e8mes&nbsp;eux-m\u00eames ou \u00e0 permettre une inflexion des pratiques li\u00e9es aux dispositifs ?<br><em>Anne Honegger, EVS &#8211; ENS lyon ; Sebastien Ah Leung, INSA Lyon<br><\/em><\/p>\n<p><u><b>&#x2198; 15h10- PAUSE<\/b><\/u><\/p>\n<p><b>15h30<\/b> &#8211; Comment suivre ces techniques (m\u00e9trologie) ? <em>Robin Garnier- INSA LYON &#8211; DEEP<\/em><\/p>\n<p><b>16h00 <\/b>\u2013 \u00c9valuation de la performance de ces techniques ? <em>H\u00e9l\u00e8ne Castebrunet &#8211; INSA Lyon &#8211; DEEP<\/em><\/p>\n<p><b>16h30<\/b> \u2013 Mise en perspectives des r\u00e9sultats avec ceux obtenus sur d&rsquo;autres sites de Paris et\/ou Nantes&nbsp; &#8211; Futur guide m\u00e9thodologique d&rsquo;\u00e9valuation des performances commun aux 3 programmes&nbsp; (Programmes Matriochkas&nbsp;: Nouvelles m\u00e9thodes d\u2019\u00e9valuation des performances de diff\u00e9rentes techniques pour mieux traiter les eaux de pluie (Nantes m\u00e9tropole) &amp; Roulepur&nbsp;: Lutte contre les flux de micropolluants issus des voiries urbaines (Ile de France))<br><em>Kelsey Flanagan &#8211; <\/em><em>Laboratoire Eau Environnement et Syst\u00e8mes Urbains (LEESU) &#8211; ENPC &#8211; UPEC &#8211; AgroParisTech<br><\/em><\/p>\n<p><b>17h00 <\/b><b>&#8211; <\/b><b>CONCLUSIONS &amp; PERSPECTIVES &#8211; Vision des partenaires et acteurs du projet<br><\/b><em>Esterelle Villemagne , Agence fran\u00e7aise pour la biodiversit\u00e9<br>C\u00e9line Lagarrigue, Agence de l&rsquo;eau Rh\u00f4ne M\u00e9diterran\u00e9e Corse<br><\/em><em>Elisabeth Sibeud, Responsable \u00e9tudes et travaux de la Direction de l&rsquo;eau &#8211; M\u00e9tropole de Lyon<br>Sylvie Barraud, INSA LYON &#8211; DEEP &#8211; Coordinatrice du Programme<\/em><\/p>\n<\/div>\n\n\n\n<div style=\"height:35px\" aria-hidden=\"true\" class=\"wp-block-spacer\"><\/div>\n\n\n\n<div class=\"padd-post-item-entry\">\n<p><b>17h30 \u2013 <\/b><b>A retenir &#8211; Grand t\u00e9moin &#8211; <\/b>Qu\u2019a permis d\u2019apporter Micromegas sur l\u2019appr\u00e9hension des performances et le suivis des TA vis-\u00e0-vis des micropolluants ? &#8211; <em>Jean-Jacques Herin, ADOPTA<\/em><\/p>\n<p><u><b>&#x2198;<\/b><\/u><u><b>18h00 \u2013 fin de la <\/b><\/u><u><b>journ\u00e9e<\/b><\/u><\/p>\n<\/div>\n\n\n\n<div style=\"height:55px\" aria-hidden=\"true\" class=\"wp-block-spacer\"><\/div>\n\n\n\n<h3 class=\"wp-block-heading\"><strong>Lieu<\/strong><\/h3>\n\n\n\n<p>La journ\u00e9e se d\u00e9roulait \u00e0 l&rsquo;AMPHITHEATRE Eug\u00e9ne Freyssinet &#8211; Campus Lyontech la Doua &#8211; 8 rue des sport &#8211; Villeurbanne<em> &#8211; <\/em><a href=\"https:\/\/goo.gl\/maps\/iVuNaA1x1eN2\">Lien google map<\/a><\/p>\n\n\n\n<div style=\"height:55px\" aria-hidden=\"true\" class=\"wp-block-spacer\"><\/div>\n\n\n\n<h3 class=\"wp-block-heading\"><strong>Partenaires<\/strong><\/h3>\n\n\n\n<figure class=\"wp-block-image is-style-default\"><img decoding=\"async\" loading=\"lazy\" width=\"152\" height=\"197\" src=\"https:\/\/asso.graie.org\/portail\/wp-content\/uploads\/2018\/10\/logos.jpg\" alt=\"\" class=\"wp-image-12468\"\/><\/figure>\n\n\n\n<figure class=\"wp-block-image is-style-default\"><img decoding=\"async\" loading=\"lazy\" width=\"300\" height=\"188\" src=\"https:\/\/asso.graie.org\/portail\/wp-content\/uploads\/2018\/10\/Capturemm-300x188.jpg\" alt=\"\" class=\"wp-image-12469\" srcset=\"https:\/\/asso.graie.org\/portail\/wp-content\/uploads\/2018\/10\/Capturemm-300x188.jpg 300w, https:\/\/asso.graie.org\/portail\/wp-content\/uploads\/2018\/10\/Capturemm.jpg 438w\" sizes=\"(max-width: 300px) 100vw, 300px\" \/><\/figure>\n","protected":false},"excerpt":{"rendered":"<p>POUR PLUS D\u2019INFORMATIONS SUR LE PROGRAMME DE RECHERCHE MICROMEGAS : Contexte : Le projet de recherche MicroMegas soutenu par l\u2019AFB &#8211; l&rsquo;Agence Fran\u00e7aise pour la Biodiversit\u00e9 ,L\u2019Agence de l\u2019eau Rh\u00f4ne M\u00e9diterran\u00e9e Corse et le Minist\u00e8re de la Transition \u00e9cologique et &hellip;<\/p>\n","protected":false},"author":9,"featured_media":10676,"comment_status":"closed","ping_status":"closed","sticky":false,"template":"","format":"standard","meta":{"_mi_skip_tracking":false,"footnotes":""},"categories":[32,589,29],"tags":[197,1564,498,232,91],"acf":[],"yoast_head":"<!-- This site is optimized with the Yoast SEO plugin v19.13 - https:\/\/yoast.com\/wordpress\/plugins\/seo\/ -->\n<title>Programme de recherche MicroMegas Pluie\/Micropolluants\/TA | Graie<\/title>\n<meta name=\"robots\" content=\"index, follow, max-snippet:-1, max-image-preview:large, max-video-preview:-1\" \/>\n<link rel=\"canonical\" href=\"https:\/\/asso.graie.org\/portail\/journee-de-restitution-micromegas\/\" \/>\n<meta property=\"og:locale\" content=\"fr_FR\" \/>\n<meta property=\"og:type\" content=\"article\" \/>\n<meta property=\"og:title\" content=\"Programme de recherche MicroMegas Pluie\/Micropolluants\/TA | Graie\" \/>\n<meta property=\"og:description\" content=\"POUR PLUS D\u2019INFORMATIONS SUR LE PROGRAMME DE RECHERCHE MICROMEGAS : Contexte : Le projet de recherche MicroMegas soutenu par l\u2019AFB &#8211; l&rsquo;Agence Fran\u00e7aise pour la Biodiversit\u00e9 ,L\u2019Agence de l\u2019eau Rh\u00f4ne M\u00e9diterran\u00e9e Corse et le Minist\u00e8re de la Transition \u00e9cologique et &hellip;\" \/>\n<meta property=\"og:url\" content=\"https:\/\/asso.graie.org\/portail\/journee-de-restitution-micromegas\/\" \/>\n<meta property=\"og:site_name\" content=\"Graie\" \/>\n<meta property=\"article:published_time\" content=\"2018-10-24T12:10:20+00:00\" \/>\n<meta property=\"article:modified_time\" content=\"2023-09-29T08:35:54+00:00\" \/>\n<meta property=\"og:image\" content=\"https:\/\/asso.graie.org\/portail\/wp-content\/uploads\/2018\/04\/SURVOLbandeau.jpg\" \/>\n\t<meta property=\"og:image:width\" content=\"997\" \/>\n\t<meta property=\"og:image:height\" content=\"187\" \/>\n\t<meta property=\"og:image:type\" content=\"image\/jpeg\" \/>\n<meta name=\"author\" content=\"Laetitia Bacot\" \/>\n<meta name=\"twitter:card\" content=\"summary_large_image\" \/>\n<meta name=\"twitter:creator\" content=\"@asso_graie\" \/>\n<meta name=\"twitter:site\" content=\"@asso_graie\" \/>\n<meta name=\"twitter:label1\" content=\"\u00c9crit par\" \/>\n\t<meta name=\"twitter:data1\" content=\"Laetitia Bacot\" \/>\n\t<meta name=\"twitter:label2\" content=\"Dur\u00e9e de lecture estim\u00e9e\" \/>\n\t<meta name=\"twitter:data2\" content=\"4 minutes\" \/>\n<script type=\"application\/ld+json\" class=\"yoast-schema-graph\">{\"@context\":\"https:\/\/schema.org\",\"@graph\":[{\"@type\":\"Article\",\"@id\":\"https:\/\/asso.graie.org\/portail\/journee-de-restitution-micromegas\/#article\",\"isPartOf\":{\"@id\":\"https:\/\/asso.graie.org\/portail\/journee-de-restitution-micromegas\/\"},\"author\":{\"name\":\"Laetitia Bacot\",\"@id\":\"https:\/\/asso.graie.org\/portail\/#\/schema\/person\/32d8e579e7571258fa5a8d6575f1da6b\"},\"headline\":\"Programme de recherche MicroMegas Pluie\/Micropolluants\/TA\",\"datePublished\":\"2018-10-24T12:10:20+00:00\",\"dateModified\":\"2023-09-29T08:35:54+00:00\",\"mainEntityOfPage\":{\"@id\":\"https:\/\/asso.graie.org\/portail\/journee-de-restitution-micromegas\/\"},\"wordCount\":803,\"publisher\":{\"@id\":\"https:\/\/asso.graie.org\/portail\/#organization\"},\"keywords\":[\"eaux pluviales urbaines\",\"MicroMegas\",\"micropolluants\",\"rejets urbains de temps de pluie\",\"techniques alternatives\"],\"articleSection\":[\"Eaux pluviales et am\u00e9nagement\",\"Historique Agenda\",\"Productions\"],\"inLanguage\":\"fr-FR\"},{\"@type\":\"WebPage\",\"@id\":\"https:\/\/asso.graie.org\/portail\/journee-de-restitution-micromegas\/\",\"url\":\"https:\/\/asso.graie.org\/portail\/journee-de-restitution-micromegas\/\",\"name\":\"Programme de recherche MicroMegas Pluie\/Micropolluants\/TA | Graie\",\"isPartOf\":{\"@id\":\"https:\/\/asso.graie.org\/portail\/#website\"},\"datePublished\":\"2018-10-24T12:10:20+00:00\",\"dateModified\":\"2023-09-29T08:35:54+00:00\",\"breadcrumb\":{\"@id\":\"https:\/\/asso.graie.org\/portail\/journee-de-restitution-micromegas\/#breadcrumb\"},\"inLanguage\":\"fr-FR\",\"potentialAction\":[{\"@type\":\"ReadAction\",\"target\":[\"https:\/\/asso.graie.org\/portail\/journee-de-restitution-micromegas\/\"]}]},{\"@type\":\"BreadcrumbList\",\"@id\":\"https:\/\/asso.graie.org\/portail\/journee-de-restitution-micromegas\/#breadcrumb\",\"itemListElement\":[{\"@type\":\"ListItem\",\"position\":1,\"name\":\"Accueil\",\"item\":\"https:\/\/asso.graie.org\/portail\/\"},{\"@type\":\"ListItem\",\"position\":2,\"name\":\"Programme de recherche MicroMegas Pluie\/Micropolluants\/TA\"}]},{\"@type\":\"WebSite\",\"@id\":\"https:\/\/asso.graie.org\/portail\/#website\",\"url\":\"https:\/\/asso.graie.org\/portail\/\",\"name\":\"Graie\",\"description\":\"P\u00f4le Eau et Territoires\",\"publisher\":{\"@id\":\"https:\/\/asso.graie.org\/portail\/#organization\"},\"potentialAction\":[{\"@type\":\"SearchAction\",\"target\":{\"@type\":\"EntryPoint\",\"urlTemplate\":\"https:\/\/asso.graie.org\/portail\/?s={search_term_string}\"},\"query-input\":\"required name=search_term_string\"}],\"inLanguage\":\"fr-FR\"},{\"@type\":\"Organization\",\"@id\":\"https:\/\/asso.graie.org\/portail\/#organization\",\"name\":\"Le Graie\",\"url\":\"https:\/\/asso.graie.org\/portail\/\",\"logo\":{\"@type\":\"ImageObject\",\"inLanguage\":\"fr-FR\",\"@id\":\"https:\/\/asso.graie.org\/portail\/#\/schema\/logo\/image\/\",\"url\":\"https:\/\/asso.graie.org\/portail\/wp-content\/uploads\/2021\/12\/Logotype-Graie.png\",\"contentUrl\":\"https:\/\/asso.graie.org\/portail\/wp-content\/uploads\/2021\/12\/Logotype-Graie.png\",\"width\":1890,\"height\":1181,\"caption\":\"Le Graie\"},\"image\":{\"@id\":\"https:\/\/asso.graie.org\/portail\/#\/schema\/logo\/image\/\"},\"sameAs\":[\"https:\/\/fr.linkedin.com\/company\/graie?trk=top_nav_home\",\"https:\/\/www.youtube.com\/channel\/UCZQk0Tt7upYwERYNdDIZqLQ\",\"https:\/\/twitter.com\/asso_graie\"]},{\"@type\":\"Person\",\"@id\":\"https:\/\/asso.graie.org\/portail\/#\/schema\/person\/32d8e579e7571258fa5a8d6575f1da6b\",\"name\":\"Laetitia Bacot\",\"url\":\"https:\/\/asso.graie.org\/portail\/author\/laetitiabacot\/\"}]}<\/script>\n<!-- \/ Yoast SEO plugin. -->","yoast_head_json":{"title":"Programme de recherche MicroMegas Pluie\/Micropolluants\/TA | Graie","robots":{"index":"index","follow":"follow","max-snippet":"max-snippet:-1","max-image-preview":"max-image-preview:large","max-video-preview":"max-video-preview:-1"},"canonical":"https:\/\/asso.graie.org\/portail\/journee-de-restitution-micromegas\/","og_locale":"fr_FR","og_type":"article","og_title":"Programme de recherche MicroMegas Pluie\/Micropolluants\/TA | Graie","og_description":"POUR PLUS D\u2019INFORMATIONS SUR LE PROGRAMME DE RECHERCHE MICROMEGAS : Contexte : Le projet de recherche MicroMegas soutenu par l\u2019AFB &#8211; l&rsquo;Agence Fran\u00e7aise pour la Biodiversit\u00e9 ,L\u2019Agence de l\u2019eau Rh\u00f4ne M\u00e9diterran\u00e9e Corse et le Minist\u00e8re de la Transition \u00e9cologique et &hellip;","og_url":"https:\/\/asso.graie.org\/portail\/journee-de-restitution-micromegas\/","og_site_name":"Graie","article_published_time":"2018-10-24T12:10:20+00:00","article_modified_time":"2023-09-29T08:35:54+00:00","og_image":[{"width":997,"height":187,"url":"https:\/\/asso.graie.org\/portail\/wp-content\/uploads\/2018\/04\/SURVOLbandeau.jpg","type":"image\/jpeg"}],"author":"Laetitia Bacot","twitter_card":"summary_large_image","twitter_creator":"@asso_graie","twitter_site":"@asso_graie","twitter_misc":{"\u00c9crit par":"Laetitia Bacot","Dur\u00e9e de lecture estim\u00e9e":"4 minutes"},"schema":{"@context":"https:\/\/schema.org","@graph":[{"@type":"Article","@id":"https:\/\/asso.graie.org\/portail\/journee-de-restitution-micromegas\/#article","isPartOf":{"@id":"https:\/\/asso.graie.org\/portail\/journee-de-restitution-micromegas\/"},"author":{"name":"Laetitia Bacot","@id":"https:\/\/asso.graie.org\/portail\/#\/schema\/person\/32d8e579e7571258fa5a8d6575f1da6b"},"headline":"Programme de recherche MicroMegas Pluie\/Micropolluants\/TA","datePublished":"2018-10-24T12:10:20+00:00","dateModified":"2023-09-29T08:35:54+00:00","mainEntityOfPage":{"@id":"https:\/\/asso.graie.org\/portail\/journee-de-restitution-micromegas\/"},"wordCount":803,"publisher":{"@id":"https:\/\/asso.graie.org\/portail\/#organization"},"keywords":["eaux pluviales urbaines","MicroMegas","micropolluants","rejets urbains de temps de pluie","techniques alternatives"],"articleSection":["Eaux pluviales et am\u00e9nagement","Historique Agenda","Productions"],"inLanguage":"fr-FR"},{"@type":"WebPage","@id":"https:\/\/asso.graie.org\/portail\/journee-de-restitution-micromegas\/","url":"https:\/\/asso.graie.org\/portail\/journee-de-restitution-micromegas\/","name":"Programme de recherche MicroMegas Pluie\/Micropolluants\/TA | Graie","isPartOf":{"@id":"https:\/\/asso.graie.org\/portail\/#website"},"datePublished":"2018-10-24T12:10:20+00:00","dateModified":"2023-09-29T08:35:54+00:00","breadcrumb":{"@id":"https:\/\/asso.graie.org\/portail\/journee-de-restitution-micromegas\/#breadcrumb"},"inLanguage":"fr-FR","potentialAction":[{"@type":"ReadAction","target":["https:\/\/asso.graie.org\/portail\/journee-de-restitution-micromegas\/"]}]},{"@type":"BreadcrumbList","@id":"https:\/\/asso.graie.org\/portail\/journee-de-restitution-micromegas\/#breadcrumb","itemListElement":[{"@type":"ListItem","position":1,"name":"Accueil","item":"https:\/\/asso.graie.org\/portail\/"},{"@type":"ListItem","position":2,"name":"Programme de recherche MicroMegas Pluie\/Micropolluants\/TA"}]},{"@type":"WebSite","@id":"https:\/\/asso.graie.org\/portail\/#website","url":"https:\/\/asso.graie.org\/portail\/","name":"Graie","description":"P\u00f4le Eau et Territoires","publisher":{"@id":"https:\/\/asso.graie.org\/portail\/#organization"},"potentialAction":[{"@type":"SearchAction","target":{"@type":"EntryPoint","urlTemplate":"https:\/\/asso.graie.org\/portail\/?s={search_term_string}"},"query-input":"required name=search_term_string"}],"inLanguage":"fr-FR"},{"@type":"Organization","@id":"https:\/\/asso.graie.org\/portail\/#organization","name":"Le Graie","url":"https:\/\/asso.graie.org\/portail\/","logo":{"@type":"ImageObject","inLanguage":"fr-FR","@id":"https:\/\/asso.graie.org\/portail\/#\/schema\/logo\/image\/","url":"https:\/\/asso.graie.org\/portail\/wp-content\/uploads\/2021\/12\/Logotype-Graie.png","contentUrl":"https:\/\/asso.graie.org\/portail\/wp-content\/uploads\/2021\/12\/Logotype-Graie.png","width":1890,"height":1181,"caption":"Le Graie"},"image":{"@id":"https:\/\/asso.graie.org\/portail\/#\/schema\/logo\/image\/"},"sameAs":["https:\/\/fr.linkedin.com\/company\/graie?trk=top_nav_home","https:\/\/www.youtube.com\/channel\/UCZQk0Tt7upYwERYNdDIZqLQ","https:\/\/twitter.com\/asso_graie"]},{"@type":"Person","@id":"https:\/\/asso.graie.org\/portail\/#\/schema\/person\/32d8e579e7571258fa5a8d6575f1da6b","name":"Laetitia Bacot","url":"https:\/\/asso.graie.org\/portail\/author\/laetitiabacot\/"}]}},"_links":{"self":[{"href":"https:\/\/asso.graie.org\/portail\/wp-json\/wp\/v2\/posts\/10661"}],"collection":[{"href":"https:\/\/asso.graie.org\/portail\/wp-json\/wp\/v2\/posts"}],"about":[{"href":"https:\/\/asso.graie.org\/portail\/wp-json\/wp\/v2\/types\/post"}],"author":[{"embeddable":true,"href":"https:\/\/asso.graie.org\/portail\/wp-json\/wp\/v2\/users\/9"}],"replies":[{"embeddable":true,"href":"https:\/\/asso.graie.org\/portail\/wp-json\/wp\/v2\/comments?post=10661"}],"version-history":[{"count":6,"href":"https:\/\/asso.graie.org\/portail\/wp-json\/wp\/v2\/posts\/10661\/revisions"}],"predecessor-version":[{"id":24354,"href":"https:\/\/asso.graie.org\/portail\/wp-json\/wp\/v2\/posts\/10661\/revisions\/24354"}],"wp:featuredmedia":[{"embeddable":true,"href":"https:\/\/asso.graie.org\/portail\/wp-json\/wp\/v2\/media\/10676"}],"wp:attachment":[{"href":"https:\/\/asso.graie.org\/portail\/wp-json\/wp\/v2\/media?parent=10661"}],"wp:term":[{"taxonomy":"category","embeddable":true,"href":"https:\/\/asso.graie.org\/portail\/wp-json\/wp\/v2\/categories?post=10661"},{"taxonomy":"post_tag","embeddable":true,"href":"https:\/\/asso.graie.org\/portail\/wp-json\/wp\/v2\/tags?post=10661"}],"curies":[{"name":"wp","href":"https:\/\/api.w.org\/{rel}","templated":true}]}}