{"id":10710,"date":"2018-09-03T09:54:32","date_gmt":"2018-09-03T07:54:32","guid":{"rendered":"https:\/\/asso.graie.org\/portail\/?p=10710"},"modified":"2025-11-17T09:24:14","modified_gmt":"2025-11-17T08:24:14","slug":"novatech-2019","status":"publish","type":"post","link":"https:\/\/asso.graie.org\/portail\/novatech-2019\/","title":{"rendered":"Novatech 2019 | Actes"},"content":{"rendered":"<p style=\"text-align: center;\"><a href=\"https:\/\/www.graie.org\/graie\/graiedoc\/doc_telech\/NOVATECH%202019_Complet_final.pdf\" target=\"_blank\" class=\"shortc-button medium blue \"><span class=\"fa fa-file-pdf-o\" aria-hidden=\"true\"><\/span> Actes complets &#8211; Novatech 2019<\/a>\n<p><a href=\"http:\/\/www.novatech.graie.org\/documents\/NOVATECH%202019_Complet_final.pdf\" target=\"_blank\" rel=\"noopener noreferrer\"><img decoding=\"async\" loading=\"lazy\" class=\"wp-image-13845 aligncenter\" src=\"https:\/\/asso.graie.org\/portail\/wp-content\/uploads\/2018\/09\/NovatechActes2019.png\" alt=\"\" width=\"128\" height=\"166\" \/><\/a><\/p>\n<p><strong>Novatech, le rendez-vous des acteurs de la ville et de l&rsquo;eau, scientifiques et professionnels, s&rsquo;est tenu du 1er au 5 juillet 2019 \u00e0 l&rsquo;INSA Lyon, France.<\/strong><\/p>\n<p>Novatech est une rencontre organis\u00e9e \u00e0 Lyon tous les 3 ans sur les strat\u00e9gies et solutions pour une gestion durable de l&rsquo;eau dans la ville, avec un focus sur les eaux pluviales urbaines.<br \/>\nCette 10e \u00e9dition de la conf\u00e9rence, co-organis\u00e9e par le Graie, l&rsquo;INSA Lyon et la M\u00e9tropole de Lyon, s&rsquo;est tenue \u00e0 l&rsquo;INSA, sur l&rsquo;EcoCampus LyonTech la Doua.<\/p>\n<p style=\"text-align: center;\"><b><\/p>\n<p><\/b><\/p>\n<div><\/div>\n","protected":false},"excerpt":{"rendered":"<p>Novatech, le rendez-vous des acteurs de la ville et de l&rsquo;eau, scientifiques et professionnels, s&rsquo;est tenu du 1er au 5 juillet 2019 \u00e0 l&rsquo;INSA Lyon, France. Novatech est une rencontre organis\u00e9e \u00e0 Lyon tous les 3 ans sur les strat\u00e9gies &hellip;<\/p>\n","protected":false},"author":7,"featured_media":12097,"comment_status":"closed","ping_status":"closed","sticky":false,"template":"","format":"standard","meta":{"_mi_skip_tracking":false,"footnotes":""},"categories":[32,589,29],"tags":[1579,1582,1523,83,1580,92,1087,177,1583,95,1581],"acf":[],"yoast_head":"<!-- This site is optimized with the Yoast SEO plugin v19.13 - https:\/\/yoast.com\/wordpress\/plugins\/seo\/ -->\n<title>Novatech 2019 | Actes | Graie<\/title>\n<meta name=\"robots\" content=\"index, follow, max-snippet:-1, max-image-preview:large, max-video-preview:-1\" \/>\n<link rel=\"canonical\" href=\"https:\/\/asso.graie.org\/portail\/novatech-2019\/\" \/>\n<meta property=\"og:locale\" content=\"fr_FR\" \/>\n<meta property=\"og:type\" content=\"article\" \/>\n<meta property=\"og:title\" content=\"Novatech 2019 | Actes | Graie\" \/>\n<meta property=\"og:description\" content=\"Novatech, le rendez-vous des acteurs de la ville et de l&rsquo;eau, scientifiques et professionnels, s&rsquo;est tenu du 1er au 5 juillet 2019 \u00e0 l&rsquo;INSA Lyon, France. Novatech est une rencontre organis\u00e9e \u00e0 Lyon tous les 3 ans sur les strat\u00e9gies &hellip;\" \/>\n<meta property=\"og:url\" content=\"https:\/\/asso.graie.org\/portail\/novatech-2019\/\" \/>\n<meta property=\"og:site_name\" content=\"Graie\" \/>\n<meta property=\"article:published_time\" content=\"2018-09-03T07:54:32+00:00\" \/>\n<meta property=\"article:modified_time\" content=\"2025-11-17T08:24:14+00:00\" \/>\n<meta property=\"og:image\" content=\"https:\/\/asso.graie.org\/portail\/wp-content\/uploads\/2018\/05\/NOVA19-BANDEAU_BLEU-FR-e1540387571459.jpg\" \/>\n\t<meta property=\"og:image:width\" content=\"10827\" \/>\n\t<meta property=\"og:image:height\" content=\"1465\" \/>\n\t<meta property=\"og:image:type\" content=\"image\/jpeg\" \/>\n<meta name=\"author\" content=\"Elodie Brelot\" \/>\n<meta name=\"twitter:card\" content=\"summary_large_image\" \/>\n<meta name=\"twitter:creator\" content=\"@asso_graie\" \/>\n<meta name=\"twitter:site\" content=\"@asso_graie\" \/>\n<meta name=\"twitter:label1\" content=\"\u00c9crit par\" \/>\n\t<meta name=\"twitter:data1\" content=\"Elodie Brelot\" \/>\n\t<meta name=\"twitter:label2\" content=\"Dur\u00e9e de lecture estim\u00e9e\" \/>\n\t<meta name=\"twitter:data2\" content=\"1 minute\" \/>\n<script type=\"application\/ld+json\" class=\"yoast-schema-graph\">{\"@context\":\"https:\/\/schema.org\",\"@graph\":[{\"@type\":\"Article\",\"@id\":\"https:\/\/asso.graie.org\/portail\/novatech-2019\/#article\",\"isPartOf\":{\"@id\":\"https:\/\/asso.graie.org\/portail\/novatech-2019\/\"},\"author\":{\"name\":\"Elodie Brelot\",\"@id\":\"https:\/\/asso.graie.org\/portail\/#\/schema\/person\/ebbf9bebb8d5ddeff54ec9127fe57e3a\"},\"headline\":\"Novatech 2019 | Actes\",\"datePublished\":\"2018-09-03T07:54:32+00:00\",\"dateModified\":\"2025-11-17T08:24:14+00:00\",\"mainEntityOfPage\":{\"@id\":\"https:\/\/asso.graie.org\/portail\/novatech-2019\/\"},\"wordCount\":115,\"publisher\":{\"@id\":\"https:\/\/asso.graie.org\/portail\/#organization\"},\"keywords\":[\"2019\",\"communications\",\"conf\u00e9rence\",\"eau\",\"internationale\",\"Novatech\",\"scientifique\",\"urbain\",\"urban\",\"ville\",\"water\"],\"articleSection\":[\"Eaux pluviales et am\u00e9nagement\",\"Historique Agenda\",\"Productions\"],\"inLanguage\":\"fr-FR\"},{\"@type\":\"WebPage\",\"@id\":\"https:\/\/asso.graie.org\/portail\/novatech-2019\/\",\"url\":\"https:\/\/asso.graie.org\/portail\/novatech-2019\/\",\"name\":\"Novatech 2019 | Actes | Graie\",\"isPartOf\":{\"@id\":\"https:\/\/asso.graie.org\/portail\/#website\"},\"datePublished\":\"2018-09-03T07:54:32+00:00\",\"dateModified\":\"2025-11-17T08:24:14+00:00\",\"breadcrumb\":{\"@id\":\"https:\/\/asso.graie.org\/portail\/novatech-2019\/#breadcrumb\"},\"inLanguage\":\"fr-FR\",\"potentialAction\":[{\"@type\":\"ReadAction\",\"target\":[\"https:\/\/asso.graie.org\/portail\/novatech-2019\/\"]}]},{\"@type\":\"BreadcrumbList\",\"@id\":\"https:\/\/asso.graie.org\/portail\/novatech-2019\/#breadcrumb\",\"itemListElement\":[{\"@type\":\"ListItem\",\"position\":1,\"name\":\"Accueil\",\"item\":\"https:\/\/asso.graie.org\/portail\/\"},{\"@type\":\"ListItem\",\"position\":2,\"name\":\"Novatech 2019 | Actes\"}]},{\"@type\":\"WebSite\",\"@id\":\"https:\/\/asso.graie.org\/portail\/#website\",\"url\":\"https:\/\/asso.graie.org\/portail\/\",\"name\":\"Graie\",\"description\":\"P\u00f4le Eau et Territoires\",\"publisher\":{\"@id\":\"https:\/\/asso.graie.org\/portail\/#organization\"},\"potentialAction\":[{\"@type\":\"SearchAction\",\"target\":{\"@type\":\"EntryPoint\",\"urlTemplate\":\"https:\/\/asso.graie.org\/portail\/?s={search_term_string}\"},\"query-input\":\"required name=search_term_string\"}],\"inLanguage\":\"fr-FR\"},{\"@type\":\"Organization\",\"@id\":\"https:\/\/asso.graie.org\/portail\/#organization\",\"name\":\"Le Graie\",\"url\":\"https:\/\/asso.graie.org\/portail\/\",\"logo\":{\"@type\":\"ImageObject\",\"inLanguage\":\"fr-FR\",\"@id\":\"https:\/\/asso.graie.org\/portail\/#\/schema\/logo\/image\/\",\"url\":\"https:\/\/asso.graie.org\/portail\/wp-content\/uploads\/2021\/12\/Logotype-Graie.png\",\"contentUrl\":\"https:\/\/asso.graie.org\/portail\/wp-content\/uploads\/2021\/12\/Logotype-Graie.png\",\"width\":1890,\"height\":1181,\"caption\":\"Le Graie\"},\"image\":{\"@id\":\"https:\/\/asso.graie.org\/portail\/#\/schema\/logo\/image\/\"},\"sameAs\":[\"https:\/\/fr.linkedin.com\/company\/graie?trk=top_nav_home\",\"https:\/\/www.youtube.com\/channel\/UCZQk0Tt7upYwERYNdDIZqLQ\",\"https:\/\/twitter.com\/asso_graie\"]},{\"@type\":\"Person\",\"@id\":\"https:\/\/asso.graie.org\/portail\/#\/schema\/person\/ebbf9bebb8d5ddeff54ec9127fe57e3a\",\"name\":\"Elodie Brelot\",\"url\":\"https:\/\/asso.graie.org\/portail\/author\/elodiebrelot\/\"}]}<\/script>\n<!-- \/ Yoast SEO plugin. -->","yoast_head_json":{"title":"Novatech 2019 | Actes | Graie","robots":{"index":"index","follow":"follow","max-snippet":"max-snippet:-1","max-image-preview":"max-image-preview:large","max-video-preview":"max-video-preview:-1"},"canonical":"https:\/\/asso.graie.org\/portail\/novatech-2019\/","og_locale":"fr_FR","og_type":"article","og_title":"Novatech 2019 | Actes | Graie","og_description":"Novatech, le rendez-vous des acteurs de la ville et de l&rsquo;eau, scientifiques et professionnels, s&rsquo;est tenu du 1er au 5 juillet 2019 \u00e0 l&rsquo;INSA Lyon, France. Novatech est une rencontre organis\u00e9e \u00e0 Lyon tous les 3 ans sur les strat\u00e9gies &hellip;","og_url":"https:\/\/asso.graie.org\/portail\/novatech-2019\/","og_site_name":"Graie","article_published_time":"2018-09-03T07:54:32+00:00","article_modified_time":"2025-11-17T08:24:14+00:00","og_image":[{"width":10827,"height":1465,"url":"https:\/\/asso.graie.org\/portail\/wp-content\/uploads\/2018\/05\/NOVA19-BANDEAU_BLEU-FR-e1540387571459.jpg","type":"image\/jpeg"}],"author":"Elodie Brelot","twitter_card":"summary_large_image","twitter_creator":"@asso_graie","twitter_site":"@asso_graie","twitter_misc":{"\u00c9crit par":"Elodie Brelot","Dur\u00e9e de lecture estim\u00e9e":"1 minute"},"schema":{"@context":"https:\/\/schema.org","@graph":[{"@type":"Article","@id":"https:\/\/asso.graie.org\/portail\/novatech-2019\/#article","isPartOf":{"@id":"https:\/\/asso.graie.org\/portail\/novatech-2019\/"},"author":{"name":"Elodie Brelot","@id":"https:\/\/asso.graie.org\/portail\/#\/schema\/person\/ebbf9bebb8d5ddeff54ec9127fe57e3a"},"headline":"Novatech 2019 | Actes","datePublished":"2018-09-03T07:54:32+00:00","dateModified":"2025-11-17T08:24:14+00:00","mainEntityOfPage":{"@id":"https:\/\/asso.graie.org\/portail\/novatech-2019\/"},"wordCount":115,"publisher":{"@id":"https:\/\/asso.graie.org\/portail\/#organization"},"keywords":["2019","communications","conf\u00e9rence","eau","internationale","Novatech","scientifique","urbain","urban","ville","water"],"articleSection":["Eaux pluviales et am\u00e9nagement","Historique Agenda","Productions"],"inLanguage":"fr-FR"},{"@type":"WebPage","@id":"https:\/\/asso.graie.org\/portail\/novatech-2019\/","url":"https:\/\/asso.graie.org\/portail\/novatech-2019\/","name":"Novatech 2019 | Actes | Graie","isPartOf":{"@id":"https:\/\/asso.graie.org\/portail\/#website"},"datePublished":"2018-09-03T07:54:32+00:00","dateModified":"2025-11-17T08:24:14+00:00","breadcrumb":{"@id":"https:\/\/asso.graie.org\/portail\/novatech-2019\/#breadcrumb"},"inLanguage":"fr-FR","potentialAction":[{"@type":"ReadAction","target":["https:\/\/asso.graie.org\/portail\/novatech-2019\/"]}]},{"@type":"BreadcrumbList","@id":"https:\/\/asso.graie.org\/portail\/novatech-2019\/#breadcrumb","itemListElement":[{"@type":"ListItem","position":1,"name":"Accueil","item":"https:\/\/asso.graie.org\/portail\/"},{"@type":"ListItem","position":2,"name":"Novatech 2019 | Actes"}]},{"@type":"WebSite","@id":"https:\/\/asso.graie.org\/portail\/#website","url":"https:\/\/asso.graie.org\/portail\/","name":"Graie","description":"P\u00f4le Eau et Territoires","publisher":{"@id":"https:\/\/asso.graie.org\/portail\/#organization"},"potentialAction":[{"@type":"SearchAction","target":{"@type":"EntryPoint","urlTemplate":"https:\/\/asso.graie.org\/portail\/?s={search_term_string}"},"query-input":"required name=search_term_string"}],"inLanguage":"fr-FR"},{"@type":"Organization","@id":"https:\/\/asso.graie.org\/portail\/#organization","name":"Le Graie","url":"https:\/\/asso.graie.org\/portail\/","logo":{"@type":"ImageObject","inLanguage":"fr-FR","@id":"https:\/\/asso.graie.org\/portail\/#\/schema\/logo\/image\/","url":"https:\/\/asso.graie.org\/portail\/wp-content\/uploads\/2021\/12\/Logotype-Graie.png","contentUrl":"https:\/\/asso.graie.org\/portail\/wp-content\/uploads\/2021\/12\/Logotype-Graie.png","width":1890,"height":1181,"caption":"Le Graie"},"image":{"@id":"https:\/\/asso.graie.org\/portail\/#\/schema\/logo\/image\/"},"sameAs":["https:\/\/fr.linkedin.com\/company\/graie?trk=top_nav_home","https:\/\/www.youtube.com\/channel\/UCZQk0Tt7upYwERYNdDIZqLQ","https:\/\/twitter.com\/asso_graie"]},{"@type":"Person","@id":"https:\/\/asso.graie.org\/portail\/#\/schema\/person\/ebbf9bebb8d5ddeff54ec9127fe57e3a","name":"Elodie Brelot","url":"https:\/\/asso.graie.org\/portail\/author\/elodiebrelot\/"}]}},"_links":{"self":[{"href":"https:\/\/asso.graie.org\/portail\/wp-json\/wp\/v2\/posts\/10710"}],"collection":[{"href":"https:\/\/asso.graie.org\/portail\/wp-json\/wp\/v2\/posts"}],"about":[{"href":"https:\/\/asso.graie.org\/portail\/wp-json\/wp\/v2\/types\/post"}],"author":[{"embeddable":true,"href":"https:\/\/asso.graie.org\/portail\/wp-json\/wp\/v2\/users\/7"}],"replies":[{"embeddable":true,"href":"https:\/\/asso.graie.org\/portail\/wp-json\/wp\/v2\/comments?post=10710"}],"version-history":[{"count":6,"href":"https:\/\/asso.graie.org\/portail\/wp-json\/wp\/v2\/posts\/10710\/revisions"}],"predecessor-version":[{"id":29641,"href":"https:\/\/asso.graie.org\/portail\/wp-json\/wp\/v2\/posts\/10710\/revisions\/29641"}],"wp:featuredmedia":[{"embeddable":true,"href":"https:\/\/asso.graie.org\/portail\/wp-json\/wp\/v2\/media\/12097"}],"wp:attachment":[{"href":"https:\/\/asso.graie.org\/portail\/wp-json\/wp\/v2\/media?parent=10710"}],"wp:term":[{"taxonomy":"category","embeddable":true,"href":"https:\/\/asso.graie.org\/portail\/wp-json\/wp\/v2\/categories?post=10710"},{"taxonomy":"post_tag","embeddable":true,"href":"https:\/\/asso.graie.org\/portail\/wp-json\/wp\/v2\/tags?post=10710"}],"curies":[{"name":"wp","href":"https:\/\/api.w.org\/{rel}","templated":true}]}}