{"id":10952,"date":"2021-04-02T11:39:34","date_gmt":"2021-04-02T09:39:34","guid":{"rendered":"https:\/\/asso.graie.org\/portail\/?p=10952"},"modified":"2022-05-04T13:12:07","modified_gmt":"2022-05-04T11:12:07","slug":"14-septembre-2018-astee-appel-a-communication","status":"publish","type":"post","link":"https:\/\/asso.graie.org\/portail\/14-septembre-2018-astee-appel-a-communication\/","title":{"rendered":"ICUD 2021 | Call for abstracts | Melbourne"},"content":{"rendered":"<div>\n<h2 style=\"text-align: center;\">Envoyez vos propositions de communication avant le 25 juin 2021<\/h2>\n<\/div>\n<p><img decoding=\"async\" loading=\"lazy\" class=\"aligncenter wp-image-17412 size-full\" src=\"https:\/\/asso.graie.org\/portail\/wp-content\/uploads\/2021\/04\/icud213.jpg\" alt=\"\" width=\"1900\" height=\"489\" srcset=\"https:\/\/asso.graie.org\/portail\/wp-content\/uploads\/2021\/04\/icud213.jpg 1900w, https:\/\/asso.graie.org\/portail\/wp-content\/uploads\/2021\/04\/icud213-300x77.jpg 300w, https:\/\/asso.graie.org\/portail\/wp-content\/uploads\/2021\/04\/icud213-1024x264.jpg 1024w, https:\/\/asso.graie.org\/portail\/wp-content\/uploads\/2021\/04\/icud213-768x198.jpg 768w, https:\/\/asso.graie.org\/portail\/wp-content\/uploads\/2021\/04\/icud213-1536x395.jpg 1536w\" sizes=\"(max-width: 1900px) 100vw, 1900px\" \/><\/p>\n<p>&nbsp;<\/p>\n<p>The ICUD2021 Organising Committee is pleased to announce that abstract submissions and registrations are now open for the International Conference on Urban Drainage 2021.\u00a0 The meeting will be hosted at the Melbourne Convention and Exhibition Centre from Monday 25th to Thursday 28th October 2021. A number of pre-conference workshops and post-conference technical tours will also be offered on Sunday 24th and Friday 29th October as part of the comprehensive ICUD2021 program.<\/p>\n<p><strong>Early Bird Registrations are open until 6th August 2021<\/strong> and we offer up to 35% discount to those quick deciders! Significant discounts are also available to those who cannot make it in person due to restrictions within Australia or internationally. View our full registration rates here.<\/p>\n<p><strong>Abstract submissions are invited until Friday 25th June 2021<\/strong>. If you submitted an abstract for the postponed 2020 conference, re-submission is required for 2021.<\/p>\n<div><\/div>\n<div><img decoding=\"async\" loading=\"lazy\" class=\"size-full wp-image-17414 aligncenter\" src=\"https:\/\/asso.graie.org\/portail\/wp-content\/uploads\/2021\/04\/icud212.jpg\" alt=\"\" width=\"254\" height=\"101\" \/><\/div>\n<a href=\"https:\/\/www.icud2021.org\/\" target=\"_blank\" class=\"shortc-button medium blue \"><span class=\"fa \" aria-hidden=\"true\"><\/span> Plus d&rsquo;informations<\/a>\n","protected":false},"excerpt":{"rendered":"<p>Envoyez vos propositions de communication avant le 25 juin 2021 &nbsp; The ICUD2021 Organising Committee is pleased to announce that abstract submissions and registrations are now open for the International Conference on Urban Drainage 2021.\u00a0 The meeting will be hosted &hellip;<\/p>\n","protected":false},"author":3,"featured_media":17413,"comment_status":"closed","ping_status":"closed","sticky":false,"template":"","format":"standard","meta":{"_mi_skip_tracking":false,"footnotes":""},"categories":[27,28],"tags":[1683,1618,1682,1684],"acf":[],"yoast_head":"<!-- This site is optimized with the Yoast SEO plugin v19.13 - https:\/\/yoast.com\/wordpress\/plugins\/seo\/ -->\n<title>ICUD 2021 | Call for abstracts | Melbourne | Graie<\/title>\n<meta name=\"robots\" content=\"index, follow, max-snippet:-1, max-image-preview:large, max-video-preview:-1\" \/>\n<link rel=\"canonical\" href=\"https:\/\/asso.graie.org\/portail\/14-septembre-2018-astee-appel-a-communication\/\" \/>\n<meta property=\"og:locale\" content=\"fr_FR\" \/>\n<meta property=\"og:type\" content=\"article\" \/>\n<meta property=\"og:title\" content=\"ICUD 2021 | Call for abstracts | Melbourne | Graie\" \/>\n<meta property=\"og:description\" content=\"Envoyez vos propositions de communication avant le 25 juin 2021 &nbsp; The ICUD2021 Organising Committee is pleased to announce that abstract submissions and registrations are now open for the International Conference on Urban Drainage 2021.\u00a0 The meeting will be hosted &hellip;\" \/>\n<meta property=\"og:url\" content=\"https:\/\/asso.graie.org\/portail\/14-septembre-2018-astee-appel-a-communication\/\" \/>\n<meta property=\"og:site_name\" content=\"Graie\" \/>\n<meta property=\"article:published_time\" content=\"2021-04-02T09:39:34+00:00\" \/>\n<meta property=\"article:modified_time\" content=\"2022-05-04T11:12:07+00:00\" \/>\n<meta property=\"og:image\" content=\"https:\/\/asso.graie.org\/portail\/wp-content\/uploads\/2021\/04\/icud211.jpg\" \/>\n\t<meta property=\"og:image:width\" content=\"1125\" \/>\n\t<meta property=\"og:image:height\" content=\"375\" \/>\n\t<meta property=\"og:image:type\" content=\"image\/jpeg\" \/>\n<meta name=\"author\" content=\"Laure Dumonte\" \/>\n<meta name=\"twitter:card\" content=\"summary_large_image\" \/>\n<meta name=\"twitter:creator\" content=\"@asso_graie\" \/>\n<meta name=\"twitter:site\" content=\"@asso_graie\" \/>\n<meta name=\"twitter:label1\" content=\"\u00c9crit par\" \/>\n\t<meta name=\"twitter:data1\" content=\"Laure Dumonte\" \/>\n\t<meta name=\"twitter:label2\" content=\"Dur\u00e9e de lecture estim\u00e9e\" \/>\n\t<meta name=\"twitter:data2\" content=\"1 minute\" \/>\n<script type=\"application\/ld+json\" class=\"yoast-schema-graph\">{\"@context\":\"https:\/\/schema.org\",\"@graph\":[{\"@type\":\"Article\",\"@id\":\"https:\/\/asso.graie.org\/portail\/14-septembre-2018-astee-appel-a-communication\/#article\",\"isPartOf\":{\"@id\":\"https:\/\/asso.graie.org\/portail\/14-septembre-2018-astee-appel-a-communication\/\"},\"author\":{\"name\":\"Laure Dumonte\",\"@id\":\"https:\/\/asso.graie.org\/portail\/#\/schema\/person\/b7fb559684005d59490969faaa8fc42f\"},\"headline\":\"ICUD 2021 | Call for abstracts | Melbourne\",\"datePublished\":\"2021-04-02T09:39:34+00:00\",\"dateModified\":\"2022-05-04T11:12:07+00:00\",\"mainEntityOfPage\":{\"@id\":\"https:\/\/asso.graie.org\/portail\/14-septembre-2018-astee-appel-a-communication\/\"},\"wordCount\":166,\"publisher\":{\"@id\":\"https:\/\/asso.graie.org\/portail\/#organization\"},\"keywords\":[\"Canada\",\"\u00e9v\u00e9nement\",\"ICUD\",\"Melbourne\"],\"articleSection\":[\"Actualit\u00e9s partenaires\",\"Toute l'actualit\u00e9\"],\"inLanguage\":\"fr-FR\"},{\"@type\":\"WebPage\",\"@id\":\"https:\/\/asso.graie.org\/portail\/14-septembre-2018-astee-appel-a-communication\/\",\"url\":\"https:\/\/asso.graie.org\/portail\/14-septembre-2018-astee-appel-a-communication\/\",\"name\":\"ICUD 2021 | Call for abstracts | Melbourne | Graie\",\"isPartOf\":{\"@id\":\"https:\/\/asso.graie.org\/portail\/#website\"},\"datePublished\":\"2021-04-02T09:39:34+00:00\",\"dateModified\":\"2022-05-04T11:12:07+00:00\",\"breadcrumb\":{\"@id\":\"https:\/\/asso.graie.org\/portail\/14-septembre-2018-astee-appel-a-communication\/#breadcrumb\"},\"inLanguage\":\"fr-FR\",\"potentialAction\":[{\"@type\":\"ReadAction\",\"target\":[\"https:\/\/asso.graie.org\/portail\/14-septembre-2018-astee-appel-a-communication\/\"]}]},{\"@type\":\"BreadcrumbList\",\"@id\":\"https:\/\/asso.graie.org\/portail\/14-septembre-2018-astee-appel-a-communication\/#breadcrumb\",\"itemListElement\":[{\"@type\":\"ListItem\",\"position\":1,\"name\":\"Accueil\",\"item\":\"https:\/\/asso.graie.org\/portail\/\"},{\"@type\":\"ListItem\",\"position\":2,\"name\":\"ICUD 2021 | Call for abstracts | Melbourne\"}]},{\"@type\":\"WebSite\",\"@id\":\"https:\/\/asso.graie.org\/portail\/#website\",\"url\":\"https:\/\/asso.graie.org\/portail\/\",\"name\":\"Graie\",\"description\":\"P\u00f4le Eau et Territoires\",\"publisher\":{\"@id\":\"https:\/\/asso.graie.org\/portail\/#organization\"},\"potentialAction\":[{\"@type\":\"SearchAction\",\"target\":{\"@type\":\"EntryPoint\",\"urlTemplate\":\"https:\/\/asso.graie.org\/portail\/?s={search_term_string}\"},\"query-input\":\"required name=search_term_string\"}],\"inLanguage\":\"fr-FR\"},{\"@type\":\"Organization\",\"@id\":\"https:\/\/asso.graie.org\/portail\/#organization\",\"name\":\"Le Graie\",\"url\":\"https:\/\/asso.graie.org\/portail\/\",\"logo\":{\"@type\":\"ImageObject\",\"inLanguage\":\"fr-FR\",\"@id\":\"https:\/\/asso.graie.org\/portail\/#\/schema\/logo\/image\/\",\"url\":\"https:\/\/asso.graie.org\/portail\/wp-content\/uploads\/2021\/12\/Logotype-Graie.png\",\"contentUrl\":\"https:\/\/asso.graie.org\/portail\/wp-content\/uploads\/2021\/12\/Logotype-Graie.png\",\"width\":1890,\"height\":1181,\"caption\":\"Le Graie\"},\"image\":{\"@id\":\"https:\/\/asso.graie.org\/portail\/#\/schema\/logo\/image\/\"},\"sameAs\":[\"https:\/\/fr.linkedin.com\/company\/graie?trk=top_nav_home\",\"https:\/\/www.youtube.com\/channel\/UCZQk0Tt7upYwERYNdDIZqLQ\",\"https:\/\/twitter.com\/asso_graie\"]},{\"@type\":\"Person\",\"@id\":\"https:\/\/asso.graie.org\/portail\/#\/schema\/person\/b7fb559684005d59490969faaa8fc42f\",\"name\":\"Laure Dumonte\",\"url\":\"https:\/\/asso.graie.org\/portail\/author\/sarahscarrott\/\"}]}<\/script>\n<!-- \/ Yoast SEO plugin. -->","yoast_head_json":{"title":"ICUD 2021 | Call for abstracts | Melbourne | Graie","robots":{"index":"index","follow":"follow","max-snippet":"max-snippet:-1","max-image-preview":"max-image-preview:large","max-video-preview":"max-video-preview:-1"},"canonical":"https:\/\/asso.graie.org\/portail\/14-septembre-2018-astee-appel-a-communication\/","og_locale":"fr_FR","og_type":"article","og_title":"ICUD 2021 | Call for abstracts | Melbourne | Graie","og_description":"Envoyez vos propositions de communication avant le 25 juin 2021 &nbsp; The ICUD2021 Organising Committee is pleased to announce that abstract submissions and registrations are now open for the International Conference on Urban Drainage 2021.\u00a0 The meeting will be hosted &hellip;","og_url":"https:\/\/asso.graie.org\/portail\/14-septembre-2018-astee-appel-a-communication\/","og_site_name":"Graie","article_published_time":"2021-04-02T09:39:34+00:00","article_modified_time":"2022-05-04T11:12:07+00:00","og_image":[{"width":1125,"height":375,"url":"https:\/\/asso.graie.org\/portail\/wp-content\/uploads\/2021\/04\/icud211.jpg","type":"image\/jpeg"}],"author":"Laure Dumonte","twitter_card":"summary_large_image","twitter_creator":"@asso_graie","twitter_site":"@asso_graie","twitter_misc":{"\u00c9crit par":"Laure Dumonte","Dur\u00e9e de lecture estim\u00e9e":"1 minute"},"schema":{"@context":"https:\/\/schema.org","@graph":[{"@type":"Article","@id":"https:\/\/asso.graie.org\/portail\/14-septembre-2018-astee-appel-a-communication\/#article","isPartOf":{"@id":"https:\/\/asso.graie.org\/portail\/14-septembre-2018-astee-appel-a-communication\/"},"author":{"name":"Laure Dumonte","@id":"https:\/\/asso.graie.org\/portail\/#\/schema\/person\/b7fb559684005d59490969faaa8fc42f"},"headline":"ICUD 2021 | Call for abstracts | Melbourne","datePublished":"2021-04-02T09:39:34+00:00","dateModified":"2022-05-04T11:12:07+00:00","mainEntityOfPage":{"@id":"https:\/\/asso.graie.org\/portail\/14-septembre-2018-astee-appel-a-communication\/"},"wordCount":166,"publisher":{"@id":"https:\/\/asso.graie.org\/portail\/#organization"},"keywords":["Canada","\u00e9v\u00e9nement","ICUD","Melbourne"],"articleSection":["Actualit\u00e9s partenaires","Toute l'actualit\u00e9"],"inLanguage":"fr-FR"},{"@type":"WebPage","@id":"https:\/\/asso.graie.org\/portail\/14-septembre-2018-astee-appel-a-communication\/","url":"https:\/\/asso.graie.org\/portail\/14-septembre-2018-astee-appel-a-communication\/","name":"ICUD 2021 | Call for abstracts | Melbourne | Graie","isPartOf":{"@id":"https:\/\/asso.graie.org\/portail\/#website"},"datePublished":"2021-04-02T09:39:34+00:00","dateModified":"2022-05-04T11:12:07+00:00","breadcrumb":{"@id":"https:\/\/asso.graie.org\/portail\/14-septembre-2018-astee-appel-a-communication\/#breadcrumb"},"inLanguage":"fr-FR","potentialAction":[{"@type":"ReadAction","target":["https:\/\/asso.graie.org\/portail\/14-septembre-2018-astee-appel-a-communication\/"]}]},{"@type":"BreadcrumbList","@id":"https:\/\/asso.graie.org\/portail\/14-septembre-2018-astee-appel-a-communication\/#breadcrumb","itemListElement":[{"@type":"ListItem","position":1,"name":"Accueil","item":"https:\/\/asso.graie.org\/portail\/"},{"@type":"ListItem","position":2,"name":"ICUD 2021 | Call for abstracts | Melbourne"}]},{"@type":"WebSite","@id":"https:\/\/asso.graie.org\/portail\/#website","url":"https:\/\/asso.graie.org\/portail\/","name":"Graie","description":"P\u00f4le Eau et Territoires","publisher":{"@id":"https:\/\/asso.graie.org\/portail\/#organization"},"potentialAction":[{"@type":"SearchAction","target":{"@type":"EntryPoint","urlTemplate":"https:\/\/asso.graie.org\/portail\/?s={search_term_string}"},"query-input":"required name=search_term_string"}],"inLanguage":"fr-FR"},{"@type":"Organization","@id":"https:\/\/asso.graie.org\/portail\/#organization","name":"Le Graie","url":"https:\/\/asso.graie.org\/portail\/","logo":{"@type":"ImageObject","inLanguage":"fr-FR","@id":"https:\/\/asso.graie.org\/portail\/#\/schema\/logo\/image\/","url":"https:\/\/asso.graie.org\/portail\/wp-content\/uploads\/2021\/12\/Logotype-Graie.png","contentUrl":"https:\/\/asso.graie.org\/portail\/wp-content\/uploads\/2021\/12\/Logotype-Graie.png","width":1890,"height":1181,"caption":"Le Graie"},"image":{"@id":"https:\/\/asso.graie.org\/portail\/#\/schema\/logo\/image\/"},"sameAs":["https:\/\/fr.linkedin.com\/company\/graie?trk=top_nav_home","https:\/\/www.youtube.com\/channel\/UCZQk0Tt7upYwERYNdDIZqLQ","https:\/\/twitter.com\/asso_graie"]},{"@type":"Person","@id":"https:\/\/asso.graie.org\/portail\/#\/schema\/person\/b7fb559684005d59490969faaa8fc42f","name":"Laure Dumonte","url":"https:\/\/asso.graie.org\/portail\/author\/sarahscarrott\/"}]}},"_links":{"self":[{"href":"https:\/\/asso.graie.org\/portail\/wp-json\/wp\/v2\/posts\/10952"}],"collection":[{"href":"https:\/\/asso.graie.org\/portail\/wp-json\/wp\/v2\/posts"}],"about":[{"href":"https:\/\/asso.graie.org\/portail\/wp-json\/wp\/v2\/types\/post"}],"author":[{"embeddable":true,"href":"https:\/\/asso.graie.org\/portail\/wp-json\/wp\/v2\/users\/3"}],"replies":[{"embeddable":true,"href":"https:\/\/asso.graie.org\/portail\/wp-json\/wp\/v2\/comments?post=10952"}],"version-history":[{"count":8,"href":"https:\/\/asso.graie.org\/portail\/wp-json\/wp\/v2\/posts\/10952\/revisions"}],"predecessor-version":[{"id":20325,"href":"https:\/\/asso.graie.org\/portail\/wp-json\/wp\/v2\/posts\/10952\/revisions\/20325"}],"wp:featuredmedia":[{"embeddable":true,"href":"https:\/\/asso.graie.org\/portail\/wp-json\/wp\/v2\/media\/17413"}],"wp:attachment":[{"href":"https:\/\/asso.graie.org\/portail\/wp-json\/wp\/v2\/media?parent=10952"}],"wp:term":[{"taxonomy":"category","embeddable":true,"href":"https:\/\/asso.graie.org\/portail\/wp-json\/wp\/v2\/categories?post=10952"},{"taxonomy":"post_tag","embeddable":true,"href":"https:\/\/asso.graie.org\/portail\/wp-json\/wp\/v2\/tags?post=10952"}],"curies":[{"name":"wp","href":"https:\/\/api.w.org\/{rel}","templated":true}]}}