{"id":11464,"date":"2018-07-30T15:28:12","date_gmt":"2018-07-30T13:28:12","guid":{"rendered":"https:\/\/asso.graie.org\/portail\/?p=11464"},"modified":"2018-07-30T15:28:12","modified_gmt":"2018-07-30T13:28:12","slug":"agir-pour-les-zones-humides-des-vallees-du-rhone-et-de-la-saone","status":"publish","type":"post","link":"https:\/\/asso.graie.org\/portail\/agir-pour-les-zones-humides-des-vallees-du-rhone-et-de-la-saone\/","title":{"rendered":"Agir pour les zones humides des vall\u00e9es du Rh\u00f4ne et de la Sa\u00f4ne"},"content":{"rendered":"<a href=\"http:\/\/www.reseau-cen.org\/sites\/default\/files\/fichiers\/plaquette_zones_humides_rhonesaone.pdf\" target=\"_blank\" class=\"shortc-button big blue \"><span class=\"fa fa-file-pdf-o\" aria-hidden=\"true\"><\/span> Plaquette (6p)<\/a>\n<p>&nbsp;<\/p>\n<p>Voici la plaquette \u00ab\u00a0Agir pour les zones humides des vall\u00e9es du Rh\u00f4ne et de la Sa\u00f4ne\u00a0\u00bb, r\u00e9cemment \u00e9dit\u00e9e ! C&rsquo;est une plaquette de communication sur les zones humides du Rh\u00f4ne et de la Sa\u00f4ne et la strat\u00e9gie d&rsquo;action pour les pr\u00e9server et les restaurer, \u00e0 destination des porteurs de projets (collectivit\u00e9s, associations..) et des partenaires des projets (institutionnels, financiers, techniques).<\/p>\n","protected":false},"excerpt":{"rendered":"<p>&nbsp; Voici la plaquette \u00ab\u00a0Agir pour les zones humides des vall\u00e9es du Rh\u00f4ne et de la Sa\u00f4ne\u00a0\u00bb, r\u00e9cemment \u00e9dit\u00e9e ! C&rsquo;est une plaquette de communication sur les zones humides du Rh\u00f4ne et de la Sa\u00f4ne et la strat\u00e9gie d&rsquo;action pour &hellip;<\/p>\n","protected":false},"author":3,"featured_media":0,"comment_status":"closed","ping_status":"closed","sticky":false,"template":"","format":"standard","meta":{"_mi_skip_tracking":false,"footnotes":""},"categories":[33,29],"tags":[1536,305,439,1534,1147,1535,299,1532,1533],"acf":[],"yoast_head":"<!-- This site is optimized with the Yoast SEO plugin v19.13 - https:\/\/yoast.com\/wordpress\/plugins\/seo\/ -->\n<title>Agir pour les zones humides des vall\u00e9es du Rh\u00f4ne et de la Sa\u00f4ne | Graie<\/title>\n<meta name=\"robots\" content=\"index, follow, max-snippet:-1, max-image-preview:large, max-video-preview:-1\" \/>\n<link rel=\"canonical\" href=\"https:\/\/asso.graie.org\/portail\/agir-pour-les-zones-humides-des-vallees-du-rhone-et-de-la-saone\/\" \/>\n<meta property=\"og:locale\" content=\"fr_FR\" \/>\n<meta property=\"og:type\" content=\"article\" \/>\n<meta property=\"og:title\" content=\"Agir pour les zones humides des vall\u00e9es du Rh\u00f4ne et de la Sa\u00f4ne | Graie\" \/>\n<meta property=\"og:description\" content=\"&nbsp; Voici la plaquette \u00ab\u00a0Agir pour les zones humides des vall\u00e9es du Rh\u00f4ne et de la Sa\u00f4ne\u00a0\u00bb, r\u00e9cemment \u00e9dit\u00e9e ! C&rsquo;est une plaquette de communication sur les zones humides du Rh\u00f4ne et de la Sa\u00f4ne et la strat\u00e9gie d&rsquo;action pour &hellip;\" \/>\n<meta property=\"og:url\" content=\"https:\/\/asso.graie.org\/portail\/agir-pour-les-zones-humides-des-vallees-du-rhone-et-de-la-saone\/\" \/>\n<meta property=\"og:site_name\" content=\"Graie\" \/>\n<meta property=\"article:published_time\" content=\"2018-07-30T13:28:12+00:00\" \/>\n<meta name=\"author\" content=\"Laure Dumonte\" \/>\n<meta name=\"twitter:card\" content=\"summary_large_image\" \/>\n<meta name=\"twitter:creator\" content=\"@asso_graie\" \/>\n<meta name=\"twitter:site\" content=\"@asso_graie\" \/>\n<meta name=\"twitter:label1\" content=\"\u00c9crit par\" \/>\n\t<meta name=\"twitter:data1\" content=\"Laure Dumonte\" \/>\n<script type=\"application\/ld+json\" class=\"yoast-schema-graph\">{\"@context\":\"https:\/\/schema.org\",\"@graph\":[{\"@type\":\"Article\",\"@id\":\"https:\/\/asso.graie.org\/portail\/agir-pour-les-zones-humides-des-vallees-du-rhone-et-de-la-saone\/#article\",\"isPartOf\":{\"@id\":\"https:\/\/asso.graie.org\/portail\/agir-pour-les-zones-humides-des-vallees-du-rhone-et-de-la-saone\/\"},\"author\":{\"name\":\"Laure Dumonte\",\"@id\":\"https:\/\/asso.graie.org\/portail\/#\/schema\/person\/b7fb559684005d59490969faaa8fc42f\"},\"headline\":\"Agir pour les zones humides des vall\u00e9es du Rh\u00f4ne et de la Sa\u00f4ne\",\"datePublished\":\"2018-07-30T13:28:12+00:00\",\"dateModified\":\"2018-07-30T13:28:12+00:00\",\"mainEntityOfPage\":{\"@id\":\"https:\/\/asso.graie.org\/portail\/agir-pour-les-zones-humides-des-vallees-du-rhone-et-de-la-saone\/\"},\"wordCount\":113,\"publisher\":{\"@id\":\"https:\/\/asso.graie.org\/portail\/#organization\"},\"keywords\":[\"azote\",\"biodiversit\u00e9\",\"climat\",\"for\u00eats alluviales\",\"marais\",\"plaines inondables\",\"Plan Rh\u00f4ne\",\"prairies humides\",\"tourbi\u00e8res\"],\"articleSection\":[\"Milieux aquatiques - Bassins versants\",\"Productions\"],\"inLanguage\":\"fr-FR\"},{\"@type\":\"WebPage\",\"@id\":\"https:\/\/asso.graie.org\/portail\/agir-pour-les-zones-humides-des-vallees-du-rhone-et-de-la-saone\/\",\"url\":\"https:\/\/asso.graie.org\/portail\/agir-pour-les-zones-humides-des-vallees-du-rhone-et-de-la-saone\/\",\"name\":\"Agir pour les zones humides des vall\u00e9es du Rh\u00f4ne et de la Sa\u00f4ne | Graie\",\"isPartOf\":{\"@id\":\"https:\/\/asso.graie.org\/portail\/#website\"},\"datePublished\":\"2018-07-30T13:28:12+00:00\",\"dateModified\":\"2018-07-30T13:28:12+00:00\",\"breadcrumb\":{\"@id\":\"https:\/\/asso.graie.org\/portail\/agir-pour-les-zones-humides-des-vallees-du-rhone-et-de-la-saone\/#breadcrumb\"},\"inLanguage\":\"fr-FR\",\"potentialAction\":[{\"@type\":\"ReadAction\",\"target\":[\"https:\/\/asso.graie.org\/portail\/agir-pour-les-zones-humides-des-vallees-du-rhone-et-de-la-saone\/\"]}]},{\"@type\":\"BreadcrumbList\",\"@id\":\"https:\/\/asso.graie.org\/portail\/agir-pour-les-zones-humides-des-vallees-du-rhone-et-de-la-saone\/#breadcrumb\",\"itemListElement\":[{\"@type\":\"ListItem\",\"position\":1,\"name\":\"Accueil\",\"item\":\"https:\/\/asso.graie.org\/portail\/\"},{\"@type\":\"ListItem\",\"position\":2,\"name\":\"Agir pour les zones humides des vall\u00e9es du Rh\u00f4ne et de la Sa\u00f4ne\"}]},{\"@type\":\"WebSite\",\"@id\":\"https:\/\/asso.graie.org\/portail\/#website\",\"url\":\"https:\/\/asso.graie.org\/portail\/\",\"name\":\"Graie\",\"description\":\"P\u00f4le Eau et Territoires\",\"publisher\":{\"@id\":\"https:\/\/asso.graie.org\/portail\/#organization\"},\"potentialAction\":[{\"@type\":\"SearchAction\",\"target\":{\"@type\":\"EntryPoint\",\"urlTemplate\":\"https:\/\/asso.graie.org\/portail\/?s={search_term_string}\"},\"query-input\":\"required name=search_term_string\"}],\"inLanguage\":\"fr-FR\"},{\"@type\":\"Organization\",\"@id\":\"https:\/\/asso.graie.org\/portail\/#organization\",\"name\":\"Le Graie\",\"url\":\"https:\/\/asso.graie.org\/portail\/\",\"logo\":{\"@type\":\"ImageObject\",\"inLanguage\":\"fr-FR\",\"@id\":\"https:\/\/asso.graie.org\/portail\/#\/schema\/logo\/image\/\",\"url\":\"https:\/\/asso.graie.org\/portail\/wp-content\/uploads\/2021\/12\/Logotype-Graie.png\",\"contentUrl\":\"https:\/\/asso.graie.org\/portail\/wp-content\/uploads\/2021\/12\/Logotype-Graie.png\",\"width\":1890,\"height\":1181,\"caption\":\"Le Graie\"},\"image\":{\"@id\":\"https:\/\/asso.graie.org\/portail\/#\/schema\/logo\/image\/\"},\"sameAs\":[\"https:\/\/fr.linkedin.com\/company\/graie?trk=top_nav_home\",\"https:\/\/www.youtube.com\/channel\/UCZQk0Tt7upYwERYNdDIZqLQ\",\"https:\/\/twitter.com\/asso_graie\"]},{\"@type\":\"Person\",\"@id\":\"https:\/\/asso.graie.org\/portail\/#\/schema\/person\/b7fb559684005d59490969faaa8fc42f\",\"name\":\"Laure Dumonte\",\"url\":\"https:\/\/asso.graie.org\/portail\/author\/sarahscarrott\/\"}]}<\/script>\n<!-- \/ Yoast SEO plugin. -->","yoast_head_json":{"title":"Agir pour les zones humides des vall\u00e9es du Rh\u00f4ne et de la Sa\u00f4ne | Graie","robots":{"index":"index","follow":"follow","max-snippet":"max-snippet:-1","max-image-preview":"max-image-preview:large","max-video-preview":"max-video-preview:-1"},"canonical":"https:\/\/asso.graie.org\/portail\/agir-pour-les-zones-humides-des-vallees-du-rhone-et-de-la-saone\/","og_locale":"fr_FR","og_type":"article","og_title":"Agir pour les zones humides des vall\u00e9es du Rh\u00f4ne et de la Sa\u00f4ne | Graie","og_description":"&nbsp; Voici la plaquette \u00ab\u00a0Agir pour les zones humides des vall\u00e9es du Rh\u00f4ne et de la Sa\u00f4ne\u00a0\u00bb, r\u00e9cemment \u00e9dit\u00e9e ! C&rsquo;est une plaquette de communication sur les zones humides du Rh\u00f4ne et de la Sa\u00f4ne et la strat\u00e9gie d&rsquo;action pour &hellip;","og_url":"https:\/\/asso.graie.org\/portail\/agir-pour-les-zones-humides-des-vallees-du-rhone-et-de-la-saone\/","og_site_name":"Graie","article_published_time":"2018-07-30T13:28:12+00:00","author":"Laure Dumonte","twitter_card":"summary_large_image","twitter_creator":"@asso_graie","twitter_site":"@asso_graie","twitter_misc":{"\u00c9crit par":"Laure Dumonte"},"schema":{"@context":"https:\/\/schema.org","@graph":[{"@type":"Article","@id":"https:\/\/asso.graie.org\/portail\/agir-pour-les-zones-humides-des-vallees-du-rhone-et-de-la-saone\/#article","isPartOf":{"@id":"https:\/\/asso.graie.org\/portail\/agir-pour-les-zones-humides-des-vallees-du-rhone-et-de-la-saone\/"},"author":{"name":"Laure Dumonte","@id":"https:\/\/asso.graie.org\/portail\/#\/schema\/person\/b7fb559684005d59490969faaa8fc42f"},"headline":"Agir pour les zones humides des vall\u00e9es du Rh\u00f4ne et de la Sa\u00f4ne","datePublished":"2018-07-30T13:28:12+00:00","dateModified":"2018-07-30T13:28:12+00:00","mainEntityOfPage":{"@id":"https:\/\/asso.graie.org\/portail\/agir-pour-les-zones-humides-des-vallees-du-rhone-et-de-la-saone\/"},"wordCount":113,"publisher":{"@id":"https:\/\/asso.graie.org\/portail\/#organization"},"keywords":["azote","biodiversit\u00e9","climat","for\u00eats alluviales","marais","plaines inondables","Plan Rh\u00f4ne","prairies humides","tourbi\u00e8res"],"articleSection":["Milieux aquatiques - Bassins versants","Productions"],"inLanguage":"fr-FR"},{"@type":"WebPage","@id":"https:\/\/asso.graie.org\/portail\/agir-pour-les-zones-humides-des-vallees-du-rhone-et-de-la-saone\/","url":"https:\/\/asso.graie.org\/portail\/agir-pour-les-zones-humides-des-vallees-du-rhone-et-de-la-saone\/","name":"Agir pour les zones humides des vall\u00e9es du Rh\u00f4ne et de la Sa\u00f4ne | Graie","isPartOf":{"@id":"https:\/\/asso.graie.org\/portail\/#website"},"datePublished":"2018-07-30T13:28:12+00:00","dateModified":"2018-07-30T13:28:12+00:00","breadcrumb":{"@id":"https:\/\/asso.graie.org\/portail\/agir-pour-les-zones-humides-des-vallees-du-rhone-et-de-la-saone\/#breadcrumb"},"inLanguage":"fr-FR","potentialAction":[{"@type":"ReadAction","target":["https:\/\/asso.graie.org\/portail\/agir-pour-les-zones-humides-des-vallees-du-rhone-et-de-la-saone\/"]}]},{"@type":"BreadcrumbList","@id":"https:\/\/asso.graie.org\/portail\/agir-pour-les-zones-humides-des-vallees-du-rhone-et-de-la-saone\/#breadcrumb","itemListElement":[{"@type":"ListItem","position":1,"name":"Accueil","item":"https:\/\/asso.graie.org\/portail\/"},{"@type":"ListItem","position":2,"name":"Agir pour les zones humides des vall\u00e9es du Rh\u00f4ne et de la Sa\u00f4ne"}]},{"@type":"WebSite","@id":"https:\/\/asso.graie.org\/portail\/#website","url":"https:\/\/asso.graie.org\/portail\/","name":"Graie","description":"P\u00f4le Eau et Territoires","publisher":{"@id":"https:\/\/asso.graie.org\/portail\/#organization"},"potentialAction":[{"@type":"SearchAction","target":{"@type":"EntryPoint","urlTemplate":"https:\/\/asso.graie.org\/portail\/?s={search_term_string}"},"query-input":"required name=search_term_string"}],"inLanguage":"fr-FR"},{"@type":"Organization","@id":"https:\/\/asso.graie.org\/portail\/#organization","name":"Le Graie","url":"https:\/\/asso.graie.org\/portail\/","logo":{"@type":"ImageObject","inLanguage":"fr-FR","@id":"https:\/\/asso.graie.org\/portail\/#\/schema\/logo\/image\/","url":"https:\/\/asso.graie.org\/portail\/wp-content\/uploads\/2021\/12\/Logotype-Graie.png","contentUrl":"https:\/\/asso.graie.org\/portail\/wp-content\/uploads\/2021\/12\/Logotype-Graie.png","width":1890,"height":1181,"caption":"Le Graie"},"image":{"@id":"https:\/\/asso.graie.org\/portail\/#\/schema\/logo\/image\/"},"sameAs":["https:\/\/fr.linkedin.com\/company\/graie?trk=top_nav_home","https:\/\/www.youtube.com\/channel\/UCZQk0Tt7upYwERYNdDIZqLQ","https:\/\/twitter.com\/asso_graie"]},{"@type":"Person","@id":"https:\/\/asso.graie.org\/portail\/#\/schema\/person\/b7fb559684005d59490969faaa8fc42f","name":"Laure Dumonte","url":"https:\/\/asso.graie.org\/portail\/author\/sarahscarrott\/"}]}},"_links":{"self":[{"href":"https:\/\/asso.graie.org\/portail\/wp-json\/wp\/v2\/posts\/11464"}],"collection":[{"href":"https:\/\/asso.graie.org\/portail\/wp-json\/wp\/v2\/posts"}],"about":[{"href":"https:\/\/asso.graie.org\/portail\/wp-json\/wp\/v2\/types\/post"}],"author":[{"embeddable":true,"href":"https:\/\/asso.graie.org\/portail\/wp-json\/wp\/v2\/users\/3"}],"replies":[{"embeddable":true,"href":"https:\/\/asso.graie.org\/portail\/wp-json\/wp\/v2\/comments?post=11464"}],"version-history":[{"count":0,"href":"https:\/\/asso.graie.org\/portail\/wp-json\/wp\/v2\/posts\/11464\/revisions"}],"wp:attachment":[{"href":"https:\/\/asso.graie.org\/portail\/wp-json\/wp\/v2\/media?parent=11464"}],"wp:term":[{"taxonomy":"category","embeddable":true,"href":"https:\/\/asso.graie.org\/portail\/wp-json\/wp\/v2\/categories?post=11464"},{"taxonomy":"post_tag","embeddable":true,"href":"https:\/\/asso.graie.org\/portail\/wp-json\/wp\/v2\/tags?post=11464"}],"curies":[{"name":"wp","href":"https:\/\/api.w.org\/{rel}","templated":true}]}}