{"id":12511,"date":"2019-12-18T09:00:59","date_gmt":"2019-12-18T08:00:59","guid":{"rendered":"https:\/\/asso.graie.org\/portail\/?p=12511"},"modified":"2023-03-07T16:56:12","modified_gmt":"2023-03-07T15:56:12","slug":"7e-conference-eau-et-sante","status":"publish","type":"post","link":"https:\/\/asso.graie.org\/portail\/7e-conference-eau-et-sante\/","title":{"rendered":"7e conf\u00e9rence Eau et Sant\u00e9"},"content":{"rendered":"<p style=\"text-align: center;\"><a href=\"http:\/\/www.graie.org\/Sipibel\/docs\/Actes_Eau-et-Sante19_web.pdf\" target=\"_blank\" class=\"shortc-button big blue \"><span class=\"fa fa-file-pdf-o\" aria-hidden=\"true\"><\/span> Actes<\/a>\n<p>&nbsp;<\/p>\n<p>&nbsp;<\/p>\n<p>La <strong>conf\u00e9rence Eau &amp; Sant\u00e9 s&rsquo;est d\u00e9roul\u00e9e les 7 et 8 novembre 2019 \u00e0 Villeurbanne (CCVA). <\/strong>Elle a port\u00e9 en particulier sur les m\u00e9dicaments et d\u00e9tergents-biocides dans l&rsquo;eau : la caract\u00e9risation des apports, l&rsquo;\u00e9volution des flux dans les syst\u00e8mes d&rsquo;assainissement, les impacts environnementaux et sanitaires, la r\u00e9duction \u00e0 la source et les leviers d\u2019actions. 40 communications, dont 20 pr\u00e9sentations et 20 posters ont \u00e9t\u00e9 partag\u00e9es \u00e0 cette occasion.<\/p>\n<p>&nbsp;<\/p>\n<h3>Contexte<\/h3>\n<p>Cette manifestation s&rsquo;est inscrite dans <strong>le contexte fort des plans nationaux sur les micropolluants dans l&rsquo;eau<\/strong> et l&rsquo;appel \u00e0 projet&nbsp; correspondant (pilot\u00e9 par l&rsquo;Agence fran\u00e7aise pour la biodiversit\u00e9 et les Agences de l&rsquo;eau) qui visent notamment \u00e0 acc\u00e9l\u00e9rer le d\u00e9veloppement et l&rsquo;exp\u00e9rimentation de solutions permettant de r\u00e9duire les apports dans l&rsquo;environnement.<\/p>\n<p>&nbsp;<\/p>\n<p>Elle s&rsquo;est \u00e9galement appuy\u00e9e sur la dynamique r\u00e9gionale engag\u00e9e autour du <strong>Site Pilote de Bellecombe, Sipibel<\/strong>, sur les effluents hospitaliers et stations d&rsquo;\u00e9puration, qui mobilise un collectif de scientifiques, de collectivit\u00e9s, un centre hospitalier et des partenaires autour de la question des micropolluants dans l&rsquo;eau li\u00e9s aux activit\u00e9s de soin.<\/p>\n<p>&nbsp;<\/p>\n<h3>Objectifs<\/h3>\n<ul>\n<li><strong>Restituer les connaissances acquises<\/strong> depuis 2010 dans SIPIBEL, les projets en appui (Irmise, Rilact et M\u00e9diATeS \u2013<a href=\"http:\/\/www.graie.org\/Sipibel\/index.html\" target=\"_blank\" rel=\"noopener noreferrer\"> www.sipibel.org<\/a>) et d&rsquo;autres recherches.<\/li>\n<li><strong>Elargir aux retours d&rsquo;exp\u00e9riences<\/strong> qui visent \u00e0 r\u00e9duire \u00e0 la source les rejets de micropolluants dans l&rsquo;eau<\/li>\n<li><strong>Echanger sur les perspectives de recherche et d&rsquo;actions<\/strong> pour une \u00e9volution r\u00e9elle des strat\u00e9gies dans ce domaine.<\/li>\n<\/ul>\n<p>&nbsp;<\/p>\n<h3><\/h3>\n<h3>Public cible<\/h3>\n<p>Cette conf\u00e9rence s&rsquo;adressait aux professionnels et <strong>acteurs de l&rsquo;eau et de la sant\u00e9<\/strong> ainsi qu&rsquo;aux <strong>acteurs des politiques publiques et scientifiques<\/strong>.<\/p>\n<p>&nbsp;<\/p>\n<p>&nbsp;<\/p>\n<h3>Comit\u00e9 de programme<\/h3>\n<p><strong>Agence de l&rsquo;eau RMC<\/strong> &#8211; C\u00e9line Lagarrigue, <strong>Agence fran\u00e7aise pour la biodiversit\u00e9<\/strong> &#8211; Est\u00e9relle Villemagne, <strong>Anses<\/strong>&#8211; Jean-Yves Madec, <strong>Astee<\/strong> &#8211; Nicolas Chantepy, Marie Agn\u00e8s Chapgier Laboissiere, Graie &#8211; Elodie Brelot, <strong>H2O&rsquo;Lyon<\/strong> &#8211; Christel Sebastian, <strong>HCL<\/strong> &#8211; J\u00e9r\u00f4me Droguet, <strong>La M\u00e9tropole de Lyon<\/strong> &#8211; Elisabeth Sibeud, <strong>Sipibel<\/strong> &#8211; Jean-Luc Bertrand-Krajewski (INSA Lyon), Claire Brivet (SM3A), Christophe Dagot (Inserm &#8211; Universit\u00e9 de Limoges), Yves Levi (Universit\u00e9 Paris Sud 11), Audrey Roch (Syndicat des Eaux SRB), Laure Wiest (ISA &#8211; CNRS &#8211; UMR5280)<\/p>\n<p>&nbsp;<\/p>\n<p>Conf\u00e9rence organis\u00e9e en partenariat avec l&rsquo;Astee, la M\u00e9tropole de Lyon et les partenaires de Sipibel.<\/p>\n","protected":false},"excerpt":{"rendered":"<p>&nbsp; &nbsp; La conf\u00e9rence Eau &amp; Sant\u00e9 s&rsquo;est d\u00e9roul\u00e9e les 7 et 8 novembre 2019 \u00e0 Villeurbanne (CCVA). Elle a port\u00e9 en particulier sur les m\u00e9dicaments et d\u00e9tergents-biocides dans l&rsquo;eau : la caract\u00e9risation des apports, l&rsquo;\u00e9volution des flux dans les &hellip;<\/p>\n","protected":false},"author":3,"featured_media":12542,"comment_status":"closed","ping_status":"closed","sticky":false,"template":"","format":"standard","meta":{"_mi_skip_tracking":false,"footnotes":""},"categories":[24,26,34,66,54,575,589,29,28],"tags":[],"acf":[],"yoast_head":"<!-- This site is optimized with the Yoast SEO plugin v19.13 - https:\/\/yoast.com\/wordpress\/plugins\/seo\/ -->\n<title>7e conf\u00e9rence Eau et Sant\u00e9 | Graie<\/title>\n<meta name=\"robots\" content=\"index, follow, max-snippet:-1, max-image-preview:large, max-video-preview:-1\" \/>\n<link rel=\"canonical\" href=\"https:\/\/asso.graie.org\/portail\/7e-conference-eau-et-sante\/\" \/>\n<meta property=\"og:locale\" content=\"fr_FR\" \/>\n<meta property=\"og:type\" content=\"article\" \/>\n<meta property=\"og:title\" content=\"7e conf\u00e9rence Eau et Sant\u00e9 | Graie\" \/>\n<meta property=\"og:description\" content=\"&nbsp; &nbsp; La conf\u00e9rence Eau &amp; Sant\u00e9 s&rsquo;est d\u00e9roul\u00e9e les 7 et 8 novembre 2019 \u00e0 Villeurbanne (CCVA). Elle a port\u00e9 en particulier sur les m\u00e9dicaments et d\u00e9tergents-biocides dans l&rsquo;eau : la caract\u00e9risation des apports, l&rsquo;\u00e9volution des flux dans les &hellip;\" \/>\n<meta property=\"og:url\" content=\"https:\/\/asso.graie.org\/portail\/7e-conference-eau-et-sante\/\" \/>\n<meta property=\"og:site_name\" content=\"Graie\" \/>\n<meta property=\"article:published_time\" content=\"2019-12-18T08:00:59+00:00\" \/>\n<meta property=\"article:modified_time\" content=\"2023-03-07T15:56:12+00:00\" \/>\n<meta property=\"og:image\" content=\"https:\/\/asso.graie.org\/portail\/wp-content\/uploads\/2018\/12\/Bandeau_EauSante.jpg\" \/>\n\t<meta property=\"og:image:width\" content=\"2479\" \/>\n\t<meta property=\"og:image:height\" content=\"626\" \/>\n\t<meta property=\"og:image:type\" content=\"image\/jpeg\" \/>\n<meta name=\"author\" content=\"Laure Dumonte\" \/>\n<meta name=\"twitter:card\" content=\"summary_large_image\" \/>\n<meta name=\"twitter:creator\" content=\"@asso_graie\" \/>\n<meta name=\"twitter:site\" content=\"@asso_graie\" \/>\n<meta name=\"twitter:label1\" content=\"\u00c9crit par\" \/>\n\t<meta name=\"twitter:data1\" content=\"Laure Dumonte\" \/>\n\t<meta name=\"twitter:label2\" content=\"Dur\u00e9e de lecture estim\u00e9e\" \/>\n\t<meta name=\"twitter:data2\" content=\"2 minutes\" \/>\n<script type=\"application\/ld+json\" class=\"yoast-schema-graph\">{\"@context\":\"https:\/\/schema.org\",\"@graph\":[{\"@type\":\"Article\",\"@id\":\"https:\/\/asso.graie.org\/portail\/7e-conference-eau-et-sante\/#article\",\"isPartOf\":{\"@id\":\"https:\/\/asso.graie.org\/portail\/7e-conference-eau-et-sante\/\"},\"author\":{\"name\":\"Laure Dumonte\",\"@id\":\"https:\/\/asso.graie.org\/portail\/#\/schema\/person\/b7fb559684005d59490969faaa8fc42f\"},\"headline\":\"7e conf\u00e9rence Eau et Sant\u00e9\",\"datePublished\":\"2019-12-18T08:00:59+00:00\",\"dateModified\":\"2023-03-07T15:56:12+00:00\",\"mainEntityOfPage\":{\"@id\":\"https:\/\/asso.graie.org\/portail\/7e-conference-eau-et-sante\/\"},\"wordCount\":415,\"publisher\":{\"@id\":\"https:\/\/asso.graie.org\/portail\/#organization\"},\"articleSection\":[\"Actu Graie\",\"Derni\u00e8res parutions\",\"Eau et sant\u00e9\",\"Eau et sant\u00e9\",\"Effluents non domestiques\",\"Effluents non domestiques\",\"Historique Agenda\",\"Productions\",\"Toute l'actualit\u00e9\"],\"inLanguage\":\"fr-FR\"},{\"@type\":\"WebPage\",\"@id\":\"https:\/\/asso.graie.org\/portail\/7e-conference-eau-et-sante\/\",\"url\":\"https:\/\/asso.graie.org\/portail\/7e-conference-eau-et-sante\/\",\"name\":\"7e conf\u00e9rence Eau et Sant\u00e9 | Graie\",\"isPartOf\":{\"@id\":\"https:\/\/asso.graie.org\/portail\/#website\"},\"datePublished\":\"2019-12-18T08:00:59+00:00\",\"dateModified\":\"2023-03-07T15:56:12+00:00\",\"breadcrumb\":{\"@id\":\"https:\/\/asso.graie.org\/portail\/7e-conference-eau-et-sante\/#breadcrumb\"},\"inLanguage\":\"fr-FR\",\"potentialAction\":[{\"@type\":\"ReadAction\",\"target\":[\"https:\/\/asso.graie.org\/portail\/7e-conference-eau-et-sante\/\"]}]},{\"@type\":\"BreadcrumbList\",\"@id\":\"https:\/\/asso.graie.org\/portail\/7e-conference-eau-et-sante\/#breadcrumb\",\"itemListElement\":[{\"@type\":\"ListItem\",\"position\":1,\"name\":\"Accueil\",\"item\":\"https:\/\/asso.graie.org\/portail\/\"},{\"@type\":\"ListItem\",\"position\":2,\"name\":\"7e conf\u00e9rence Eau et Sant\u00e9\"}]},{\"@type\":\"WebSite\",\"@id\":\"https:\/\/asso.graie.org\/portail\/#website\",\"url\":\"https:\/\/asso.graie.org\/portail\/\",\"name\":\"Graie\",\"description\":\"P\u00f4le Eau et Territoires\",\"publisher\":{\"@id\":\"https:\/\/asso.graie.org\/portail\/#organization\"},\"potentialAction\":[{\"@type\":\"SearchAction\",\"target\":{\"@type\":\"EntryPoint\",\"urlTemplate\":\"https:\/\/asso.graie.org\/portail\/?s={search_term_string}\"},\"query-input\":\"required name=search_term_string\"}],\"inLanguage\":\"fr-FR\"},{\"@type\":\"Organization\",\"@id\":\"https:\/\/asso.graie.org\/portail\/#organization\",\"name\":\"Le Graie\",\"url\":\"https:\/\/asso.graie.org\/portail\/\",\"logo\":{\"@type\":\"ImageObject\",\"inLanguage\":\"fr-FR\",\"@id\":\"https:\/\/asso.graie.org\/portail\/#\/schema\/logo\/image\/\",\"url\":\"https:\/\/asso.graie.org\/portail\/wp-content\/uploads\/2021\/12\/Logotype-Graie.png\",\"contentUrl\":\"https:\/\/asso.graie.org\/portail\/wp-content\/uploads\/2021\/12\/Logotype-Graie.png\",\"width\":1890,\"height\":1181,\"caption\":\"Le Graie\"},\"image\":{\"@id\":\"https:\/\/asso.graie.org\/portail\/#\/schema\/logo\/image\/\"},\"sameAs\":[\"https:\/\/fr.linkedin.com\/company\/graie?trk=top_nav_home\",\"https:\/\/www.youtube.com\/channel\/UCZQk0Tt7upYwERYNdDIZqLQ\",\"https:\/\/twitter.com\/asso_graie\"]},{\"@type\":\"Person\",\"@id\":\"https:\/\/asso.graie.org\/portail\/#\/schema\/person\/b7fb559684005d59490969faaa8fc42f\",\"name\":\"Laure Dumonte\",\"url\":\"https:\/\/asso.graie.org\/portail\/author\/sarahscarrott\/\"}]}<\/script>\n<!-- \/ Yoast SEO plugin. -->","yoast_head_json":{"title":"7e conf\u00e9rence Eau et Sant\u00e9 | Graie","robots":{"index":"index","follow":"follow","max-snippet":"max-snippet:-1","max-image-preview":"max-image-preview:large","max-video-preview":"max-video-preview:-1"},"canonical":"https:\/\/asso.graie.org\/portail\/7e-conference-eau-et-sante\/","og_locale":"fr_FR","og_type":"article","og_title":"7e conf\u00e9rence Eau et Sant\u00e9 | Graie","og_description":"&nbsp; &nbsp; La conf\u00e9rence Eau &amp; Sant\u00e9 s&rsquo;est d\u00e9roul\u00e9e les 7 et 8 novembre 2019 \u00e0 Villeurbanne (CCVA). Elle a port\u00e9 en particulier sur les m\u00e9dicaments et d\u00e9tergents-biocides dans l&rsquo;eau : la caract\u00e9risation des apports, l&rsquo;\u00e9volution des flux dans les &hellip;","og_url":"https:\/\/asso.graie.org\/portail\/7e-conference-eau-et-sante\/","og_site_name":"Graie","article_published_time":"2019-12-18T08:00:59+00:00","article_modified_time":"2023-03-07T15:56:12+00:00","og_image":[{"width":2479,"height":626,"url":"https:\/\/asso.graie.org\/portail\/wp-content\/uploads\/2018\/12\/Bandeau_EauSante.jpg","type":"image\/jpeg"}],"author":"Laure Dumonte","twitter_card":"summary_large_image","twitter_creator":"@asso_graie","twitter_site":"@asso_graie","twitter_misc":{"\u00c9crit par":"Laure Dumonte","Dur\u00e9e de lecture estim\u00e9e":"2 minutes"},"schema":{"@context":"https:\/\/schema.org","@graph":[{"@type":"Article","@id":"https:\/\/asso.graie.org\/portail\/7e-conference-eau-et-sante\/#article","isPartOf":{"@id":"https:\/\/asso.graie.org\/portail\/7e-conference-eau-et-sante\/"},"author":{"name":"Laure Dumonte","@id":"https:\/\/asso.graie.org\/portail\/#\/schema\/person\/b7fb559684005d59490969faaa8fc42f"},"headline":"7e conf\u00e9rence Eau et Sant\u00e9","datePublished":"2019-12-18T08:00:59+00:00","dateModified":"2023-03-07T15:56:12+00:00","mainEntityOfPage":{"@id":"https:\/\/asso.graie.org\/portail\/7e-conference-eau-et-sante\/"},"wordCount":415,"publisher":{"@id":"https:\/\/asso.graie.org\/portail\/#organization"},"articleSection":["Actu Graie","Derni\u00e8res parutions","Eau et sant\u00e9","Eau et sant\u00e9","Effluents non domestiques","Effluents non domestiques","Historique Agenda","Productions","Toute l'actualit\u00e9"],"inLanguage":"fr-FR"},{"@type":"WebPage","@id":"https:\/\/asso.graie.org\/portail\/7e-conference-eau-et-sante\/","url":"https:\/\/asso.graie.org\/portail\/7e-conference-eau-et-sante\/","name":"7e conf\u00e9rence Eau et Sant\u00e9 | Graie","isPartOf":{"@id":"https:\/\/asso.graie.org\/portail\/#website"},"datePublished":"2019-12-18T08:00:59+00:00","dateModified":"2023-03-07T15:56:12+00:00","breadcrumb":{"@id":"https:\/\/asso.graie.org\/portail\/7e-conference-eau-et-sante\/#breadcrumb"},"inLanguage":"fr-FR","potentialAction":[{"@type":"ReadAction","target":["https:\/\/asso.graie.org\/portail\/7e-conference-eau-et-sante\/"]}]},{"@type":"BreadcrumbList","@id":"https:\/\/asso.graie.org\/portail\/7e-conference-eau-et-sante\/#breadcrumb","itemListElement":[{"@type":"ListItem","position":1,"name":"Accueil","item":"https:\/\/asso.graie.org\/portail\/"},{"@type":"ListItem","position":2,"name":"7e conf\u00e9rence Eau et Sant\u00e9"}]},{"@type":"WebSite","@id":"https:\/\/asso.graie.org\/portail\/#website","url":"https:\/\/asso.graie.org\/portail\/","name":"Graie","description":"P\u00f4le Eau et Territoires","publisher":{"@id":"https:\/\/asso.graie.org\/portail\/#organization"},"potentialAction":[{"@type":"SearchAction","target":{"@type":"EntryPoint","urlTemplate":"https:\/\/asso.graie.org\/portail\/?s={search_term_string}"},"query-input":"required name=search_term_string"}],"inLanguage":"fr-FR"},{"@type":"Organization","@id":"https:\/\/asso.graie.org\/portail\/#organization","name":"Le Graie","url":"https:\/\/asso.graie.org\/portail\/","logo":{"@type":"ImageObject","inLanguage":"fr-FR","@id":"https:\/\/asso.graie.org\/portail\/#\/schema\/logo\/image\/","url":"https:\/\/asso.graie.org\/portail\/wp-content\/uploads\/2021\/12\/Logotype-Graie.png","contentUrl":"https:\/\/asso.graie.org\/portail\/wp-content\/uploads\/2021\/12\/Logotype-Graie.png","width":1890,"height":1181,"caption":"Le Graie"},"image":{"@id":"https:\/\/asso.graie.org\/portail\/#\/schema\/logo\/image\/"},"sameAs":["https:\/\/fr.linkedin.com\/company\/graie?trk=top_nav_home","https:\/\/www.youtube.com\/channel\/UCZQk0Tt7upYwERYNdDIZqLQ","https:\/\/twitter.com\/asso_graie"]},{"@type":"Person","@id":"https:\/\/asso.graie.org\/portail\/#\/schema\/person\/b7fb559684005d59490969faaa8fc42f","name":"Laure Dumonte","url":"https:\/\/asso.graie.org\/portail\/author\/sarahscarrott\/"}]}},"_links":{"self":[{"href":"https:\/\/asso.graie.org\/portail\/wp-json\/wp\/v2\/posts\/12511"}],"collection":[{"href":"https:\/\/asso.graie.org\/portail\/wp-json\/wp\/v2\/posts"}],"about":[{"href":"https:\/\/asso.graie.org\/portail\/wp-json\/wp\/v2\/types\/post"}],"author":[{"embeddable":true,"href":"https:\/\/asso.graie.org\/portail\/wp-json\/wp\/v2\/users\/3"}],"replies":[{"embeddable":true,"href":"https:\/\/asso.graie.org\/portail\/wp-json\/wp\/v2\/comments?post=12511"}],"version-history":[{"count":8,"href":"https:\/\/asso.graie.org\/portail\/wp-json\/wp\/v2\/posts\/12511\/revisions"}],"predecessor-version":[{"id":23028,"href":"https:\/\/asso.graie.org\/portail\/wp-json\/wp\/v2\/posts\/12511\/revisions\/23028"}],"wp:featuredmedia":[{"embeddable":true,"href":"https:\/\/asso.graie.org\/portail\/wp-json\/wp\/v2\/media\/12542"}],"wp:attachment":[{"href":"https:\/\/asso.graie.org\/portail\/wp-json\/wp\/v2\/media?parent=12511"}],"wp:term":[{"taxonomy":"category","embeddable":true,"href":"https:\/\/asso.graie.org\/portail\/wp-json\/wp\/v2\/categories?post=12511"},{"taxonomy":"post_tag","embeddable":true,"href":"https:\/\/asso.graie.org\/portail\/wp-json\/wp\/v2\/tags?post=12511"}],"curies":[{"name":"wp","href":"https:\/\/api.w.org\/{rel}","templated":true}]}}