{"id":13675,"date":"2019-06-12T10:57:36","date_gmt":"2019-06-12T08:57:36","guid":{"rendered":"https:\/\/asso.graie.org\/portail\/?p=13675"},"modified":"2025-07-01T13:38:29","modified_gmt":"2025-07-01T11:38:29","slug":"conference-de-luc-schuiten-leau-dans-la-ville-de-demain","status":"publish","type":"post","link":"https:\/\/asso.graie.org\/portail\/conference-de-luc-schuiten-leau-dans-la-ville-de-demain\/","title":{"rendered":"Conf\u00e9rence de Luc Schuiten | Vid\u00e9o &#038; tir\u00e9-\u00e0-part"},"content":{"rendered":"<p><span style=\"color: #009fe3;\"><strong>\u00a0<\/strong><\/span><\/p>\n<p>Le Graie a invit\u00e9 l\u2019architecte Luc Schuiten lors d&rsquo;une soir\u00e9e conf\u00e9rence au Cirque Imagine \u00e0 Lyon le 3 juillet 2019 pour ouvrir de nouvelles perspectives sur <strong>la place de l&rsquo;eau dans la ville de demain<\/strong>.<\/p>\n<p>Luc Schuiten est un architecte utopiste et dessinateur, porteur du concept des Cit\u00e9s v\u00e9g\u00e9tales qui invente des nouveaux lieux de vie, r\u00e9silients et po\u00e9tiques, con\u00e7us \u00e0 partir de l&rsquo;observation de la nature.<\/p>\n<p>Il a r\u00e9alis\u00e9 \u00e0 l&rsquo;occasion de cette soir\u00e9e un dessin in\u00e9dit et num\u00e9rot\u00e9 sur la th\u00e9matique de <i>L&rsquo;eau dans la ville<\/i> disponible \u00e0 la vente (voir ci-dessous pour les commandes).<\/p>\n\n\t\t<div class=\"one_half tie-columns\">\n<h3 style=\"text-align: center;\">La vid\u00e9o<\/h3>\n<p><iframe loading=\"lazy\" title=\"Luc Schuiten - L&#039;eau dans la ville de demain\" width=\"200\" height=\"113\" src=\"https:\/\/www.youtube.com\/embed\/v3uYnaJ11hI?start=2751&#038;feature=oembed\" frameborder=\"0\" allow=\"accelerometer; autoplay; clipboard-write; encrypted-media; gyroscope; picture-in-picture; web-share\" referrerpolicy=\"strict-origin-when-cross-origin\" allowfullscreen><\/iframe><\/p>\n<p>Retrouvez la conf\u00e9rence en int\u00e9gralit\u00e9 sur <a href=\"https:\/\/www.youtube.com\/channel\/UCZQk0Tt7upYwERYNdDIZqLQ\" target=\"_blank\" rel=\"noopener noreferrer\">la cha\u00eene YouTube<\/a> du Graie .<\/p>\n\n\t\t<\/div>\n\t\n\t\t<div class=\"one_half tie-columns last\">\n<h3 style=\"text-align: center;\">Le tir\u00e9-\u00e0-part<\/h3>\n<p style=\"text-align: center;\"><img decoding=\"async\" loading=\"lazy\" class=\"aligncenter wp-image-14391 size-full\" src=\"https:\/\/asso.graie.org\/portail\/wp-content\/uploads\/2019\/06\/Leau-dans-la-ville_cadre_M.jpg-e1566919089320.png\" alt=\"\" width=\"200\" height=\"280\" \/><em><br \/>\n<\/em><\/p>\n<p>Commandez votre exemplaire (50&#215;70 cm) en contactant le Graie.<br \/>\nNum\u00e9ros attribu\u00e9s dans l&rsquo;ordre des achats (1 \u00e0 200).<\/p>\n\n\t\t<\/div>\n\t\t<div class=\"clearfix\"><\/div>\n\t\n<p><em>Cette soir\u00e9e a \u00e9t\u00e9 organis\u00e9e par le Graie, la M\u00e9tropole de Lyon et l&rsquo;INSA Lyon, en association avec les dialogues en humanit\u00e9 et avec le soutien de la fondation Terres d&rsquo;initiatives solidaires et dans le cadre de la conf\u00e9rence internationale <a href=\"http:\/\/www.novatech.graie.org\/index.php\">Novatech<\/a>.<\/em><\/p>\n","protected":false},"excerpt":{"rendered":"<p>\u00a0 Le Graie a invit\u00e9 l\u2019architecte Luc Schuiten lors d&rsquo;une soir\u00e9e conf\u00e9rence au Cirque Imagine \u00e0 Lyon le 3 juillet 2019 pour ouvrir de nouvelles perspectives sur la place de l&rsquo;eau dans la ville de demain. Luc Schuiten est un &hellip;<\/p>\n","protected":false},"author":3,"featured_media":13688,"comment_status":"closed","ping_status":"closed","sticky":false,"template":"","format":"standard","meta":{"_mi_skip_tracking":false,"footnotes":""},"categories":[24,70,589,28],"tags":[1661,1662,1523,83,1660,1663,1664],"acf":[],"yoast_head":"<!-- This site is optimized with the Yoast SEO plugin v19.13 - https:\/\/yoast.com\/wordpress\/plugins\/seo\/ -->\n<title>Conf\u00e9rence de Luc Schuiten | Vid\u00e9o &amp; tir\u00e9-\u00e0-part | Graie<\/title>\n<meta name=\"robots\" content=\"index, follow, max-snippet:-1, max-image-preview:large, max-video-preview:-1\" \/>\n<link rel=\"canonical\" href=\"https:\/\/asso.graie.org\/portail\/conference-de-luc-schuiten-leau-dans-la-ville-de-demain\/\" \/>\n<meta property=\"og:locale\" content=\"fr_FR\" \/>\n<meta property=\"og:type\" content=\"article\" \/>\n<meta property=\"og:title\" content=\"Conf\u00e9rence de Luc Schuiten | Vid\u00e9o &amp; tir\u00e9-\u00e0-part | Graie\" \/>\n<meta property=\"og:description\" content=\"\u00a0 Le Graie a invit\u00e9 l\u2019architecte Luc Schuiten lors d&rsquo;une soir\u00e9e conf\u00e9rence au Cirque Imagine \u00e0 Lyon le 3 juillet 2019 pour ouvrir de nouvelles perspectives sur la place de l&rsquo;eau dans la ville de demain. Luc Schuiten est un &hellip;\" \/>\n<meta property=\"og:url\" content=\"https:\/\/asso.graie.org\/portail\/conference-de-luc-schuiten-leau-dans-la-ville-de-demain\/\" \/>\n<meta property=\"og:site_name\" content=\"Graie\" \/>\n<meta property=\"article:published_time\" content=\"2019-06-12T08:57:36+00:00\" \/>\n<meta property=\"article:modified_time\" content=\"2025-07-01T11:38:29+00:00\" \/>\n<meta property=\"og:image\" content=\"https:\/\/asso.graie.org\/portail\/wp-content\/uploads\/2019\/06\/banni\u00e8re-site-web.png\" \/>\n\t<meta property=\"og:image:width\" content=\"1532\" \/>\n\t<meta property=\"og:image:height\" content=\"321\" \/>\n\t<meta property=\"og:image:type\" content=\"image\/png\" \/>\n<meta name=\"author\" content=\"Laure Dumonte\" \/>\n<meta name=\"twitter:card\" content=\"summary_large_image\" \/>\n<meta name=\"twitter:creator\" content=\"@asso_graie\" \/>\n<meta name=\"twitter:site\" content=\"@asso_graie\" \/>\n<meta name=\"twitter:label1\" content=\"\u00c9crit par\" \/>\n\t<meta name=\"twitter:data1\" content=\"Laure Dumonte\" \/>\n\t<meta name=\"twitter:label2\" content=\"Dur\u00e9e de lecture estim\u00e9e\" \/>\n\t<meta name=\"twitter:data2\" content=\"1 minute\" \/>\n<script type=\"application\/ld+json\" class=\"yoast-schema-graph\">{\"@context\":\"https:\/\/schema.org\",\"@graph\":[{\"@type\":\"Article\",\"@id\":\"https:\/\/asso.graie.org\/portail\/conference-de-luc-schuiten-leau-dans-la-ville-de-demain\/#article\",\"isPartOf\":{\"@id\":\"https:\/\/asso.graie.org\/portail\/conference-de-luc-schuiten-leau-dans-la-ville-de-demain\/\"},\"author\":{\"name\":\"Laure Dumonte\",\"@id\":\"https:\/\/asso.graie.org\/portail\/#\/schema\/person\/b7fb559684005d59490969faaa8fc42f\"},\"headline\":\"Conf\u00e9rence de Luc Schuiten | Vid\u00e9o &#038; tir\u00e9-\u00e0-part\",\"datePublished\":\"2019-06-12T08:57:36+00:00\",\"dateModified\":\"2025-07-01T11:38:29+00:00\",\"mainEntityOfPage\":{\"@id\":\"https:\/\/asso.graie.org\/portail\/conference-de-luc-schuiten-leau-dans-la-ville-de-demain\/\"},\"wordCount\":224,\"publisher\":{\"@id\":\"https:\/\/asso.graie.org\/portail\/#organization\"},\"keywords\":[\"architecte\",\"cirque imagine\",\"conf\u00e9rence\",\"eau\",\"luc schuiten\",\"ville de demain\",\"ville du futur\"],\"articleSection\":[\"Actu Graie\",\"Eau dans la ville\",\"Historique Agenda\",\"Toute l'actualit\u00e9\"],\"inLanguage\":\"fr-FR\"},{\"@type\":\"WebPage\",\"@id\":\"https:\/\/asso.graie.org\/portail\/conference-de-luc-schuiten-leau-dans-la-ville-de-demain\/\",\"url\":\"https:\/\/asso.graie.org\/portail\/conference-de-luc-schuiten-leau-dans-la-ville-de-demain\/\",\"name\":\"Conf\u00e9rence de Luc Schuiten | Vid\u00e9o & tir\u00e9-\u00e0-part | Graie\",\"isPartOf\":{\"@id\":\"https:\/\/asso.graie.org\/portail\/#website\"},\"datePublished\":\"2019-06-12T08:57:36+00:00\",\"dateModified\":\"2025-07-01T11:38:29+00:00\",\"breadcrumb\":{\"@id\":\"https:\/\/asso.graie.org\/portail\/conference-de-luc-schuiten-leau-dans-la-ville-de-demain\/#breadcrumb\"},\"inLanguage\":\"fr-FR\",\"potentialAction\":[{\"@type\":\"ReadAction\",\"target\":[\"https:\/\/asso.graie.org\/portail\/conference-de-luc-schuiten-leau-dans-la-ville-de-demain\/\"]}]},{\"@type\":\"BreadcrumbList\",\"@id\":\"https:\/\/asso.graie.org\/portail\/conference-de-luc-schuiten-leau-dans-la-ville-de-demain\/#breadcrumb\",\"itemListElement\":[{\"@type\":\"ListItem\",\"position\":1,\"name\":\"Accueil\",\"item\":\"https:\/\/asso.graie.org\/portail\/\"},{\"@type\":\"ListItem\",\"position\":2,\"name\":\"Conf\u00e9rence de Luc Schuiten | Vid\u00e9o &#038; tir\u00e9-\u00e0-part\"}]},{\"@type\":\"WebSite\",\"@id\":\"https:\/\/asso.graie.org\/portail\/#website\",\"url\":\"https:\/\/asso.graie.org\/portail\/\",\"name\":\"Graie\",\"description\":\"P\u00f4le Eau et Territoires\",\"publisher\":{\"@id\":\"https:\/\/asso.graie.org\/portail\/#organization\"},\"potentialAction\":[{\"@type\":\"SearchAction\",\"target\":{\"@type\":\"EntryPoint\",\"urlTemplate\":\"https:\/\/asso.graie.org\/portail\/?s={search_term_string}\"},\"query-input\":\"required name=search_term_string\"}],\"inLanguage\":\"fr-FR\"},{\"@type\":\"Organization\",\"@id\":\"https:\/\/asso.graie.org\/portail\/#organization\",\"name\":\"Le Graie\",\"url\":\"https:\/\/asso.graie.org\/portail\/\",\"logo\":{\"@type\":\"ImageObject\",\"inLanguage\":\"fr-FR\",\"@id\":\"https:\/\/asso.graie.org\/portail\/#\/schema\/logo\/image\/\",\"url\":\"https:\/\/asso.graie.org\/portail\/wp-content\/uploads\/2021\/12\/Logotype-Graie.png\",\"contentUrl\":\"https:\/\/asso.graie.org\/portail\/wp-content\/uploads\/2021\/12\/Logotype-Graie.png\",\"width\":1890,\"height\":1181,\"caption\":\"Le Graie\"},\"image\":{\"@id\":\"https:\/\/asso.graie.org\/portail\/#\/schema\/logo\/image\/\"},\"sameAs\":[\"https:\/\/fr.linkedin.com\/company\/graie?trk=top_nav_home\",\"https:\/\/www.youtube.com\/channel\/UCZQk0Tt7upYwERYNdDIZqLQ\",\"https:\/\/twitter.com\/asso_graie\"]},{\"@type\":\"Person\",\"@id\":\"https:\/\/asso.graie.org\/portail\/#\/schema\/person\/b7fb559684005d59490969faaa8fc42f\",\"name\":\"Laure Dumonte\",\"url\":\"https:\/\/asso.graie.org\/portail\/author\/sarahscarrott\/\"}]}<\/script>\n<!-- \/ Yoast SEO plugin. -->","yoast_head_json":{"title":"Conf\u00e9rence de Luc Schuiten | Vid\u00e9o & tir\u00e9-\u00e0-part | Graie","robots":{"index":"index","follow":"follow","max-snippet":"max-snippet:-1","max-image-preview":"max-image-preview:large","max-video-preview":"max-video-preview:-1"},"canonical":"https:\/\/asso.graie.org\/portail\/conference-de-luc-schuiten-leau-dans-la-ville-de-demain\/","og_locale":"fr_FR","og_type":"article","og_title":"Conf\u00e9rence de Luc Schuiten | Vid\u00e9o & tir\u00e9-\u00e0-part | Graie","og_description":"\u00a0 Le Graie a invit\u00e9 l\u2019architecte Luc Schuiten lors d&rsquo;une soir\u00e9e conf\u00e9rence au Cirque Imagine \u00e0 Lyon le 3 juillet 2019 pour ouvrir de nouvelles perspectives sur la place de l&rsquo;eau dans la ville de demain. Luc Schuiten est un &hellip;","og_url":"https:\/\/asso.graie.org\/portail\/conference-de-luc-schuiten-leau-dans-la-ville-de-demain\/","og_site_name":"Graie","article_published_time":"2019-06-12T08:57:36+00:00","article_modified_time":"2025-07-01T11:38:29+00:00","og_image":[{"width":1532,"height":321,"url":"https:\/\/asso.graie.org\/portail\/wp-content\/uploads\/2019\/06\/banni\u00e8re-site-web.png","type":"image\/png"}],"author":"Laure Dumonte","twitter_card":"summary_large_image","twitter_creator":"@asso_graie","twitter_site":"@asso_graie","twitter_misc":{"\u00c9crit par":"Laure Dumonte","Dur\u00e9e de lecture estim\u00e9e":"1 minute"},"schema":{"@context":"https:\/\/schema.org","@graph":[{"@type":"Article","@id":"https:\/\/asso.graie.org\/portail\/conference-de-luc-schuiten-leau-dans-la-ville-de-demain\/#article","isPartOf":{"@id":"https:\/\/asso.graie.org\/portail\/conference-de-luc-schuiten-leau-dans-la-ville-de-demain\/"},"author":{"name":"Laure Dumonte","@id":"https:\/\/asso.graie.org\/portail\/#\/schema\/person\/b7fb559684005d59490969faaa8fc42f"},"headline":"Conf\u00e9rence de Luc Schuiten | Vid\u00e9o &#038; tir\u00e9-\u00e0-part","datePublished":"2019-06-12T08:57:36+00:00","dateModified":"2025-07-01T11:38:29+00:00","mainEntityOfPage":{"@id":"https:\/\/asso.graie.org\/portail\/conference-de-luc-schuiten-leau-dans-la-ville-de-demain\/"},"wordCount":224,"publisher":{"@id":"https:\/\/asso.graie.org\/portail\/#organization"},"keywords":["architecte","cirque imagine","conf\u00e9rence","eau","luc schuiten","ville de demain","ville du futur"],"articleSection":["Actu Graie","Eau dans la ville","Historique Agenda","Toute l'actualit\u00e9"],"inLanguage":"fr-FR"},{"@type":"WebPage","@id":"https:\/\/asso.graie.org\/portail\/conference-de-luc-schuiten-leau-dans-la-ville-de-demain\/","url":"https:\/\/asso.graie.org\/portail\/conference-de-luc-schuiten-leau-dans-la-ville-de-demain\/","name":"Conf\u00e9rence de Luc Schuiten | Vid\u00e9o & tir\u00e9-\u00e0-part | Graie","isPartOf":{"@id":"https:\/\/asso.graie.org\/portail\/#website"},"datePublished":"2019-06-12T08:57:36+00:00","dateModified":"2025-07-01T11:38:29+00:00","breadcrumb":{"@id":"https:\/\/asso.graie.org\/portail\/conference-de-luc-schuiten-leau-dans-la-ville-de-demain\/#breadcrumb"},"inLanguage":"fr-FR","potentialAction":[{"@type":"ReadAction","target":["https:\/\/asso.graie.org\/portail\/conference-de-luc-schuiten-leau-dans-la-ville-de-demain\/"]}]},{"@type":"BreadcrumbList","@id":"https:\/\/asso.graie.org\/portail\/conference-de-luc-schuiten-leau-dans-la-ville-de-demain\/#breadcrumb","itemListElement":[{"@type":"ListItem","position":1,"name":"Accueil","item":"https:\/\/asso.graie.org\/portail\/"},{"@type":"ListItem","position":2,"name":"Conf\u00e9rence de Luc Schuiten | Vid\u00e9o &#038; tir\u00e9-\u00e0-part"}]},{"@type":"WebSite","@id":"https:\/\/asso.graie.org\/portail\/#website","url":"https:\/\/asso.graie.org\/portail\/","name":"Graie","description":"P\u00f4le Eau et Territoires","publisher":{"@id":"https:\/\/asso.graie.org\/portail\/#organization"},"potentialAction":[{"@type":"SearchAction","target":{"@type":"EntryPoint","urlTemplate":"https:\/\/asso.graie.org\/portail\/?s={search_term_string}"},"query-input":"required name=search_term_string"}],"inLanguage":"fr-FR"},{"@type":"Organization","@id":"https:\/\/asso.graie.org\/portail\/#organization","name":"Le Graie","url":"https:\/\/asso.graie.org\/portail\/","logo":{"@type":"ImageObject","inLanguage":"fr-FR","@id":"https:\/\/asso.graie.org\/portail\/#\/schema\/logo\/image\/","url":"https:\/\/asso.graie.org\/portail\/wp-content\/uploads\/2021\/12\/Logotype-Graie.png","contentUrl":"https:\/\/asso.graie.org\/portail\/wp-content\/uploads\/2021\/12\/Logotype-Graie.png","width":1890,"height":1181,"caption":"Le Graie"},"image":{"@id":"https:\/\/asso.graie.org\/portail\/#\/schema\/logo\/image\/"},"sameAs":["https:\/\/fr.linkedin.com\/company\/graie?trk=top_nav_home","https:\/\/www.youtube.com\/channel\/UCZQk0Tt7upYwERYNdDIZqLQ","https:\/\/twitter.com\/asso_graie"]},{"@type":"Person","@id":"https:\/\/asso.graie.org\/portail\/#\/schema\/person\/b7fb559684005d59490969faaa8fc42f","name":"Laure Dumonte","url":"https:\/\/asso.graie.org\/portail\/author\/sarahscarrott\/"}]}},"_links":{"self":[{"href":"https:\/\/asso.graie.org\/portail\/wp-json\/wp\/v2\/posts\/13675"}],"collection":[{"href":"https:\/\/asso.graie.org\/portail\/wp-json\/wp\/v2\/posts"}],"about":[{"href":"https:\/\/asso.graie.org\/portail\/wp-json\/wp\/v2\/types\/post"}],"author":[{"embeddable":true,"href":"https:\/\/asso.graie.org\/portail\/wp-json\/wp\/v2\/users\/3"}],"replies":[{"embeddable":true,"href":"https:\/\/asso.graie.org\/portail\/wp-json\/wp\/v2\/comments?post=13675"}],"version-history":[{"count":6,"href":"https:\/\/asso.graie.org\/portail\/wp-json\/wp\/v2\/posts\/13675\/revisions"}],"predecessor-version":[{"id":28297,"href":"https:\/\/asso.graie.org\/portail\/wp-json\/wp\/v2\/posts\/13675\/revisions\/28297"}],"wp:featuredmedia":[{"embeddable":true,"href":"https:\/\/asso.graie.org\/portail\/wp-json\/wp\/v2\/media\/13688"}],"wp:attachment":[{"href":"https:\/\/asso.graie.org\/portail\/wp-json\/wp\/v2\/media?parent=13675"}],"wp:term":[{"taxonomy":"category","embeddable":true,"href":"https:\/\/asso.graie.org\/portail\/wp-json\/wp\/v2\/categories?post=13675"},{"taxonomy":"post_tag","embeddable":true,"href":"https:\/\/asso.graie.org\/portail\/wp-json\/wp\/v2\/tags?post=13675"}],"curies":[{"name":"wp","href":"https:\/\/api.w.org\/{rel}","templated":true}]}}