{"id":14594,"date":"2021-11-16T11:43:34","date_gmt":"2021-11-16T10:43:34","guid":{"rendered":"https:\/\/asso.graie.org\/portail\/?p=14594"},"modified":"2025-07-01T13:35:46","modified_gmt":"2025-07-01T11:35:46","slug":"zabr-seminaire-ostf-2021","status":"publish","type":"post","link":"https:\/\/asso.graie.org\/portail\/zabr-seminaire-ostf-2021\/","title":{"rendered":"ZABR | S\u00e9minaire OSTF 2021"},"content":{"rendered":"<p data-testid=\"VknvQoQSY\"><img decoding=\"async\" loading=\"lazy\" class=\"size-medium wp-image-13525 aligncenter\" src=\"https:\/\/asso.graie.org\/portail\/wp-content\/uploads\/2019\/03\/logo-ZA-ZABR_sans_s-e1558100464559-300x124.png\" alt=\"logo ZABR\" width=\"300\" height=\"124\" srcset=\"https:\/\/asso.graie.org\/portail\/wp-content\/uploads\/2019\/03\/logo-ZA-ZABR_sans_s-e1558100464559-300x124.png 300w, https:\/\/asso.graie.org\/portail\/wp-content\/uploads\/2019\/03\/logo-ZA-ZABR_sans_s-e1558100464559-600x248.png 600w, https:\/\/asso.graie.org\/portail\/wp-content\/uploads\/2019\/03\/logo-ZA-ZABR_sans_s-e1558100464559.png 660w\" sizes=\"(max-width: 300px) 100vw, 300px\" \/><\/p>\n<h4 data-testid=\"VknvQoQSY\"><\/h4>\n<h4 class=\"text-build-content\" data-testid=\"VknvQoQSY\">La ZABR organise <b>Lundi 13 d\u00e9cembre 2021<\/b> \u00e0 <b>Lyon <\/b>son s\u00e9minaire annuel autour de la th\u00e9matique \u00ab Observation Sociale des Territoires Fluviaux \u00bb.<\/h4>\n<p style=\"text-align: center;\">\n<h3><strong>Contexte\u00a0<\/strong><\/h3>\n<p>La ZABR, r\u00e9seau de laboratoires labellis\u00e9 par le CNRS, aborde par diff\u00e9rentes disciplines, les interactions entre le milieu fluvial et p\u00e9rifluvial rhodanien et les soci\u00e9t\u00e9s qui se d\u00e9veloppent sur le bassin versant. Elle est le support de programmes de recherches pluridisciplinaires destin\u00e9s \u00e0 apporter des \u00e9l\u00e9ments pour l\u2019aide \u00e0 la d\u00e9cision publique en mati\u00e8re de gestion durable des cours d\u2019eau et de leurs bassins versants. Son activit\u00e9 scientifique est structur\u00e9e en 4 th\u00e9matiques transversales qui sont le lieu dans lequel notre collectif d\u00e9passe le champ disciplinaire de chacun pour d\u00e9gager des strat\u00e9gies scientifiques sur lesquelles avancer. La th\u00e9matique \u00ab\u00a0observation sociale des territoires fluviaux\u00a0\u00bb est l\u2019une des 4 th\u00e9matiques de la ZABR. Son activit\u00e9 sur la p\u00e9riode 2018- 2022 est centr\u00e9e sur 4 grandes questions\u00a0:<\/p>\n<ul>\n<li>Quels sont les d\u00e9terminants de la gouvernance de l\u2019eau\u00a0?<\/li>\n<li>En quoi les interactions sociales permettent-elles de limiter la vuln\u00e9rabilit\u00e9 des communaut\u00e9s et des individus face aux risques li\u00e9s \u00e0 l\u2019eau\u00a0?<\/li>\n<li>Comment les territoires de l\u2019eau s\u2019articulent-ils avec d\u2019autres logiques territoriales\u00a0?<\/li>\n<li>Quel est l\u2019\u00e9tat des controverses au sein du bassin\u00a0?<\/li>\n<\/ul>\n<p>Chaque ann\u00e9e, un s\u00e9minaire scientifique est organis\u00e9 permettant d\u2019avancer collectivement sur ces questions ouvertes. <strong>En 2021, le s\u00e9minaire sera centr\u00e9 sur la question des territoires de l\u2019eau. Comment s\u2019articulent-ils avec d\u2019autres logiques territoriales\u00a0?<\/strong><\/p>\n<h3><strong>Objectifs<br \/>\n<\/strong><\/h3>\n<p>Ce s\u00e9minaire a un triple objectif :<\/p>\n<ul>\n<li>Partager les r\u00e9sultats produits par les \u00e9quipes de la ZABR autour de la question des territoires de l\u2019eau et de leurs articulations avec d\u2019autres logiques territoriales<\/li>\n<li>Ouvrir des fen\u00eatres sur des travaux et projets en lien conduits dans d\u2019autres zones ateliers ou au sein du R\u00e9seau des Zones Ateliers (RZA)<\/li>\n<li>Consolider les r\u00e9flexions collectives et \u00e9valuer les liens entre les quatre questions.<\/li>\n<\/ul>\n<h3 data-testid=\"VknvQoQSY\"><\/h3>\n<h3 data-testid=\"VknvQoQSY\">Public<\/h3>\n<p>Ce s\u00e9minaire est ouvert aux scientifiques et doctorants de la ZABR impliqu\u00e9s ou int\u00e9ress\u00e9s par les questions abord\u00e9es au sein de la th\u00e9matique \u00ab\u00a0observation sociale des territoires fluviaux\u00a0\u00bb, quel que soit leur c\u0153ur de comp\u00e9tence. Il est \u00e9galement ouvert \u00e0 tout chercheur int\u00e9ress\u00e9 mobilis\u00e9 sur le bassin du Rh\u00f4ne.<\/p>\n<p style=\"text-align: center;\" data-testid=\"VknvQoQSY\"><a href=\"http:\/\/www.graie.org\/survey2\/index.php\/862293?lang=fr\" target=\"_blank\" class=\"shortc-button medium blue \"><span class=\"fa \" aria-hidden=\"true\"><\/span> Je m&rsquo;inscris en ligne<\/a>\n","protected":false},"excerpt":{"rendered":"<p>La ZABR organise Lundi 13 d\u00e9cembre 2021 \u00e0 Lyon son s\u00e9minaire annuel autour de la th\u00e9matique \u00ab Observation Sociale des Territoires Fluviaux \u00bb. Contexte\u00a0 La ZABR, r\u00e9seau de laboratoires labellis\u00e9 par le CNRS, aborde par diff\u00e9rentes disciplines, les interactions entre &hellip;<\/p>\n","protected":false},"author":3,"featured_media":19128,"comment_status":"closed","ping_status":"closed","sticky":false,"template":"","format":"standard","meta":{"_mi_skip_tracking":false,"footnotes":""},"categories":[24,589,74,28],"tags":[213,1689,296,1628,1692,1690,284,1691],"acf":[],"yoast_head":"<!-- This site is optimized with the Yoast SEO plugin v19.13 - https:\/\/yoast.com\/wordpress\/plugins\/seo\/ -->\n<title>S\u00e9minaire Observation Sociale des Territoires Fluviaux 2021<\/title>\n<meta name=\"description\" content=\"La ZABR organise Lundi 13 d\u00e9cembre 2021 \u00e0 Lyon son s\u00e9minaire annuel autour de la th\u00e9matique \u00ab Observation Sociale des Territoires Fluviaux \u00bb.\" \/>\n<meta name=\"robots\" content=\"index, follow, max-snippet:-1, max-image-preview:large, max-video-preview:-1\" \/>\n<link rel=\"canonical\" href=\"https:\/\/asso.graie.org\/portail\/zabr-seminaire-ostf-2021\/\" \/>\n<meta property=\"og:locale\" content=\"fr_FR\" \/>\n<meta property=\"og:type\" content=\"article\" \/>\n<meta property=\"og:title\" content=\"S\u00e9minaire Observation Sociale des Territoires Fluviaux 2021\" \/>\n<meta property=\"og:description\" content=\"La ZABR organise Lundi 13 d\u00e9cembre 2021 \u00e0 Lyon son s\u00e9minaire annuel autour de la th\u00e9matique \u00ab Observation Sociale des Territoires Fluviaux \u00bb.\" \/>\n<meta property=\"og:url\" content=\"https:\/\/asso.graie.org\/portail\/zabr-seminaire-ostf-2021\/\" \/>\n<meta property=\"og:site_name\" content=\"Graie\" \/>\n<meta property=\"article:published_time\" content=\"2021-11-16T10:43:34+00:00\" \/>\n<meta property=\"article:modified_time\" content=\"2025-07-01T11:35:46+00:00\" \/>\n<meta property=\"og:image\" content=\"https:\/\/asso.graie.org\/portail\/wp-content\/uploads\/2021\/11\/Image-SemOSTF.png\" \/>\n\t<meta property=\"og:image:width\" content=\"1024\" \/>\n\t<meta property=\"og:image:height\" content=\"723\" \/>\n\t<meta property=\"og:image:type\" content=\"image\/png\" \/>\n<meta name=\"author\" content=\"Laure Dumonte\" \/>\n<meta name=\"twitter:card\" content=\"summary_large_image\" \/>\n<meta name=\"twitter:creator\" content=\"@asso_graie\" \/>\n<meta name=\"twitter:site\" content=\"@asso_graie\" \/>\n<meta name=\"twitter:label1\" content=\"\u00c9crit par\" \/>\n\t<meta name=\"twitter:data1\" content=\"Laure Dumonte\" \/>\n\t<meta name=\"twitter:label2\" content=\"Dur\u00e9e de lecture estim\u00e9e\" \/>\n\t<meta name=\"twitter:data2\" content=\"2 minutes\" \/>\n<script type=\"application\/ld+json\" class=\"yoast-schema-graph\">{\"@context\":\"https:\/\/schema.org\",\"@graph\":[{\"@type\":\"Article\",\"@id\":\"https:\/\/asso.graie.org\/portail\/zabr-seminaire-ostf-2021\/#article\",\"isPartOf\":{\"@id\":\"https:\/\/asso.graie.org\/portail\/zabr-seminaire-ostf-2021\/\"},\"author\":{\"name\":\"Laure Dumonte\",\"@id\":\"https:\/\/asso.graie.org\/portail\/#\/schema\/person\/b7fb559684005d59490969faaa8fc42f\"},\"headline\":\"ZABR | S\u00e9minaire OSTF 2021\",\"datePublished\":\"2021-11-16T10:43:34+00:00\",\"dateModified\":\"2025-07-01T11:35:46+00:00\",\"mainEntityOfPage\":{\"@id\":\"https:\/\/asso.graie.org\/portail\/zabr-seminaire-ostf-2021\/\"},\"wordCount\":424,\"publisher\":{\"@id\":\"https:\/\/asso.graie.org\/portail\/#organization\"},\"keywords\":[\"milieux aquatiques\",\"observation sociale\",\"Rh\u00f4ne\",\"s\u00e9minaire\",\"territoires de l'eau\",\"territoires fluviaux\",\"ZABR\",\"zone atelier\"],\"articleSection\":[\"Actu Graie\",\"Historique Agenda\",\"Milieux aquatiques\",\"Toute l'actualit\u00e9\"],\"inLanguage\":\"fr-FR\"},{\"@type\":\"WebPage\",\"@id\":\"https:\/\/asso.graie.org\/portail\/zabr-seminaire-ostf-2021\/\",\"url\":\"https:\/\/asso.graie.org\/portail\/zabr-seminaire-ostf-2021\/\",\"name\":\"S\u00e9minaire Observation Sociale des Territoires Fluviaux 2021\",\"isPartOf\":{\"@id\":\"https:\/\/asso.graie.org\/portail\/#website\"},\"datePublished\":\"2021-11-16T10:43:34+00:00\",\"dateModified\":\"2025-07-01T11:35:46+00:00\",\"description\":\"La ZABR organise Lundi 13 d\u00e9cembre 2021 \u00e0 Lyon son s\u00e9minaire annuel autour de la th\u00e9matique \u00ab Observation Sociale des Territoires Fluviaux \u00bb.\",\"breadcrumb\":{\"@id\":\"https:\/\/asso.graie.org\/portail\/zabr-seminaire-ostf-2021\/#breadcrumb\"},\"inLanguage\":\"fr-FR\",\"potentialAction\":[{\"@type\":\"ReadAction\",\"target\":[\"https:\/\/asso.graie.org\/portail\/zabr-seminaire-ostf-2021\/\"]}]},{\"@type\":\"BreadcrumbList\",\"@id\":\"https:\/\/asso.graie.org\/portail\/zabr-seminaire-ostf-2021\/#breadcrumb\",\"itemListElement\":[{\"@type\":\"ListItem\",\"position\":1,\"name\":\"Accueil\",\"item\":\"https:\/\/asso.graie.org\/portail\/\"},{\"@type\":\"ListItem\",\"position\":2,\"name\":\"ZABR | S\u00e9minaire OSTF 2021\"}]},{\"@type\":\"WebSite\",\"@id\":\"https:\/\/asso.graie.org\/portail\/#website\",\"url\":\"https:\/\/asso.graie.org\/portail\/\",\"name\":\"Graie\",\"description\":\"P\u00f4le Eau et Territoires\",\"publisher\":{\"@id\":\"https:\/\/asso.graie.org\/portail\/#organization\"},\"potentialAction\":[{\"@type\":\"SearchAction\",\"target\":{\"@type\":\"EntryPoint\",\"urlTemplate\":\"https:\/\/asso.graie.org\/portail\/?s={search_term_string}\"},\"query-input\":\"required name=search_term_string\"}],\"inLanguage\":\"fr-FR\"},{\"@type\":\"Organization\",\"@id\":\"https:\/\/asso.graie.org\/portail\/#organization\",\"name\":\"Le Graie\",\"url\":\"https:\/\/asso.graie.org\/portail\/\",\"logo\":{\"@type\":\"ImageObject\",\"inLanguage\":\"fr-FR\",\"@id\":\"https:\/\/asso.graie.org\/portail\/#\/schema\/logo\/image\/\",\"url\":\"https:\/\/asso.graie.org\/portail\/wp-content\/uploads\/2021\/12\/Logotype-Graie.png\",\"contentUrl\":\"https:\/\/asso.graie.org\/portail\/wp-content\/uploads\/2021\/12\/Logotype-Graie.png\",\"width\":1890,\"height\":1181,\"caption\":\"Le Graie\"},\"image\":{\"@id\":\"https:\/\/asso.graie.org\/portail\/#\/schema\/logo\/image\/\"},\"sameAs\":[\"https:\/\/fr.linkedin.com\/company\/graie?trk=top_nav_home\",\"https:\/\/www.youtube.com\/channel\/UCZQk0Tt7upYwERYNdDIZqLQ\",\"https:\/\/twitter.com\/asso_graie\"]},{\"@type\":\"Person\",\"@id\":\"https:\/\/asso.graie.org\/portail\/#\/schema\/person\/b7fb559684005d59490969faaa8fc42f\",\"name\":\"Laure Dumonte\",\"url\":\"https:\/\/asso.graie.org\/portail\/author\/sarahscarrott\/\"}]}<\/script>\n<!-- \/ Yoast SEO plugin. -->","yoast_head_json":{"title":"S\u00e9minaire Observation Sociale des Territoires Fluviaux 2021","description":"La ZABR organise Lundi 13 d\u00e9cembre 2021 \u00e0 Lyon son s\u00e9minaire annuel autour de la th\u00e9matique \u00ab Observation Sociale des Territoires Fluviaux \u00bb.","robots":{"index":"index","follow":"follow","max-snippet":"max-snippet:-1","max-image-preview":"max-image-preview:large","max-video-preview":"max-video-preview:-1"},"canonical":"https:\/\/asso.graie.org\/portail\/zabr-seminaire-ostf-2021\/","og_locale":"fr_FR","og_type":"article","og_title":"S\u00e9minaire Observation Sociale des Territoires Fluviaux 2021","og_description":"La ZABR organise Lundi 13 d\u00e9cembre 2021 \u00e0 Lyon son s\u00e9minaire annuel autour de la th\u00e9matique \u00ab Observation Sociale des Territoires Fluviaux \u00bb.","og_url":"https:\/\/asso.graie.org\/portail\/zabr-seminaire-ostf-2021\/","og_site_name":"Graie","article_published_time":"2021-11-16T10:43:34+00:00","article_modified_time":"2025-07-01T11:35:46+00:00","og_image":[{"width":1024,"height":723,"url":"https:\/\/asso.graie.org\/portail\/wp-content\/uploads\/2021\/11\/Image-SemOSTF.png","type":"image\/png"}],"author":"Laure Dumonte","twitter_card":"summary_large_image","twitter_creator":"@asso_graie","twitter_site":"@asso_graie","twitter_misc":{"\u00c9crit par":"Laure Dumonte","Dur\u00e9e de lecture estim\u00e9e":"2 minutes"},"schema":{"@context":"https:\/\/schema.org","@graph":[{"@type":"Article","@id":"https:\/\/asso.graie.org\/portail\/zabr-seminaire-ostf-2021\/#article","isPartOf":{"@id":"https:\/\/asso.graie.org\/portail\/zabr-seminaire-ostf-2021\/"},"author":{"name":"Laure Dumonte","@id":"https:\/\/asso.graie.org\/portail\/#\/schema\/person\/b7fb559684005d59490969faaa8fc42f"},"headline":"ZABR | S\u00e9minaire OSTF 2021","datePublished":"2021-11-16T10:43:34+00:00","dateModified":"2025-07-01T11:35:46+00:00","mainEntityOfPage":{"@id":"https:\/\/asso.graie.org\/portail\/zabr-seminaire-ostf-2021\/"},"wordCount":424,"publisher":{"@id":"https:\/\/asso.graie.org\/portail\/#organization"},"keywords":["milieux aquatiques","observation sociale","Rh\u00f4ne","s\u00e9minaire","territoires de l'eau","territoires fluviaux","ZABR","zone atelier"],"articleSection":["Actu Graie","Historique Agenda","Milieux aquatiques","Toute l'actualit\u00e9"],"inLanguage":"fr-FR"},{"@type":"WebPage","@id":"https:\/\/asso.graie.org\/portail\/zabr-seminaire-ostf-2021\/","url":"https:\/\/asso.graie.org\/portail\/zabr-seminaire-ostf-2021\/","name":"S\u00e9minaire Observation Sociale des Territoires Fluviaux 2021","isPartOf":{"@id":"https:\/\/asso.graie.org\/portail\/#website"},"datePublished":"2021-11-16T10:43:34+00:00","dateModified":"2025-07-01T11:35:46+00:00","description":"La ZABR organise Lundi 13 d\u00e9cembre 2021 \u00e0 Lyon son s\u00e9minaire annuel autour de la th\u00e9matique \u00ab Observation Sociale des Territoires Fluviaux \u00bb.","breadcrumb":{"@id":"https:\/\/asso.graie.org\/portail\/zabr-seminaire-ostf-2021\/#breadcrumb"},"inLanguage":"fr-FR","potentialAction":[{"@type":"ReadAction","target":["https:\/\/asso.graie.org\/portail\/zabr-seminaire-ostf-2021\/"]}]},{"@type":"BreadcrumbList","@id":"https:\/\/asso.graie.org\/portail\/zabr-seminaire-ostf-2021\/#breadcrumb","itemListElement":[{"@type":"ListItem","position":1,"name":"Accueil","item":"https:\/\/asso.graie.org\/portail\/"},{"@type":"ListItem","position":2,"name":"ZABR | S\u00e9minaire OSTF 2021"}]},{"@type":"WebSite","@id":"https:\/\/asso.graie.org\/portail\/#website","url":"https:\/\/asso.graie.org\/portail\/","name":"Graie","description":"P\u00f4le Eau et Territoires","publisher":{"@id":"https:\/\/asso.graie.org\/portail\/#organization"},"potentialAction":[{"@type":"SearchAction","target":{"@type":"EntryPoint","urlTemplate":"https:\/\/asso.graie.org\/portail\/?s={search_term_string}"},"query-input":"required name=search_term_string"}],"inLanguage":"fr-FR"},{"@type":"Organization","@id":"https:\/\/asso.graie.org\/portail\/#organization","name":"Le Graie","url":"https:\/\/asso.graie.org\/portail\/","logo":{"@type":"ImageObject","inLanguage":"fr-FR","@id":"https:\/\/asso.graie.org\/portail\/#\/schema\/logo\/image\/","url":"https:\/\/asso.graie.org\/portail\/wp-content\/uploads\/2021\/12\/Logotype-Graie.png","contentUrl":"https:\/\/asso.graie.org\/portail\/wp-content\/uploads\/2021\/12\/Logotype-Graie.png","width":1890,"height":1181,"caption":"Le Graie"},"image":{"@id":"https:\/\/asso.graie.org\/portail\/#\/schema\/logo\/image\/"},"sameAs":["https:\/\/fr.linkedin.com\/company\/graie?trk=top_nav_home","https:\/\/www.youtube.com\/channel\/UCZQk0Tt7upYwERYNdDIZqLQ","https:\/\/twitter.com\/asso_graie"]},{"@type":"Person","@id":"https:\/\/asso.graie.org\/portail\/#\/schema\/person\/b7fb559684005d59490969faaa8fc42f","name":"Laure Dumonte","url":"https:\/\/asso.graie.org\/portail\/author\/sarahscarrott\/"}]}},"_links":{"self":[{"href":"https:\/\/asso.graie.org\/portail\/wp-json\/wp\/v2\/posts\/14594"}],"collection":[{"href":"https:\/\/asso.graie.org\/portail\/wp-json\/wp\/v2\/posts"}],"about":[{"href":"https:\/\/asso.graie.org\/portail\/wp-json\/wp\/v2\/types\/post"}],"author":[{"embeddable":true,"href":"https:\/\/asso.graie.org\/portail\/wp-json\/wp\/v2\/users\/3"}],"replies":[{"embeddable":true,"href":"https:\/\/asso.graie.org\/portail\/wp-json\/wp\/v2\/comments?post=14594"}],"version-history":[{"count":17,"href":"https:\/\/asso.graie.org\/portail\/wp-json\/wp\/v2\/posts\/14594\/revisions"}],"predecessor-version":[{"id":28293,"href":"https:\/\/asso.graie.org\/portail\/wp-json\/wp\/v2\/posts\/14594\/revisions\/28293"}],"wp:featuredmedia":[{"embeddable":true,"href":"https:\/\/asso.graie.org\/portail\/wp-json\/wp\/v2\/media\/19128"}],"wp:attachment":[{"href":"https:\/\/asso.graie.org\/portail\/wp-json\/wp\/v2\/media?parent=14594"}],"wp:term":[{"taxonomy":"category","embeddable":true,"href":"https:\/\/asso.graie.org\/portail\/wp-json\/wp\/v2\/categories?post=14594"},{"taxonomy":"post_tag","embeddable":true,"href":"https:\/\/asso.graie.org\/portail\/wp-json\/wp\/v2\/tags?post=14594"}],"curies":[{"name":"wp","href":"https:\/\/api.w.org\/{rel}","templated":true}]}}