{"id":14667,"date":"2019-10-16T16:57:28","date_gmt":"2019-10-16T14:57:28","guid":{"rendered":"https:\/\/asso.graie.org\/portail\/?p=14667"},"modified":"2021-10-26T12:59:32","modified_gmt":"2021-10-26T10:59:32","slug":"le-graie-participe-a-sympo-eau-montreal","status":"publish","type":"post","link":"https:\/\/asso.graie.org\/portail\/le-graie-participe-a-sympo-eau-montreal\/","title":{"rendered":"Le Graie participe \u00e0 Sympo Eau | Montr\u00e9al"},"content":{"rendered":"<p>Organis\u00e9 par\u00a0R\u00e9seau Environnement et pr\u00e9sent\u00e9 par Sanexen, le\u00a042e\u00a0<strong>Symposium sur la gestion de l\u2019eau<\/strong>\u00a0rassemblera\u00a0plus de 350 intervenants\u00a0du milieu municipal, des professionnels du secteur de l\u2019eau potable, des eaux us\u00e9es et des eaux pluviales, en plus d&rsquo;entreprises, de chercheurs et de consultants.<\/p>\n<p>&nbsp;<\/p>\n<p>Cette \u00e9dition se d\u00e9roulera du 22 au 23 octobre 2019 \u00e0 Montr\u00e9al &#8211; Canada.<\/p>\n<p>&nbsp;<\/p>\n<p>Dans le cadre de la session sur la gestion des eaux pluviales du 22 octobre apr\u00e9s midi , le Graie et l&rsquo;OTHU pr\u00e9senteront leurs actions conjointes pour accompagner le changement de pratique en mati\u00e8re de gestion des eaux pluviales.<\/p>\n<p>&nbsp;<\/p>\n<a href=\"https:\/\/espace.reseau-environnement.com\/fr\/evenements-et-formations-a-venir\/detail\/symposium-sur-la-gestion-de-leau-2019-montreal\/10408\" class=\"shortc-button medium blue \"><span class=\"fa \" aria-hidden=\"true\"><\/span> Programme<\/a>\n","protected":false},"excerpt":{"rendered":"<p>Organis\u00e9 par\u00a0R\u00e9seau Environnement et pr\u00e9sent\u00e9 par Sanexen, le\u00a042e\u00a0Symposium sur la gestion de l\u2019eau\u00a0rassemblera\u00a0plus de 350 intervenants\u00a0du milieu municipal, des professionnels du secteur de l\u2019eau potable, des eaux us\u00e9es et des eaux pluviales, en plus d&rsquo;entreprises, de chercheurs et de consultants. &hellip;<\/p>\n","protected":false},"author":9,"featured_media":11057,"comment_status":"closed","ping_status":"closed","sticky":false,"template":"","format":"standard","meta":{"_mi_skip_tracking":false,"footnotes":""},"categories":[24,28],"tags":[],"acf":[],"yoast_head":"<!-- This site is optimized with the Yoast SEO plugin v19.13 - https:\/\/yoast.com\/wordpress\/plugins\/seo\/ -->\n<title>Le Graie participe \u00e0 Sympo Eau | Montr\u00e9al | Graie<\/title>\n<meta name=\"robots\" content=\"index, follow, max-snippet:-1, max-image-preview:large, max-video-preview:-1\" \/>\n<link rel=\"canonical\" href=\"https:\/\/asso.graie.org\/portail\/le-graie-participe-a-sympo-eau-montreal\/\" \/>\n<meta property=\"og:locale\" content=\"fr_FR\" \/>\n<meta property=\"og:type\" content=\"article\" \/>\n<meta property=\"og:title\" content=\"Le Graie participe \u00e0 Sympo Eau | Montr\u00e9al | Graie\" \/>\n<meta property=\"og:description\" content=\"Organis\u00e9 par\u00a0R\u00e9seau Environnement et pr\u00e9sent\u00e9 par Sanexen, le\u00a042e\u00a0Symposium sur la gestion de l\u2019eau\u00a0rassemblera\u00a0plus de 350 intervenants\u00a0du milieu municipal, des professionnels du secteur de l\u2019eau potable, des eaux us\u00e9es et des eaux pluviales, en plus d&rsquo;entreprises, de chercheurs et de consultants. &hellip;\" \/>\n<meta property=\"og:url\" content=\"https:\/\/asso.graie.org\/portail\/le-graie-participe-a-sympo-eau-montreal\/\" \/>\n<meta property=\"og:site_name\" content=\"Graie\" \/>\n<meta property=\"article:published_time\" content=\"2019-10-16T14:57:28+00:00\" \/>\n<meta property=\"article:modified_time\" content=\"2021-10-26T10:59:32+00:00\" \/>\n<meta property=\"og:image\" content=\"https:\/\/asso.graie.org\/portail\/wp-content\/uploads\/2018\/07\/reseauEnvironnementMontreal.jpg\" \/>\n\t<meta property=\"og:image:width\" content=\"307\" \/>\n\t<meta property=\"og:image:height\" content=\"206\" \/>\n\t<meta property=\"og:image:type\" content=\"image\/jpeg\" \/>\n<meta name=\"author\" content=\"Laetitia Bacot\" \/>\n<meta name=\"twitter:card\" content=\"summary_large_image\" \/>\n<meta name=\"twitter:creator\" content=\"@asso_graie\" \/>\n<meta name=\"twitter:site\" content=\"@asso_graie\" \/>\n<meta name=\"twitter:label1\" content=\"\u00c9crit par\" \/>\n\t<meta name=\"twitter:data1\" content=\"Laetitia Bacot\" \/>\n\t<meta name=\"twitter:label2\" content=\"Dur\u00e9e de lecture estim\u00e9e\" \/>\n\t<meta name=\"twitter:data2\" content=\"1 minute\" \/>\n<script type=\"application\/ld+json\" class=\"yoast-schema-graph\">{\"@context\":\"https:\/\/schema.org\",\"@graph\":[{\"@type\":\"Article\",\"@id\":\"https:\/\/asso.graie.org\/portail\/le-graie-participe-a-sympo-eau-montreal\/#article\",\"isPartOf\":{\"@id\":\"https:\/\/asso.graie.org\/portail\/le-graie-participe-a-sympo-eau-montreal\/\"},\"author\":{\"name\":\"Laetitia Bacot\",\"@id\":\"https:\/\/asso.graie.org\/portail\/#\/schema\/person\/32d8e579e7571258fa5a8d6575f1da6b\"},\"headline\":\"Le Graie participe \u00e0 Sympo Eau | Montr\u00e9al\",\"datePublished\":\"2019-10-16T14:57:28+00:00\",\"dateModified\":\"2021-10-26T10:59:32+00:00\",\"mainEntityOfPage\":{\"@id\":\"https:\/\/asso.graie.org\/portail\/le-graie-participe-a-sympo-eau-montreal\/\"},\"wordCount\":134,\"publisher\":{\"@id\":\"https:\/\/asso.graie.org\/portail\/#organization\"},\"articleSection\":[\"Actu Graie\",\"Toute l'actualit\u00e9\"],\"inLanguage\":\"fr-FR\"},{\"@type\":\"WebPage\",\"@id\":\"https:\/\/asso.graie.org\/portail\/le-graie-participe-a-sympo-eau-montreal\/\",\"url\":\"https:\/\/asso.graie.org\/portail\/le-graie-participe-a-sympo-eau-montreal\/\",\"name\":\"Le Graie participe \u00e0 Sympo Eau | Montr\u00e9al | Graie\",\"isPartOf\":{\"@id\":\"https:\/\/asso.graie.org\/portail\/#website\"},\"datePublished\":\"2019-10-16T14:57:28+00:00\",\"dateModified\":\"2021-10-26T10:59:32+00:00\",\"breadcrumb\":{\"@id\":\"https:\/\/asso.graie.org\/portail\/le-graie-participe-a-sympo-eau-montreal\/#breadcrumb\"},\"inLanguage\":\"fr-FR\",\"potentialAction\":[{\"@type\":\"ReadAction\",\"target\":[\"https:\/\/asso.graie.org\/portail\/le-graie-participe-a-sympo-eau-montreal\/\"]}]},{\"@type\":\"BreadcrumbList\",\"@id\":\"https:\/\/asso.graie.org\/portail\/le-graie-participe-a-sympo-eau-montreal\/#breadcrumb\",\"itemListElement\":[{\"@type\":\"ListItem\",\"position\":1,\"name\":\"Accueil\",\"item\":\"https:\/\/asso.graie.org\/portail\/\"},{\"@type\":\"ListItem\",\"position\":2,\"name\":\"Le Graie participe \u00e0 Sympo Eau | Montr\u00e9al\"}]},{\"@type\":\"WebSite\",\"@id\":\"https:\/\/asso.graie.org\/portail\/#website\",\"url\":\"https:\/\/asso.graie.org\/portail\/\",\"name\":\"Graie\",\"description\":\"P\u00f4le Eau et Territoires\",\"publisher\":{\"@id\":\"https:\/\/asso.graie.org\/portail\/#organization\"},\"potentialAction\":[{\"@type\":\"SearchAction\",\"target\":{\"@type\":\"EntryPoint\",\"urlTemplate\":\"https:\/\/asso.graie.org\/portail\/?s={search_term_string}\"},\"query-input\":\"required name=search_term_string\"}],\"inLanguage\":\"fr-FR\"},{\"@type\":\"Organization\",\"@id\":\"https:\/\/asso.graie.org\/portail\/#organization\",\"name\":\"Le Graie\",\"url\":\"https:\/\/asso.graie.org\/portail\/\",\"logo\":{\"@type\":\"ImageObject\",\"inLanguage\":\"fr-FR\",\"@id\":\"https:\/\/asso.graie.org\/portail\/#\/schema\/logo\/image\/\",\"url\":\"https:\/\/asso.graie.org\/portail\/wp-content\/uploads\/2021\/12\/Logotype-Graie.png\",\"contentUrl\":\"https:\/\/asso.graie.org\/portail\/wp-content\/uploads\/2021\/12\/Logotype-Graie.png\",\"width\":1890,\"height\":1181,\"caption\":\"Le Graie\"},\"image\":{\"@id\":\"https:\/\/asso.graie.org\/portail\/#\/schema\/logo\/image\/\"},\"sameAs\":[\"https:\/\/fr.linkedin.com\/company\/graie?trk=top_nav_home\",\"https:\/\/www.youtube.com\/channel\/UCZQk0Tt7upYwERYNdDIZqLQ\",\"https:\/\/twitter.com\/asso_graie\"]},{\"@type\":\"Person\",\"@id\":\"https:\/\/asso.graie.org\/portail\/#\/schema\/person\/32d8e579e7571258fa5a8d6575f1da6b\",\"name\":\"Laetitia Bacot\",\"url\":\"https:\/\/asso.graie.org\/portail\/author\/laetitiabacot\/\"}]}<\/script>\n<!-- \/ Yoast SEO plugin. -->","yoast_head_json":{"title":"Le Graie participe \u00e0 Sympo Eau | Montr\u00e9al | Graie","robots":{"index":"index","follow":"follow","max-snippet":"max-snippet:-1","max-image-preview":"max-image-preview:large","max-video-preview":"max-video-preview:-1"},"canonical":"https:\/\/asso.graie.org\/portail\/le-graie-participe-a-sympo-eau-montreal\/","og_locale":"fr_FR","og_type":"article","og_title":"Le Graie participe \u00e0 Sympo Eau | Montr\u00e9al | Graie","og_description":"Organis\u00e9 par\u00a0R\u00e9seau Environnement et pr\u00e9sent\u00e9 par Sanexen, le\u00a042e\u00a0Symposium sur la gestion de l\u2019eau\u00a0rassemblera\u00a0plus de 350 intervenants\u00a0du milieu municipal, des professionnels du secteur de l\u2019eau potable, des eaux us\u00e9es et des eaux pluviales, en plus d&rsquo;entreprises, de chercheurs et de consultants. &hellip;","og_url":"https:\/\/asso.graie.org\/portail\/le-graie-participe-a-sympo-eau-montreal\/","og_site_name":"Graie","article_published_time":"2019-10-16T14:57:28+00:00","article_modified_time":"2021-10-26T10:59:32+00:00","og_image":[{"width":307,"height":206,"url":"https:\/\/asso.graie.org\/portail\/wp-content\/uploads\/2018\/07\/reseauEnvironnementMontreal.jpg","type":"image\/jpeg"}],"author":"Laetitia Bacot","twitter_card":"summary_large_image","twitter_creator":"@asso_graie","twitter_site":"@asso_graie","twitter_misc":{"\u00c9crit par":"Laetitia Bacot","Dur\u00e9e de lecture estim\u00e9e":"1 minute"},"schema":{"@context":"https:\/\/schema.org","@graph":[{"@type":"Article","@id":"https:\/\/asso.graie.org\/portail\/le-graie-participe-a-sympo-eau-montreal\/#article","isPartOf":{"@id":"https:\/\/asso.graie.org\/portail\/le-graie-participe-a-sympo-eau-montreal\/"},"author":{"name":"Laetitia Bacot","@id":"https:\/\/asso.graie.org\/portail\/#\/schema\/person\/32d8e579e7571258fa5a8d6575f1da6b"},"headline":"Le Graie participe \u00e0 Sympo Eau | Montr\u00e9al","datePublished":"2019-10-16T14:57:28+00:00","dateModified":"2021-10-26T10:59:32+00:00","mainEntityOfPage":{"@id":"https:\/\/asso.graie.org\/portail\/le-graie-participe-a-sympo-eau-montreal\/"},"wordCount":134,"publisher":{"@id":"https:\/\/asso.graie.org\/portail\/#organization"},"articleSection":["Actu Graie","Toute l'actualit\u00e9"],"inLanguage":"fr-FR"},{"@type":"WebPage","@id":"https:\/\/asso.graie.org\/portail\/le-graie-participe-a-sympo-eau-montreal\/","url":"https:\/\/asso.graie.org\/portail\/le-graie-participe-a-sympo-eau-montreal\/","name":"Le Graie participe \u00e0 Sympo Eau | Montr\u00e9al | Graie","isPartOf":{"@id":"https:\/\/asso.graie.org\/portail\/#website"},"datePublished":"2019-10-16T14:57:28+00:00","dateModified":"2021-10-26T10:59:32+00:00","breadcrumb":{"@id":"https:\/\/asso.graie.org\/portail\/le-graie-participe-a-sympo-eau-montreal\/#breadcrumb"},"inLanguage":"fr-FR","potentialAction":[{"@type":"ReadAction","target":["https:\/\/asso.graie.org\/portail\/le-graie-participe-a-sympo-eau-montreal\/"]}]},{"@type":"BreadcrumbList","@id":"https:\/\/asso.graie.org\/portail\/le-graie-participe-a-sympo-eau-montreal\/#breadcrumb","itemListElement":[{"@type":"ListItem","position":1,"name":"Accueil","item":"https:\/\/asso.graie.org\/portail\/"},{"@type":"ListItem","position":2,"name":"Le Graie participe \u00e0 Sympo Eau | Montr\u00e9al"}]},{"@type":"WebSite","@id":"https:\/\/asso.graie.org\/portail\/#website","url":"https:\/\/asso.graie.org\/portail\/","name":"Graie","description":"P\u00f4le Eau et Territoires","publisher":{"@id":"https:\/\/asso.graie.org\/portail\/#organization"},"potentialAction":[{"@type":"SearchAction","target":{"@type":"EntryPoint","urlTemplate":"https:\/\/asso.graie.org\/portail\/?s={search_term_string}"},"query-input":"required name=search_term_string"}],"inLanguage":"fr-FR"},{"@type":"Organization","@id":"https:\/\/asso.graie.org\/portail\/#organization","name":"Le Graie","url":"https:\/\/asso.graie.org\/portail\/","logo":{"@type":"ImageObject","inLanguage":"fr-FR","@id":"https:\/\/asso.graie.org\/portail\/#\/schema\/logo\/image\/","url":"https:\/\/asso.graie.org\/portail\/wp-content\/uploads\/2021\/12\/Logotype-Graie.png","contentUrl":"https:\/\/asso.graie.org\/portail\/wp-content\/uploads\/2021\/12\/Logotype-Graie.png","width":1890,"height":1181,"caption":"Le Graie"},"image":{"@id":"https:\/\/asso.graie.org\/portail\/#\/schema\/logo\/image\/"},"sameAs":["https:\/\/fr.linkedin.com\/company\/graie?trk=top_nav_home","https:\/\/www.youtube.com\/channel\/UCZQk0Tt7upYwERYNdDIZqLQ","https:\/\/twitter.com\/asso_graie"]},{"@type":"Person","@id":"https:\/\/asso.graie.org\/portail\/#\/schema\/person\/32d8e579e7571258fa5a8d6575f1da6b","name":"Laetitia Bacot","url":"https:\/\/asso.graie.org\/portail\/author\/laetitiabacot\/"}]}},"_links":{"self":[{"href":"https:\/\/asso.graie.org\/portail\/wp-json\/wp\/v2\/posts\/14667"}],"collection":[{"href":"https:\/\/asso.graie.org\/portail\/wp-json\/wp\/v2\/posts"}],"about":[{"href":"https:\/\/asso.graie.org\/portail\/wp-json\/wp\/v2\/types\/post"}],"author":[{"embeddable":true,"href":"https:\/\/asso.graie.org\/portail\/wp-json\/wp\/v2\/users\/9"}],"replies":[{"embeddable":true,"href":"https:\/\/asso.graie.org\/portail\/wp-json\/wp\/v2\/comments?post=14667"}],"version-history":[{"count":1,"href":"https:\/\/asso.graie.org\/portail\/wp-json\/wp\/v2\/posts\/14667\/revisions"}],"predecessor-version":[{"id":18542,"href":"https:\/\/asso.graie.org\/portail\/wp-json\/wp\/v2\/posts\/14667\/revisions\/18542"}],"wp:featuredmedia":[{"embeddable":true,"href":"https:\/\/asso.graie.org\/portail\/wp-json\/wp\/v2\/media\/11057"}],"wp:attachment":[{"href":"https:\/\/asso.graie.org\/portail\/wp-json\/wp\/v2\/media?parent=14667"}],"wp:term":[{"taxonomy":"category","embeddable":true,"href":"https:\/\/asso.graie.org\/portail\/wp-json\/wp\/v2\/categories?post=14667"},{"taxonomy":"post_tag","embeddable":true,"href":"https:\/\/asso.graie.org\/portail\/wp-json\/wp\/v2\/tags?post=14667"}],"curies":[{"name":"wp","href":"https:\/\/api.w.org\/{rel}","templated":true}]}}