{"id":15163,"date":"2020-01-14T12:14:50","date_gmt":"2020-01-14T11:14:50","guid":{"rendered":"https:\/\/asso.graie.org\/portail\/?p=15163"},"modified":"2021-10-26T13:04:42","modified_gmt":"2021-10-26T11:04:42","slug":"appel-a-contributions-photos-portraits-de-lautosurveillance-des-systemes-dassainissement","status":"publish","type":"post","link":"https:\/\/asso.graie.org\/portail\/appel-a-contributions-photos-portraits-de-lautosurveillance-des-systemes-dassainissement\/","title":{"rendered":"Appel \u00e0 contributions Photos \u00ab\u00a0Portraits de l\u2019autosurveillance des syst\u00e8mes d\u2019assainissement\u00a0\u00bb"},"content":{"rendered":"<p>Le Graie organise une 4e exposition photos \u00ab <strong>Portraits de l\u2019autosurveillance des syst\u00e8mes d\u2019assainissement<\/strong> \u00bb en parall\u00e8le de la<a href=\"https:\/\/asso.graie.org\/portail\/journee-dechanges-autosurveillance\/\" target=\"_blank\" rel=\"noopener noreferrer\"> <strong>journ\u00e9e r\u00e9gionale annuelle sur l\u2019autosurveillance des syst\u00e8mes d\u2019assainissement<\/strong><\/a> en octobre 2020 \u00e0 Lyon.<\/p>\n<p>&nbsp;<\/p>\n<p>L\u2019objectif de cette exposition photos est de mettre en avant les \u00e9volutions, les innovations, la m\u00e9trologie, les techniques, le traitement de donn\u00e9es, la mod\u00e9lisation, les syst\u00e8mes de contr\u00f4les, les modes de faire des collectivit\u00e9s (ou m\u00eame pourquoi pas les erreurs \u00e0 ne pas reproduire) pour mettre en \u0153uvre le diagnostic permanent et connaitre son syst\u00e8me d\u2019assainissement.<\/p>\n<p>&nbsp;<\/p>\n<h5>2 th\u00e8mes principaux sont propos\u00e9s cette ann\u00e9e :<\/h5>\n<ul>\n<li>Mesure\/Estimation (best-of ou b\u00eatisier)<\/li>\n<li>Diagnostic permanent (visualisation ou interpr\u00e9tation)<\/li>\n<\/ul>\n<p>&nbsp;<\/p>\n<p>Les 20 meilleures photos seront expos\u00e9es lors de la journ\u00e9e lors d\u2019une session sp\u00e9ciale.<\/p>\n<p>&nbsp;<\/p>\n<p>Cet appel \u00e0 contributions s\u2019adresse aux collectivit\u00e9s, aux exploitants, aux chercheurs qui travaillent sur cette th\u00e9matique.<\/p>\n<p>&nbsp;<\/p>\n<p>Les contributions (photos accompagn\u00e9es d\u2019un texte court de 1500 \u00e0 1800 signes) sont \u00e0 adresser au plus tard l<strong>e 17 juillet 2020 <\/strong>par mail au Graie : asso[at]graie.org.<\/p>\n<p>&nbsp;<\/p>\n<p style=\"text-align: center;\"><a href=\"https:\/\/asso.graie.org\/portail\/wp-content\/uploads\/2019\/10\/GRAIE-Autosurveillance2020-appelphotos.pdf\" target=\"_blank\" class=\"shortc-button medium blue \"><span class=\"fa \" aria-hidden=\"true\"><\/span> D\u00e9tails des modalit\u00e9s de participation<\/a>\n","protected":false},"excerpt":{"rendered":"<p>Le Graie organise une 4e exposition photos \u00ab Portraits de l\u2019autosurveillance des syst\u00e8mes d\u2019assainissement \u00bb en parall\u00e8le de la journ\u00e9e r\u00e9gionale annuelle sur l\u2019autosurveillance des syst\u00e8mes d\u2019assainissement en octobre 2020 \u00e0 Lyon. &nbsp; L\u2019objectif de cette exposition photos est de &hellip;<\/p>\n","protected":false},"author":3,"featured_media":12565,"comment_status":"closed","ping_status":"closed","sticky":false,"template":"","format":"standard","meta":{"_mi_skip_tracking":false,"footnotes":""},"categories":[24,78,577,28],"tags":[],"acf":[],"yoast_head":"<!-- This site is optimized with the Yoast SEO plugin v19.13 - https:\/\/yoast.com\/wordpress\/plugins\/seo\/ -->\n<title>Appel \u00e0 contributions Photos &quot;Portraits de l\u2019autosurveillance des syst\u00e8mes d\u2019assainissement&quot; | Graie<\/title>\n<meta name=\"robots\" content=\"index, follow, max-snippet:-1, max-image-preview:large, max-video-preview:-1\" \/>\n<link rel=\"canonical\" href=\"https:\/\/asso.graie.org\/portail\/appel-a-contributions-photos-portraits-de-lautosurveillance-des-systemes-dassainissement\/\" \/>\n<meta property=\"og:locale\" content=\"fr_FR\" \/>\n<meta property=\"og:type\" content=\"article\" \/>\n<meta property=\"og:title\" content=\"Appel \u00e0 contributions Photos &quot;Portraits de l\u2019autosurveillance des syst\u00e8mes d\u2019assainissement&quot; | Graie\" \/>\n<meta property=\"og:description\" content=\"Le Graie organise une 4e exposition photos \u00ab Portraits de l\u2019autosurveillance des syst\u00e8mes d\u2019assainissement \u00bb en parall\u00e8le de la journ\u00e9e r\u00e9gionale annuelle sur l\u2019autosurveillance des syst\u00e8mes d\u2019assainissement en octobre 2020 \u00e0 Lyon. &nbsp; L\u2019objectif de cette exposition photos est de &hellip;\" \/>\n<meta property=\"og:url\" content=\"https:\/\/asso.graie.org\/portail\/appel-a-contributions-photos-portraits-de-lautosurveillance-des-systemes-dassainissement\/\" \/>\n<meta property=\"og:site_name\" content=\"Graie\" \/>\n<meta property=\"article:published_time\" content=\"2020-01-14T11:14:50+00:00\" \/>\n<meta property=\"article:modified_time\" content=\"2021-10-26T11:04:42+00:00\" \/>\n<meta property=\"og:image\" content=\"https:\/\/asso.graie.org\/portail\/wp-content\/uploads\/2018\/12\/autos2809e.jpg\" \/>\n\t<meta property=\"og:image:width\" content=\"1600\" \/>\n\t<meta property=\"og:image:height\" content=\"1200\" \/>\n\t<meta property=\"og:image:type\" content=\"image\/jpeg\" \/>\n<meta name=\"author\" content=\"Laure Dumonte\" \/>\n<meta name=\"twitter:card\" content=\"summary_large_image\" \/>\n<meta name=\"twitter:creator\" content=\"@asso_graie\" \/>\n<meta name=\"twitter:site\" content=\"@asso_graie\" \/>\n<meta name=\"twitter:label1\" content=\"\u00c9crit par\" \/>\n\t<meta name=\"twitter:data1\" content=\"Laure Dumonte\" \/>\n\t<meta name=\"twitter:label2\" content=\"Dur\u00e9e de lecture estim\u00e9e\" \/>\n\t<meta name=\"twitter:data2\" content=\"1 minute\" \/>\n<script type=\"application\/ld+json\" class=\"yoast-schema-graph\">{\"@context\":\"https:\/\/schema.org\",\"@graph\":[{\"@type\":\"Article\",\"@id\":\"https:\/\/asso.graie.org\/portail\/appel-a-contributions-photos-portraits-de-lautosurveillance-des-systemes-dassainissement\/#article\",\"isPartOf\":{\"@id\":\"https:\/\/asso.graie.org\/portail\/appel-a-contributions-photos-portraits-de-lautosurveillance-des-systemes-dassainissement\/\"},\"author\":{\"name\":\"Laure Dumonte\",\"@id\":\"https:\/\/asso.graie.org\/portail\/#\/schema\/person\/b7fb559684005d59490969faaa8fc42f\"},\"headline\":\"Appel \u00e0 contributions Photos \u00ab\u00a0Portraits de l\u2019autosurveillance des syst\u00e8mes d\u2019assainissement\u00a0\u00bb\",\"datePublished\":\"2020-01-14T11:14:50+00:00\",\"dateModified\":\"2021-10-26T11:04:42+00:00\",\"mainEntityOfPage\":{\"@id\":\"https:\/\/asso.graie.org\/portail\/appel-a-contributions-photos-portraits-de-lautosurveillance-des-systemes-dassainissement\/\"},\"wordCount\":231,\"publisher\":{\"@id\":\"https:\/\/asso.graie.org\/portail\/#organization\"},\"articleSection\":[\"Actu Graie\",\"Assainissement\",\"Autosurveillance\",\"Toute l'actualit\u00e9\"],\"inLanguage\":\"fr-FR\"},{\"@type\":\"WebPage\",\"@id\":\"https:\/\/asso.graie.org\/portail\/appel-a-contributions-photos-portraits-de-lautosurveillance-des-systemes-dassainissement\/\",\"url\":\"https:\/\/asso.graie.org\/portail\/appel-a-contributions-photos-portraits-de-lautosurveillance-des-systemes-dassainissement\/\",\"name\":\"Appel \u00e0 contributions Photos \\\"Portraits de l\u2019autosurveillance des syst\u00e8mes d\u2019assainissement\\\" | Graie\",\"isPartOf\":{\"@id\":\"https:\/\/asso.graie.org\/portail\/#website\"},\"datePublished\":\"2020-01-14T11:14:50+00:00\",\"dateModified\":\"2021-10-26T11:04:42+00:00\",\"breadcrumb\":{\"@id\":\"https:\/\/asso.graie.org\/portail\/appel-a-contributions-photos-portraits-de-lautosurveillance-des-systemes-dassainissement\/#breadcrumb\"},\"inLanguage\":\"fr-FR\",\"potentialAction\":[{\"@type\":\"ReadAction\",\"target\":[\"https:\/\/asso.graie.org\/portail\/appel-a-contributions-photos-portraits-de-lautosurveillance-des-systemes-dassainissement\/\"]}]},{\"@type\":\"BreadcrumbList\",\"@id\":\"https:\/\/asso.graie.org\/portail\/appel-a-contributions-photos-portraits-de-lautosurveillance-des-systemes-dassainissement\/#breadcrumb\",\"itemListElement\":[{\"@type\":\"ListItem\",\"position\":1,\"name\":\"Accueil\",\"item\":\"https:\/\/asso.graie.org\/portail\/\"},{\"@type\":\"ListItem\",\"position\":2,\"name\":\"Appel \u00e0 contributions Photos \u00ab\u00a0Portraits de l\u2019autosurveillance des syst\u00e8mes d\u2019assainissement\u00a0\u00bb\"}]},{\"@type\":\"WebSite\",\"@id\":\"https:\/\/asso.graie.org\/portail\/#website\",\"url\":\"https:\/\/asso.graie.org\/portail\/\",\"name\":\"Graie\",\"description\":\"P\u00f4le Eau et Territoires\",\"publisher\":{\"@id\":\"https:\/\/asso.graie.org\/portail\/#organization\"},\"potentialAction\":[{\"@type\":\"SearchAction\",\"target\":{\"@type\":\"EntryPoint\",\"urlTemplate\":\"https:\/\/asso.graie.org\/portail\/?s={search_term_string}\"},\"query-input\":\"required name=search_term_string\"}],\"inLanguage\":\"fr-FR\"},{\"@type\":\"Organization\",\"@id\":\"https:\/\/asso.graie.org\/portail\/#organization\",\"name\":\"Le Graie\",\"url\":\"https:\/\/asso.graie.org\/portail\/\",\"logo\":{\"@type\":\"ImageObject\",\"inLanguage\":\"fr-FR\",\"@id\":\"https:\/\/asso.graie.org\/portail\/#\/schema\/logo\/image\/\",\"url\":\"https:\/\/asso.graie.org\/portail\/wp-content\/uploads\/2021\/12\/Logotype-Graie.png\",\"contentUrl\":\"https:\/\/asso.graie.org\/portail\/wp-content\/uploads\/2021\/12\/Logotype-Graie.png\",\"width\":1890,\"height\":1181,\"caption\":\"Le Graie\"},\"image\":{\"@id\":\"https:\/\/asso.graie.org\/portail\/#\/schema\/logo\/image\/\"},\"sameAs\":[\"https:\/\/fr.linkedin.com\/company\/graie?trk=top_nav_home\",\"https:\/\/www.youtube.com\/channel\/UCZQk0Tt7upYwERYNdDIZqLQ\",\"https:\/\/twitter.com\/asso_graie\"]},{\"@type\":\"Person\",\"@id\":\"https:\/\/asso.graie.org\/portail\/#\/schema\/person\/b7fb559684005d59490969faaa8fc42f\",\"name\":\"Laure Dumonte\",\"url\":\"https:\/\/asso.graie.org\/portail\/author\/sarahscarrott\/\"}]}<\/script>\n<!-- \/ Yoast SEO plugin. -->","yoast_head_json":{"title":"Appel \u00e0 contributions Photos \"Portraits de l\u2019autosurveillance des syst\u00e8mes d\u2019assainissement\" | Graie","robots":{"index":"index","follow":"follow","max-snippet":"max-snippet:-1","max-image-preview":"max-image-preview:large","max-video-preview":"max-video-preview:-1"},"canonical":"https:\/\/asso.graie.org\/portail\/appel-a-contributions-photos-portraits-de-lautosurveillance-des-systemes-dassainissement\/","og_locale":"fr_FR","og_type":"article","og_title":"Appel \u00e0 contributions Photos \"Portraits de l\u2019autosurveillance des syst\u00e8mes d\u2019assainissement\" | Graie","og_description":"Le Graie organise une 4e exposition photos \u00ab Portraits de l\u2019autosurveillance des syst\u00e8mes d\u2019assainissement \u00bb en parall\u00e8le de la journ\u00e9e r\u00e9gionale annuelle sur l\u2019autosurveillance des syst\u00e8mes d\u2019assainissement en octobre 2020 \u00e0 Lyon. &nbsp; L\u2019objectif de cette exposition photos est de &hellip;","og_url":"https:\/\/asso.graie.org\/portail\/appel-a-contributions-photos-portraits-de-lautosurveillance-des-systemes-dassainissement\/","og_site_name":"Graie","article_published_time":"2020-01-14T11:14:50+00:00","article_modified_time":"2021-10-26T11:04:42+00:00","og_image":[{"width":1600,"height":1200,"url":"https:\/\/asso.graie.org\/portail\/wp-content\/uploads\/2018\/12\/autos2809e.jpg","type":"image\/jpeg"}],"author":"Laure Dumonte","twitter_card":"summary_large_image","twitter_creator":"@asso_graie","twitter_site":"@asso_graie","twitter_misc":{"\u00c9crit par":"Laure Dumonte","Dur\u00e9e de lecture estim\u00e9e":"1 minute"},"schema":{"@context":"https:\/\/schema.org","@graph":[{"@type":"Article","@id":"https:\/\/asso.graie.org\/portail\/appel-a-contributions-photos-portraits-de-lautosurveillance-des-systemes-dassainissement\/#article","isPartOf":{"@id":"https:\/\/asso.graie.org\/portail\/appel-a-contributions-photos-portraits-de-lautosurveillance-des-systemes-dassainissement\/"},"author":{"name":"Laure Dumonte","@id":"https:\/\/asso.graie.org\/portail\/#\/schema\/person\/b7fb559684005d59490969faaa8fc42f"},"headline":"Appel \u00e0 contributions Photos \u00ab\u00a0Portraits de l\u2019autosurveillance des syst\u00e8mes d\u2019assainissement\u00a0\u00bb","datePublished":"2020-01-14T11:14:50+00:00","dateModified":"2021-10-26T11:04:42+00:00","mainEntityOfPage":{"@id":"https:\/\/asso.graie.org\/portail\/appel-a-contributions-photos-portraits-de-lautosurveillance-des-systemes-dassainissement\/"},"wordCount":231,"publisher":{"@id":"https:\/\/asso.graie.org\/portail\/#organization"},"articleSection":["Actu Graie","Assainissement","Autosurveillance","Toute l'actualit\u00e9"],"inLanguage":"fr-FR"},{"@type":"WebPage","@id":"https:\/\/asso.graie.org\/portail\/appel-a-contributions-photos-portraits-de-lautosurveillance-des-systemes-dassainissement\/","url":"https:\/\/asso.graie.org\/portail\/appel-a-contributions-photos-portraits-de-lautosurveillance-des-systemes-dassainissement\/","name":"Appel \u00e0 contributions Photos \"Portraits de l\u2019autosurveillance des syst\u00e8mes d\u2019assainissement\" | Graie","isPartOf":{"@id":"https:\/\/asso.graie.org\/portail\/#website"},"datePublished":"2020-01-14T11:14:50+00:00","dateModified":"2021-10-26T11:04:42+00:00","breadcrumb":{"@id":"https:\/\/asso.graie.org\/portail\/appel-a-contributions-photos-portraits-de-lautosurveillance-des-systemes-dassainissement\/#breadcrumb"},"inLanguage":"fr-FR","potentialAction":[{"@type":"ReadAction","target":["https:\/\/asso.graie.org\/portail\/appel-a-contributions-photos-portraits-de-lautosurveillance-des-systemes-dassainissement\/"]}]},{"@type":"BreadcrumbList","@id":"https:\/\/asso.graie.org\/portail\/appel-a-contributions-photos-portraits-de-lautosurveillance-des-systemes-dassainissement\/#breadcrumb","itemListElement":[{"@type":"ListItem","position":1,"name":"Accueil","item":"https:\/\/asso.graie.org\/portail\/"},{"@type":"ListItem","position":2,"name":"Appel \u00e0 contributions Photos \u00ab\u00a0Portraits de l\u2019autosurveillance des syst\u00e8mes d\u2019assainissement\u00a0\u00bb"}]},{"@type":"WebSite","@id":"https:\/\/asso.graie.org\/portail\/#website","url":"https:\/\/asso.graie.org\/portail\/","name":"Graie","description":"P\u00f4le Eau et Territoires","publisher":{"@id":"https:\/\/asso.graie.org\/portail\/#organization"},"potentialAction":[{"@type":"SearchAction","target":{"@type":"EntryPoint","urlTemplate":"https:\/\/asso.graie.org\/portail\/?s={search_term_string}"},"query-input":"required name=search_term_string"}],"inLanguage":"fr-FR"},{"@type":"Organization","@id":"https:\/\/asso.graie.org\/portail\/#organization","name":"Le Graie","url":"https:\/\/asso.graie.org\/portail\/","logo":{"@type":"ImageObject","inLanguage":"fr-FR","@id":"https:\/\/asso.graie.org\/portail\/#\/schema\/logo\/image\/","url":"https:\/\/asso.graie.org\/portail\/wp-content\/uploads\/2021\/12\/Logotype-Graie.png","contentUrl":"https:\/\/asso.graie.org\/portail\/wp-content\/uploads\/2021\/12\/Logotype-Graie.png","width":1890,"height":1181,"caption":"Le Graie"},"image":{"@id":"https:\/\/asso.graie.org\/portail\/#\/schema\/logo\/image\/"},"sameAs":["https:\/\/fr.linkedin.com\/company\/graie?trk=top_nav_home","https:\/\/www.youtube.com\/channel\/UCZQk0Tt7upYwERYNdDIZqLQ","https:\/\/twitter.com\/asso_graie"]},{"@type":"Person","@id":"https:\/\/asso.graie.org\/portail\/#\/schema\/person\/b7fb559684005d59490969faaa8fc42f","name":"Laure Dumonte","url":"https:\/\/asso.graie.org\/portail\/author\/sarahscarrott\/"}]}},"_links":{"self":[{"href":"https:\/\/asso.graie.org\/portail\/wp-json\/wp\/v2\/posts\/15163"}],"collection":[{"href":"https:\/\/asso.graie.org\/portail\/wp-json\/wp\/v2\/posts"}],"about":[{"href":"https:\/\/asso.graie.org\/portail\/wp-json\/wp\/v2\/types\/post"}],"author":[{"embeddable":true,"href":"https:\/\/asso.graie.org\/portail\/wp-json\/wp\/v2\/users\/3"}],"replies":[{"embeddable":true,"href":"https:\/\/asso.graie.org\/portail\/wp-json\/wp\/v2\/comments?post=15163"}],"version-history":[{"count":1,"href":"https:\/\/asso.graie.org\/portail\/wp-json\/wp\/v2\/posts\/15163\/revisions"}],"predecessor-version":[{"id":18572,"href":"https:\/\/asso.graie.org\/portail\/wp-json\/wp\/v2\/posts\/15163\/revisions\/18572"}],"wp:featuredmedia":[{"embeddable":true,"href":"https:\/\/asso.graie.org\/portail\/wp-json\/wp\/v2\/media\/12565"}],"wp:attachment":[{"href":"https:\/\/asso.graie.org\/portail\/wp-json\/wp\/v2\/media?parent=15163"}],"wp:term":[{"taxonomy":"category","embeddable":true,"href":"https:\/\/asso.graie.org\/portail\/wp-json\/wp\/v2\/categories?post=15163"},{"taxonomy":"post_tag","embeddable":true,"href":"https:\/\/asso.graie.org\/portail\/wp-json\/wp\/v2\/tags?post=15163"}],"curies":[{"name":"wp","href":"https:\/\/api.w.org\/{rel}","templated":true}]}}