{"id":15405,"date":"2021-03-16T10:00:18","date_gmt":"2021-03-16T09:00:18","guid":{"rendered":"https:\/\/asso.graie.org\/portail\/?p=15405"},"modified":"2021-11-05T15:19:29","modified_gmt":"2021-11-05T14:19:29","slug":"appel-a-communications-conference-risque-ruissellement-diagnostic-et-solutions","status":"publish","type":"post","link":"https:\/\/asso.graie.org\/portail\/appel-a-communications-conference-risque-ruissellement-diagnostic-et-solutions\/","title":{"rendered":"D\u00e9fis innovation Eau-Milieux-Sols"},"content":{"rendered":"<p><img decoding=\"async\" loading=\"lazy\" class=\"alignnone size-medium wp-image-17266\" src=\"https:\/\/asso.graie.org\/portail\/wp-content\/uploads\/2021\/03\/clusterEMS2-300x169.png\" alt=\"\" width=\"300\" height=\"169\" srcset=\"https:\/\/asso.graie.org\/portail\/wp-content\/uploads\/2021\/03\/clusterEMS2-300x169.png 300w, https:\/\/asso.graie.org\/portail\/wp-content\/uploads\/2021\/03\/clusterEMS2-390x220.png 390w, https:\/\/asso.graie.org\/portail\/wp-content\/uploads\/2021\/03\/clusterEMS2.png 600w\" sizes=\"(max-width: 300px) 100vw, 300px\" \/><\/p>\n<p>Dans un contexte de changement climatique, les D\u00e9fis Innovation Eau-Milieux-Sols Berges Seine Amont r\u00e9pondent aux nouveaux enjeux et besoins li\u00e9s aux usages des berges et \u00e0 la qualit\u00e9 des milieux naturels.<\/p>\n<p>Suite aux \u00e9tudes men\u00e9es sur les berges de Seine Amont par l\u2019EPA ORSA et par les membres du comit\u00e9 de pilotage, ces D\u00e9fis ont pour objectifs d\u2019inspirer les futurs am\u00e9nagements des berges de la Seine-Amont et de ses affluents.<\/p>\n<p>Ces exp\u00e9rimentations favoriseront le d\u00e9veloppement de l\u2019emploi et de la fili\u00e8re Eau-Milieux-Sols anim\u00e9e en Ile-de-France par le Cluster EMS.<\/p>\n<p><a href=\"https:\/\/1drv.ms\/f\/s!Av3Z5z2RA2bOg-smTjiOCTkObrpFGw\"><strong>T\u00e9l\u00e9chargement du\u00a0<\/strong><strong>dossier de candidature ICI<\/strong><\/a><\/p>\n<p><strong>Date limite des d\u00e9p\u00f4ts de candidature\u00a0:<\/strong><strong>\u00a0<u>lundi 19 avril 2021<\/u><\/strong><strong><u>\u00a0<\/u><\/strong><strong><u>23h59<\/u><\/strong><strong><u>\u00a0<\/u><\/strong><\/p>\n<p><strong>\u00a0Adresse mail de d\u00e9p\u00f4t des candidatures\u00a0:\u00a0<\/strong><strong><a href=\"mailto:defiems@clusterems.org\">defiems@clusterems.org<\/a><\/strong><\/p>\n<p><img decoding=\"async\" loading=\"lazy\" class=\"alignnone size-medium wp-image-17265\" src=\"https:\/\/asso.graie.org\/portail\/wp-content\/uploads\/2021\/03\/clusterEMS1-300x169.png\" alt=\"\" width=\"300\" height=\"169\" srcset=\"https:\/\/asso.graie.org\/portail\/wp-content\/uploads\/2021\/03\/clusterEMS1-300x169.png 300w, https:\/\/asso.graie.org\/portail\/wp-content\/uploads\/2021\/03\/clusterEMS1-390x220.png 390w, https:\/\/asso.graie.org\/portail\/wp-content\/uploads\/2021\/03\/clusterEMS1.png 550w\" sizes=\"(max-width: 300px) 100vw, 300px\" \/><\/p>\n<p><strong>Pour les laur\u00e9ats\u00a0:\u00a0<\/strong><\/p>\n<ul>\n<li>Un lieu d\u2019exp\u00e9rimentation.<\/li>\n<li>Un co-financement<\/li>\n<li>Une communication<\/li>\n<li>Echanges et mises en relation avec des experts<\/li>\n<\/ul>\n<p><strong>\u00c9dition 2021<br \/>\n<\/strong>5 zones d\u2019exp\u00e9rimentation sur les berges de Seine \u00e0 Orly (voir dossier de candidature)<br \/>\nLes candidats s\u00e9lectionn\u00e9s par un jury d\u2019experts se verront remettre une dotation.<\/p>\n<p>&nbsp;<\/p>\n<a href=\"https:\/\/1drv.ms\/f\/s!Av3Z5z2RA2bOg-smTjiOCTkObrpFGw\" target=\"_blank\" class=\"shortc-button medium blue \"><span class=\"fa \" aria-hidden=\"true\"><\/span> Dossier de candidature<\/a>\n","protected":false},"excerpt":{"rendered":"<p>Dans un contexte de changement climatique, les D\u00e9fis Innovation Eau-Milieux-Sols Berges Seine Amont r\u00e9pondent aux nouveaux enjeux et besoins li\u00e9s aux usages des berges et \u00e0 la qualit\u00e9 des milieux naturels. Suite aux \u00e9tudes men\u00e9es sur les berges de Seine &hellip;<\/p>\n","protected":false},"author":3,"featured_media":17267,"comment_status":"closed","ping_status":"closed","sticky":false,"template":"","format":"standard","meta":{"_mi_skip_tracking":false,"footnotes":""},"categories":[589],"tags":[],"acf":[],"yoast_head":"<!-- This site is optimized with the Yoast SEO plugin v19.13 - https:\/\/yoast.com\/wordpress\/plugins\/seo\/ -->\n<title>D\u00e9fis innovation Eau-Milieux-Sols | Graie<\/title>\n<meta name=\"robots\" content=\"index, follow, max-snippet:-1, max-image-preview:large, max-video-preview:-1\" \/>\n<link rel=\"canonical\" href=\"https:\/\/asso.graie.org\/portail\/appel-a-communications-conference-risque-ruissellement-diagnostic-et-solutions\/\" \/>\n<meta property=\"og:locale\" content=\"fr_FR\" \/>\n<meta property=\"og:type\" content=\"article\" \/>\n<meta property=\"og:title\" content=\"D\u00e9fis innovation Eau-Milieux-Sols | Graie\" \/>\n<meta property=\"og:description\" content=\"Dans un contexte de changement climatique, les D\u00e9fis Innovation Eau-Milieux-Sols Berges Seine Amont r\u00e9pondent aux nouveaux enjeux et besoins li\u00e9s aux usages des berges et \u00e0 la qualit\u00e9 des milieux naturels. Suite aux \u00e9tudes men\u00e9es sur les berges de Seine &hellip;\" \/>\n<meta property=\"og:url\" content=\"https:\/\/asso.graie.org\/portail\/appel-a-communications-conference-risque-ruissellement-diagnostic-et-solutions\/\" \/>\n<meta property=\"og:site_name\" content=\"Graie\" \/>\n<meta property=\"article:published_time\" content=\"2021-03-16T09:00:18+00:00\" \/>\n<meta property=\"article:modified_time\" content=\"2021-11-05T14:19:29+00:00\" \/>\n<meta property=\"og:image\" content=\"https:\/\/asso.graie.org\/portail\/wp-content\/uploads\/2021\/03\/logo-cluster-ems.jpg\" \/>\n\t<meta property=\"og:image:width\" content=\"328\" \/>\n\t<meta property=\"og:image:height\" content=\"440\" \/>\n\t<meta property=\"og:image:type\" content=\"image\/jpeg\" \/>\n<meta name=\"author\" content=\"Laure Dumonte\" \/>\n<meta name=\"twitter:card\" content=\"summary_large_image\" \/>\n<meta name=\"twitter:creator\" content=\"@asso_graie\" \/>\n<meta name=\"twitter:site\" content=\"@asso_graie\" \/>\n<meta name=\"twitter:label1\" content=\"\u00c9crit par\" \/>\n\t<meta name=\"twitter:data1\" content=\"Laure Dumonte\" \/>\n\t<meta name=\"twitter:label2\" content=\"Dur\u00e9e de lecture estim\u00e9e\" \/>\n\t<meta name=\"twitter:data2\" content=\"1 minute\" \/>\n<script type=\"application\/ld+json\" class=\"yoast-schema-graph\">{\"@context\":\"https:\/\/schema.org\",\"@graph\":[{\"@type\":\"Article\",\"@id\":\"https:\/\/asso.graie.org\/portail\/appel-a-communications-conference-risque-ruissellement-diagnostic-et-solutions\/#article\",\"isPartOf\":{\"@id\":\"https:\/\/asso.graie.org\/portail\/appel-a-communications-conference-risque-ruissellement-diagnostic-et-solutions\/\"},\"author\":{\"name\":\"Laure Dumonte\",\"@id\":\"https:\/\/asso.graie.org\/portail\/#\/schema\/person\/b7fb559684005d59490969faaa8fc42f\"},\"headline\":\"D\u00e9fis innovation Eau-Milieux-Sols\",\"datePublished\":\"2021-03-16T09:00:18+00:00\",\"dateModified\":\"2021-11-05T14:19:29+00:00\",\"mainEntityOfPage\":{\"@id\":\"https:\/\/asso.graie.org\/portail\/appel-a-communications-conference-risque-ruissellement-diagnostic-et-solutions\/\"},\"wordCount\":212,\"publisher\":{\"@id\":\"https:\/\/asso.graie.org\/portail\/#organization\"},\"articleSection\":[\"Historique Agenda\"],\"inLanguage\":\"fr-FR\"},{\"@type\":\"WebPage\",\"@id\":\"https:\/\/asso.graie.org\/portail\/appel-a-communications-conference-risque-ruissellement-diagnostic-et-solutions\/\",\"url\":\"https:\/\/asso.graie.org\/portail\/appel-a-communications-conference-risque-ruissellement-diagnostic-et-solutions\/\",\"name\":\"D\u00e9fis innovation Eau-Milieux-Sols | Graie\",\"isPartOf\":{\"@id\":\"https:\/\/asso.graie.org\/portail\/#website\"},\"datePublished\":\"2021-03-16T09:00:18+00:00\",\"dateModified\":\"2021-11-05T14:19:29+00:00\",\"breadcrumb\":{\"@id\":\"https:\/\/asso.graie.org\/portail\/appel-a-communications-conference-risque-ruissellement-diagnostic-et-solutions\/#breadcrumb\"},\"inLanguage\":\"fr-FR\",\"potentialAction\":[{\"@type\":\"ReadAction\",\"target\":[\"https:\/\/asso.graie.org\/portail\/appel-a-communications-conference-risque-ruissellement-diagnostic-et-solutions\/\"]}]},{\"@type\":\"BreadcrumbList\",\"@id\":\"https:\/\/asso.graie.org\/portail\/appel-a-communications-conference-risque-ruissellement-diagnostic-et-solutions\/#breadcrumb\",\"itemListElement\":[{\"@type\":\"ListItem\",\"position\":1,\"name\":\"Accueil\",\"item\":\"https:\/\/asso.graie.org\/portail\/\"},{\"@type\":\"ListItem\",\"position\":2,\"name\":\"D\u00e9fis innovation Eau-Milieux-Sols\"}]},{\"@type\":\"WebSite\",\"@id\":\"https:\/\/asso.graie.org\/portail\/#website\",\"url\":\"https:\/\/asso.graie.org\/portail\/\",\"name\":\"Graie\",\"description\":\"P\u00f4le Eau et Territoires\",\"publisher\":{\"@id\":\"https:\/\/asso.graie.org\/portail\/#organization\"},\"potentialAction\":[{\"@type\":\"SearchAction\",\"target\":{\"@type\":\"EntryPoint\",\"urlTemplate\":\"https:\/\/asso.graie.org\/portail\/?s={search_term_string}\"},\"query-input\":\"required name=search_term_string\"}],\"inLanguage\":\"fr-FR\"},{\"@type\":\"Organization\",\"@id\":\"https:\/\/asso.graie.org\/portail\/#organization\",\"name\":\"Le Graie\",\"url\":\"https:\/\/asso.graie.org\/portail\/\",\"logo\":{\"@type\":\"ImageObject\",\"inLanguage\":\"fr-FR\",\"@id\":\"https:\/\/asso.graie.org\/portail\/#\/schema\/logo\/image\/\",\"url\":\"https:\/\/asso.graie.org\/portail\/wp-content\/uploads\/2021\/12\/Logotype-Graie.png\",\"contentUrl\":\"https:\/\/asso.graie.org\/portail\/wp-content\/uploads\/2021\/12\/Logotype-Graie.png\",\"width\":1890,\"height\":1181,\"caption\":\"Le Graie\"},\"image\":{\"@id\":\"https:\/\/asso.graie.org\/portail\/#\/schema\/logo\/image\/\"},\"sameAs\":[\"https:\/\/fr.linkedin.com\/company\/graie?trk=top_nav_home\",\"https:\/\/www.youtube.com\/channel\/UCZQk0Tt7upYwERYNdDIZqLQ\",\"https:\/\/twitter.com\/asso_graie\"]},{\"@type\":\"Person\",\"@id\":\"https:\/\/asso.graie.org\/portail\/#\/schema\/person\/b7fb559684005d59490969faaa8fc42f\",\"name\":\"Laure Dumonte\",\"url\":\"https:\/\/asso.graie.org\/portail\/author\/sarahscarrott\/\"}]}<\/script>\n<!-- \/ Yoast SEO plugin. -->","yoast_head_json":{"title":"D\u00e9fis innovation Eau-Milieux-Sols | Graie","robots":{"index":"index","follow":"follow","max-snippet":"max-snippet:-1","max-image-preview":"max-image-preview:large","max-video-preview":"max-video-preview:-1"},"canonical":"https:\/\/asso.graie.org\/portail\/appel-a-communications-conference-risque-ruissellement-diagnostic-et-solutions\/","og_locale":"fr_FR","og_type":"article","og_title":"D\u00e9fis innovation Eau-Milieux-Sols | Graie","og_description":"Dans un contexte de changement climatique, les D\u00e9fis Innovation Eau-Milieux-Sols Berges Seine Amont r\u00e9pondent aux nouveaux enjeux et besoins li\u00e9s aux usages des berges et \u00e0 la qualit\u00e9 des milieux naturels. Suite aux \u00e9tudes men\u00e9es sur les berges de Seine &hellip;","og_url":"https:\/\/asso.graie.org\/portail\/appel-a-communications-conference-risque-ruissellement-diagnostic-et-solutions\/","og_site_name":"Graie","article_published_time":"2021-03-16T09:00:18+00:00","article_modified_time":"2021-11-05T14:19:29+00:00","og_image":[{"width":328,"height":440,"url":"https:\/\/asso.graie.org\/portail\/wp-content\/uploads\/2021\/03\/logo-cluster-ems.jpg","type":"image\/jpeg"}],"author":"Laure Dumonte","twitter_card":"summary_large_image","twitter_creator":"@asso_graie","twitter_site":"@asso_graie","twitter_misc":{"\u00c9crit par":"Laure Dumonte","Dur\u00e9e de lecture estim\u00e9e":"1 minute"},"schema":{"@context":"https:\/\/schema.org","@graph":[{"@type":"Article","@id":"https:\/\/asso.graie.org\/portail\/appel-a-communications-conference-risque-ruissellement-diagnostic-et-solutions\/#article","isPartOf":{"@id":"https:\/\/asso.graie.org\/portail\/appel-a-communications-conference-risque-ruissellement-diagnostic-et-solutions\/"},"author":{"name":"Laure Dumonte","@id":"https:\/\/asso.graie.org\/portail\/#\/schema\/person\/b7fb559684005d59490969faaa8fc42f"},"headline":"D\u00e9fis innovation Eau-Milieux-Sols","datePublished":"2021-03-16T09:00:18+00:00","dateModified":"2021-11-05T14:19:29+00:00","mainEntityOfPage":{"@id":"https:\/\/asso.graie.org\/portail\/appel-a-communications-conference-risque-ruissellement-diagnostic-et-solutions\/"},"wordCount":212,"publisher":{"@id":"https:\/\/asso.graie.org\/portail\/#organization"},"articleSection":["Historique Agenda"],"inLanguage":"fr-FR"},{"@type":"WebPage","@id":"https:\/\/asso.graie.org\/portail\/appel-a-communications-conference-risque-ruissellement-diagnostic-et-solutions\/","url":"https:\/\/asso.graie.org\/portail\/appel-a-communications-conference-risque-ruissellement-diagnostic-et-solutions\/","name":"D\u00e9fis innovation Eau-Milieux-Sols | Graie","isPartOf":{"@id":"https:\/\/asso.graie.org\/portail\/#website"},"datePublished":"2021-03-16T09:00:18+00:00","dateModified":"2021-11-05T14:19:29+00:00","breadcrumb":{"@id":"https:\/\/asso.graie.org\/portail\/appel-a-communications-conference-risque-ruissellement-diagnostic-et-solutions\/#breadcrumb"},"inLanguage":"fr-FR","potentialAction":[{"@type":"ReadAction","target":["https:\/\/asso.graie.org\/portail\/appel-a-communications-conference-risque-ruissellement-diagnostic-et-solutions\/"]}]},{"@type":"BreadcrumbList","@id":"https:\/\/asso.graie.org\/portail\/appel-a-communications-conference-risque-ruissellement-diagnostic-et-solutions\/#breadcrumb","itemListElement":[{"@type":"ListItem","position":1,"name":"Accueil","item":"https:\/\/asso.graie.org\/portail\/"},{"@type":"ListItem","position":2,"name":"D\u00e9fis innovation Eau-Milieux-Sols"}]},{"@type":"WebSite","@id":"https:\/\/asso.graie.org\/portail\/#website","url":"https:\/\/asso.graie.org\/portail\/","name":"Graie","description":"P\u00f4le Eau et Territoires","publisher":{"@id":"https:\/\/asso.graie.org\/portail\/#organization"},"potentialAction":[{"@type":"SearchAction","target":{"@type":"EntryPoint","urlTemplate":"https:\/\/asso.graie.org\/portail\/?s={search_term_string}"},"query-input":"required name=search_term_string"}],"inLanguage":"fr-FR"},{"@type":"Organization","@id":"https:\/\/asso.graie.org\/portail\/#organization","name":"Le Graie","url":"https:\/\/asso.graie.org\/portail\/","logo":{"@type":"ImageObject","inLanguage":"fr-FR","@id":"https:\/\/asso.graie.org\/portail\/#\/schema\/logo\/image\/","url":"https:\/\/asso.graie.org\/portail\/wp-content\/uploads\/2021\/12\/Logotype-Graie.png","contentUrl":"https:\/\/asso.graie.org\/portail\/wp-content\/uploads\/2021\/12\/Logotype-Graie.png","width":1890,"height":1181,"caption":"Le Graie"},"image":{"@id":"https:\/\/asso.graie.org\/portail\/#\/schema\/logo\/image\/"},"sameAs":["https:\/\/fr.linkedin.com\/company\/graie?trk=top_nav_home","https:\/\/www.youtube.com\/channel\/UCZQk0Tt7upYwERYNdDIZqLQ","https:\/\/twitter.com\/asso_graie"]},{"@type":"Person","@id":"https:\/\/asso.graie.org\/portail\/#\/schema\/person\/b7fb559684005d59490969faaa8fc42f","name":"Laure Dumonte","url":"https:\/\/asso.graie.org\/portail\/author\/sarahscarrott\/"}]}},"_links":{"self":[{"href":"https:\/\/asso.graie.org\/portail\/wp-json\/wp\/v2\/posts\/15405"}],"collection":[{"href":"https:\/\/asso.graie.org\/portail\/wp-json\/wp\/v2\/posts"}],"about":[{"href":"https:\/\/asso.graie.org\/portail\/wp-json\/wp\/v2\/types\/post"}],"author":[{"embeddable":true,"href":"https:\/\/asso.graie.org\/portail\/wp-json\/wp\/v2\/users\/3"}],"replies":[{"embeddable":true,"href":"https:\/\/asso.graie.org\/portail\/wp-json\/wp\/v2\/comments?post=15405"}],"version-history":[{"count":3,"href":"https:\/\/asso.graie.org\/portail\/wp-json\/wp\/v2\/posts\/15405\/revisions"}],"predecessor-version":[{"id":18967,"href":"https:\/\/asso.graie.org\/portail\/wp-json\/wp\/v2\/posts\/15405\/revisions\/18967"}],"wp:featuredmedia":[{"embeddable":true,"href":"https:\/\/asso.graie.org\/portail\/wp-json\/wp\/v2\/media\/17267"}],"wp:attachment":[{"href":"https:\/\/asso.graie.org\/portail\/wp-json\/wp\/v2\/media?parent=15405"}],"wp:term":[{"taxonomy":"category","embeddable":true,"href":"https:\/\/asso.graie.org\/portail\/wp-json\/wp\/v2\/categories?post=15405"},{"taxonomy":"post_tag","embeddable":true,"href":"https:\/\/asso.graie.org\/portail\/wp-json\/wp\/v2\/tags?post=15405"}],"curies":[{"name":"wp","href":"https:\/\/api.w.org\/{rel}","templated":true}]}}