{"id":15618,"date":"2020-04-10T10:17:38","date_gmt":"2020-04-10T08:17:38","guid":{"rendered":"https:\/\/asso.graie.org\/portail\/?p=15618"},"modified":"2021-01-19T10:53:00","modified_gmt":"2021-01-19T09:53:00","slug":"crise-sanitaire-partagez-les-messages-des-professionnels-de-leau-avec-meli-melo","status":"publish","type":"post","link":"https:\/\/asso.graie.org\/portail\/crise-sanitaire-partagez-les-messages-des-professionnels-de-leau-avec-meli-melo\/","title":{"rendered":"Crise sanitaire : partagez les messages des professionnels de l\u2019eau avec M\u00e9li M\u00e9lo !"},"content":{"rendered":"<p><strong>En cette p\u00e9riode de crise sanitaire<\/strong>, il est plus que jamais n\u00e9cessaire <strong>de suivre les recommandations des professionnels de l\u2019eau<\/strong> sur les comportements \u00e0 adopter au quotidien.<\/p>\n<p>&nbsp;<\/p>\n<p><img decoding=\"async\" loading=\"lazy\" class=\"alignright wp-image-15620 size-thumbnail\" src=\"https:\/\/asso.graie.org\/portail\/wp-content\/uploads\/2020\/04\/Capture_petit_cycle-copie-150x150.jpg\" alt=\"\" width=\"150\" height=\"150\" srcset=\"https:\/\/asso.graie.org\/portail\/wp-content\/uploads\/2020\/04\/Capture_petit_cycle-copie-150x150.jpg 150w, https:\/\/asso.graie.org\/portail\/wp-content\/uploads\/2020\/04\/Capture_petit_cycle-copie-300x300.jpg 300w, https:\/\/asso.graie.org\/portail\/wp-content\/uploads\/2020\/04\/Capture_petit_cycle-copie-100x100.jpg 100w\" sizes=\"(max-width: 150px) 100vw, 150px\" \/><\/p>\n<p>Pour vous aider \u00e0 diffuser ces informations dans vos territoires, mais aussi au sein de vos cercles amicaux et familiaux, le Graie vous propose de vous appuyer sur la web-s\u00e9rie M\u00e9li M\u00e9lo dans laquelle ces messages sont port\u00e9s avec humour et s\u00e9rieux, et dans l\u2019esprit de la s\u00e9rie \u00ab <strong>Kaamelott<\/strong>\u00a0\u00bb.<\/p>\n<p><strong>Jacques Chambon<\/strong> et <strong>Franck Pitiot<\/strong>, alias Merlin et Perceval en sont les figures de proue\u00a0!<\/p>\n<p>&nbsp;<\/p>\n<p><span style=\"color: #00aeea;\"><strong>[Message 1] Jetez les lingettes usag\u00e9es dans la poubelle, pas dans les toilettes !<\/strong><\/span><\/p>\n<p>&nbsp;<\/p>\n<p>Les services d&rsquo;assainissement lancent l&rsquo;alerte sur les cons\u00e9quences des lingettes d\u00e9sinfectantes jet\u00e9es dans les toilettes : celles-ci bouchent les tuyaux et bloquent les pompes des syst\u00e8mes d&rsquo;assainissement. Pr\u00e8s des trois-quarts des interventions de terrain concernent le d\u00e9bouchage de canalisations d\u2019eaux us\u00e9es, \u00e0 cause des lingettes !<\/p>\n<p>&nbsp;<\/p>\n<p><strong>La vid\u00e9o, pour sensibiliser :<\/strong><\/p>\n<p>&nbsp;<\/p>\n<p><iframe loading=\"lazy\" title=\"M\u00e9li M\u00e9lo - &quot;Papy lingette !&quot; avec Jacques Chambon et Franck Pitiot - Episode 8\" width=\"200\" height=\"113\" src=\"https:\/\/www.youtube.com\/embed\/cIIvMaAGJ7A?start=1&#038;feature=oembed\" frameborder=\"0\" allow=\"accelerometer; autoplay; clipboard-write; encrypted-media; gyroscope; picture-in-picture\" allowfullscreen><\/iframe><\/p>\n<p>&nbsp;<\/p>\n<p><strong>La synth\u00e8se, pour tout comprendre, <a href=\"http:\/\/www.graie.org\/eaumelimelo\/Meli-Melo\/Questions\/Dechets-assainissement\/?parent=4\" target=\"_blank\" rel=\"noopener noreferrer\">ici<\/a><\/strong><\/p>\n<p>&nbsp;<\/p>\n<p><span style=\"color: #00aeea;\"><strong>[Message 2] Buvez l&rsquo;eau du robinet en toute s\u00e9curit\u00e9<\/strong><\/span><\/p>\n<p>&nbsp;<\/p>\n<p>Les professionnels de l&rsquo;eau rappellent qu&rsquo;il n&rsquo;y a pas de risque de contamination du Covid-19 dans l&rsquo;eau potable : l&rsquo;eau du robinet <span class=\"css-901oao css-16my406 r-1qd0xha r-ad9z0x r-bcqeeo r-qvutc0\">fait l&rsquo;objet d&rsquo;un suivi sanitaire permanent et <\/span>peut \u00eatre bue en toute s\u00e9curit\u00e9. Stocker de l&rsquo;eau en bouteille est donc inutile ! L&rsquo;eau en bouteille produit d&rsquo;ailleurs plus de polluants li\u00e9s \u00e0 la production, au transport, \u00e0 la distribution et au recyclage \u00e9ventuel des sous-produits que l&rsquo;eau du r\u00e9seau public.<\/p>\n<p>&nbsp;<\/p>\n<p><strong>La vid\u00e9o, pour sensibiliser :<\/strong><\/p>\n<p>&nbsp;<\/p>\n<p><iframe loading=\"lazy\" title=\"M\u00e9li M\u00e9lo - &quot;Le go\u00fbt des eaux&quot; avec Jacques Chambon et Franck Pitiot - Episode 10\" width=\"200\" height=\"113\" src=\"https:\/\/www.youtube.com\/embed\/Hhx44i46zhg?feature=oembed\" frameborder=\"0\" allow=\"accelerometer; autoplay; clipboard-write; encrypted-media; gyroscope; picture-in-picture\" allowfullscreen><\/iframe><\/p>\n<p>&nbsp;<\/p>\n<p><strong>La synth\u00e8se, pour tout comprendre, <\/strong><a href=\"https:\/\/www.youtube.com\/watch?v=Hhx44i46zhg&amp;feature=youtu.be\"><strong>ici<\/strong><\/a><\/p>\n<p>&nbsp;<\/p>\n<p><span style=\"color: #00aeea;\"><strong>[Message 3] <b>L\u2019eau potable n&rsquo;est pas fabriqu\u00e9e en recyclant les eaux us\u00e9es<\/b><b><\/b><br \/>\n<\/strong><\/span><\/p>\n<p>&nbsp;<\/p>\n<p><b>On trouve des traces de coronavirus dans les eaux us\u00e9es<\/b> et r\u00e9cemment dans le r\u00e9seau d&rsquo;<u>eau non potable<\/u> de la ville de Paris. Les professionnels de l&rsquo;eau rappellent qu&rsquo;il n&rsquo;y a aucun<b> risque de contamination du virus dans l&rsquo;eau potable<\/b>. Le r\u00e9seau d&rsquo;eau potable et le r\u00e9seau des eaux us\u00e9es sont totalement ind\u00e9pendant.<\/p>\n<p>&nbsp;<\/p>\n<p><strong>La vid\u00e9o, pour sensibiliser :<\/strong><\/p>\n<p>&nbsp;<\/p>\n<p><iframe loading=\"lazy\" title=\"M\u00e9li M\u00e9lo - &quot;De source s\u00fbre !&quot; avec Jacques Chambon et Franck Pitiot - Episode 16\" width=\"200\" height=\"113\" src=\"https:\/\/www.youtube.com\/embed\/TBPp4tGym7Y?feature=oembed\" frameborder=\"0\" allow=\"accelerometer; autoplay; clipboard-write; encrypted-media; gyroscope; picture-in-picture\" allowfullscreen><\/iframe><\/p>\n<p>&nbsp;<\/p>\n<p><strong>La synth\u00e8se, pour tout comprendre, <a href=\"http:\/\/www.graie.org\/eaumelimelo\/Meli-Melo\/Questions\/Parenthese-urbaine-de-l-eau\/?parent=4#prettyPhoto\" target=\"_blank\" rel=\"noopener noreferrer\">ici<\/a><\/strong><\/p>\n<p>&nbsp;<\/p>\n<p>&#8212;&#8212;&#8212;&#8212;&#8212;&#8212;&#8212;&#8212;&#8212;&#8212;&#8212;&#8212;&#8212;&#8212;&#8212;<\/p>\n<p>Retrouvez toutes les vid\u00e9os de la web s\u00e9rie M\u00e9li M\u00e9lo sur <a href=\"https:\/\/www.youtube.com\/channel\/UC1d7c7zKPDUOJak44TGNhvA\" target=\"_blank\" rel=\"noopener noreferrer\">Youtube<\/a>. Celles-ci font partie d\u2019un kit de communication complet avec documents de synth\u00e8se et illustrations sur <a href=\"http:\/\/www.graie.org\/eaumelimelo\/\" target=\"_blank\" rel=\"noopener noreferrer\">eaumelimelo.org<\/a>.<\/p>\n<p>Tous les supports sont \u00e0 la disposition de tous et libres de droit pour \u00eatre projet\u00e9s, reproduits et diffus\u00e9s librement\u00a0!<\/p>\n","protected":false},"excerpt":{"rendered":"<p>En cette p\u00e9riode de crise sanitaire, il est plus que jamais n\u00e9cessaire de suivre les recommandations des professionnels de l\u2019eau sur les comportements \u00e0 adopter au quotidien. &nbsp; Pour vous aider \u00e0 diffuser ces informations dans vos territoires, mais aussi &hellip;<\/p>\n","protected":false},"author":3,"featured_media":15620,"comment_status":"closed","ping_status":"closed","sticky":false,"template":"","format":"standard","meta":{"_mi_skip_tracking":false,"footnotes":""},"categories":[24,28],"tags":[84,697,1132,83,1588,770,694,1590,696,934,1589],"acf":[],"yoast_head":"<!-- This site is optimized with the Yoast SEO plugin v19.13 - https:\/\/yoast.com\/wordpress\/plugins\/seo\/ -->\n<title>Crise sanitaire : partagez les messages des professionnels de l\u2019eau avec M\u00e9li M\u00e9lo ! | Graie<\/title>\n<meta name=\"robots\" content=\"index, follow, max-snippet:-1, max-image-preview:large, max-video-preview:-1\" \/>\n<link rel=\"canonical\" href=\"https:\/\/asso.graie.org\/portail\/crise-sanitaire-partagez-les-messages-des-professionnels-de-leau-avec-meli-melo\/\" \/>\n<meta property=\"og:locale\" content=\"fr_FR\" \/>\n<meta property=\"og:type\" content=\"article\" \/>\n<meta property=\"og:title\" content=\"Crise sanitaire : partagez les messages des professionnels de l\u2019eau avec M\u00e9li M\u00e9lo ! | Graie\" \/>\n<meta property=\"og:description\" content=\"En cette p\u00e9riode de crise sanitaire, il est plus que jamais n\u00e9cessaire de suivre les recommandations des professionnels de l\u2019eau sur les comportements \u00e0 adopter au quotidien. &nbsp; Pour vous aider \u00e0 diffuser ces informations dans vos territoires, mais aussi &hellip;\" \/>\n<meta property=\"og:url\" content=\"https:\/\/asso.graie.org\/portail\/crise-sanitaire-partagez-les-messages-des-professionnels-de-leau-avec-meli-melo\/\" \/>\n<meta property=\"og:site_name\" content=\"Graie\" \/>\n<meta property=\"article:published_time\" content=\"2020-04-10T08:17:38+00:00\" \/>\n<meta property=\"article:modified_time\" content=\"2021-01-19T09:53:00+00:00\" \/>\n<meta property=\"og:image\" content=\"https:\/\/asso.graie.org\/portail\/wp-content\/uploads\/2020\/04\/Capture_petit_cycle-copie.jpg\" \/>\n\t<meta property=\"og:image:width\" content=\"1277\" \/>\n\t<meta property=\"og:image:height\" content=\"898\" \/>\n\t<meta property=\"og:image:type\" content=\"image\/jpeg\" \/>\n<meta name=\"author\" content=\"Laure Dumonte\" \/>\n<meta name=\"twitter:card\" content=\"summary_large_image\" \/>\n<meta name=\"twitter:creator\" content=\"@asso_graie\" \/>\n<meta name=\"twitter:site\" content=\"@asso_graie\" \/>\n<meta name=\"twitter:label1\" content=\"\u00c9crit par\" \/>\n\t<meta name=\"twitter:data1\" content=\"Laure Dumonte\" \/>\n\t<meta name=\"twitter:label2\" content=\"Dur\u00e9e de lecture estim\u00e9e\" \/>\n\t<meta name=\"twitter:data2\" content=\"2 minutes\" \/>\n<script type=\"application\/ld+json\" class=\"yoast-schema-graph\">{\"@context\":\"https:\/\/schema.org\",\"@graph\":[{\"@type\":\"Article\",\"@id\":\"https:\/\/asso.graie.org\/portail\/crise-sanitaire-partagez-les-messages-des-professionnels-de-leau-avec-meli-melo\/#article\",\"isPartOf\":{\"@id\":\"https:\/\/asso.graie.org\/portail\/crise-sanitaire-partagez-les-messages-des-professionnels-de-leau-avec-meli-melo\/\"},\"author\":{\"name\":\"Laure Dumonte\",\"@id\":\"https:\/\/asso.graie.org\/portail\/#\/schema\/person\/b7fb559684005d59490969faaa8fc42f\"},\"headline\":\"Crise sanitaire : partagez les messages des professionnels de l\u2019eau avec M\u00e9li M\u00e9lo !\",\"datePublished\":\"2020-04-10T08:17:38+00:00\",\"dateModified\":\"2021-01-19T09:53:00+00:00\",\"mainEntityOfPage\":{\"@id\":\"https:\/\/asso.graie.org\/portail\/crise-sanitaire-partagez-les-messages-des-professionnels-de-leau-avec-meli-melo\/\"},\"wordCount\":482,\"publisher\":{\"@id\":\"https:\/\/asso.graie.org\/portail\/#organization\"},\"keywords\":[\"assainissement\",\"bouteille\",\"crise\",\"eau\",\"kaamelott\",\"lingettes\",\"M\u00e9li M\u00e9lo\",\"potable\",\"robinet\",\"sanitaire\",\"toilettes\"],\"articleSection\":[\"Actu Graie\",\"Toute l'actualit\u00e9\"],\"inLanguage\":\"fr-FR\"},{\"@type\":\"WebPage\",\"@id\":\"https:\/\/asso.graie.org\/portail\/crise-sanitaire-partagez-les-messages-des-professionnels-de-leau-avec-meli-melo\/\",\"url\":\"https:\/\/asso.graie.org\/portail\/crise-sanitaire-partagez-les-messages-des-professionnels-de-leau-avec-meli-melo\/\",\"name\":\"Crise sanitaire : partagez les messages des professionnels de l\u2019eau avec M\u00e9li M\u00e9lo ! | Graie\",\"isPartOf\":{\"@id\":\"https:\/\/asso.graie.org\/portail\/#website\"},\"datePublished\":\"2020-04-10T08:17:38+00:00\",\"dateModified\":\"2021-01-19T09:53:00+00:00\",\"breadcrumb\":{\"@id\":\"https:\/\/asso.graie.org\/portail\/crise-sanitaire-partagez-les-messages-des-professionnels-de-leau-avec-meli-melo\/#breadcrumb\"},\"inLanguage\":\"fr-FR\",\"potentialAction\":[{\"@type\":\"ReadAction\",\"target\":[\"https:\/\/asso.graie.org\/portail\/crise-sanitaire-partagez-les-messages-des-professionnels-de-leau-avec-meli-melo\/\"]}]},{\"@type\":\"BreadcrumbList\",\"@id\":\"https:\/\/asso.graie.org\/portail\/crise-sanitaire-partagez-les-messages-des-professionnels-de-leau-avec-meli-melo\/#breadcrumb\",\"itemListElement\":[{\"@type\":\"ListItem\",\"position\":1,\"name\":\"Accueil\",\"item\":\"https:\/\/asso.graie.org\/portail\/\"},{\"@type\":\"ListItem\",\"position\":2,\"name\":\"Crise sanitaire : partagez les messages des professionnels de l\u2019eau avec M\u00e9li M\u00e9lo !\"}]},{\"@type\":\"WebSite\",\"@id\":\"https:\/\/asso.graie.org\/portail\/#website\",\"url\":\"https:\/\/asso.graie.org\/portail\/\",\"name\":\"Graie\",\"description\":\"P\u00f4le Eau et Territoires\",\"publisher\":{\"@id\":\"https:\/\/asso.graie.org\/portail\/#organization\"},\"potentialAction\":[{\"@type\":\"SearchAction\",\"target\":{\"@type\":\"EntryPoint\",\"urlTemplate\":\"https:\/\/asso.graie.org\/portail\/?s={search_term_string}\"},\"query-input\":\"required name=search_term_string\"}],\"inLanguage\":\"fr-FR\"},{\"@type\":\"Organization\",\"@id\":\"https:\/\/asso.graie.org\/portail\/#organization\",\"name\":\"Le Graie\",\"url\":\"https:\/\/asso.graie.org\/portail\/\",\"logo\":{\"@type\":\"ImageObject\",\"inLanguage\":\"fr-FR\",\"@id\":\"https:\/\/asso.graie.org\/portail\/#\/schema\/logo\/image\/\",\"url\":\"https:\/\/asso.graie.org\/portail\/wp-content\/uploads\/2021\/12\/Logotype-Graie.png\",\"contentUrl\":\"https:\/\/asso.graie.org\/portail\/wp-content\/uploads\/2021\/12\/Logotype-Graie.png\",\"width\":1890,\"height\":1181,\"caption\":\"Le Graie\"},\"image\":{\"@id\":\"https:\/\/asso.graie.org\/portail\/#\/schema\/logo\/image\/\"},\"sameAs\":[\"https:\/\/fr.linkedin.com\/company\/graie?trk=top_nav_home\",\"https:\/\/www.youtube.com\/channel\/UCZQk0Tt7upYwERYNdDIZqLQ\",\"https:\/\/twitter.com\/asso_graie\"]},{\"@type\":\"Person\",\"@id\":\"https:\/\/asso.graie.org\/portail\/#\/schema\/person\/b7fb559684005d59490969faaa8fc42f\",\"name\":\"Laure Dumonte\",\"url\":\"https:\/\/asso.graie.org\/portail\/author\/sarahscarrott\/\"}]}<\/script>\n<!-- \/ Yoast SEO plugin. -->","yoast_head_json":{"title":"Crise sanitaire : partagez les messages des professionnels de l\u2019eau avec M\u00e9li M\u00e9lo ! | Graie","robots":{"index":"index","follow":"follow","max-snippet":"max-snippet:-1","max-image-preview":"max-image-preview:large","max-video-preview":"max-video-preview:-1"},"canonical":"https:\/\/asso.graie.org\/portail\/crise-sanitaire-partagez-les-messages-des-professionnels-de-leau-avec-meli-melo\/","og_locale":"fr_FR","og_type":"article","og_title":"Crise sanitaire : partagez les messages des professionnels de l\u2019eau avec M\u00e9li M\u00e9lo ! | Graie","og_description":"En cette p\u00e9riode de crise sanitaire, il est plus que jamais n\u00e9cessaire de suivre les recommandations des professionnels de l\u2019eau sur les comportements \u00e0 adopter au quotidien. &nbsp; Pour vous aider \u00e0 diffuser ces informations dans vos territoires, mais aussi &hellip;","og_url":"https:\/\/asso.graie.org\/portail\/crise-sanitaire-partagez-les-messages-des-professionnels-de-leau-avec-meli-melo\/","og_site_name":"Graie","article_published_time":"2020-04-10T08:17:38+00:00","article_modified_time":"2021-01-19T09:53:00+00:00","og_image":[{"width":1277,"height":898,"url":"https:\/\/asso.graie.org\/portail\/wp-content\/uploads\/2020\/04\/Capture_petit_cycle-copie.jpg","type":"image\/jpeg"}],"author":"Laure Dumonte","twitter_card":"summary_large_image","twitter_creator":"@asso_graie","twitter_site":"@asso_graie","twitter_misc":{"\u00c9crit par":"Laure Dumonte","Dur\u00e9e de lecture estim\u00e9e":"2 minutes"},"schema":{"@context":"https:\/\/schema.org","@graph":[{"@type":"Article","@id":"https:\/\/asso.graie.org\/portail\/crise-sanitaire-partagez-les-messages-des-professionnels-de-leau-avec-meli-melo\/#article","isPartOf":{"@id":"https:\/\/asso.graie.org\/portail\/crise-sanitaire-partagez-les-messages-des-professionnels-de-leau-avec-meli-melo\/"},"author":{"name":"Laure Dumonte","@id":"https:\/\/asso.graie.org\/portail\/#\/schema\/person\/b7fb559684005d59490969faaa8fc42f"},"headline":"Crise sanitaire : partagez les messages des professionnels de l\u2019eau avec M\u00e9li M\u00e9lo !","datePublished":"2020-04-10T08:17:38+00:00","dateModified":"2021-01-19T09:53:00+00:00","mainEntityOfPage":{"@id":"https:\/\/asso.graie.org\/portail\/crise-sanitaire-partagez-les-messages-des-professionnels-de-leau-avec-meli-melo\/"},"wordCount":482,"publisher":{"@id":"https:\/\/asso.graie.org\/portail\/#organization"},"keywords":["assainissement","bouteille","crise","eau","kaamelott","lingettes","M\u00e9li M\u00e9lo","potable","robinet","sanitaire","toilettes"],"articleSection":["Actu Graie","Toute l'actualit\u00e9"],"inLanguage":"fr-FR"},{"@type":"WebPage","@id":"https:\/\/asso.graie.org\/portail\/crise-sanitaire-partagez-les-messages-des-professionnels-de-leau-avec-meli-melo\/","url":"https:\/\/asso.graie.org\/portail\/crise-sanitaire-partagez-les-messages-des-professionnels-de-leau-avec-meli-melo\/","name":"Crise sanitaire : partagez les messages des professionnels de l\u2019eau avec M\u00e9li M\u00e9lo ! | Graie","isPartOf":{"@id":"https:\/\/asso.graie.org\/portail\/#website"},"datePublished":"2020-04-10T08:17:38+00:00","dateModified":"2021-01-19T09:53:00+00:00","breadcrumb":{"@id":"https:\/\/asso.graie.org\/portail\/crise-sanitaire-partagez-les-messages-des-professionnels-de-leau-avec-meli-melo\/#breadcrumb"},"inLanguage":"fr-FR","potentialAction":[{"@type":"ReadAction","target":["https:\/\/asso.graie.org\/portail\/crise-sanitaire-partagez-les-messages-des-professionnels-de-leau-avec-meli-melo\/"]}]},{"@type":"BreadcrumbList","@id":"https:\/\/asso.graie.org\/portail\/crise-sanitaire-partagez-les-messages-des-professionnels-de-leau-avec-meli-melo\/#breadcrumb","itemListElement":[{"@type":"ListItem","position":1,"name":"Accueil","item":"https:\/\/asso.graie.org\/portail\/"},{"@type":"ListItem","position":2,"name":"Crise sanitaire : partagez les messages des professionnels de l\u2019eau avec M\u00e9li M\u00e9lo !"}]},{"@type":"WebSite","@id":"https:\/\/asso.graie.org\/portail\/#website","url":"https:\/\/asso.graie.org\/portail\/","name":"Graie","description":"P\u00f4le Eau et Territoires","publisher":{"@id":"https:\/\/asso.graie.org\/portail\/#organization"},"potentialAction":[{"@type":"SearchAction","target":{"@type":"EntryPoint","urlTemplate":"https:\/\/asso.graie.org\/portail\/?s={search_term_string}"},"query-input":"required name=search_term_string"}],"inLanguage":"fr-FR"},{"@type":"Organization","@id":"https:\/\/asso.graie.org\/portail\/#organization","name":"Le Graie","url":"https:\/\/asso.graie.org\/portail\/","logo":{"@type":"ImageObject","inLanguage":"fr-FR","@id":"https:\/\/asso.graie.org\/portail\/#\/schema\/logo\/image\/","url":"https:\/\/asso.graie.org\/portail\/wp-content\/uploads\/2021\/12\/Logotype-Graie.png","contentUrl":"https:\/\/asso.graie.org\/portail\/wp-content\/uploads\/2021\/12\/Logotype-Graie.png","width":1890,"height":1181,"caption":"Le Graie"},"image":{"@id":"https:\/\/asso.graie.org\/portail\/#\/schema\/logo\/image\/"},"sameAs":["https:\/\/fr.linkedin.com\/company\/graie?trk=top_nav_home","https:\/\/www.youtube.com\/channel\/UCZQk0Tt7upYwERYNdDIZqLQ","https:\/\/twitter.com\/asso_graie"]},{"@type":"Person","@id":"https:\/\/asso.graie.org\/portail\/#\/schema\/person\/b7fb559684005d59490969faaa8fc42f","name":"Laure Dumonte","url":"https:\/\/asso.graie.org\/portail\/author\/sarahscarrott\/"}]}},"_links":{"self":[{"href":"https:\/\/asso.graie.org\/portail\/wp-json\/wp\/v2\/posts\/15618"}],"collection":[{"href":"https:\/\/asso.graie.org\/portail\/wp-json\/wp\/v2\/posts"}],"about":[{"href":"https:\/\/asso.graie.org\/portail\/wp-json\/wp\/v2\/types\/post"}],"author":[{"embeddable":true,"href":"https:\/\/asso.graie.org\/portail\/wp-json\/wp\/v2\/users\/3"}],"replies":[{"embeddable":true,"href":"https:\/\/asso.graie.org\/portail\/wp-json\/wp\/v2\/comments?post=15618"}],"version-history":[{"count":1,"href":"https:\/\/asso.graie.org\/portail\/wp-json\/wp\/v2\/posts\/15618\/revisions"}],"predecessor-version":[{"id":15719,"href":"https:\/\/asso.graie.org\/portail\/wp-json\/wp\/v2\/posts\/15618\/revisions\/15719"}],"wp:featuredmedia":[{"embeddable":true,"href":"https:\/\/asso.graie.org\/portail\/wp-json\/wp\/v2\/media\/15620"}],"wp:attachment":[{"href":"https:\/\/asso.graie.org\/portail\/wp-json\/wp\/v2\/media?parent=15618"}],"wp:term":[{"taxonomy":"category","embeddable":true,"href":"https:\/\/asso.graie.org\/portail\/wp-json\/wp\/v2\/categories?post=15618"},{"taxonomy":"post_tag","embeddable":true,"href":"https:\/\/asso.graie.org\/portail\/wp-json\/wp\/v2\/tags?post=15618"}],"curies":[{"name":"wp","href":"https:\/\/api.w.org\/{rel}","templated":true}]}}