{"id":15708,"date":"2020-05-14T14:20:48","date_gmt":"2020-05-14T12:20:48","guid":{"rendered":"https:\/\/asso.graie.org\/portail\/?p=15708"},"modified":"2020-05-14T14:30:30","modified_gmt":"2020-05-14T12:30:30","slug":"le-graie-interviendra-lors-de-la-webconference-sur-la-ville-resiliente-face-au-changement-climatique-comment-amenager-durablement-la-ville-de-demain","status":"publish","type":"post","link":"https:\/\/asso.graie.org\/portail\/le-graie-interviendra-lors-de-la-webconference-sur-la-ville-resiliente-face-au-changement-climatique-comment-amenager-durablement-la-ville-de-demain\/","title":{"rendered":"Webconf\u00e9rence sur la Ville r\u00e9siliente face au changement climatique : les pr\u00e9sentations sont en ligne !"},"content":{"rendered":"<p><span class=\"lt-line-clamp__line\">Ouest Formation Conseil Travaux Publics (OFC TP)<\/span> a organis\u00e9 en partenariat avec le Graie une <strong>webconf\u00e9rence<\/strong> sur le th\u00e8me de l<strong>a Ville r\u00e9siliente face au changement climatique<\/strong> \u2013 comment am\u00e9nager \u00ab durablement \u00bb la Ville de demain ?\u00a0 le <strong>13 mai 2020 de 9h30 \u00e0 12h<\/strong>.<\/p>\n<p>&nbsp;<\/p>\n<p>Cette conf\u00e9rence avait pour objectif de cr\u00e9er un moment de partage et d&rsquo;\u00e9changes entre les diff\u00e9rents acteurs travaillant dans le domaine de l&rsquo;am\u00e9nagement de la Ville : politiques, scientifiques, ing\u00e9nieurs, techniciens, urbanistes, concepteurs, services gestionnaires des collectivit\u00e9s, entreprises de Travaux Publics, &#8230;.<\/p>\n<p>&nbsp;<\/p>\n<p>Elodie Brelot, directrice du Graie, est intervenue sur le sujet de l<strong>a gestion int\u00e9gr\u00e9e des eaux pluviales<\/strong>.<\/p>\n<p>&nbsp;<\/p>\n<p>A travers la pr\u00e9sentation de <strong>3 sc\u00e9narios d&rsquo;am\u00e9nagemen<\/strong>t, les probl\u00e9matiques suivantes ont \u00e9t\u00e9 \u00e9voqu\u00e9es :<\/p>\n<p>&nbsp;<\/p>\n<ul>\n<li>quelle est l&rsquo;efficacit\u00e9 d&rsquo;une gestion \u00e0 la source des eaux pluviales ?<\/li>\n<li>comment concevoir un am\u00e9nagement r\u00e9silient au regard de l&rsquo;eau ?<\/li>\n<li>quelles solutions en terme d&rsquo;am\u00e9nagements ? quels arguments ? quelles r\u00e9alisations ?<\/li>\n<li>pourquoi la mod\u00e9lisation hydraulique sur de longues pluies chroniques est une aide \u00e0 la d\u00e9cision ?<\/li>\n<\/ul>\n<p>&nbsp;<\/p>\n<a href=\"https:\/\/ofctpformationadistance.com\/produit\/webconference-sur-la-gestion-integree-des-eaux-pluviales-quels-sont-les-enjeux-les-cles-et-leviers-pour-une-autre-gestion-de-leau-dans-la-ville\/\" target=\"_blank\" class=\"shortc-button medium blue \"><span class=\"fa \" aria-hidden=\"true\"><\/span> Voir les pr\u00e9senations<\/a>\n","protected":false},"excerpt":{"rendered":"<p>Ouest Formation Conseil Travaux Publics (OFC TP) a organis\u00e9 en partenariat avec le Graie une webconf\u00e9rence sur le th\u00e8me de la Ville r\u00e9siliente face au changement climatique \u2013 comment am\u00e9nager \u00ab durablement \u00bb la Ville de demain ?\u00a0 le 13 &hellip;<\/p>\n","protected":false},"author":3,"featured_media":15712,"comment_status":"closed","ping_status":"closed","sticky":false,"template":"","format":"standard","meta":{"_mi_skip_tracking":false,"footnotes":""},"categories":[24,28],"tags":[],"acf":[],"yoast_head":"<!-- This site is optimized with the Yoast SEO plugin v19.13 - https:\/\/yoast.com\/wordpress\/plugins\/seo\/ -->\n<title>Webconf\u00e9rence sur la Ville r\u00e9siliente face au changement climatique : les pr\u00e9sentations sont en ligne ! | Graie<\/title>\n<meta name=\"robots\" content=\"index, follow, max-snippet:-1, max-image-preview:large, max-video-preview:-1\" \/>\n<link rel=\"canonical\" href=\"https:\/\/asso.graie.org\/portail\/le-graie-interviendra-lors-de-la-webconference-sur-la-ville-resiliente-face-au-changement-climatique-comment-amenager-durablement-la-ville-de-demain\/\" \/>\n<meta property=\"og:locale\" content=\"fr_FR\" \/>\n<meta property=\"og:type\" content=\"article\" \/>\n<meta property=\"og:title\" content=\"Webconf\u00e9rence sur la Ville r\u00e9siliente face au changement climatique : les pr\u00e9sentations sont en ligne ! | Graie\" \/>\n<meta property=\"og:description\" content=\"Ouest Formation Conseil Travaux Publics (OFC TP) a organis\u00e9 en partenariat avec le Graie une webconf\u00e9rence sur le th\u00e8me de la Ville r\u00e9siliente face au changement climatique \u2013 comment am\u00e9nager \u00ab durablement \u00bb la Ville de demain ?\u00a0 le 13 &hellip;\" \/>\n<meta property=\"og:url\" content=\"https:\/\/asso.graie.org\/portail\/le-graie-interviendra-lors-de-la-webconference-sur-la-ville-resiliente-face-au-changement-climatique-comment-amenager-durablement-la-ville-de-demain\/\" \/>\n<meta property=\"og:site_name\" content=\"Graie\" \/>\n<meta property=\"article:published_time\" content=\"2020-05-14T12:20:48+00:00\" \/>\n<meta property=\"article:modified_time\" content=\"2020-05-14T12:30:30+00:00\" \/>\n<meta property=\"og:image\" content=\"https:\/\/asso.graie.org\/portail\/wp-content\/uploads\/2020\/04\/logo-ofctp.png\" \/>\n\t<meta property=\"og:image:width\" content=\"469\" \/>\n\t<meta property=\"og:image:height\" content=\"270\" \/>\n\t<meta property=\"og:image:type\" content=\"image\/png\" \/>\n<meta name=\"author\" content=\"Laure Dumonte\" \/>\n<meta name=\"twitter:card\" content=\"summary_large_image\" \/>\n<meta name=\"twitter:creator\" content=\"@asso_graie\" \/>\n<meta name=\"twitter:site\" content=\"@asso_graie\" \/>\n<meta name=\"twitter:label1\" content=\"\u00c9crit par\" \/>\n\t<meta name=\"twitter:data1\" content=\"Laure Dumonte\" \/>\n\t<meta name=\"twitter:label2\" content=\"Dur\u00e9e de lecture estim\u00e9e\" \/>\n\t<meta name=\"twitter:data2\" content=\"1 minute\" \/>\n<script type=\"application\/ld+json\" class=\"yoast-schema-graph\">{\"@context\":\"https:\/\/schema.org\",\"@graph\":[{\"@type\":\"Article\",\"@id\":\"https:\/\/asso.graie.org\/portail\/le-graie-interviendra-lors-de-la-webconference-sur-la-ville-resiliente-face-au-changement-climatique-comment-amenager-durablement-la-ville-de-demain\/#article\",\"isPartOf\":{\"@id\":\"https:\/\/asso.graie.org\/portail\/le-graie-interviendra-lors-de-la-webconference-sur-la-ville-resiliente-face-au-changement-climatique-comment-amenager-durablement-la-ville-de-demain\/\"},\"author\":{\"name\":\"Laure Dumonte\",\"@id\":\"https:\/\/asso.graie.org\/portail\/#\/schema\/person\/b7fb559684005d59490969faaa8fc42f\"},\"headline\":\"Webconf\u00e9rence sur la Ville r\u00e9siliente face au changement climatique : les pr\u00e9sentations sont en ligne !\",\"datePublished\":\"2020-05-14T12:20:48+00:00\",\"dateModified\":\"2020-05-14T12:30:30+00:00\",\"mainEntityOfPage\":{\"@id\":\"https:\/\/asso.graie.org\/portail\/le-graie-interviendra-lors-de-la-webconference-sur-la-ville-resiliente-face-au-changement-climatique-comment-amenager-durablement-la-ville-de-demain\/\"},\"wordCount\":218,\"publisher\":{\"@id\":\"https:\/\/asso.graie.org\/portail\/#organization\"},\"articleSection\":[\"Actu Graie\",\"Toute l'actualit\u00e9\"],\"inLanguage\":\"fr-FR\"},{\"@type\":\"WebPage\",\"@id\":\"https:\/\/asso.graie.org\/portail\/le-graie-interviendra-lors-de-la-webconference-sur-la-ville-resiliente-face-au-changement-climatique-comment-amenager-durablement-la-ville-de-demain\/\",\"url\":\"https:\/\/asso.graie.org\/portail\/le-graie-interviendra-lors-de-la-webconference-sur-la-ville-resiliente-face-au-changement-climatique-comment-amenager-durablement-la-ville-de-demain\/\",\"name\":\"Webconf\u00e9rence sur la Ville r\u00e9siliente face au changement climatique : les pr\u00e9sentations sont en ligne ! | Graie\",\"isPartOf\":{\"@id\":\"https:\/\/asso.graie.org\/portail\/#website\"},\"datePublished\":\"2020-05-14T12:20:48+00:00\",\"dateModified\":\"2020-05-14T12:30:30+00:00\",\"breadcrumb\":{\"@id\":\"https:\/\/asso.graie.org\/portail\/le-graie-interviendra-lors-de-la-webconference-sur-la-ville-resiliente-face-au-changement-climatique-comment-amenager-durablement-la-ville-de-demain\/#breadcrumb\"},\"inLanguage\":\"fr-FR\",\"potentialAction\":[{\"@type\":\"ReadAction\",\"target\":[\"https:\/\/asso.graie.org\/portail\/le-graie-interviendra-lors-de-la-webconference-sur-la-ville-resiliente-face-au-changement-climatique-comment-amenager-durablement-la-ville-de-demain\/\"]}]},{\"@type\":\"BreadcrumbList\",\"@id\":\"https:\/\/asso.graie.org\/portail\/le-graie-interviendra-lors-de-la-webconference-sur-la-ville-resiliente-face-au-changement-climatique-comment-amenager-durablement-la-ville-de-demain\/#breadcrumb\",\"itemListElement\":[{\"@type\":\"ListItem\",\"position\":1,\"name\":\"Accueil\",\"item\":\"https:\/\/asso.graie.org\/portail\/\"},{\"@type\":\"ListItem\",\"position\":2,\"name\":\"Webconf\u00e9rence sur la Ville r\u00e9siliente face au changement climatique : les pr\u00e9sentations sont en ligne !\"}]},{\"@type\":\"WebSite\",\"@id\":\"https:\/\/asso.graie.org\/portail\/#website\",\"url\":\"https:\/\/asso.graie.org\/portail\/\",\"name\":\"Graie\",\"description\":\"P\u00f4le Eau et Territoires\",\"publisher\":{\"@id\":\"https:\/\/asso.graie.org\/portail\/#organization\"},\"potentialAction\":[{\"@type\":\"SearchAction\",\"target\":{\"@type\":\"EntryPoint\",\"urlTemplate\":\"https:\/\/asso.graie.org\/portail\/?s={search_term_string}\"},\"query-input\":\"required name=search_term_string\"}],\"inLanguage\":\"fr-FR\"},{\"@type\":\"Organization\",\"@id\":\"https:\/\/asso.graie.org\/portail\/#organization\",\"name\":\"Le Graie\",\"url\":\"https:\/\/asso.graie.org\/portail\/\",\"logo\":{\"@type\":\"ImageObject\",\"inLanguage\":\"fr-FR\",\"@id\":\"https:\/\/asso.graie.org\/portail\/#\/schema\/logo\/image\/\",\"url\":\"https:\/\/asso.graie.org\/portail\/wp-content\/uploads\/2021\/12\/Logotype-Graie.png\",\"contentUrl\":\"https:\/\/asso.graie.org\/portail\/wp-content\/uploads\/2021\/12\/Logotype-Graie.png\",\"width\":1890,\"height\":1181,\"caption\":\"Le Graie\"},\"image\":{\"@id\":\"https:\/\/asso.graie.org\/portail\/#\/schema\/logo\/image\/\"},\"sameAs\":[\"https:\/\/fr.linkedin.com\/company\/graie?trk=top_nav_home\",\"https:\/\/www.youtube.com\/channel\/UCZQk0Tt7upYwERYNdDIZqLQ\",\"https:\/\/twitter.com\/asso_graie\"]},{\"@type\":\"Person\",\"@id\":\"https:\/\/asso.graie.org\/portail\/#\/schema\/person\/b7fb559684005d59490969faaa8fc42f\",\"name\":\"Laure Dumonte\",\"url\":\"https:\/\/asso.graie.org\/portail\/author\/sarahscarrott\/\"}]}<\/script>\n<!-- \/ Yoast SEO plugin. -->","yoast_head_json":{"title":"Webconf\u00e9rence sur la Ville r\u00e9siliente face au changement climatique : les pr\u00e9sentations sont en ligne ! | Graie","robots":{"index":"index","follow":"follow","max-snippet":"max-snippet:-1","max-image-preview":"max-image-preview:large","max-video-preview":"max-video-preview:-1"},"canonical":"https:\/\/asso.graie.org\/portail\/le-graie-interviendra-lors-de-la-webconference-sur-la-ville-resiliente-face-au-changement-climatique-comment-amenager-durablement-la-ville-de-demain\/","og_locale":"fr_FR","og_type":"article","og_title":"Webconf\u00e9rence sur la Ville r\u00e9siliente face au changement climatique : les pr\u00e9sentations sont en ligne ! | Graie","og_description":"Ouest Formation Conseil Travaux Publics (OFC TP) a organis\u00e9 en partenariat avec le Graie une webconf\u00e9rence sur le th\u00e8me de la Ville r\u00e9siliente face au changement climatique \u2013 comment am\u00e9nager \u00ab durablement \u00bb la Ville de demain ?\u00a0 le 13 &hellip;","og_url":"https:\/\/asso.graie.org\/portail\/le-graie-interviendra-lors-de-la-webconference-sur-la-ville-resiliente-face-au-changement-climatique-comment-amenager-durablement-la-ville-de-demain\/","og_site_name":"Graie","article_published_time":"2020-05-14T12:20:48+00:00","article_modified_time":"2020-05-14T12:30:30+00:00","og_image":[{"width":469,"height":270,"url":"https:\/\/asso.graie.org\/portail\/wp-content\/uploads\/2020\/04\/logo-ofctp.png","type":"image\/png"}],"author":"Laure Dumonte","twitter_card":"summary_large_image","twitter_creator":"@asso_graie","twitter_site":"@asso_graie","twitter_misc":{"\u00c9crit par":"Laure Dumonte","Dur\u00e9e de lecture estim\u00e9e":"1 minute"},"schema":{"@context":"https:\/\/schema.org","@graph":[{"@type":"Article","@id":"https:\/\/asso.graie.org\/portail\/le-graie-interviendra-lors-de-la-webconference-sur-la-ville-resiliente-face-au-changement-climatique-comment-amenager-durablement-la-ville-de-demain\/#article","isPartOf":{"@id":"https:\/\/asso.graie.org\/portail\/le-graie-interviendra-lors-de-la-webconference-sur-la-ville-resiliente-face-au-changement-climatique-comment-amenager-durablement-la-ville-de-demain\/"},"author":{"name":"Laure Dumonte","@id":"https:\/\/asso.graie.org\/portail\/#\/schema\/person\/b7fb559684005d59490969faaa8fc42f"},"headline":"Webconf\u00e9rence sur la Ville r\u00e9siliente face au changement climatique : les pr\u00e9sentations sont en ligne !","datePublished":"2020-05-14T12:20:48+00:00","dateModified":"2020-05-14T12:30:30+00:00","mainEntityOfPage":{"@id":"https:\/\/asso.graie.org\/portail\/le-graie-interviendra-lors-de-la-webconference-sur-la-ville-resiliente-face-au-changement-climatique-comment-amenager-durablement-la-ville-de-demain\/"},"wordCount":218,"publisher":{"@id":"https:\/\/asso.graie.org\/portail\/#organization"},"articleSection":["Actu Graie","Toute l'actualit\u00e9"],"inLanguage":"fr-FR"},{"@type":"WebPage","@id":"https:\/\/asso.graie.org\/portail\/le-graie-interviendra-lors-de-la-webconference-sur-la-ville-resiliente-face-au-changement-climatique-comment-amenager-durablement-la-ville-de-demain\/","url":"https:\/\/asso.graie.org\/portail\/le-graie-interviendra-lors-de-la-webconference-sur-la-ville-resiliente-face-au-changement-climatique-comment-amenager-durablement-la-ville-de-demain\/","name":"Webconf\u00e9rence sur la Ville r\u00e9siliente face au changement climatique : les pr\u00e9sentations sont en ligne ! | Graie","isPartOf":{"@id":"https:\/\/asso.graie.org\/portail\/#website"},"datePublished":"2020-05-14T12:20:48+00:00","dateModified":"2020-05-14T12:30:30+00:00","breadcrumb":{"@id":"https:\/\/asso.graie.org\/portail\/le-graie-interviendra-lors-de-la-webconference-sur-la-ville-resiliente-face-au-changement-climatique-comment-amenager-durablement-la-ville-de-demain\/#breadcrumb"},"inLanguage":"fr-FR","potentialAction":[{"@type":"ReadAction","target":["https:\/\/asso.graie.org\/portail\/le-graie-interviendra-lors-de-la-webconference-sur-la-ville-resiliente-face-au-changement-climatique-comment-amenager-durablement-la-ville-de-demain\/"]}]},{"@type":"BreadcrumbList","@id":"https:\/\/asso.graie.org\/portail\/le-graie-interviendra-lors-de-la-webconference-sur-la-ville-resiliente-face-au-changement-climatique-comment-amenager-durablement-la-ville-de-demain\/#breadcrumb","itemListElement":[{"@type":"ListItem","position":1,"name":"Accueil","item":"https:\/\/asso.graie.org\/portail\/"},{"@type":"ListItem","position":2,"name":"Webconf\u00e9rence sur la Ville r\u00e9siliente face au changement climatique : les pr\u00e9sentations sont en ligne !"}]},{"@type":"WebSite","@id":"https:\/\/asso.graie.org\/portail\/#website","url":"https:\/\/asso.graie.org\/portail\/","name":"Graie","description":"P\u00f4le Eau et Territoires","publisher":{"@id":"https:\/\/asso.graie.org\/portail\/#organization"},"potentialAction":[{"@type":"SearchAction","target":{"@type":"EntryPoint","urlTemplate":"https:\/\/asso.graie.org\/portail\/?s={search_term_string}"},"query-input":"required name=search_term_string"}],"inLanguage":"fr-FR"},{"@type":"Organization","@id":"https:\/\/asso.graie.org\/portail\/#organization","name":"Le Graie","url":"https:\/\/asso.graie.org\/portail\/","logo":{"@type":"ImageObject","inLanguage":"fr-FR","@id":"https:\/\/asso.graie.org\/portail\/#\/schema\/logo\/image\/","url":"https:\/\/asso.graie.org\/portail\/wp-content\/uploads\/2021\/12\/Logotype-Graie.png","contentUrl":"https:\/\/asso.graie.org\/portail\/wp-content\/uploads\/2021\/12\/Logotype-Graie.png","width":1890,"height":1181,"caption":"Le Graie"},"image":{"@id":"https:\/\/asso.graie.org\/portail\/#\/schema\/logo\/image\/"},"sameAs":["https:\/\/fr.linkedin.com\/company\/graie?trk=top_nav_home","https:\/\/www.youtube.com\/channel\/UCZQk0Tt7upYwERYNdDIZqLQ","https:\/\/twitter.com\/asso_graie"]},{"@type":"Person","@id":"https:\/\/asso.graie.org\/portail\/#\/schema\/person\/b7fb559684005d59490969faaa8fc42f","name":"Laure Dumonte","url":"https:\/\/asso.graie.org\/portail\/author\/sarahscarrott\/"}]}},"_links":{"self":[{"href":"https:\/\/asso.graie.org\/portail\/wp-json\/wp\/v2\/posts\/15708"}],"collection":[{"href":"https:\/\/asso.graie.org\/portail\/wp-json\/wp\/v2\/posts"}],"about":[{"href":"https:\/\/asso.graie.org\/portail\/wp-json\/wp\/v2\/types\/post"}],"author":[{"embeddable":true,"href":"https:\/\/asso.graie.org\/portail\/wp-json\/wp\/v2\/users\/3"}],"replies":[{"embeddable":true,"href":"https:\/\/asso.graie.org\/portail\/wp-json\/wp\/v2\/comments?post=15708"}],"version-history":[{"count":2,"href":"https:\/\/asso.graie.org\/portail\/wp-json\/wp\/v2\/posts\/15708\/revisions"}],"predecessor-version":[{"id":15812,"href":"https:\/\/asso.graie.org\/portail\/wp-json\/wp\/v2\/posts\/15708\/revisions\/15812"}],"wp:featuredmedia":[{"embeddable":true,"href":"https:\/\/asso.graie.org\/portail\/wp-json\/wp\/v2\/media\/15712"}],"wp:attachment":[{"href":"https:\/\/asso.graie.org\/portail\/wp-json\/wp\/v2\/media?parent=15708"}],"wp:term":[{"taxonomy":"category","embeddable":true,"href":"https:\/\/asso.graie.org\/portail\/wp-json\/wp\/v2\/categories?post=15708"},{"taxonomy":"post_tag","embeddable":true,"href":"https:\/\/asso.graie.org\/portail\/wp-json\/wp\/v2\/tags?post=15708"}],"curies":[{"name":"wp","href":"https:\/\/api.w.org\/{rel}","templated":true}]}}