{"id":15730,"date":"2021-02-24T09:52:09","date_gmt":"2021-02-24T08:52:09","guid":{"rendered":"https:\/\/asso.graie.org\/portail\/?p=15730"},"modified":"2021-11-15T18:25:51","modified_gmt":"2021-11-15T17:25:51","slug":"sante_unique","status":"publish","type":"post","link":"https:\/\/asso.graie.org\/portail\/sante_unique\/","title":{"rendered":"Conf\u00e9rence | Une seule sant\u00e9 &#8211; et dans la pratique ?"},"content":{"rendered":"<p><a href=\"https:\/\/uneseulesante-vetagrosup.mystrikingly.com\/\"><img decoding=\"async\" loading=\"lazy\" class=\"alignnone size-medium wp-image-16897\" src=\"https:\/\/asso.graie.org\/portail\/wp-content\/uploads\/2020\/12\/une_seule-sante-245x300.jpg\" alt=\"\" width=\"245\" height=\"300\" srcset=\"https:\/\/asso.graie.org\/portail\/wp-content\/uploads\/2020\/12\/une_seule-sante-245x300.jpg 245w, https:\/\/asso.graie.org\/portail\/wp-content\/uploads\/2020\/12\/une_seule-sante.jpg 617w\" sizes=\"(max-width: 245px) 100vw, 245px\" \/><\/a><\/p>\n<p>Organis\u00e9e par FRB, Vetagro&rsquo;Sup, Humanit\u00e9 et Biodiversit\u00e9, FNE, FSVF, ASEF, cette rencontre vise \u00e0 mobiliser scientifiques et professionnels autour des questionnements qui nous rassemblent pour aller vers une appropriation pratique du concept de sant\u00e9 unique.<\/p>\n<p>7 ateliers th\u00e9matiques sont organis\u00e9s en pr\u00e9alable \u00e0 cette rencontre pour \u00e9tablir des recommandations. Les contributions sont les bienvenues via le site de la conf\u00e9rence.<\/p>\n<p>Riche de ses exp\u00e9riences sur les dispositifs de recherche (Sipibel, Othu) et l&rsquo;animation de groupes de travail techniques, le Graie est partenaire de 3 d&rsquo;entre eux :<br \/>\nATELIER 4 : BIOCIDES ET M\u00c9DICAMENTS : IMPACTS SUR L\u2019ENVIRONNEMENT, QUELLES ALTERNATIVES ?<br \/>\nATELIER 5 : TERRITOIRES : QUELLES ACTIONS PUBLIQUES ?<br \/>\nATELIER 7 : FORMER LES D\u00c9CIDEURS ET LES PROFESSIONNELS DE SANT\u00c9<\/p>\n<p>cette journ\u00e9e propose en particulier quatre niveaux de questionnement :<br \/>\n\u2022 Quelles sont les connaissances scientifiques en m\u00e9decine humaine et v\u00e9t\u00e9rinaire, en \u00e9cologie ou en sciences sociales qui fondent le d\u00e9bat ?<br \/>\n\u2022 O\u00f9 en sont les politiques publiques dans les territoires ?<br \/>\n\u2022 Comment penser les relations entre initiatives locales, pilotage national et normes europ\u00e9ennes et internationales ?<br \/>\n\u2022 Quelle formation pour les d\u00e9cideurs et les professionnels de sant\u00e9 ?<br \/>\nNous passerons donc d\u2019un \u00e9tat de la science et des politiques publiques \u00e0 des propositions, recommandations pour l\u2019action, depuis la recherche jusqu\u2019aux politiques locales, dans nos territoires, nos socio-\u00e9cosyst\u00e8mes.<br \/>\nCette conf\u00e9rence permettra ainsi \u00e0 diff\u00e9rents acteurs de croiser leurs regards, entre scientifiques, d\u00e9cideurs et acteurs publics, dans une optique d\u2019enrichissement mutuel, de fa\u00e7on \u00e0 penser, \u00e0 nouveaux frais, les contours des politiques publiques.<\/p>\n<p>Pour plus d&rsquo;information ou pour contribuer aux recommandations, sur le volet eau, n&rsquo;h\u00e9sitez pas \u00e0 nous contacter !<\/p>\n<a href=\"https:\/\/uneseulesante-vetagrosup.mystrikingly.com\" class=\"shortc-button medium blue \"><span class=\"fa \" aria-hidden=\"true\"><\/span> Pour en savoir plus<\/a>\n<p><img decoding=\"async\" loading=\"lazy\" class=\"alignnone size-medium wp-image-16898\" src=\"https:\/\/asso.graie.org\/portail\/wp-content\/uploads\/2020\/12\/une_seule-santeORGA-300x53.jpg\" alt=\"\" width=\"300\" height=\"53\" srcset=\"https:\/\/asso.graie.org\/portail\/wp-content\/uploads\/2020\/12\/une_seule-santeORGA-300x53.jpg 300w, https:\/\/asso.graie.org\/portail\/wp-content\/uploads\/2020\/12\/une_seule-santeORGA-1024x181.jpg 1024w, https:\/\/asso.graie.org\/portail\/wp-content\/uploads\/2020\/12\/une_seule-santeORGA-768x136.jpg 768w, https:\/\/asso.graie.org\/portail\/wp-content\/uploads\/2020\/12\/une_seule-santeORGA-1536x271.jpg 1536w, https:\/\/asso.graie.org\/portail\/wp-content\/uploads\/2020\/12\/une_seule-santeORGA.jpg 1784w\" sizes=\"(max-width: 300px) 100vw, 300px\" \/><\/p>\n","protected":false},"excerpt":{"rendered":"<p>Organis\u00e9e par FRB, Vetagro&rsquo;Sup, Humanit\u00e9 et Biodiversit\u00e9, FNE, FSVF, ASEF, cette rencontre vise \u00e0 mobiliser scientifiques et professionnels autour des questionnements qui nous rassemblent pour aller vers une appropriation pratique du concept de sant\u00e9 unique. 7 ateliers th\u00e9matiques sont organis\u00e9s &hellip;<\/p>\n","protected":false},"author":3,"featured_media":16897,"comment_status":"closed","ping_status":"closed","sticky":false,"template":"","format":"standard","meta":{"_mi_skip_tracking":false,"footnotes":""},"categories":[27,28],"tags":[],"acf":[],"yoast_head":"<!-- This site is optimized with the Yoast SEO plugin v19.13 - https:\/\/yoast.com\/wordpress\/plugins\/seo\/ -->\n<title>Conf\u00e9rence | Une seule sant\u00e9 - et dans la pratique ? | Graie<\/title>\n<meta name=\"robots\" content=\"index, follow, max-snippet:-1, max-image-preview:large, max-video-preview:-1\" \/>\n<link rel=\"canonical\" href=\"https:\/\/asso.graie.org\/portail\/sante_unique\/\" \/>\n<meta property=\"og:locale\" content=\"fr_FR\" \/>\n<meta property=\"og:type\" content=\"article\" \/>\n<meta property=\"og:title\" content=\"Conf\u00e9rence | Une seule sant\u00e9 - et dans la pratique ? | Graie\" \/>\n<meta property=\"og:description\" content=\"Organis\u00e9e par FRB, Vetagro&rsquo;Sup, Humanit\u00e9 et Biodiversit\u00e9, FNE, FSVF, ASEF, cette rencontre vise \u00e0 mobiliser scientifiques et professionnels autour des questionnements qui nous rassemblent pour aller vers une appropriation pratique du concept de sant\u00e9 unique. 7 ateliers th\u00e9matiques sont organis\u00e9s &hellip;\" \/>\n<meta property=\"og:url\" content=\"https:\/\/asso.graie.org\/portail\/sante_unique\/\" \/>\n<meta property=\"og:site_name\" content=\"Graie\" \/>\n<meta property=\"article:published_time\" content=\"2021-02-24T08:52:09+00:00\" \/>\n<meta property=\"article:modified_time\" content=\"2021-11-15T17:25:51+00:00\" \/>\n<meta property=\"og:image\" content=\"https:\/\/asso.graie.org\/portail\/wp-content\/uploads\/2020\/12\/une_seule-sante.jpg\" \/>\n\t<meta property=\"og:image:width\" content=\"617\" \/>\n\t<meta property=\"og:image:height\" content=\"755\" \/>\n\t<meta property=\"og:image:type\" content=\"image\/jpeg\" \/>\n<meta name=\"author\" content=\"Laure Dumonte\" \/>\n<meta name=\"twitter:card\" content=\"summary_large_image\" \/>\n<meta name=\"twitter:creator\" content=\"@asso_graie\" \/>\n<meta name=\"twitter:site\" content=\"@asso_graie\" \/>\n<meta name=\"twitter:label1\" content=\"\u00c9crit par\" \/>\n\t<meta name=\"twitter:data1\" content=\"Laure Dumonte\" \/>\n\t<meta name=\"twitter:label2\" content=\"Dur\u00e9e de lecture estim\u00e9e\" \/>\n\t<meta name=\"twitter:data2\" content=\"1 minute\" \/>\n<script type=\"application\/ld+json\" class=\"yoast-schema-graph\">{\"@context\":\"https:\/\/schema.org\",\"@graph\":[{\"@type\":\"Article\",\"@id\":\"https:\/\/asso.graie.org\/portail\/sante_unique\/#article\",\"isPartOf\":{\"@id\":\"https:\/\/asso.graie.org\/portail\/sante_unique\/\"},\"author\":{\"name\":\"Laure Dumonte\",\"@id\":\"https:\/\/asso.graie.org\/portail\/#\/schema\/person\/b7fb559684005d59490969faaa8fc42f\"},\"headline\":\"Conf\u00e9rence | Une seule sant\u00e9 &#8211; et dans la pratique ?\",\"datePublished\":\"2021-02-24T08:52:09+00:00\",\"dateModified\":\"2021-11-15T17:25:51+00:00\",\"mainEntityOfPage\":{\"@id\":\"https:\/\/asso.graie.org\/portail\/sante_unique\/\"},\"wordCount\":299,\"publisher\":{\"@id\":\"https:\/\/asso.graie.org\/portail\/#organization\"},\"articleSection\":[\"Actualit\u00e9s partenaires\",\"Toute l'actualit\u00e9\"],\"inLanguage\":\"fr-FR\"},{\"@type\":\"WebPage\",\"@id\":\"https:\/\/asso.graie.org\/portail\/sante_unique\/\",\"url\":\"https:\/\/asso.graie.org\/portail\/sante_unique\/\",\"name\":\"Conf\u00e9rence | Une seule sant\u00e9 - et dans la pratique ? | Graie\",\"isPartOf\":{\"@id\":\"https:\/\/asso.graie.org\/portail\/#website\"},\"datePublished\":\"2021-02-24T08:52:09+00:00\",\"dateModified\":\"2021-11-15T17:25:51+00:00\",\"breadcrumb\":{\"@id\":\"https:\/\/asso.graie.org\/portail\/sante_unique\/#breadcrumb\"},\"inLanguage\":\"fr-FR\",\"potentialAction\":[{\"@type\":\"ReadAction\",\"target\":[\"https:\/\/asso.graie.org\/portail\/sante_unique\/\"]}]},{\"@type\":\"BreadcrumbList\",\"@id\":\"https:\/\/asso.graie.org\/portail\/sante_unique\/#breadcrumb\",\"itemListElement\":[{\"@type\":\"ListItem\",\"position\":1,\"name\":\"Accueil\",\"item\":\"https:\/\/asso.graie.org\/portail\/\"},{\"@type\":\"ListItem\",\"position\":2,\"name\":\"Conf\u00e9rence | Une seule sant\u00e9 &#8211; et dans la pratique ?\"}]},{\"@type\":\"WebSite\",\"@id\":\"https:\/\/asso.graie.org\/portail\/#website\",\"url\":\"https:\/\/asso.graie.org\/portail\/\",\"name\":\"Graie\",\"description\":\"P\u00f4le Eau et Territoires\",\"publisher\":{\"@id\":\"https:\/\/asso.graie.org\/portail\/#organization\"},\"potentialAction\":[{\"@type\":\"SearchAction\",\"target\":{\"@type\":\"EntryPoint\",\"urlTemplate\":\"https:\/\/asso.graie.org\/portail\/?s={search_term_string}\"},\"query-input\":\"required name=search_term_string\"}],\"inLanguage\":\"fr-FR\"},{\"@type\":\"Organization\",\"@id\":\"https:\/\/asso.graie.org\/portail\/#organization\",\"name\":\"Le Graie\",\"url\":\"https:\/\/asso.graie.org\/portail\/\",\"logo\":{\"@type\":\"ImageObject\",\"inLanguage\":\"fr-FR\",\"@id\":\"https:\/\/asso.graie.org\/portail\/#\/schema\/logo\/image\/\",\"url\":\"https:\/\/asso.graie.org\/portail\/wp-content\/uploads\/2021\/12\/Logotype-Graie.png\",\"contentUrl\":\"https:\/\/asso.graie.org\/portail\/wp-content\/uploads\/2021\/12\/Logotype-Graie.png\",\"width\":1890,\"height\":1181,\"caption\":\"Le Graie\"},\"image\":{\"@id\":\"https:\/\/asso.graie.org\/portail\/#\/schema\/logo\/image\/\"},\"sameAs\":[\"https:\/\/fr.linkedin.com\/company\/graie?trk=top_nav_home\",\"https:\/\/www.youtube.com\/channel\/UCZQk0Tt7upYwERYNdDIZqLQ\",\"https:\/\/twitter.com\/asso_graie\"]},{\"@type\":\"Person\",\"@id\":\"https:\/\/asso.graie.org\/portail\/#\/schema\/person\/b7fb559684005d59490969faaa8fc42f\",\"name\":\"Laure Dumonte\",\"url\":\"https:\/\/asso.graie.org\/portail\/author\/sarahscarrott\/\"}]}<\/script>\n<!-- \/ Yoast SEO plugin. -->","yoast_head_json":{"title":"Conf\u00e9rence | Une seule sant\u00e9 - et dans la pratique ? | Graie","robots":{"index":"index","follow":"follow","max-snippet":"max-snippet:-1","max-image-preview":"max-image-preview:large","max-video-preview":"max-video-preview:-1"},"canonical":"https:\/\/asso.graie.org\/portail\/sante_unique\/","og_locale":"fr_FR","og_type":"article","og_title":"Conf\u00e9rence | Une seule sant\u00e9 - et dans la pratique ? | Graie","og_description":"Organis\u00e9e par FRB, Vetagro&rsquo;Sup, Humanit\u00e9 et Biodiversit\u00e9, FNE, FSVF, ASEF, cette rencontre vise \u00e0 mobiliser scientifiques et professionnels autour des questionnements qui nous rassemblent pour aller vers une appropriation pratique du concept de sant\u00e9 unique. 7 ateliers th\u00e9matiques sont organis\u00e9s &hellip;","og_url":"https:\/\/asso.graie.org\/portail\/sante_unique\/","og_site_name":"Graie","article_published_time":"2021-02-24T08:52:09+00:00","article_modified_time":"2021-11-15T17:25:51+00:00","og_image":[{"width":617,"height":755,"url":"https:\/\/asso.graie.org\/portail\/wp-content\/uploads\/2020\/12\/une_seule-sante.jpg","type":"image\/jpeg"}],"author":"Laure Dumonte","twitter_card":"summary_large_image","twitter_creator":"@asso_graie","twitter_site":"@asso_graie","twitter_misc":{"\u00c9crit par":"Laure Dumonte","Dur\u00e9e de lecture estim\u00e9e":"1 minute"},"schema":{"@context":"https:\/\/schema.org","@graph":[{"@type":"Article","@id":"https:\/\/asso.graie.org\/portail\/sante_unique\/#article","isPartOf":{"@id":"https:\/\/asso.graie.org\/portail\/sante_unique\/"},"author":{"name":"Laure Dumonte","@id":"https:\/\/asso.graie.org\/portail\/#\/schema\/person\/b7fb559684005d59490969faaa8fc42f"},"headline":"Conf\u00e9rence | Une seule sant\u00e9 &#8211; et dans la pratique ?","datePublished":"2021-02-24T08:52:09+00:00","dateModified":"2021-11-15T17:25:51+00:00","mainEntityOfPage":{"@id":"https:\/\/asso.graie.org\/portail\/sante_unique\/"},"wordCount":299,"publisher":{"@id":"https:\/\/asso.graie.org\/portail\/#organization"},"articleSection":["Actualit\u00e9s partenaires","Toute l'actualit\u00e9"],"inLanguage":"fr-FR"},{"@type":"WebPage","@id":"https:\/\/asso.graie.org\/portail\/sante_unique\/","url":"https:\/\/asso.graie.org\/portail\/sante_unique\/","name":"Conf\u00e9rence | Une seule sant\u00e9 - et dans la pratique ? | Graie","isPartOf":{"@id":"https:\/\/asso.graie.org\/portail\/#website"},"datePublished":"2021-02-24T08:52:09+00:00","dateModified":"2021-11-15T17:25:51+00:00","breadcrumb":{"@id":"https:\/\/asso.graie.org\/portail\/sante_unique\/#breadcrumb"},"inLanguage":"fr-FR","potentialAction":[{"@type":"ReadAction","target":["https:\/\/asso.graie.org\/portail\/sante_unique\/"]}]},{"@type":"BreadcrumbList","@id":"https:\/\/asso.graie.org\/portail\/sante_unique\/#breadcrumb","itemListElement":[{"@type":"ListItem","position":1,"name":"Accueil","item":"https:\/\/asso.graie.org\/portail\/"},{"@type":"ListItem","position":2,"name":"Conf\u00e9rence | Une seule sant\u00e9 &#8211; et dans la pratique ?"}]},{"@type":"WebSite","@id":"https:\/\/asso.graie.org\/portail\/#website","url":"https:\/\/asso.graie.org\/portail\/","name":"Graie","description":"P\u00f4le Eau et Territoires","publisher":{"@id":"https:\/\/asso.graie.org\/portail\/#organization"},"potentialAction":[{"@type":"SearchAction","target":{"@type":"EntryPoint","urlTemplate":"https:\/\/asso.graie.org\/portail\/?s={search_term_string}"},"query-input":"required name=search_term_string"}],"inLanguage":"fr-FR"},{"@type":"Organization","@id":"https:\/\/asso.graie.org\/portail\/#organization","name":"Le Graie","url":"https:\/\/asso.graie.org\/portail\/","logo":{"@type":"ImageObject","inLanguage":"fr-FR","@id":"https:\/\/asso.graie.org\/portail\/#\/schema\/logo\/image\/","url":"https:\/\/asso.graie.org\/portail\/wp-content\/uploads\/2021\/12\/Logotype-Graie.png","contentUrl":"https:\/\/asso.graie.org\/portail\/wp-content\/uploads\/2021\/12\/Logotype-Graie.png","width":1890,"height":1181,"caption":"Le Graie"},"image":{"@id":"https:\/\/asso.graie.org\/portail\/#\/schema\/logo\/image\/"},"sameAs":["https:\/\/fr.linkedin.com\/company\/graie?trk=top_nav_home","https:\/\/www.youtube.com\/channel\/UCZQk0Tt7upYwERYNdDIZqLQ","https:\/\/twitter.com\/asso_graie"]},{"@type":"Person","@id":"https:\/\/asso.graie.org\/portail\/#\/schema\/person\/b7fb559684005d59490969faaa8fc42f","name":"Laure Dumonte","url":"https:\/\/asso.graie.org\/portail\/author\/sarahscarrott\/"}]}},"_links":{"self":[{"href":"https:\/\/asso.graie.org\/portail\/wp-json\/wp\/v2\/posts\/15730"}],"collection":[{"href":"https:\/\/asso.graie.org\/portail\/wp-json\/wp\/v2\/posts"}],"about":[{"href":"https:\/\/asso.graie.org\/portail\/wp-json\/wp\/v2\/types\/post"}],"author":[{"embeddable":true,"href":"https:\/\/asso.graie.org\/portail\/wp-json\/wp\/v2\/users\/3"}],"replies":[{"embeddable":true,"href":"https:\/\/asso.graie.org\/portail\/wp-json\/wp\/v2\/comments?post=15730"}],"version-history":[{"count":12,"href":"https:\/\/asso.graie.org\/portail\/wp-json\/wp\/v2\/posts\/15730\/revisions"}],"predecessor-version":[{"id":19117,"href":"https:\/\/asso.graie.org\/portail\/wp-json\/wp\/v2\/posts\/15730\/revisions\/19117"}],"wp:featuredmedia":[{"embeddable":true,"href":"https:\/\/asso.graie.org\/portail\/wp-json\/wp\/v2\/media\/16897"}],"wp:attachment":[{"href":"https:\/\/asso.graie.org\/portail\/wp-json\/wp\/v2\/media?parent=15730"}],"wp:term":[{"taxonomy":"category","embeddable":true,"href":"https:\/\/asso.graie.org\/portail\/wp-json\/wp\/v2\/categories?post=15730"},{"taxonomy":"post_tag","embeddable":true,"href":"https:\/\/asso.graie.org\/portail\/wp-json\/wp\/v2\/tags?post=15730"}],"curies":[{"name":"wp","href":"https:\/\/api.w.org\/{rel}","templated":true}]}}