{"id":16011,"date":"2021-05-05T14:00:10","date_gmt":"2021-05-05T12:00:10","guid":{"rendered":"https:\/\/asso.graie.org\/portail\/?p=16011"},"modified":"2021-11-15T18:26:29","modified_gmt":"2021-11-15T17:26:29","slug":"toitures-facades-vegetalisees","status":"publish","type":"post","link":"https:\/\/asso.graie.org\/portail\/toitures-facades-vegetalisees\/","title":{"rendered":"Les toitures et fa\u00e7ades v\u00e9g\u00e9talis\u00e9es"},"content":{"rendered":"<p><img decoding=\"async\" loading=\"lazy\" class=\"alignnone size-medium wp-image-17446\" src=\"https:\/\/asso.graie.org\/portail\/wp-content\/uploads\/2021\/05\/WGIN_day-300x106.jpg\" alt=\"\" width=\"300\" height=\"106\" srcset=\"https:\/\/asso.graie.org\/portail\/wp-content\/uploads\/2021\/05\/WGIN_day-300x106.jpg 300w, https:\/\/asso.graie.org\/portail\/wp-content\/uploads\/2021\/05\/WGIN_day-1024x361.jpg 1024w, https:\/\/asso.graie.org\/portail\/wp-content\/uploads\/2021\/05\/WGIN_day-768x271.jpg 768w, https:\/\/asso.graie.org\/portail\/wp-content\/uploads\/2021\/05\/WGIN_day.jpg 1142w\" sizes=\"(max-width: 300px) 100vw, 300px\" \/><\/p>\n<p>&nbsp;<\/p>\n<p>The<strong> European Green Infrastructure Day<\/strong> is a policy conference dedicated to exploring the state of affairs of urban green infrastructure in the European Union.<\/p>\n<p>&nbsp;<\/p>\n<p>Through a series of six online panels, over 30 speakers &#8211; among industry leaders, policy experts, political representatives and EU institutions officials &#8211; will discuss how to tap into the multiple benefits of green infrastructure, focusing on their contribution to green recovery and the path towards Europe&rsquo;s climate neutrality.<\/p>\n<p>&nbsp;<\/p>\n<p>The event, organised by the <strong>EU Chapter<\/strong> of the <strong>World Green Infrastructure Network<\/strong>, will take place on <strong>Thursday 27 May 2021, from 09.00 to 18.15 CEST.\u00a0<\/strong><\/p>\n<p>&nbsp;<\/p>\n<a href=\"https:\/\/asso.graie.org\/portail\/wp-content\/uploads\/2021\/05\/210426Programm_EGI_Day.pdf\" class=\"shortc-button medium blue \"><span class=\"fa \" aria-hidden=\"true\"><\/span> PROGRAMME<\/a>\u00a0\u00a0\u00a0 <a href=\"https:\/\/worldgreeninfrastructurenetwork.us10.list-manage.com\/track\/click?u=a58305c10f2ac1475fd6c6fc7&#038;id=8fb27d8d7c&#038;e=f6c353f6e5\" class=\"shortc-button medium blue \"><span class=\"fa \" aria-hidden=\"true\"><\/span> INSCRIPTION<\/a>\n","protected":false},"excerpt":{"rendered":"<p>&nbsp; The European Green Infrastructure Day is a policy conference dedicated to exploring the state of affairs of urban green infrastructure in the European Union. &nbsp; Through a series of six online panels, over 30 speakers &#8211; among industry leaders, &hellip;<\/p>\n","protected":false},"author":3,"featured_media":17445,"comment_status":"closed","ping_status":"closed","sticky":false,"template":"","format":"standard","meta":{"_mi_skip_tracking":false,"footnotes":""},"categories":[27,28],"tags":[88,228],"acf":[],"yoast_head":"<!-- This site is optimized with the Yoast SEO plugin v19.13 - https:\/\/yoast.com\/wordpress\/plugins\/seo\/ -->\n<title>Les toitures et fa\u00e7ades v\u00e9g\u00e9talis\u00e9es | Graie<\/title>\n<meta name=\"robots\" content=\"index, follow, max-snippet:-1, max-image-preview:large, max-video-preview:-1\" \/>\n<link rel=\"canonical\" href=\"https:\/\/asso.graie.org\/portail\/toitures-facades-vegetalisees\/\" \/>\n<meta property=\"og:locale\" content=\"fr_FR\" \/>\n<meta property=\"og:type\" content=\"article\" \/>\n<meta property=\"og:title\" content=\"Les toitures et fa\u00e7ades v\u00e9g\u00e9talis\u00e9es | Graie\" \/>\n<meta property=\"og:description\" content=\"&nbsp; The European Green Infrastructure Day is a policy conference dedicated to exploring the state of affairs of urban green infrastructure in the European Union. &nbsp; Through a series of six online panels, over 30 speakers &#8211; among industry leaders, &hellip;\" \/>\n<meta property=\"og:url\" content=\"https:\/\/asso.graie.org\/portail\/toitures-facades-vegetalisees\/\" \/>\n<meta property=\"og:site_name\" content=\"Graie\" \/>\n<meta property=\"article:published_time\" content=\"2021-05-05T12:00:10+00:00\" \/>\n<meta property=\"article:modified_time\" content=\"2021-11-15T17:26:29+00:00\" \/>\n<meta property=\"og:image\" content=\"https:\/\/asso.graie.org\/portail\/wp-content\/uploads\/2021\/05\/WGIN.png\" \/>\n\t<meta property=\"og:image:width\" content=\"1386\" \/>\n\t<meta property=\"og:image:height\" content=\"696\" \/>\n\t<meta property=\"og:image:type\" content=\"image\/png\" \/>\n<meta name=\"author\" content=\"Laure Dumonte\" \/>\n<meta name=\"twitter:card\" content=\"summary_large_image\" \/>\n<meta name=\"twitter:creator\" content=\"@asso_graie\" \/>\n<meta name=\"twitter:site\" content=\"@asso_graie\" \/>\n<meta name=\"twitter:label1\" content=\"\u00c9crit par\" \/>\n\t<meta name=\"twitter:data1\" content=\"Laure Dumonte\" \/>\n\t<meta name=\"twitter:label2\" content=\"Dur\u00e9e de lecture estim\u00e9e\" \/>\n\t<meta name=\"twitter:data2\" content=\"1 minute\" \/>\n<script type=\"application\/ld+json\" class=\"yoast-schema-graph\">{\"@context\":\"https:\/\/schema.org\",\"@graph\":[{\"@type\":\"Article\",\"@id\":\"https:\/\/asso.graie.org\/portail\/toitures-facades-vegetalisees\/#article\",\"isPartOf\":{\"@id\":\"https:\/\/asso.graie.org\/portail\/toitures-facades-vegetalisees\/\"},\"author\":{\"name\":\"Laure Dumonte\",\"@id\":\"https:\/\/asso.graie.org\/portail\/#\/schema\/person\/b7fb559684005d59490969faaa8fc42f\"},\"headline\":\"Les toitures et fa\u00e7ades v\u00e9g\u00e9talis\u00e9es\",\"datePublished\":\"2021-05-05T12:00:10+00:00\",\"dateModified\":\"2021-11-15T17:26:29+00:00\",\"mainEntityOfPage\":{\"@id\":\"https:\/\/asso.graie.org\/portail\/toitures-facades-vegetalisees\/\"},\"wordCount\":171,\"publisher\":{\"@id\":\"https:\/\/asso.graie.org\/portail\/#organization\"},\"keywords\":[\"am\u00e9nagement\",\"pluvial\"],\"articleSection\":[\"Actualit\u00e9s partenaires\",\"Toute l'actualit\u00e9\"],\"inLanguage\":\"fr-FR\"},{\"@type\":\"WebPage\",\"@id\":\"https:\/\/asso.graie.org\/portail\/toitures-facades-vegetalisees\/\",\"url\":\"https:\/\/asso.graie.org\/portail\/toitures-facades-vegetalisees\/\",\"name\":\"Les toitures et fa\u00e7ades v\u00e9g\u00e9talis\u00e9es | Graie\",\"isPartOf\":{\"@id\":\"https:\/\/asso.graie.org\/portail\/#website\"},\"datePublished\":\"2021-05-05T12:00:10+00:00\",\"dateModified\":\"2021-11-15T17:26:29+00:00\",\"breadcrumb\":{\"@id\":\"https:\/\/asso.graie.org\/portail\/toitures-facades-vegetalisees\/#breadcrumb\"},\"inLanguage\":\"fr-FR\",\"potentialAction\":[{\"@type\":\"ReadAction\",\"target\":[\"https:\/\/asso.graie.org\/portail\/toitures-facades-vegetalisees\/\"]}]},{\"@type\":\"BreadcrumbList\",\"@id\":\"https:\/\/asso.graie.org\/portail\/toitures-facades-vegetalisees\/#breadcrumb\",\"itemListElement\":[{\"@type\":\"ListItem\",\"position\":1,\"name\":\"Accueil\",\"item\":\"https:\/\/asso.graie.org\/portail\/\"},{\"@type\":\"ListItem\",\"position\":2,\"name\":\"Les toitures et fa\u00e7ades v\u00e9g\u00e9talis\u00e9es\"}]},{\"@type\":\"WebSite\",\"@id\":\"https:\/\/asso.graie.org\/portail\/#website\",\"url\":\"https:\/\/asso.graie.org\/portail\/\",\"name\":\"Graie\",\"description\":\"P\u00f4le Eau et Territoires\",\"publisher\":{\"@id\":\"https:\/\/asso.graie.org\/portail\/#organization\"},\"potentialAction\":[{\"@type\":\"SearchAction\",\"target\":{\"@type\":\"EntryPoint\",\"urlTemplate\":\"https:\/\/asso.graie.org\/portail\/?s={search_term_string}\"},\"query-input\":\"required name=search_term_string\"}],\"inLanguage\":\"fr-FR\"},{\"@type\":\"Organization\",\"@id\":\"https:\/\/asso.graie.org\/portail\/#organization\",\"name\":\"Le Graie\",\"url\":\"https:\/\/asso.graie.org\/portail\/\",\"logo\":{\"@type\":\"ImageObject\",\"inLanguage\":\"fr-FR\",\"@id\":\"https:\/\/asso.graie.org\/portail\/#\/schema\/logo\/image\/\",\"url\":\"https:\/\/asso.graie.org\/portail\/wp-content\/uploads\/2021\/12\/Logotype-Graie.png\",\"contentUrl\":\"https:\/\/asso.graie.org\/portail\/wp-content\/uploads\/2021\/12\/Logotype-Graie.png\",\"width\":1890,\"height\":1181,\"caption\":\"Le Graie\"},\"image\":{\"@id\":\"https:\/\/asso.graie.org\/portail\/#\/schema\/logo\/image\/\"},\"sameAs\":[\"https:\/\/fr.linkedin.com\/company\/graie?trk=top_nav_home\",\"https:\/\/www.youtube.com\/channel\/UCZQk0Tt7upYwERYNdDIZqLQ\",\"https:\/\/twitter.com\/asso_graie\"]},{\"@type\":\"Person\",\"@id\":\"https:\/\/asso.graie.org\/portail\/#\/schema\/person\/b7fb559684005d59490969faaa8fc42f\",\"name\":\"Laure Dumonte\",\"url\":\"https:\/\/asso.graie.org\/portail\/author\/sarahscarrott\/\"}]}<\/script>\n<!-- \/ Yoast SEO plugin. -->","yoast_head_json":{"title":"Les toitures et fa\u00e7ades v\u00e9g\u00e9talis\u00e9es | Graie","robots":{"index":"index","follow":"follow","max-snippet":"max-snippet:-1","max-image-preview":"max-image-preview:large","max-video-preview":"max-video-preview:-1"},"canonical":"https:\/\/asso.graie.org\/portail\/toitures-facades-vegetalisees\/","og_locale":"fr_FR","og_type":"article","og_title":"Les toitures et fa\u00e7ades v\u00e9g\u00e9talis\u00e9es | Graie","og_description":"&nbsp; The European Green Infrastructure Day is a policy conference dedicated to exploring the state of affairs of urban green infrastructure in the European Union. &nbsp; Through a series of six online panels, over 30 speakers &#8211; among industry leaders, &hellip;","og_url":"https:\/\/asso.graie.org\/portail\/toitures-facades-vegetalisees\/","og_site_name":"Graie","article_published_time":"2021-05-05T12:00:10+00:00","article_modified_time":"2021-11-15T17:26:29+00:00","og_image":[{"width":1386,"height":696,"url":"https:\/\/asso.graie.org\/portail\/wp-content\/uploads\/2021\/05\/WGIN.png","type":"image\/png"}],"author":"Laure Dumonte","twitter_card":"summary_large_image","twitter_creator":"@asso_graie","twitter_site":"@asso_graie","twitter_misc":{"\u00c9crit par":"Laure Dumonte","Dur\u00e9e de lecture estim\u00e9e":"1 minute"},"schema":{"@context":"https:\/\/schema.org","@graph":[{"@type":"Article","@id":"https:\/\/asso.graie.org\/portail\/toitures-facades-vegetalisees\/#article","isPartOf":{"@id":"https:\/\/asso.graie.org\/portail\/toitures-facades-vegetalisees\/"},"author":{"name":"Laure Dumonte","@id":"https:\/\/asso.graie.org\/portail\/#\/schema\/person\/b7fb559684005d59490969faaa8fc42f"},"headline":"Les toitures et fa\u00e7ades v\u00e9g\u00e9talis\u00e9es","datePublished":"2021-05-05T12:00:10+00:00","dateModified":"2021-11-15T17:26:29+00:00","mainEntityOfPage":{"@id":"https:\/\/asso.graie.org\/portail\/toitures-facades-vegetalisees\/"},"wordCount":171,"publisher":{"@id":"https:\/\/asso.graie.org\/portail\/#organization"},"keywords":["am\u00e9nagement","pluvial"],"articleSection":["Actualit\u00e9s partenaires","Toute l'actualit\u00e9"],"inLanguage":"fr-FR"},{"@type":"WebPage","@id":"https:\/\/asso.graie.org\/portail\/toitures-facades-vegetalisees\/","url":"https:\/\/asso.graie.org\/portail\/toitures-facades-vegetalisees\/","name":"Les toitures et fa\u00e7ades v\u00e9g\u00e9talis\u00e9es | Graie","isPartOf":{"@id":"https:\/\/asso.graie.org\/portail\/#website"},"datePublished":"2021-05-05T12:00:10+00:00","dateModified":"2021-11-15T17:26:29+00:00","breadcrumb":{"@id":"https:\/\/asso.graie.org\/portail\/toitures-facades-vegetalisees\/#breadcrumb"},"inLanguage":"fr-FR","potentialAction":[{"@type":"ReadAction","target":["https:\/\/asso.graie.org\/portail\/toitures-facades-vegetalisees\/"]}]},{"@type":"BreadcrumbList","@id":"https:\/\/asso.graie.org\/portail\/toitures-facades-vegetalisees\/#breadcrumb","itemListElement":[{"@type":"ListItem","position":1,"name":"Accueil","item":"https:\/\/asso.graie.org\/portail\/"},{"@type":"ListItem","position":2,"name":"Les toitures et fa\u00e7ades v\u00e9g\u00e9talis\u00e9es"}]},{"@type":"WebSite","@id":"https:\/\/asso.graie.org\/portail\/#website","url":"https:\/\/asso.graie.org\/portail\/","name":"Graie","description":"P\u00f4le Eau et Territoires","publisher":{"@id":"https:\/\/asso.graie.org\/portail\/#organization"},"potentialAction":[{"@type":"SearchAction","target":{"@type":"EntryPoint","urlTemplate":"https:\/\/asso.graie.org\/portail\/?s={search_term_string}"},"query-input":"required name=search_term_string"}],"inLanguage":"fr-FR"},{"@type":"Organization","@id":"https:\/\/asso.graie.org\/portail\/#organization","name":"Le Graie","url":"https:\/\/asso.graie.org\/portail\/","logo":{"@type":"ImageObject","inLanguage":"fr-FR","@id":"https:\/\/asso.graie.org\/portail\/#\/schema\/logo\/image\/","url":"https:\/\/asso.graie.org\/portail\/wp-content\/uploads\/2021\/12\/Logotype-Graie.png","contentUrl":"https:\/\/asso.graie.org\/portail\/wp-content\/uploads\/2021\/12\/Logotype-Graie.png","width":1890,"height":1181,"caption":"Le Graie"},"image":{"@id":"https:\/\/asso.graie.org\/portail\/#\/schema\/logo\/image\/"},"sameAs":["https:\/\/fr.linkedin.com\/company\/graie?trk=top_nav_home","https:\/\/www.youtube.com\/channel\/UCZQk0Tt7upYwERYNdDIZqLQ","https:\/\/twitter.com\/asso_graie"]},{"@type":"Person","@id":"https:\/\/asso.graie.org\/portail\/#\/schema\/person\/b7fb559684005d59490969faaa8fc42f","name":"Laure Dumonte","url":"https:\/\/asso.graie.org\/portail\/author\/sarahscarrott\/"}]}},"_links":{"self":[{"href":"https:\/\/asso.graie.org\/portail\/wp-json\/wp\/v2\/posts\/16011"}],"collection":[{"href":"https:\/\/asso.graie.org\/portail\/wp-json\/wp\/v2\/posts"}],"about":[{"href":"https:\/\/asso.graie.org\/portail\/wp-json\/wp\/v2\/types\/post"}],"author":[{"embeddable":true,"href":"https:\/\/asso.graie.org\/portail\/wp-json\/wp\/v2\/users\/3"}],"replies":[{"embeddable":true,"href":"https:\/\/asso.graie.org\/portail\/wp-json\/wp\/v2\/comments?post=16011"}],"version-history":[{"count":11,"href":"https:\/\/asso.graie.org\/portail\/wp-json\/wp\/v2\/posts\/16011\/revisions"}],"predecessor-version":[{"id":18591,"href":"https:\/\/asso.graie.org\/portail\/wp-json\/wp\/v2\/posts\/16011\/revisions\/18591"}],"wp:featuredmedia":[{"embeddable":true,"href":"https:\/\/asso.graie.org\/portail\/wp-json\/wp\/v2\/media\/17445"}],"wp:attachment":[{"href":"https:\/\/asso.graie.org\/portail\/wp-json\/wp\/v2\/media?parent=16011"}],"wp:term":[{"taxonomy":"category","embeddable":true,"href":"https:\/\/asso.graie.org\/portail\/wp-json\/wp\/v2\/categories?post=16011"},{"taxonomy":"post_tag","embeddable":true,"href":"https:\/\/asso.graie.org\/portail\/wp-json\/wp\/v2\/tags?post=16011"}],"curies":[{"name":"wp","href":"https:\/\/api.w.org\/{rel}","templated":true}]}}