{"id":16259,"date":"2020-09-28T15:51:16","date_gmt":"2020-09-28T13:51:16","guid":{"rendered":"https:\/\/asso.graie.org\/portail\/?p=16259"},"modified":"2021-11-05T16:40:07","modified_gmt":"2021-11-05T15:40:07","slug":"le-graie-participe-a-cycleau-vichy","status":"publish","type":"post","link":"https:\/\/asso.graie.org\/portail\/le-graie-participe-a-cycleau-vichy\/","title":{"rendered":"Le GRAIE participe \u00e0 CYCL\u2019EAU Vichy"},"content":{"rendered":"<p><a href=\"https:\/\/www.cycleau.fr\/\" target=\"_blank\" rel=\"noopener noreferrer\">Cycl\u2019eau<\/a> est le 1<sup>er<\/sup> salon professionnel r\u00e9gional d\u00e9di\u00e9 \u00e0 la gestion de l\u2019eau au c\u0153ur des bassins hydrographiques \u00e0 destination des acteurs publics et priv\u00e9s du secteur de la gestion de l\u2019eau.<\/p>\n<p>&nbsp;<\/p>\n<p>La prochaine journ\u00e9e th\u00e9matique se tiendra \u00e0 Vichy le 15 octobre 2020 sur le th\u00e8me \u00ab\u00a0Et si la nature \u00e9tait la solution ?\u00a0\u00bb<\/p>\n<p>&nbsp;<\/p>\n<p>Le GRAIE participera \u00e0 cette occasion au 1er atelier sur la gestion des eaux pluviales aux c\u00f4t\u00e9 de l\u2019agence de l\u2019eau Loire-Bretagne, Vichy Communaut\u00e9 et La Roannaise de l\u2019Eau.<\/p>\n<p>&nbsp;<\/p>\n<a href=\"https:\/\/www.cycleau.fr\/editions\/journee-technique-vichy-2020\" target=\"_blank\" class=\"shortc-button medium blue \"><span class=\"fa \" aria-hidden=\"true\"><\/span> Programme<\/a>\n","protected":false},"excerpt":{"rendered":"<p>Cycl\u2019eau est le 1er salon professionnel r\u00e9gional d\u00e9di\u00e9 \u00e0 la gestion de l\u2019eau au c\u0153ur des bassins hydrographiques \u00e0 destination des acteurs publics et priv\u00e9s du secteur de la gestion de l\u2019eau. &nbsp; La prochaine journ\u00e9e th\u00e9matique se tiendra \u00e0 &hellip;<\/p>\n","protected":false},"author":3,"featured_media":16664,"comment_status":"closed","ping_status":"closed","sticky":false,"template":"","format":"standard","meta":{"_mi_skip_tracking":false,"footnotes":""},"categories":[589],"tags":[],"acf":[],"yoast_head":"<!-- This site is optimized with the Yoast SEO plugin v19.13 - https:\/\/yoast.com\/wordpress\/plugins\/seo\/ -->\n<title>Le GRAIE participe \u00e0 CYCL\u2019EAU Vichy | Graie<\/title>\n<meta name=\"robots\" content=\"index, follow, max-snippet:-1, max-image-preview:large, max-video-preview:-1\" \/>\n<link rel=\"canonical\" href=\"https:\/\/asso.graie.org\/portail\/le-graie-participe-a-cycleau-vichy\/\" \/>\n<meta property=\"og:locale\" content=\"fr_FR\" \/>\n<meta property=\"og:type\" content=\"article\" \/>\n<meta property=\"og:title\" content=\"Le GRAIE participe \u00e0 CYCL\u2019EAU Vichy | Graie\" \/>\n<meta property=\"og:description\" content=\"Cycl\u2019eau est le 1er salon professionnel r\u00e9gional d\u00e9di\u00e9 \u00e0 la gestion de l\u2019eau au c\u0153ur des bassins hydrographiques \u00e0 destination des acteurs publics et priv\u00e9s du secteur de la gestion de l\u2019eau. &nbsp; La prochaine journ\u00e9e th\u00e9matique se tiendra \u00e0 &hellip;\" \/>\n<meta property=\"og:url\" content=\"https:\/\/asso.graie.org\/portail\/le-graie-participe-a-cycleau-vichy\/\" \/>\n<meta property=\"og:site_name\" content=\"Graie\" \/>\n<meta property=\"article:published_time\" content=\"2020-09-28T13:51:16+00:00\" \/>\n<meta property=\"article:modified_time\" content=\"2021-11-05T15:40:07+00:00\" \/>\n<meta property=\"og:image\" content=\"https:\/\/asso.graie.org\/portail\/wp-content\/uploads\/2020\/10\/cycleauvichyr.jpg\" \/>\n\t<meta property=\"og:image:width\" content=\"227\" \/>\n\t<meta property=\"og:image:height\" content=\"234\" \/>\n\t<meta property=\"og:image:type\" content=\"image\/jpeg\" \/>\n<meta name=\"author\" content=\"Laure Dumonte\" \/>\n<meta name=\"twitter:card\" content=\"summary_large_image\" \/>\n<meta name=\"twitter:creator\" content=\"@asso_graie\" \/>\n<meta name=\"twitter:site\" content=\"@asso_graie\" \/>\n<meta name=\"twitter:label1\" content=\"\u00c9crit par\" \/>\n\t<meta name=\"twitter:data1\" content=\"Laure Dumonte\" \/>\n\t<meta name=\"twitter:label2\" content=\"Dur\u00e9e de lecture estim\u00e9e\" \/>\n\t<meta name=\"twitter:data2\" content=\"1 minute\" \/>\n<script type=\"application\/ld+json\" class=\"yoast-schema-graph\">{\"@context\":\"https:\/\/schema.org\",\"@graph\":[{\"@type\":\"Article\",\"@id\":\"https:\/\/asso.graie.org\/portail\/le-graie-participe-a-cycleau-vichy\/#article\",\"isPartOf\":{\"@id\":\"https:\/\/asso.graie.org\/portail\/le-graie-participe-a-cycleau-vichy\/\"},\"author\":{\"name\":\"Laure Dumonte\",\"@id\":\"https:\/\/asso.graie.org\/portail\/#\/schema\/person\/b7fb559684005d59490969faaa8fc42f\"},\"headline\":\"Le GRAIE participe \u00e0 CYCL\u2019EAU Vichy\",\"datePublished\":\"2020-09-28T13:51:16+00:00\",\"dateModified\":\"2021-11-05T15:40:07+00:00\",\"mainEntityOfPage\":{\"@id\":\"https:\/\/asso.graie.org\/portail\/le-graie-participe-a-cycleau-vichy\/\"},\"wordCount\":119,\"publisher\":{\"@id\":\"https:\/\/asso.graie.org\/portail\/#organization\"},\"articleSection\":[\"Historique Agenda\"],\"inLanguage\":\"fr-FR\"},{\"@type\":\"WebPage\",\"@id\":\"https:\/\/asso.graie.org\/portail\/le-graie-participe-a-cycleau-vichy\/\",\"url\":\"https:\/\/asso.graie.org\/portail\/le-graie-participe-a-cycleau-vichy\/\",\"name\":\"Le GRAIE participe \u00e0 CYCL\u2019EAU Vichy | Graie\",\"isPartOf\":{\"@id\":\"https:\/\/asso.graie.org\/portail\/#website\"},\"datePublished\":\"2020-09-28T13:51:16+00:00\",\"dateModified\":\"2021-11-05T15:40:07+00:00\",\"breadcrumb\":{\"@id\":\"https:\/\/asso.graie.org\/portail\/le-graie-participe-a-cycleau-vichy\/#breadcrumb\"},\"inLanguage\":\"fr-FR\",\"potentialAction\":[{\"@type\":\"ReadAction\",\"target\":[\"https:\/\/asso.graie.org\/portail\/le-graie-participe-a-cycleau-vichy\/\"]}]},{\"@type\":\"BreadcrumbList\",\"@id\":\"https:\/\/asso.graie.org\/portail\/le-graie-participe-a-cycleau-vichy\/#breadcrumb\",\"itemListElement\":[{\"@type\":\"ListItem\",\"position\":1,\"name\":\"Accueil\",\"item\":\"https:\/\/asso.graie.org\/portail\/\"},{\"@type\":\"ListItem\",\"position\":2,\"name\":\"Le GRAIE participe \u00e0 CYCL\u2019EAU Vichy\"}]},{\"@type\":\"WebSite\",\"@id\":\"https:\/\/asso.graie.org\/portail\/#website\",\"url\":\"https:\/\/asso.graie.org\/portail\/\",\"name\":\"Graie\",\"description\":\"P\u00f4le Eau et Territoires\",\"publisher\":{\"@id\":\"https:\/\/asso.graie.org\/portail\/#organization\"},\"potentialAction\":[{\"@type\":\"SearchAction\",\"target\":{\"@type\":\"EntryPoint\",\"urlTemplate\":\"https:\/\/asso.graie.org\/portail\/?s={search_term_string}\"},\"query-input\":\"required name=search_term_string\"}],\"inLanguage\":\"fr-FR\"},{\"@type\":\"Organization\",\"@id\":\"https:\/\/asso.graie.org\/portail\/#organization\",\"name\":\"Le Graie\",\"url\":\"https:\/\/asso.graie.org\/portail\/\",\"logo\":{\"@type\":\"ImageObject\",\"inLanguage\":\"fr-FR\",\"@id\":\"https:\/\/asso.graie.org\/portail\/#\/schema\/logo\/image\/\",\"url\":\"https:\/\/asso.graie.org\/portail\/wp-content\/uploads\/2021\/12\/Logotype-Graie.png\",\"contentUrl\":\"https:\/\/asso.graie.org\/portail\/wp-content\/uploads\/2021\/12\/Logotype-Graie.png\",\"width\":1890,\"height\":1181,\"caption\":\"Le Graie\"},\"image\":{\"@id\":\"https:\/\/asso.graie.org\/portail\/#\/schema\/logo\/image\/\"},\"sameAs\":[\"https:\/\/fr.linkedin.com\/company\/graie?trk=top_nav_home\",\"https:\/\/www.youtube.com\/channel\/UCZQk0Tt7upYwERYNdDIZqLQ\",\"https:\/\/twitter.com\/asso_graie\"]},{\"@type\":\"Person\",\"@id\":\"https:\/\/asso.graie.org\/portail\/#\/schema\/person\/b7fb559684005d59490969faaa8fc42f\",\"name\":\"Laure Dumonte\",\"url\":\"https:\/\/asso.graie.org\/portail\/author\/sarahscarrott\/\"}]}<\/script>\n<!-- \/ Yoast SEO plugin. -->","yoast_head_json":{"title":"Le GRAIE participe \u00e0 CYCL\u2019EAU Vichy | Graie","robots":{"index":"index","follow":"follow","max-snippet":"max-snippet:-1","max-image-preview":"max-image-preview:large","max-video-preview":"max-video-preview:-1"},"canonical":"https:\/\/asso.graie.org\/portail\/le-graie-participe-a-cycleau-vichy\/","og_locale":"fr_FR","og_type":"article","og_title":"Le GRAIE participe \u00e0 CYCL\u2019EAU Vichy | Graie","og_description":"Cycl\u2019eau est le 1er salon professionnel r\u00e9gional d\u00e9di\u00e9 \u00e0 la gestion de l\u2019eau au c\u0153ur des bassins hydrographiques \u00e0 destination des acteurs publics et priv\u00e9s du secteur de la gestion de l\u2019eau. &nbsp; La prochaine journ\u00e9e th\u00e9matique se tiendra \u00e0 &hellip;","og_url":"https:\/\/asso.graie.org\/portail\/le-graie-participe-a-cycleau-vichy\/","og_site_name":"Graie","article_published_time":"2020-09-28T13:51:16+00:00","article_modified_time":"2021-11-05T15:40:07+00:00","og_image":[{"width":227,"height":234,"url":"https:\/\/asso.graie.org\/portail\/wp-content\/uploads\/2020\/10\/cycleauvichyr.jpg","type":"image\/jpeg"}],"author":"Laure Dumonte","twitter_card":"summary_large_image","twitter_creator":"@asso_graie","twitter_site":"@asso_graie","twitter_misc":{"\u00c9crit par":"Laure Dumonte","Dur\u00e9e de lecture estim\u00e9e":"1 minute"},"schema":{"@context":"https:\/\/schema.org","@graph":[{"@type":"Article","@id":"https:\/\/asso.graie.org\/portail\/le-graie-participe-a-cycleau-vichy\/#article","isPartOf":{"@id":"https:\/\/asso.graie.org\/portail\/le-graie-participe-a-cycleau-vichy\/"},"author":{"name":"Laure Dumonte","@id":"https:\/\/asso.graie.org\/portail\/#\/schema\/person\/b7fb559684005d59490969faaa8fc42f"},"headline":"Le GRAIE participe \u00e0 CYCL\u2019EAU Vichy","datePublished":"2020-09-28T13:51:16+00:00","dateModified":"2021-11-05T15:40:07+00:00","mainEntityOfPage":{"@id":"https:\/\/asso.graie.org\/portail\/le-graie-participe-a-cycleau-vichy\/"},"wordCount":119,"publisher":{"@id":"https:\/\/asso.graie.org\/portail\/#organization"},"articleSection":["Historique Agenda"],"inLanguage":"fr-FR"},{"@type":"WebPage","@id":"https:\/\/asso.graie.org\/portail\/le-graie-participe-a-cycleau-vichy\/","url":"https:\/\/asso.graie.org\/portail\/le-graie-participe-a-cycleau-vichy\/","name":"Le GRAIE participe \u00e0 CYCL\u2019EAU Vichy | Graie","isPartOf":{"@id":"https:\/\/asso.graie.org\/portail\/#website"},"datePublished":"2020-09-28T13:51:16+00:00","dateModified":"2021-11-05T15:40:07+00:00","breadcrumb":{"@id":"https:\/\/asso.graie.org\/portail\/le-graie-participe-a-cycleau-vichy\/#breadcrumb"},"inLanguage":"fr-FR","potentialAction":[{"@type":"ReadAction","target":["https:\/\/asso.graie.org\/portail\/le-graie-participe-a-cycleau-vichy\/"]}]},{"@type":"BreadcrumbList","@id":"https:\/\/asso.graie.org\/portail\/le-graie-participe-a-cycleau-vichy\/#breadcrumb","itemListElement":[{"@type":"ListItem","position":1,"name":"Accueil","item":"https:\/\/asso.graie.org\/portail\/"},{"@type":"ListItem","position":2,"name":"Le GRAIE participe \u00e0 CYCL\u2019EAU Vichy"}]},{"@type":"WebSite","@id":"https:\/\/asso.graie.org\/portail\/#website","url":"https:\/\/asso.graie.org\/portail\/","name":"Graie","description":"P\u00f4le Eau et Territoires","publisher":{"@id":"https:\/\/asso.graie.org\/portail\/#organization"},"potentialAction":[{"@type":"SearchAction","target":{"@type":"EntryPoint","urlTemplate":"https:\/\/asso.graie.org\/portail\/?s={search_term_string}"},"query-input":"required name=search_term_string"}],"inLanguage":"fr-FR"},{"@type":"Organization","@id":"https:\/\/asso.graie.org\/portail\/#organization","name":"Le Graie","url":"https:\/\/asso.graie.org\/portail\/","logo":{"@type":"ImageObject","inLanguage":"fr-FR","@id":"https:\/\/asso.graie.org\/portail\/#\/schema\/logo\/image\/","url":"https:\/\/asso.graie.org\/portail\/wp-content\/uploads\/2021\/12\/Logotype-Graie.png","contentUrl":"https:\/\/asso.graie.org\/portail\/wp-content\/uploads\/2021\/12\/Logotype-Graie.png","width":1890,"height":1181,"caption":"Le Graie"},"image":{"@id":"https:\/\/asso.graie.org\/portail\/#\/schema\/logo\/image\/"},"sameAs":["https:\/\/fr.linkedin.com\/company\/graie?trk=top_nav_home","https:\/\/www.youtube.com\/channel\/UCZQk0Tt7upYwERYNdDIZqLQ","https:\/\/twitter.com\/asso_graie"]},{"@type":"Person","@id":"https:\/\/asso.graie.org\/portail\/#\/schema\/person\/b7fb559684005d59490969faaa8fc42f","name":"Laure Dumonte","url":"https:\/\/asso.graie.org\/portail\/author\/sarahscarrott\/"}]}},"_links":{"self":[{"href":"https:\/\/asso.graie.org\/portail\/wp-json\/wp\/v2\/posts\/16259"}],"collection":[{"href":"https:\/\/asso.graie.org\/portail\/wp-json\/wp\/v2\/posts"}],"about":[{"href":"https:\/\/asso.graie.org\/portail\/wp-json\/wp\/v2\/types\/post"}],"author":[{"embeddable":true,"href":"https:\/\/asso.graie.org\/portail\/wp-json\/wp\/v2\/users\/3"}],"replies":[{"embeddable":true,"href":"https:\/\/asso.graie.org\/portail\/wp-json\/wp\/v2\/comments?post=16259"}],"version-history":[{"count":4,"href":"https:\/\/asso.graie.org\/portail\/wp-json\/wp\/v2\/posts\/16259\/revisions"}],"predecessor-version":[{"id":16595,"href":"https:\/\/asso.graie.org\/portail\/wp-json\/wp\/v2\/posts\/16259\/revisions\/16595"}],"wp:featuredmedia":[{"embeddable":true,"href":"https:\/\/asso.graie.org\/portail\/wp-json\/wp\/v2\/media\/16664"}],"wp:attachment":[{"href":"https:\/\/asso.graie.org\/portail\/wp-json\/wp\/v2\/media?parent=16259"}],"wp:term":[{"taxonomy":"category","embeddable":true,"href":"https:\/\/asso.graie.org\/portail\/wp-json\/wp\/v2\/categories?post=16259"},{"taxonomy":"post_tag","embeddable":true,"href":"https:\/\/asso.graie.org\/portail\/wp-json\/wp\/v2\/tags?post=16259"}],"curies":[{"name":"wp","href":"https:\/\/api.w.org\/{rel}","templated":true}]}}