{"id":16416,"date":"2020-08-28T10:37:20","date_gmt":"2020-08-28T08:37:20","guid":{"rendered":"https:\/\/asso.graie.org\/portail\/?p=16416"},"modified":"2024-08-29T11:25:16","modified_gmt":"2024-08-29T09:25:16","slug":"nouvelle-licence-professionnelle-nature-en-ville-a-lyon-accueillez-cette-annee-un-apprenti-dans-votre-entreprise","status":"publish","type":"post","link":"https:\/\/asso.graie.org\/portail\/nouvelle-licence-professionnelle-nature-en-ville-a-lyon-accueillez-cette-annee-un-apprenti-dans-votre-entreprise\/","title":{"rendered":"Nouvelle Licence Professionnelle \u00ab\u00a0Nature en Ville\u00a0\u00bb \u00e0 Lyon : accueillez cette ann\u00e9e un apprenti dans votre entreprise !"},"content":{"rendered":"\n<p>Premi\u00e8re rentr\u00e9e pour la <strong>Licence Professionnelle \u00ab\u00a0Nature en ville\u00a0\u00bb (NaVil)<\/strong> qui vient enrichir l&rsquo;offre<\/p>\n\n\n<div class=\"wp-block-image is-style-default\">\n<figure class=\"alignright is-resized\"><img decoding=\"async\" loading=\"lazy\" width=\"738\" height=\"489\" src=\"https:\/\/asso.graie.org\/portail\/wp-content\/uploads\/2020\/08\/Nature_ville.png\" alt=\"\" class=\"wp-image-16421\" style=\"aspect-ratio:1.50920245398773;width:310px;height:auto\" srcset=\"https:\/\/asso.graie.org\/portail\/wp-content\/uploads\/2020\/08\/Nature_ville.png 738w, https:\/\/asso.graie.org\/portail\/wp-content\/uploads\/2020\/08\/Nature_ville-300x199.png 300w\" sizes=\"(max-width: 738px) 100vw, 738px\" \/><\/figure><\/div>\n\n\n<p>professionnalisante d&rsquo;Agrotec Vienne, du Centre de Formation et de Promotion Horticole d&rsquo;Ecully et de l&rsquo;Universit\u00e9 Lyon 2, dans le domaine de l&rsquo;am\u00e9nagement durable.<\/p>\n\n\n\n<p>Accr\u00e9dit\u00e9e par le Minist\u00e8re de l&rsquo;Enseignement Sup\u00e9rieur et de la Recherche, la licence vise \u00e0 former les futurs professionnels ou professionnels d\u00e9j\u00e0 en exercice souhaitant adapter leurs pratiques \u00ab\u00a0pour mettre en \u0153uvre un cadre de vie qui s\u2019appuie sur des infrastructures vertes pour offrir esth\u00e9tique et biodiversit\u00e9, en favorisant le lien social et la frugalit\u00e9\u00a0\u00bb. La gestion des eaux pluviales constitue un des volets de la formation.<\/p>\n\n\n\n<p><strong>La Licence est accessible en alternance<\/strong> !<\/p>\n\n\n\n<p>Si vous souhaitez accueillir d\u00e8s cette ann\u00e9e un apprenti dans votre structure, pour des projets autour de l&rsquo;am\u00e9nagement de l&rsquo;espace urbain, contactez les responsables de la formation. L&rsquo;apprentissage est par ailleurs soutenu cette rentr\u00e9e par une prime \u00e0 l&#8217;embauche dans le cadre du plan de relance de l&rsquo;apprentissage.<\/p>\n\n\n<a href=\"\" class=\"shortc-button medium blue \"><span class=\"fa \" aria-hidden=\"true\"><\/span> Toutes les informations et contacts sur le site de l&rsquo;Universit\u00e9 Lyon 2<\/a>\n","protected":false},"excerpt":{"rendered":"<p>Premi\u00e8re rentr\u00e9e pour la Licence Professionnelle \u00ab\u00a0Nature en ville\u00a0\u00bb (NaVil) qui vient enrichir l&rsquo;offre professionnalisante d&rsquo;Agrotec Vienne, du Centre de Formation et de Promotion Horticole d&rsquo;Ecully et de l&rsquo;Universit\u00e9 Lyon 2, dans le domaine de l&rsquo;am\u00e9nagement durable. Accr\u00e9dit\u00e9e par le &hellip;<\/p>\n","protected":false},"author":3,"featured_media":16429,"comment_status":"closed","ping_status":"closed","sticky":false,"template":"","format":"standard","meta":{"_mi_skip_tracking":false,"footnotes":""},"categories":[589],"tags":[],"acf":[],"yoast_head":"<!-- This site is optimized with the Yoast SEO plugin v19.13 - https:\/\/yoast.com\/wordpress\/plugins\/seo\/ -->\n<title>Nouvelle Licence Professionnelle &quot;Nature en Ville&quot; \u00e0 Lyon : accueillez cette ann\u00e9e un apprenti dans votre entreprise ! | Graie<\/title>\n<meta name=\"robots\" content=\"index, follow, max-snippet:-1, max-image-preview:large, max-video-preview:-1\" \/>\n<link rel=\"canonical\" href=\"https:\/\/asso.graie.org\/portail\/nouvelle-licence-professionnelle-nature-en-ville-a-lyon-accueillez-cette-annee-un-apprenti-dans-votre-entreprise\/\" \/>\n<meta property=\"og:locale\" content=\"fr_FR\" \/>\n<meta property=\"og:type\" content=\"article\" \/>\n<meta property=\"og:title\" content=\"Nouvelle Licence Professionnelle &quot;Nature en Ville&quot; \u00e0 Lyon : accueillez cette ann\u00e9e un apprenti dans votre entreprise ! | Graie\" \/>\n<meta property=\"og:description\" content=\"Premi\u00e8re rentr\u00e9e pour la Licence Professionnelle \u00ab\u00a0Nature en ville\u00a0\u00bb (NaVil) qui vient enrichir l&rsquo;offre professionnalisante d&rsquo;Agrotec Vienne, du Centre de Formation et de Promotion Horticole d&rsquo;Ecully et de l&rsquo;Universit\u00e9 Lyon 2, dans le domaine de l&rsquo;am\u00e9nagement durable. Accr\u00e9dit\u00e9e par le &hellip;\" \/>\n<meta property=\"og:url\" content=\"https:\/\/asso.graie.org\/portail\/nouvelle-licence-professionnelle-nature-en-ville-a-lyon-accueillez-cette-annee-un-apprenti-dans-votre-entreprise\/\" \/>\n<meta property=\"og:site_name\" content=\"Graie\" \/>\n<meta property=\"article:published_time\" content=\"2020-08-28T08:37:20+00:00\" \/>\n<meta property=\"article:modified_time\" content=\"2024-08-29T09:25:16+00:00\" \/>\n<meta property=\"og:image\" content=\"https:\/\/asso.graie.org\/portail\/wp-content\/uploads\/2020\/08\/univlyon2.png\" \/>\n\t<meta property=\"og:image:width\" content=\"300\" \/>\n\t<meta property=\"og:image:height\" content=\"173\" \/>\n\t<meta property=\"og:image:type\" content=\"image\/png\" \/>\n<meta name=\"author\" content=\"Laure Dumonte\" \/>\n<meta name=\"twitter:card\" content=\"summary_large_image\" \/>\n<meta name=\"twitter:creator\" content=\"@asso_graie\" \/>\n<meta name=\"twitter:site\" content=\"@asso_graie\" \/>\n<meta name=\"twitter:label1\" content=\"\u00c9crit par\" \/>\n\t<meta name=\"twitter:data1\" content=\"Laure Dumonte\" \/>\n\t<meta name=\"twitter:label2\" content=\"Dur\u00e9e de lecture estim\u00e9e\" \/>\n\t<meta name=\"twitter:data2\" content=\"1 minute\" \/>\n<script type=\"application\/ld+json\" class=\"yoast-schema-graph\">{\"@context\":\"https:\/\/schema.org\",\"@graph\":[{\"@type\":\"Article\",\"@id\":\"https:\/\/asso.graie.org\/portail\/nouvelle-licence-professionnelle-nature-en-ville-a-lyon-accueillez-cette-annee-un-apprenti-dans-votre-entreprise\/#article\",\"isPartOf\":{\"@id\":\"https:\/\/asso.graie.org\/portail\/nouvelle-licence-professionnelle-nature-en-ville-a-lyon-accueillez-cette-annee-un-apprenti-dans-votre-entreprise\/\"},\"author\":{\"name\":\"Laure Dumonte\",\"@id\":\"https:\/\/asso.graie.org\/portail\/#\/schema\/person\/b7fb559684005d59490969faaa8fc42f\"},\"headline\":\"Nouvelle Licence Professionnelle \u00ab\u00a0Nature en Ville\u00a0\u00bb \u00e0 Lyon : accueillez cette ann\u00e9e un apprenti dans votre entreprise !\",\"datePublished\":\"2020-08-28T08:37:20+00:00\",\"dateModified\":\"2024-08-29T09:25:16+00:00\",\"mainEntityOfPage\":{\"@id\":\"https:\/\/asso.graie.org\/portail\/nouvelle-licence-professionnelle-nature-en-ville-a-lyon-accueillez-cette-annee-un-apprenti-dans-votre-entreprise\/\"},\"wordCount\":214,\"publisher\":{\"@id\":\"https:\/\/asso.graie.org\/portail\/#organization\"},\"articleSection\":[\"Historique Agenda\"],\"inLanguage\":\"fr-FR\"},{\"@type\":\"WebPage\",\"@id\":\"https:\/\/asso.graie.org\/portail\/nouvelle-licence-professionnelle-nature-en-ville-a-lyon-accueillez-cette-annee-un-apprenti-dans-votre-entreprise\/\",\"url\":\"https:\/\/asso.graie.org\/portail\/nouvelle-licence-professionnelle-nature-en-ville-a-lyon-accueillez-cette-annee-un-apprenti-dans-votre-entreprise\/\",\"name\":\"Nouvelle Licence Professionnelle \\\"Nature en Ville\\\" \u00e0 Lyon : accueillez cette ann\u00e9e un apprenti dans votre entreprise ! | Graie\",\"isPartOf\":{\"@id\":\"https:\/\/asso.graie.org\/portail\/#website\"},\"datePublished\":\"2020-08-28T08:37:20+00:00\",\"dateModified\":\"2024-08-29T09:25:16+00:00\",\"breadcrumb\":{\"@id\":\"https:\/\/asso.graie.org\/portail\/nouvelle-licence-professionnelle-nature-en-ville-a-lyon-accueillez-cette-annee-un-apprenti-dans-votre-entreprise\/#breadcrumb\"},\"inLanguage\":\"fr-FR\",\"potentialAction\":[{\"@type\":\"ReadAction\",\"target\":[\"https:\/\/asso.graie.org\/portail\/nouvelle-licence-professionnelle-nature-en-ville-a-lyon-accueillez-cette-annee-un-apprenti-dans-votre-entreprise\/\"]}]},{\"@type\":\"BreadcrumbList\",\"@id\":\"https:\/\/asso.graie.org\/portail\/nouvelle-licence-professionnelle-nature-en-ville-a-lyon-accueillez-cette-annee-un-apprenti-dans-votre-entreprise\/#breadcrumb\",\"itemListElement\":[{\"@type\":\"ListItem\",\"position\":1,\"name\":\"Accueil\",\"item\":\"https:\/\/asso.graie.org\/portail\/\"},{\"@type\":\"ListItem\",\"position\":2,\"name\":\"Nouvelle Licence Professionnelle \u00ab\u00a0Nature en Ville\u00a0\u00bb \u00e0 Lyon : accueillez cette ann\u00e9e un apprenti dans votre entreprise !\"}]},{\"@type\":\"WebSite\",\"@id\":\"https:\/\/asso.graie.org\/portail\/#website\",\"url\":\"https:\/\/asso.graie.org\/portail\/\",\"name\":\"Graie\",\"description\":\"P\u00f4le Eau et Territoires\",\"publisher\":{\"@id\":\"https:\/\/asso.graie.org\/portail\/#organization\"},\"potentialAction\":[{\"@type\":\"SearchAction\",\"target\":{\"@type\":\"EntryPoint\",\"urlTemplate\":\"https:\/\/asso.graie.org\/portail\/?s={search_term_string}\"},\"query-input\":\"required name=search_term_string\"}],\"inLanguage\":\"fr-FR\"},{\"@type\":\"Organization\",\"@id\":\"https:\/\/asso.graie.org\/portail\/#organization\",\"name\":\"Le Graie\",\"url\":\"https:\/\/asso.graie.org\/portail\/\",\"logo\":{\"@type\":\"ImageObject\",\"inLanguage\":\"fr-FR\",\"@id\":\"https:\/\/asso.graie.org\/portail\/#\/schema\/logo\/image\/\",\"url\":\"https:\/\/asso.graie.org\/portail\/wp-content\/uploads\/2021\/12\/Logotype-Graie.png\",\"contentUrl\":\"https:\/\/asso.graie.org\/portail\/wp-content\/uploads\/2021\/12\/Logotype-Graie.png\",\"width\":1890,\"height\":1181,\"caption\":\"Le Graie\"},\"image\":{\"@id\":\"https:\/\/asso.graie.org\/portail\/#\/schema\/logo\/image\/\"},\"sameAs\":[\"https:\/\/fr.linkedin.com\/company\/graie?trk=top_nav_home\",\"https:\/\/www.youtube.com\/channel\/UCZQk0Tt7upYwERYNdDIZqLQ\",\"https:\/\/twitter.com\/asso_graie\"]},{\"@type\":\"Person\",\"@id\":\"https:\/\/asso.graie.org\/portail\/#\/schema\/person\/b7fb559684005d59490969faaa8fc42f\",\"name\":\"Laure Dumonte\",\"url\":\"https:\/\/asso.graie.org\/portail\/author\/sarahscarrott\/\"}]}<\/script>\n<!-- \/ Yoast SEO plugin. -->","yoast_head_json":{"title":"Nouvelle Licence Professionnelle \"Nature en Ville\" \u00e0 Lyon : accueillez cette ann\u00e9e un apprenti dans votre entreprise ! | Graie","robots":{"index":"index","follow":"follow","max-snippet":"max-snippet:-1","max-image-preview":"max-image-preview:large","max-video-preview":"max-video-preview:-1"},"canonical":"https:\/\/asso.graie.org\/portail\/nouvelle-licence-professionnelle-nature-en-ville-a-lyon-accueillez-cette-annee-un-apprenti-dans-votre-entreprise\/","og_locale":"fr_FR","og_type":"article","og_title":"Nouvelle Licence Professionnelle \"Nature en Ville\" \u00e0 Lyon : accueillez cette ann\u00e9e un apprenti dans votre entreprise ! | Graie","og_description":"Premi\u00e8re rentr\u00e9e pour la Licence Professionnelle \u00ab\u00a0Nature en ville\u00a0\u00bb (NaVil) qui vient enrichir l&rsquo;offre professionnalisante d&rsquo;Agrotec Vienne, du Centre de Formation et de Promotion Horticole d&rsquo;Ecully et de l&rsquo;Universit\u00e9 Lyon 2, dans le domaine de l&rsquo;am\u00e9nagement durable. Accr\u00e9dit\u00e9e par le &hellip;","og_url":"https:\/\/asso.graie.org\/portail\/nouvelle-licence-professionnelle-nature-en-ville-a-lyon-accueillez-cette-annee-un-apprenti-dans-votre-entreprise\/","og_site_name":"Graie","article_published_time":"2020-08-28T08:37:20+00:00","article_modified_time":"2024-08-29T09:25:16+00:00","og_image":[{"width":300,"height":173,"url":"https:\/\/asso.graie.org\/portail\/wp-content\/uploads\/2020\/08\/univlyon2.png","type":"image\/png"}],"author":"Laure Dumonte","twitter_card":"summary_large_image","twitter_creator":"@asso_graie","twitter_site":"@asso_graie","twitter_misc":{"\u00c9crit par":"Laure Dumonte","Dur\u00e9e de lecture estim\u00e9e":"1 minute"},"schema":{"@context":"https:\/\/schema.org","@graph":[{"@type":"Article","@id":"https:\/\/asso.graie.org\/portail\/nouvelle-licence-professionnelle-nature-en-ville-a-lyon-accueillez-cette-annee-un-apprenti-dans-votre-entreprise\/#article","isPartOf":{"@id":"https:\/\/asso.graie.org\/portail\/nouvelle-licence-professionnelle-nature-en-ville-a-lyon-accueillez-cette-annee-un-apprenti-dans-votre-entreprise\/"},"author":{"name":"Laure Dumonte","@id":"https:\/\/asso.graie.org\/portail\/#\/schema\/person\/b7fb559684005d59490969faaa8fc42f"},"headline":"Nouvelle Licence Professionnelle \u00ab\u00a0Nature en Ville\u00a0\u00bb \u00e0 Lyon : accueillez cette ann\u00e9e un apprenti dans votre entreprise !","datePublished":"2020-08-28T08:37:20+00:00","dateModified":"2024-08-29T09:25:16+00:00","mainEntityOfPage":{"@id":"https:\/\/asso.graie.org\/portail\/nouvelle-licence-professionnelle-nature-en-ville-a-lyon-accueillez-cette-annee-un-apprenti-dans-votre-entreprise\/"},"wordCount":214,"publisher":{"@id":"https:\/\/asso.graie.org\/portail\/#organization"},"articleSection":["Historique Agenda"],"inLanguage":"fr-FR"},{"@type":"WebPage","@id":"https:\/\/asso.graie.org\/portail\/nouvelle-licence-professionnelle-nature-en-ville-a-lyon-accueillez-cette-annee-un-apprenti-dans-votre-entreprise\/","url":"https:\/\/asso.graie.org\/portail\/nouvelle-licence-professionnelle-nature-en-ville-a-lyon-accueillez-cette-annee-un-apprenti-dans-votre-entreprise\/","name":"Nouvelle Licence Professionnelle \"Nature en Ville\" \u00e0 Lyon : accueillez cette ann\u00e9e un apprenti dans votre entreprise ! | Graie","isPartOf":{"@id":"https:\/\/asso.graie.org\/portail\/#website"},"datePublished":"2020-08-28T08:37:20+00:00","dateModified":"2024-08-29T09:25:16+00:00","breadcrumb":{"@id":"https:\/\/asso.graie.org\/portail\/nouvelle-licence-professionnelle-nature-en-ville-a-lyon-accueillez-cette-annee-un-apprenti-dans-votre-entreprise\/#breadcrumb"},"inLanguage":"fr-FR","potentialAction":[{"@type":"ReadAction","target":["https:\/\/asso.graie.org\/portail\/nouvelle-licence-professionnelle-nature-en-ville-a-lyon-accueillez-cette-annee-un-apprenti-dans-votre-entreprise\/"]}]},{"@type":"BreadcrumbList","@id":"https:\/\/asso.graie.org\/portail\/nouvelle-licence-professionnelle-nature-en-ville-a-lyon-accueillez-cette-annee-un-apprenti-dans-votre-entreprise\/#breadcrumb","itemListElement":[{"@type":"ListItem","position":1,"name":"Accueil","item":"https:\/\/asso.graie.org\/portail\/"},{"@type":"ListItem","position":2,"name":"Nouvelle Licence Professionnelle \u00ab\u00a0Nature en Ville\u00a0\u00bb \u00e0 Lyon : accueillez cette ann\u00e9e un apprenti dans votre entreprise !"}]},{"@type":"WebSite","@id":"https:\/\/asso.graie.org\/portail\/#website","url":"https:\/\/asso.graie.org\/portail\/","name":"Graie","description":"P\u00f4le Eau et Territoires","publisher":{"@id":"https:\/\/asso.graie.org\/portail\/#organization"},"potentialAction":[{"@type":"SearchAction","target":{"@type":"EntryPoint","urlTemplate":"https:\/\/asso.graie.org\/portail\/?s={search_term_string}"},"query-input":"required name=search_term_string"}],"inLanguage":"fr-FR"},{"@type":"Organization","@id":"https:\/\/asso.graie.org\/portail\/#organization","name":"Le Graie","url":"https:\/\/asso.graie.org\/portail\/","logo":{"@type":"ImageObject","inLanguage":"fr-FR","@id":"https:\/\/asso.graie.org\/portail\/#\/schema\/logo\/image\/","url":"https:\/\/asso.graie.org\/portail\/wp-content\/uploads\/2021\/12\/Logotype-Graie.png","contentUrl":"https:\/\/asso.graie.org\/portail\/wp-content\/uploads\/2021\/12\/Logotype-Graie.png","width":1890,"height":1181,"caption":"Le Graie"},"image":{"@id":"https:\/\/asso.graie.org\/portail\/#\/schema\/logo\/image\/"},"sameAs":["https:\/\/fr.linkedin.com\/company\/graie?trk=top_nav_home","https:\/\/www.youtube.com\/channel\/UCZQk0Tt7upYwERYNdDIZqLQ","https:\/\/twitter.com\/asso_graie"]},{"@type":"Person","@id":"https:\/\/asso.graie.org\/portail\/#\/schema\/person\/b7fb559684005d59490969faaa8fc42f","name":"Laure Dumonte","url":"https:\/\/asso.graie.org\/portail\/author\/sarahscarrott\/"}]}},"_links":{"self":[{"href":"https:\/\/asso.graie.org\/portail\/wp-json\/wp\/v2\/posts\/16416"}],"collection":[{"href":"https:\/\/asso.graie.org\/portail\/wp-json\/wp\/v2\/posts"}],"about":[{"href":"https:\/\/asso.graie.org\/portail\/wp-json\/wp\/v2\/types\/post"}],"author":[{"embeddable":true,"href":"https:\/\/asso.graie.org\/portail\/wp-json\/wp\/v2\/users\/3"}],"replies":[{"embeddable":true,"href":"https:\/\/asso.graie.org\/portail\/wp-json\/wp\/v2\/comments?post=16416"}],"version-history":[{"count":16,"href":"https:\/\/asso.graie.org\/portail\/wp-json\/wp\/v2\/posts\/16416\/revisions"}],"predecessor-version":[{"id":26431,"href":"https:\/\/asso.graie.org\/portail\/wp-json\/wp\/v2\/posts\/16416\/revisions\/26431"}],"wp:featuredmedia":[{"embeddable":true,"href":"https:\/\/asso.graie.org\/portail\/wp-json\/wp\/v2\/media\/16429"}],"wp:attachment":[{"href":"https:\/\/asso.graie.org\/portail\/wp-json\/wp\/v2\/media?parent=16416"}],"wp:term":[{"taxonomy":"category","embeddable":true,"href":"https:\/\/asso.graie.org\/portail\/wp-json\/wp\/v2\/categories?post=16416"},{"taxonomy":"post_tag","embeddable":true,"href":"https:\/\/asso.graie.org\/portail\/wp-json\/wp\/v2\/tags?post=16416"}],"curies":[{"name":"wp","href":"https:\/\/api.w.org\/{rel}","templated":true}]}}