{"id":16434,"date":"2020-09-07T18:14:42","date_gmt":"2020-09-07T16:14:42","guid":{"rendered":"https:\/\/asso.graie.org\/portail\/?p=16434"},"modified":"2020-09-07T18:16:28","modified_gmt":"2020-09-07T16:16:28","slug":"lancement-du-programme-de-recherche-desir-2020-2021","status":"publish","type":"post","link":"https:\/\/asso.graie.org\/portail\/lancement-du-programme-de-recherche-desir-2020-2021\/","title":{"rendered":"Lancement du programme de recherche DESIR 2020-2021"},"content":{"rendered":"<div>\n<p class=\"text-build-content\" data-testid=\"TJgQxoirH\"><img decoding=\"async\" loading=\"lazy\" class=\"alignright\" src=\"https:\/\/gy9u.mjt.lu\/img\/gy9u\/b\/mhnwx\/v7xr9.png\" alt=\"\" width=\"208\" height=\"86\" \/><\/p>\n<p>&nbsp;<\/p>\n<p class=\"text-build-content\" data-testid=\"TJgQxoirH\"><i><b>\u00ab <\/b><\/i><i><b>Envisager une strat\u00e9gie d\u2019assainissement pluvial durable\u00a0et accompagner les collectivit\u00e9s <\/b><\/i><i><b>dans cette d\u00e9marche <\/b><\/i><i><b>\u00bb<\/b><\/i><\/p>\n<\/div>\n<div>\n<div>\n<p class=\"text-build-content\" data-testid=\"p_7Z-Gt44\"><b>Le programme DESIR <\/b>\u00ab D\u00e9veloppement et \u00e9valuation de strat\u00e9gies de gestion durable des s\u00e9diments de bassins d\u2019infiltration et de r\u00e9tention des eaux pluviales \u00bb a \u00e9t\u00e9 lanc\u00e9 en novembre 2019, \u00e0 l\u2019initiative du laboratoire de recherche DEEP de l\u2019INSA Lyon, dans le cadre de l\u2019accord de coop\u00e9ration de recherche 2019 \u2013 2024 entre l\u2019OTHU et l\u2019Agence de l\u2019Eau Rh\u00f4ne M\u00e9diterran\u00e9e Corse.<\/p>\n<p class=\"text-build-content\" data-testid=\"p_7Z-Gt44\">Il s\u2019agit de proc\u00e9der \u00e0 un <b>\u00e9tat des lieux des pratiques actuelles et des connaissances pour la gestion des s\u00e9diments pluviaux,<\/b> pour ensuite <b>proposer des solutions de traitements ou de valorisation de ces s\u00e9diments.<\/b><\/p>\n<p data-testid=\"p_7Z-Gt44\">Le programme sera conduit sur <b>24 mois<\/b> sur des sites de la M\u00e9tropole de Lyon ; les r\u00e9sultats auront une port\u00e9e bien plus grande \u00e0 l\u2019\u00e9chelle nationale. Apr\u00e8s la formulation des propositions de solutions, un second programme pourrait \u00eatre envisag\u00e9 pour leur d\u00e9veloppement, \u00e0 l\u2019\u00e9chelle pilote ou en r\u00e9el.<\/p>\n<p>&nbsp;<\/p>\n<div>\n<h3 class=\"text-build-content\" data-testid=\"2PRePLMKz\"><b>Les s\u00e9diments de bassins d\u2019infiltration et de r\u00e9tention des eaux pluviales<\/b><\/h3>\n<p>&nbsp;<\/p>\n<p><strong>Les bassins d\u2019infiltration et de r\u00e9tention permettent de d\u00e9polluer les eaux pluviales<\/strong>, de limiter les ph\u00e9nom\u00e8nes d\u2019inondation par ruissellement, de recharger les nappes phr\u00e9atiques en eau et sont des ouvrages qui contribuent au paysage urbain.<\/p>\n<div>\n<p class=\"text-build-content\" data-testid=\"9cvQXBAgN\"><strong>Comme tout ouvrage technique d\u2019assainissement, ces bassins doivent \u00eatre entretenus<\/strong>. Les collectivit\u00e9s doivent g\u00e9rer la production de s\u00e9diments dans ces bassins (preuve de leur bon fonctionnement). Une fois extraits de leur milieu, ils sont assimil\u00e9s \u00e0 des d\u00e9chets, ce qui pose de nombreuses questions op\u00e9rationnelles sur comment traiter et\/ou valoriser ces sous-produits de l\u2019assainissement.<\/p>\n<p>&nbsp;<\/p>\n<p class=\"text-build-content\" data-testid=\"9cvQXBAgN\">La M\u00e9tropole de Lyon, partenaire du programme, compte plus de 280 bassins d\u2019infiltration et de r\u00e9tention sur son territoire ; la recherche de solutions de traitement de ces sous-produits est une r\u00e9elle pr\u00e9occupation dans la mise en \u0153uvre d\u2019une politique efficiente d\u2019assainissement pour toutes les collectivit\u00e9s.<\/p>\n<p>&nbsp;<\/p>\n<p class=\"text-build-content\" data-testid=\"9cvQXBAgN\">C\u2019est pourquoi, plusieurs \u00e9quipes de recherche, la M\u00e9tropole de Lyon et le Graie se sont mobilis\u00e9s au sein de l\u2019OTHU pour lancer ce programme de recherche.<\/p>\n<p>&nbsp;<\/p>\n<h3 class=\"text-build-content\" data-testid=\"L9qcR3HyxA\"><b>Les partenaires<\/b><\/h3>\n<p>&nbsp;<\/p>\n<p data-testid=\"L9qcR3HyxA\"><strong>En lien avec l\u2019Agence de l\u2019eau RMC et l\u2019OTHU (Observatoire de Terrain en Hydrologie Urbaine), le laboratoire DEEP (D\u00e9chets, Eaux, Environnement, Pollutions) de l\u2019INSA Lyon pilote ce programme<\/strong>, et apporte ainsi sa comp\u00e9tence et son exp\u00e9rience dans la conduite de recherches pluridisciplinaires en ing\u00e9nierie environnementale, depuis l\u2019exp\u00e9rimentation sur pilote de laboratoire jusqu\u2019aux suivis de long terme sur sites r\u00e9els, en milieux industriels et urbains.<\/p>\n<p>&nbsp;<\/p>\n<p class=\"text-build-content\" data-testid=\"L9qcR3HyxA\">Il s\u2019appuie sur un consortium diversifi\u00e9, o\u00f9 chaque partenaire aura son expertise \u00e0 apporter :<\/p>\n<ul>\n<li><strong>Le BRGM<\/strong> : expert de la gestion des ressources et des risques des sols.<\/li>\n<li><strong>L\u2019\u00c9cole Nationale des travaux Publics de l\u2019\u00c9tat<\/strong> (ENTPE \u2013 laboratoire Lehna IPE \u2013 Impact des polluants sur les \u00e9cosyst\u00e8mes) : impliqu\u00e9 sur les actions de caract\u00e9risation et connaissance de l\u2019hydrodynamisme et de la g\u00e9ophysique des sols et s\u00e9diments<\/li>\n<li><strong>L\u2019\u00c9cole v\u00e9t\u00e9rinaire de Lyon<\/strong> (VetAgro Sup \u2013 Laboratoire d\u2019\u00e9cologie Microbienne) : \u00a0expert en microbiologie et bact\u00e9ries pathog\u00e8nes au sein de l\u2019eau et des s\u00e9diments<\/li>\n<li><strong>Le GRAIE<\/strong> (Groupe de Recherche, Animation Technique et Information sur l\u2019Eau) : animateur de programmes de recherche, de groupes de travail sur ces sujets et \u00e0 l\u2019\u00e9coute des attentes des collectivit\u00e9s, l\u2019association sera impliqu\u00e9e dans la coordination et la communication de DESIR.<\/li>\n<li><strong>La plateforme PROVADEMSE<\/strong> \u2013 Plateforme d\u2019innovation technique qui s\u2019attachera \u00e0 l\u2019analyse du cycle de vie de ces d\u00e9chets<\/li>\n<\/ul>\n<p class=\"text-build-content\" data-testid=\"L9qcR3HyxA\">Une s\u00e9rie d\u2019interviews des acteurs du programme DESIR est en ligne sur <a class=\"link-build-content broken_link\" href=\"http:\/\/www.graie.org\/othu\/progr_desir.htm\" target=\"_blank\" rel=\"noopener noreferrer\"><u>la page internet du programme.<\/u><\/a><\/p>\n<p data-testid=\"L9qcR3HyxA\"><img decoding=\"async\" src=\"https:\/\/gy9u.mjt.lu\/img\/gy9u\/b\/mhnwx\/v7343.jpeg\" alt=\"Partenaires\" width=\"600\" height=\"auto\" \/><\/p>\n<p class=\"text-build-content\" data-testid=\"USPbUFzRcT\"><b><u>&gt;&gt; Pour plus d&rsquo;informations<\/u>, rendez-vous sur les sites internet :\u00a0<\/b><\/p>\n<ul>\n<li>Programme DESIR : <a class=\"link-build-content broken_link\" href=\"http:\/\/www.graie.org\/othu\/progr_desir.htm\" target=\"_blank\" rel=\"noopener noreferrer\"><u>http:\/\/www.graie.org\/othu\/progr_desir.htm<\/u><\/a><\/li>\n<li>Laboratoire DEEP \u2013 INSA Lyon : <a class=\"link-build-content\" href=\"http:\/\/deep.insa-lyon.fr\" target=\"_blank\" rel=\"noopener noreferrer\"><u>http:\/\/deep.insa-lyon.fr<\/u><\/a><\/li>\n<li>Agence de l\u2019EAU RMC : <a class=\"link-build-content\" href=\"https:\/\/www.eaurmc.fr\" target=\"_blank\" rel=\"noopener noreferrer\"><u>https:\/\/www.eaurmc.fr<\/u><\/a><\/li>\n<li>L\u2019OTHU : <a class=\"link-build-content\" href=\"http:\/\/www.othu.org\" target=\"_blank\" rel=\"noopener noreferrer\"><u>http:\/\/www.othu.org<\/u><\/a><\/li>\n<\/ul>\n<p><strong>Contact GRAIE<\/strong> : <a class=\"lightbox-enabled\" href=\"https:\/\/asso.graie.org\/portail\/laetitia-bacot\/\" data-caption=\"\" title=\"\">La\u00ebtitia Bacot, Directrice ex\u00e9cutive de l\u2019OTHU<\/a>\n<\/div>\n<\/div>\n<\/div>\n<\/div>\n","protected":false},"excerpt":{"rendered":"<p>&nbsp; \u00ab Envisager une strat\u00e9gie d\u2019assainissement pluvial durable\u00a0et accompagner les collectivit\u00e9s dans cette d\u00e9marche \u00bb Le programme DESIR \u00ab D\u00e9veloppement et \u00e9valuation de strat\u00e9gies de gestion durable des s\u00e9diments de bassins d\u2019infiltration et de r\u00e9tention des eaux pluviales \u00bb a &hellip;<\/p>\n","protected":false},"author":3,"featured_media":16442,"comment_status":"closed","ping_status":"closed","sticky":false,"template":"","format":"standard","meta":{"_mi_skip_tracking":false,"footnotes":""},"categories":[24,78,28],"tags":[],"acf":[],"yoast_head":"<!-- This site is optimized with the Yoast SEO plugin v19.13 - https:\/\/yoast.com\/wordpress\/plugins\/seo\/ -->\n<title>Lancement du programme de recherche DESIR 2020-2021 | Graie<\/title>\n<meta name=\"robots\" content=\"index, follow, max-snippet:-1, max-image-preview:large, max-video-preview:-1\" \/>\n<link rel=\"canonical\" href=\"https:\/\/asso.graie.org\/portail\/lancement-du-programme-de-recherche-desir-2020-2021\/\" \/>\n<meta property=\"og:locale\" content=\"fr_FR\" \/>\n<meta property=\"og:type\" content=\"article\" \/>\n<meta property=\"og:title\" content=\"Lancement du programme de recherche DESIR 2020-2021 | Graie\" \/>\n<meta property=\"og:description\" content=\"&nbsp; \u00ab Envisager une strat\u00e9gie d\u2019assainissement pluvial durable\u00a0et accompagner les collectivit\u00e9s dans cette d\u00e9marche \u00bb Le programme DESIR \u00ab D\u00e9veloppement et \u00e9valuation de strat\u00e9gies de gestion durable des s\u00e9diments de bassins d\u2019infiltration et de r\u00e9tention des eaux pluviales \u00bb a &hellip;\" \/>\n<meta property=\"og:url\" content=\"https:\/\/asso.graie.org\/portail\/lancement-du-programme-de-recherche-desir-2020-2021\/\" \/>\n<meta property=\"og:site_name\" content=\"Graie\" \/>\n<meta property=\"article:published_time\" content=\"2020-09-07T16:14:42+00:00\" \/>\n<meta property=\"article:modified_time\" content=\"2020-09-07T16:16:28+00:00\" \/>\n<meta property=\"og:image\" content=\"https:\/\/asso.graie.org\/portail\/wp-content\/uploads\/2020\/09\/couche-colmatee-1-scaled.jpg\" \/>\n\t<meta property=\"og:image:width\" content=\"2560\" \/>\n\t<meta property=\"og:image:height\" content=\"1920\" \/>\n\t<meta property=\"og:image:type\" content=\"image\/jpeg\" \/>\n<meta name=\"author\" content=\"Laure Dumonte\" \/>\n<meta name=\"twitter:card\" content=\"summary_large_image\" \/>\n<meta name=\"twitter:creator\" content=\"@asso_graie\" \/>\n<meta name=\"twitter:site\" content=\"@asso_graie\" \/>\n<meta name=\"twitter:label1\" content=\"\u00c9crit par\" \/>\n\t<meta name=\"twitter:data1\" content=\"Laure Dumonte\" \/>\n\t<meta name=\"twitter:label2\" content=\"Dur\u00e9e de lecture estim\u00e9e\" \/>\n\t<meta name=\"twitter:data2\" content=\"4 minutes\" \/>\n<script type=\"application\/ld+json\" class=\"yoast-schema-graph\">{\"@context\":\"https:\/\/schema.org\",\"@graph\":[{\"@type\":\"Article\",\"@id\":\"https:\/\/asso.graie.org\/portail\/lancement-du-programme-de-recherche-desir-2020-2021\/#article\",\"isPartOf\":{\"@id\":\"https:\/\/asso.graie.org\/portail\/lancement-du-programme-de-recherche-desir-2020-2021\/\"},\"author\":{\"name\":\"Laure Dumonte\",\"@id\":\"https:\/\/asso.graie.org\/portail\/#\/schema\/person\/b7fb559684005d59490969faaa8fc42f\"},\"headline\":\"Lancement du programme de recherche DESIR 2020-2021\",\"datePublished\":\"2020-09-07T16:14:42+00:00\",\"dateModified\":\"2020-09-07T16:16:28+00:00\",\"mainEntityOfPage\":{\"@id\":\"https:\/\/asso.graie.org\/portail\/lancement-du-programme-de-recherche-desir-2020-2021\/\"},\"wordCount\":716,\"publisher\":{\"@id\":\"https:\/\/asso.graie.org\/portail\/#organization\"},\"articleSection\":[\"Actu Graie\",\"Assainissement\",\"Toute l'actualit\u00e9\"],\"inLanguage\":\"fr-FR\"},{\"@type\":\"WebPage\",\"@id\":\"https:\/\/asso.graie.org\/portail\/lancement-du-programme-de-recherche-desir-2020-2021\/\",\"url\":\"https:\/\/asso.graie.org\/portail\/lancement-du-programme-de-recherche-desir-2020-2021\/\",\"name\":\"Lancement du programme de recherche DESIR 2020-2021 | Graie\",\"isPartOf\":{\"@id\":\"https:\/\/asso.graie.org\/portail\/#website\"},\"datePublished\":\"2020-09-07T16:14:42+00:00\",\"dateModified\":\"2020-09-07T16:16:28+00:00\",\"breadcrumb\":{\"@id\":\"https:\/\/asso.graie.org\/portail\/lancement-du-programme-de-recherche-desir-2020-2021\/#breadcrumb\"},\"inLanguage\":\"fr-FR\",\"potentialAction\":[{\"@type\":\"ReadAction\",\"target\":[\"https:\/\/asso.graie.org\/portail\/lancement-du-programme-de-recherche-desir-2020-2021\/\"]}]},{\"@type\":\"BreadcrumbList\",\"@id\":\"https:\/\/asso.graie.org\/portail\/lancement-du-programme-de-recherche-desir-2020-2021\/#breadcrumb\",\"itemListElement\":[{\"@type\":\"ListItem\",\"position\":1,\"name\":\"Accueil\",\"item\":\"https:\/\/asso.graie.org\/portail\/\"},{\"@type\":\"ListItem\",\"position\":2,\"name\":\"Lancement du programme de recherche DESIR 2020-2021\"}]},{\"@type\":\"WebSite\",\"@id\":\"https:\/\/asso.graie.org\/portail\/#website\",\"url\":\"https:\/\/asso.graie.org\/portail\/\",\"name\":\"Graie\",\"description\":\"P\u00f4le Eau et Territoires\",\"publisher\":{\"@id\":\"https:\/\/asso.graie.org\/portail\/#organization\"},\"potentialAction\":[{\"@type\":\"SearchAction\",\"target\":{\"@type\":\"EntryPoint\",\"urlTemplate\":\"https:\/\/asso.graie.org\/portail\/?s={search_term_string}\"},\"query-input\":\"required name=search_term_string\"}],\"inLanguage\":\"fr-FR\"},{\"@type\":\"Organization\",\"@id\":\"https:\/\/asso.graie.org\/portail\/#organization\",\"name\":\"Le Graie\",\"url\":\"https:\/\/asso.graie.org\/portail\/\",\"logo\":{\"@type\":\"ImageObject\",\"inLanguage\":\"fr-FR\",\"@id\":\"https:\/\/asso.graie.org\/portail\/#\/schema\/logo\/image\/\",\"url\":\"https:\/\/asso.graie.org\/portail\/wp-content\/uploads\/2021\/12\/Logotype-Graie.png\",\"contentUrl\":\"https:\/\/asso.graie.org\/portail\/wp-content\/uploads\/2021\/12\/Logotype-Graie.png\",\"width\":1890,\"height\":1181,\"caption\":\"Le Graie\"},\"image\":{\"@id\":\"https:\/\/asso.graie.org\/portail\/#\/schema\/logo\/image\/\"},\"sameAs\":[\"https:\/\/fr.linkedin.com\/company\/graie?trk=top_nav_home\",\"https:\/\/www.youtube.com\/channel\/UCZQk0Tt7upYwERYNdDIZqLQ\",\"https:\/\/twitter.com\/asso_graie\"]},{\"@type\":\"Person\",\"@id\":\"https:\/\/asso.graie.org\/portail\/#\/schema\/person\/b7fb559684005d59490969faaa8fc42f\",\"name\":\"Laure Dumonte\",\"url\":\"https:\/\/asso.graie.org\/portail\/author\/sarahscarrott\/\"}]}<\/script>\n<!-- \/ Yoast SEO plugin. -->","yoast_head_json":{"title":"Lancement du programme de recherche DESIR 2020-2021 | Graie","robots":{"index":"index","follow":"follow","max-snippet":"max-snippet:-1","max-image-preview":"max-image-preview:large","max-video-preview":"max-video-preview:-1"},"canonical":"https:\/\/asso.graie.org\/portail\/lancement-du-programme-de-recherche-desir-2020-2021\/","og_locale":"fr_FR","og_type":"article","og_title":"Lancement du programme de recherche DESIR 2020-2021 | Graie","og_description":"&nbsp; \u00ab Envisager une strat\u00e9gie d\u2019assainissement pluvial durable\u00a0et accompagner les collectivit\u00e9s dans cette d\u00e9marche \u00bb Le programme DESIR \u00ab D\u00e9veloppement et \u00e9valuation de strat\u00e9gies de gestion durable des s\u00e9diments de bassins d\u2019infiltration et de r\u00e9tention des eaux pluviales \u00bb a &hellip;","og_url":"https:\/\/asso.graie.org\/portail\/lancement-du-programme-de-recherche-desir-2020-2021\/","og_site_name":"Graie","article_published_time":"2020-09-07T16:14:42+00:00","article_modified_time":"2020-09-07T16:16:28+00:00","og_image":[{"width":2560,"height":1920,"url":"https:\/\/asso.graie.org\/portail\/wp-content\/uploads\/2020\/09\/couche-colmatee-1-scaled.jpg","type":"image\/jpeg"}],"author":"Laure Dumonte","twitter_card":"summary_large_image","twitter_creator":"@asso_graie","twitter_site":"@asso_graie","twitter_misc":{"\u00c9crit par":"Laure Dumonte","Dur\u00e9e de lecture estim\u00e9e":"4 minutes"},"schema":{"@context":"https:\/\/schema.org","@graph":[{"@type":"Article","@id":"https:\/\/asso.graie.org\/portail\/lancement-du-programme-de-recherche-desir-2020-2021\/#article","isPartOf":{"@id":"https:\/\/asso.graie.org\/portail\/lancement-du-programme-de-recherche-desir-2020-2021\/"},"author":{"name":"Laure Dumonte","@id":"https:\/\/asso.graie.org\/portail\/#\/schema\/person\/b7fb559684005d59490969faaa8fc42f"},"headline":"Lancement du programme de recherche DESIR 2020-2021","datePublished":"2020-09-07T16:14:42+00:00","dateModified":"2020-09-07T16:16:28+00:00","mainEntityOfPage":{"@id":"https:\/\/asso.graie.org\/portail\/lancement-du-programme-de-recherche-desir-2020-2021\/"},"wordCount":716,"publisher":{"@id":"https:\/\/asso.graie.org\/portail\/#organization"},"articleSection":["Actu Graie","Assainissement","Toute l'actualit\u00e9"],"inLanguage":"fr-FR"},{"@type":"WebPage","@id":"https:\/\/asso.graie.org\/portail\/lancement-du-programme-de-recherche-desir-2020-2021\/","url":"https:\/\/asso.graie.org\/portail\/lancement-du-programme-de-recherche-desir-2020-2021\/","name":"Lancement du programme de recherche DESIR 2020-2021 | Graie","isPartOf":{"@id":"https:\/\/asso.graie.org\/portail\/#website"},"datePublished":"2020-09-07T16:14:42+00:00","dateModified":"2020-09-07T16:16:28+00:00","breadcrumb":{"@id":"https:\/\/asso.graie.org\/portail\/lancement-du-programme-de-recherche-desir-2020-2021\/#breadcrumb"},"inLanguage":"fr-FR","potentialAction":[{"@type":"ReadAction","target":["https:\/\/asso.graie.org\/portail\/lancement-du-programme-de-recherche-desir-2020-2021\/"]}]},{"@type":"BreadcrumbList","@id":"https:\/\/asso.graie.org\/portail\/lancement-du-programme-de-recherche-desir-2020-2021\/#breadcrumb","itemListElement":[{"@type":"ListItem","position":1,"name":"Accueil","item":"https:\/\/asso.graie.org\/portail\/"},{"@type":"ListItem","position":2,"name":"Lancement du programme de recherche DESIR 2020-2021"}]},{"@type":"WebSite","@id":"https:\/\/asso.graie.org\/portail\/#website","url":"https:\/\/asso.graie.org\/portail\/","name":"Graie","description":"P\u00f4le Eau et Territoires","publisher":{"@id":"https:\/\/asso.graie.org\/portail\/#organization"},"potentialAction":[{"@type":"SearchAction","target":{"@type":"EntryPoint","urlTemplate":"https:\/\/asso.graie.org\/portail\/?s={search_term_string}"},"query-input":"required name=search_term_string"}],"inLanguage":"fr-FR"},{"@type":"Organization","@id":"https:\/\/asso.graie.org\/portail\/#organization","name":"Le Graie","url":"https:\/\/asso.graie.org\/portail\/","logo":{"@type":"ImageObject","inLanguage":"fr-FR","@id":"https:\/\/asso.graie.org\/portail\/#\/schema\/logo\/image\/","url":"https:\/\/asso.graie.org\/portail\/wp-content\/uploads\/2021\/12\/Logotype-Graie.png","contentUrl":"https:\/\/asso.graie.org\/portail\/wp-content\/uploads\/2021\/12\/Logotype-Graie.png","width":1890,"height":1181,"caption":"Le Graie"},"image":{"@id":"https:\/\/asso.graie.org\/portail\/#\/schema\/logo\/image\/"},"sameAs":["https:\/\/fr.linkedin.com\/company\/graie?trk=top_nav_home","https:\/\/www.youtube.com\/channel\/UCZQk0Tt7upYwERYNdDIZqLQ","https:\/\/twitter.com\/asso_graie"]},{"@type":"Person","@id":"https:\/\/asso.graie.org\/portail\/#\/schema\/person\/b7fb559684005d59490969faaa8fc42f","name":"Laure Dumonte","url":"https:\/\/asso.graie.org\/portail\/author\/sarahscarrott\/"}]}},"_links":{"self":[{"href":"https:\/\/asso.graie.org\/portail\/wp-json\/wp\/v2\/posts\/16434"}],"collection":[{"href":"https:\/\/asso.graie.org\/portail\/wp-json\/wp\/v2\/posts"}],"about":[{"href":"https:\/\/asso.graie.org\/portail\/wp-json\/wp\/v2\/types\/post"}],"author":[{"embeddable":true,"href":"https:\/\/asso.graie.org\/portail\/wp-json\/wp\/v2\/users\/3"}],"replies":[{"embeddable":true,"href":"https:\/\/asso.graie.org\/portail\/wp-json\/wp\/v2\/comments?post=16434"}],"version-history":[{"count":34,"href":"https:\/\/asso.graie.org\/portail\/wp-json\/wp\/v2\/posts\/16434\/revisions"}],"predecessor-version":[{"id":16470,"href":"https:\/\/asso.graie.org\/portail\/wp-json\/wp\/v2\/posts\/16434\/revisions\/16470"}],"wp:featuredmedia":[{"embeddable":true,"href":"https:\/\/asso.graie.org\/portail\/wp-json\/wp\/v2\/media\/16442"}],"wp:attachment":[{"href":"https:\/\/asso.graie.org\/portail\/wp-json\/wp\/v2\/media?parent=16434"}],"wp:term":[{"taxonomy":"category","embeddable":true,"href":"https:\/\/asso.graie.org\/portail\/wp-json\/wp\/v2\/categories?post=16434"},{"taxonomy":"post_tag","embeddable":true,"href":"https:\/\/asso.graie.org\/portail\/wp-json\/wp\/v2\/tags?post=16434"}],"curies":[{"name":"wp","href":"https:\/\/api.w.org\/{rel}","templated":true}]}}