{"id":17099,"date":"2021-02-04T17:39:25","date_gmt":"2021-02-04T16:39:25","guid":{"rendered":"https:\/\/asso.graie.org\/portail\/?p=17099"},"modified":"2021-11-15T18:25:26","modified_gmt":"2021-11-15T17:25:26","slug":"summer-course-micropollutants","status":"publish","type":"post","link":"https:\/\/asso.graie.org\/portail\/summer-course-micropollutants\/","title":{"rendered":"Summer Course \u00ab\u00a0Management of micropollutants in the urban water cycle\u00a0\u00bb"},"content":{"rendered":"<p style=\"text-align: center;\"><strong>Cours d&rsquo;\u00e9t\u00e9 INRAE sur les micropolluants<\/strong><b><em><br \/>\n<\/em><\/b><\/p>\n<p>&nbsp;<\/p>\n<p style=\"text-align: center;\">Ce \u00ab\u00a0summer course\u00a0\u00bb organis\u00e9 par l<strong>&lsquo;INRAE<\/strong> se tiendra \u00e0 Narbonne, du <strong>5 au 9 juillet 2021<\/strong><\/p>\n<p>&nbsp;<\/p>\n<p style=\"text-align: center;\">Ce cours sera en anglais. Il est destin\u00e9 aux \u00e9tudiants doctorants fran\u00e7ais et \u00e9trangers souhaitant acqu\u00e9rir un plus haut degr\u00e9 de sp\u00e9cialisation sur le terrain, mais aussi aux autres \u00e9tudiants et professionnels int\u00e9ress\u00e9s.<\/p>\n<p style=\"text-align: center;\">\u00c9v\u00e9nement limit\u00e9 \u00e0 20 participants : choix sur dossiers de candidatures<\/p>\n<p style=\"text-align: center;\"><a href=\"https:\/\/workshop.inrae.fr\/lesc-muwc\/\" target=\"_blank\" class=\"shortc-button medium blue \"><span class=\"fa \" aria-hidden=\"true\"><\/span> Candidater \u00e0 ce summer course<\/a>\n","protected":false},"excerpt":{"rendered":"<p>Cours d&rsquo;\u00e9t\u00e9 INRAE sur les micropolluants &nbsp; Ce \u00ab\u00a0summer course\u00a0\u00bb organis\u00e9 par l&lsquo;INRAE se tiendra \u00e0 Narbonne, du 5 au 9 juillet 2021 &nbsp; Ce cours sera en anglais. Il est destin\u00e9 aux \u00e9tudiants doctorants fran\u00e7ais et \u00e9trangers souhaitant acqu\u00e9rir &hellip;<\/p>\n","protected":false},"author":1,"featured_media":17106,"comment_status":"closed","ping_status":"closed","sticky":false,"template":"","format":"standard","meta":{"_mi_skip_tracking":false,"footnotes":""},"categories":[27,28],"tags":[],"acf":[],"yoast_head":"<!-- This site is optimized with the Yoast SEO plugin v19.13 - https:\/\/yoast.com\/wordpress\/plugins\/seo\/ -->\n<title>Summer Course &quot;Management of micropollutants in the urban water cycle&quot; | Graie<\/title>\n<meta name=\"robots\" content=\"index, follow, max-snippet:-1, max-image-preview:large, max-video-preview:-1\" \/>\n<link rel=\"canonical\" href=\"https:\/\/asso.graie.org\/portail\/summer-course-micropollutants\/\" \/>\n<meta property=\"og:locale\" content=\"fr_FR\" \/>\n<meta property=\"og:type\" content=\"article\" \/>\n<meta property=\"og:title\" content=\"Summer Course &quot;Management of micropollutants in the urban water cycle&quot; | Graie\" \/>\n<meta property=\"og:description\" content=\"Cours d&rsquo;\u00e9t\u00e9 INRAE sur les micropolluants &nbsp; Ce \u00ab\u00a0summer course\u00a0\u00bb organis\u00e9 par l&lsquo;INRAE se tiendra \u00e0 Narbonne, du 5 au 9 juillet 2021 &nbsp; Ce cours sera en anglais. Il est destin\u00e9 aux \u00e9tudiants doctorants fran\u00e7ais et \u00e9trangers souhaitant acqu\u00e9rir &hellip;\" \/>\n<meta property=\"og:url\" content=\"https:\/\/asso.graie.org\/portail\/summer-course-micropollutants\/\" \/>\n<meta property=\"og:site_name\" content=\"Graie\" \/>\n<meta property=\"article:published_time\" content=\"2021-02-04T16:39:25+00:00\" \/>\n<meta property=\"article:modified_time\" content=\"2021-11-15T17:25:26+00:00\" \/>\n<meta property=\"og:image\" content=\"https:\/\/asso.graie.org\/portail\/wp-content\/uploads\/2021\/02\/summercourse.png\" \/>\n\t<meta property=\"og:image:width\" content=\"651\" \/>\n\t<meta property=\"og:image:height\" content=\"311\" \/>\n\t<meta property=\"og:image:type\" content=\"image\/png\" \/>\n<meta name=\"author\" content=\"adriengervet\" \/>\n<meta name=\"twitter:card\" content=\"summary_large_image\" \/>\n<meta name=\"twitter:creator\" content=\"@asso_graie\" \/>\n<meta name=\"twitter:site\" content=\"@asso_graie\" \/>\n<meta name=\"twitter:label1\" content=\"\u00c9crit par\" \/>\n\t<meta name=\"twitter:data1\" content=\"adriengervet\" \/>\n<script type=\"application\/ld+json\" class=\"yoast-schema-graph\">{\"@context\":\"https:\/\/schema.org\",\"@graph\":[{\"@type\":\"Article\",\"@id\":\"https:\/\/asso.graie.org\/portail\/summer-course-micropollutants\/#article\",\"isPartOf\":{\"@id\":\"https:\/\/asso.graie.org\/portail\/summer-course-micropollutants\/\"},\"author\":{\"name\":\"adriengervet\",\"@id\":\"https:\/\/asso.graie.org\/portail\/#\/schema\/person\/6c6bb5a38c33b4501e4e8ce71aba5a8c\"},\"headline\":\"Summer Course \u00ab\u00a0Management of micropollutants in the urban water cycle\u00a0\u00bb\",\"datePublished\":\"2021-02-04T16:39:25+00:00\",\"dateModified\":\"2021-11-15T17:25:26+00:00\",\"mainEntityOfPage\":{\"@id\":\"https:\/\/asso.graie.org\/portail\/summer-course-micropollutants\/\"},\"wordCount\":99,\"publisher\":{\"@id\":\"https:\/\/asso.graie.org\/portail\/#organization\"},\"articleSection\":[\"Actualit\u00e9s partenaires\",\"Toute l'actualit\u00e9\"],\"inLanguage\":\"fr-FR\"},{\"@type\":\"WebPage\",\"@id\":\"https:\/\/asso.graie.org\/portail\/summer-course-micropollutants\/\",\"url\":\"https:\/\/asso.graie.org\/portail\/summer-course-micropollutants\/\",\"name\":\"Summer Course \\\"Management of micropollutants in the urban water cycle\\\" | Graie\",\"isPartOf\":{\"@id\":\"https:\/\/asso.graie.org\/portail\/#website\"},\"datePublished\":\"2021-02-04T16:39:25+00:00\",\"dateModified\":\"2021-11-15T17:25:26+00:00\",\"breadcrumb\":{\"@id\":\"https:\/\/asso.graie.org\/portail\/summer-course-micropollutants\/#breadcrumb\"},\"inLanguage\":\"fr-FR\",\"potentialAction\":[{\"@type\":\"ReadAction\",\"target\":[\"https:\/\/asso.graie.org\/portail\/summer-course-micropollutants\/\"]}]},{\"@type\":\"BreadcrumbList\",\"@id\":\"https:\/\/asso.graie.org\/portail\/summer-course-micropollutants\/#breadcrumb\",\"itemListElement\":[{\"@type\":\"ListItem\",\"position\":1,\"name\":\"Accueil\",\"item\":\"https:\/\/asso.graie.org\/portail\/\"},{\"@type\":\"ListItem\",\"position\":2,\"name\":\"Summer Course \u00ab\u00a0Management of micropollutants in the urban water cycle\u00a0\u00bb\"}]},{\"@type\":\"WebSite\",\"@id\":\"https:\/\/asso.graie.org\/portail\/#website\",\"url\":\"https:\/\/asso.graie.org\/portail\/\",\"name\":\"Graie\",\"description\":\"P\u00f4le Eau et Territoires\",\"publisher\":{\"@id\":\"https:\/\/asso.graie.org\/portail\/#organization\"},\"potentialAction\":[{\"@type\":\"SearchAction\",\"target\":{\"@type\":\"EntryPoint\",\"urlTemplate\":\"https:\/\/asso.graie.org\/portail\/?s={search_term_string}\"},\"query-input\":\"required name=search_term_string\"}],\"inLanguage\":\"fr-FR\"},{\"@type\":\"Organization\",\"@id\":\"https:\/\/asso.graie.org\/portail\/#organization\",\"name\":\"Le Graie\",\"url\":\"https:\/\/asso.graie.org\/portail\/\",\"logo\":{\"@type\":\"ImageObject\",\"inLanguage\":\"fr-FR\",\"@id\":\"https:\/\/asso.graie.org\/portail\/#\/schema\/logo\/image\/\",\"url\":\"https:\/\/asso.graie.org\/portail\/wp-content\/uploads\/2021\/12\/Logotype-Graie.png\",\"contentUrl\":\"https:\/\/asso.graie.org\/portail\/wp-content\/uploads\/2021\/12\/Logotype-Graie.png\",\"width\":1890,\"height\":1181,\"caption\":\"Le Graie\"},\"image\":{\"@id\":\"https:\/\/asso.graie.org\/portail\/#\/schema\/logo\/image\/\"},\"sameAs\":[\"https:\/\/fr.linkedin.com\/company\/graie?trk=top_nav_home\",\"https:\/\/www.youtube.com\/channel\/UCZQk0Tt7upYwERYNdDIZqLQ\",\"https:\/\/twitter.com\/asso_graie\"]},{\"@type\":\"Person\",\"@id\":\"https:\/\/asso.graie.org\/portail\/#\/schema\/person\/6c6bb5a38c33b4501e4e8ce71aba5a8c\",\"name\":\"adriengervet\",\"url\":\"https:\/\/asso.graie.org\/portail\/author\/adriengervet\/\"}]}<\/script>\n<!-- \/ Yoast SEO plugin. -->","yoast_head_json":{"title":"Summer Course \"Management of micropollutants in the urban water cycle\" | Graie","robots":{"index":"index","follow":"follow","max-snippet":"max-snippet:-1","max-image-preview":"max-image-preview:large","max-video-preview":"max-video-preview:-1"},"canonical":"https:\/\/asso.graie.org\/portail\/summer-course-micropollutants\/","og_locale":"fr_FR","og_type":"article","og_title":"Summer Course \"Management of micropollutants in the urban water cycle\" | Graie","og_description":"Cours d&rsquo;\u00e9t\u00e9 INRAE sur les micropolluants &nbsp; Ce \u00ab\u00a0summer course\u00a0\u00bb organis\u00e9 par l&lsquo;INRAE se tiendra \u00e0 Narbonne, du 5 au 9 juillet 2021 &nbsp; Ce cours sera en anglais. Il est destin\u00e9 aux \u00e9tudiants doctorants fran\u00e7ais et \u00e9trangers souhaitant acqu\u00e9rir &hellip;","og_url":"https:\/\/asso.graie.org\/portail\/summer-course-micropollutants\/","og_site_name":"Graie","article_published_time":"2021-02-04T16:39:25+00:00","article_modified_time":"2021-11-15T17:25:26+00:00","og_image":[{"width":651,"height":311,"url":"https:\/\/asso.graie.org\/portail\/wp-content\/uploads\/2021\/02\/summercourse.png","type":"image\/png"}],"author":"adriengervet","twitter_card":"summary_large_image","twitter_creator":"@asso_graie","twitter_site":"@asso_graie","twitter_misc":{"\u00c9crit par":"adriengervet"},"schema":{"@context":"https:\/\/schema.org","@graph":[{"@type":"Article","@id":"https:\/\/asso.graie.org\/portail\/summer-course-micropollutants\/#article","isPartOf":{"@id":"https:\/\/asso.graie.org\/portail\/summer-course-micropollutants\/"},"author":{"name":"adriengervet","@id":"https:\/\/asso.graie.org\/portail\/#\/schema\/person\/6c6bb5a38c33b4501e4e8ce71aba5a8c"},"headline":"Summer Course \u00ab\u00a0Management of micropollutants in the urban water cycle\u00a0\u00bb","datePublished":"2021-02-04T16:39:25+00:00","dateModified":"2021-11-15T17:25:26+00:00","mainEntityOfPage":{"@id":"https:\/\/asso.graie.org\/portail\/summer-course-micropollutants\/"},"wordCount":99,"publisher":{"@id":"https:\/\/asso.graie.org\/portail\/#organization"},"articleSection":["Actualit\u00e9s partenaires","Toute l'actualit\u00e9"],"inLanguage":"fr-FR"},{"@type":"WebPage","@id":"https:\/\/asso.graie.org\/portail\/summer-course-micropollutants\/","url":"https:\/\/asso.graie.org\/portail\/summer-course-micropollutants\/","name":"Summer Course \"Management of micropollutants in the urban water cycle\" | Graie","isPartOf":{"@id":"https:\/\/asso.graie.org\/portail\/#website"},"datePublished":"2021-02-04T16:39:25+00:00","dateModified":"2021-11-15T17:25:26+00:00","breadcrumb":{"@id":"https:\/\/asso.graie.org\/portail\/summer-course-micropollutants\/#breadcrumb"},"inLanguage":"fr-FR","potentialAction":[{"@type":"ReadAction","target":["https:\/\/asso.graie.org\/portail\/summer-course-micropollutants\/"]}]},{"@type":"BreadcrumbList","@id":"https:\/\/asso.graie.org\/portail\/summer-course-micropollutants\/#breadcrumb","itemListElement":[{"@type":"ListItem","position":1,"name":"Accueil","item":"https:\/\/asso.graie.org\/portail\/"},{"@type":"ListItem","position":2,"name":"Summer Course \u00ab\u00a0Management of micropollutants in the urban water cycle\u00a0\u00bb"}]},{"@type":"WebSite","@id":"https:\/\/asso.graie.org\/portail\/#website","url":"https:\/\/asso.graie.org\/portail\/","name":"Graie","description":"P\u00f4le Eau et Territoires","publisher":{"@id":"https:\/\/asso.graie.org\/portail\/#organization"},"potentialAction":[{"@type":"SearchAction","target":{"@type":"EntryPoint","urlTemplate":"https:\/\/asso.graie.org\/portail\/?s={search_term_string}"},"query-input":"required name=search_term_string"}],"inLanguage":"fr-FR"},{"@type":"Organization","@id":"https:\/\/asso.graie.org\/portail\/#organization","name":"Le Graie","url":"https:\/\/asso.graie.org\/portail\/","logo":{"@type":"ImageObject","inLanguage":"fr-FR","@id":"https:\/\/asso.graie.org\/portail\/#\/schema\/logo\/image\/","url":"https:\/\/asso.graie.org\/portail\/wp-content\/uploads\/2021\/12\/Logotype-Graie.png","contentUrl":"https:\/\/asso.graie.org\/portail\/wp-content\/uploads\/2021\/12\/Logotype-Graie.png","width":1890,"height":1181,"caption":"Le Graie"},"image":{"@id":"https:\/\/asso.graie.org\/portail\/#\/schema\/logo\/image\/"},"sameAs":["https:\/\/fr.linkedin.com\/company\/graie?trk=top_nav_home","https:\/\/www.youtube.com\/channel\/UCZQk0Tt7upYwERYNdDIZqLQ","https:\/\/twitter.com\/asso_graie"]},{"@type":"Person","@id":"https:\/\/asso.graie.org\/portail\/#\/schema\/person\/6c6bb5a38c33b4501e4e8ce71aba5a8c","name":"adriengervet","url":"https:\/\/asso.graie.org\/portail\/author\/adriengervet\/"}]}},"_links":{"self":[{"href":"https:\/\/asso.graie.org\/portail\/wp-json\/wp\/v2\/posts\/17099"}],"collection":[{"href":"https:\/\/asso.graie.org\/portail\/wp-json\/wp\/v2\/posts"}],"about":[{"href":"https:\/\/asso.graie.org\/portail\/wp-json\/wp\/v2\/types\/post"}],"author":[{"embeddable":true,"href":"https:\/\/asso.graie.org\/portail\/wp-json\/wp\/v2\/users\/1"}],"replies":[{"embeddable":true,"href":"https:\/\/asso.graie.org\/portail\/wp-json\/wp\/v2\/comments?post=17099"}],"version-history":[{"count":6,"href":"https:\/\/asso.graie.org\/portail\/wp-json\/wp\/v2\/posts\/17099\/revisions"}],"predecessor-version":[{"id":18594,"href":"https:\/\/asso.graie.org\/portail\/wp-json\/wp\/v2\/posts\/17099\/revisions\/18594"}],"wp:featuredmedia":[{"embeddable":true,"href":"https:\/\/asso.graie.org\/portail\/wp-json\/wp\/v2\/media\/17106"}],"wp:attachment":[{"href":"https:\/\/asso.graie.org\/portail\/wp-json\/wp\/v2\/media?parent=17099"}],"wp:term":[{"taxonomy":"category","embeddable":true,"href":"https:\/\/asso.graie.org\/portail\/wp-json\/wp\/v2\/categories?post=17099"},{"taxonomy":"post_tag","embeddable":true,"href":"https:\/\/asso.graie.org\/portail\/wp-json\/wp\/v2\/tags?post=17099"}],"curies":[{"name":"wp","href":"https:\/\/api.w.org\/{rel}","templated":true}]}}