{"id":17245,"date":"2021-03-11T16:21:33","date_gmt":"2021-03-11T15:21:33","guid":{"rendered":"https:\/\/asso.graie.org\/portail\/?p=17245"},"modified":"2021-11-15T18:26:04","modified_gmt":"2021-11-15T17:26:04","slug":"perturbateurs-endocriniens","status":"publish","type":"post","link":"https:\/\/asso.graie.org\/portail\/perturbateurs-endocriniens\/","title":{"rendered":"Perturbateurs endocriniens : quelles possibilit\u00e9s d&rsquo;actions pour les collectivit\u00e9s ?"},"content":{"rendered":"<p><strong>Webinaire et s\u00e9minaires apprenants th\u00e9matiques :<\/strong><br \/>\nLa 2\u00e8me strat\u00e9gie nationale sur les perturbateurs endocriniens, publi\u00e9e en septembre 2019 et co-pilot\u00e9e par le Minist\u00e8re des solidarit\u00e9s et de la sant\u00e9 et le Minist\u00e8re de la transition \u00e9cologique et solidaire, vise \u00e0 r\u00e9duire l\u2019exposition de la population et de l\u2019environnement \u00e0 ces substances. Le premier axe de cette strat\u00e9gie a pour objectif de renforcer l\u2019information et la formation de la population, des professionnels de sant\u00e9 et d\u2019autres professionnels concern\u00e9s en raison \u00e9galement de leur r\u00f4le dans la pr\u00e9vention des expositions. Plusieurs collectivit\u00e9s ont sign\u00e9 une charte d\u2019engagement \u00ab Villes &amp; Territoires sans perturbateurs endocriniens \u00bb. La lutte contre les PE se joue dans toutes les politiques publiques (petite enfance, sport, restauration collective, environnement, architecture et b\u00e2timent, commande publique, espaces verts, etc.).<\/p>\n<p><strong>Public(s) : <\/strong>Professionnels territoriaux des services de sant\u00e9, petite enfance, cr\u00e8ches, restauration collective, b\u00e2timent et architecture, entretien, ateliers, achats, environnement, espaces verts, eau, biodiversit\u00e9.<\/p>\n<p style=\"text-align: center\"><a href=\"https:\/\/www.cnfpt.fr\/se-former\/trouver-evenement\/perturbateurs-endocriniens-quelles-possibilites-dactions-collectivites\/inset-nancy\" class=\"shortc-button medium blue \"><span class=\"fa \" aria-hidden=\"true\"><\/span> Programme et inscription<\/a>\n","protected":false},"excerpt":{"rendered":"<p>Webinaire et s\u00e9minaires apprenants th\u00e9matiques : La 2\u00e8me strat\u00e9gie nationale sur les perturbateurs endocriniens, publi\u00e9e en septembre 2019 et co-pilot\u00e9e par le Minist\u00e8re des solidarit\u00e9s et de la sant\u00e9 et le Minist\u00e8re de la transition \u00e9cologique et solidaire, vise \u00e0 &hellip;<\/p>\n","protected":false},"author":1,"featured_media":17246,"comment_status":"closed","ping_status":"closed","sticky":false,"template":"","format":"standard","meta":{"_mi_skip_tracking":false,"footnotes":""},"categories":[27,66,28],"tags":[],"acf":[],"yoast_head":"<!-- This site is optimized with the Yoast SEO plugin v19.13 - https:\/\/yoast.com\/wordpress\/plugins\/seo\/ -->\n<title>Perturbateurs endocriniens : quelles possibilit\u00e9s d&#039;actions pour les collectivit\u00e9s ? | Graie<\/title>\n<meta name=\"robots\" content=\"index, follow, max-snippet:-1, max-image-preview:large, max-video-preview:-1\" \/>\n<link rel=\"canonical\" href=\"https:\/\/asso.graie.org\/portail\/perturbateurs-endocriniens\/\" \/>\n<meta property=\"og:locale\" content=\"fr_FR\" \/>\n<meta property=\"og:type\" content=\"article\" \/>\n<meta property=\"og:title\" content=\"Perturbateurs endocriniens : quelles possibilit\u00e9s d&#039;actions pour les collectivit\u00e9s ? | Graie\" \/>\n<meta property=\"og:description\" content=\"Webinaire et s\u00e9minaires apprenants th\u00e9matiques : La 2\u00e8me strat\u00e9gie nationale sur les perturbateurs endocriniens, publi\u00e9e en septembre 2019 et co-pilot\u00e9e par le Minist\u00e8re des solidarit\u00e9s et de la sant\u00e9 et le Minist\u00e8re de la transition \u00e9cologique et solidaire, vise \u00e0 &hellip;\" \/>\n<meta property=\"og:url\" content=\"https:\/\/asso.graie.org\/portail\/perturbateurs-endocriniens\/\" \/>\n<meta property=\"og:site_name\" content=\"Graie\" \/>\n<meta property=\"article:published_time\" content=\"2021-03-11T15:21:33+00:00\" \/>\n<meta property=\"article:modified_time\" content=\"2021-11-15T17:26:04+00:00\" \/>\n<meta property=\"og:image\" content=\"https:\/\/asso.graie.org\/portail\/wp-content\/uploads\/2021\/03\/cnfpt.png\" \/>\n\t<meta property=\"og:image:width\" content=\"112\" \/>\n\t<meta property=\"og:image:height\" content=\"90\" \/>\n\t<meta property=\"og:image:type\" content=\"image\/png\" \/>\n<meta name=\"author\" content=\"adriengervet\" \/>\n<meta name=\"twitter:card\" content=\"summary_large_image\" \/>\n<meta name=\"twitter:creator\" content=\"@asso_graie\" \/>\n<meta name=\"twitter:site\" content=\"@asso_graie\" \/>\n<meta name=\"twitter:label1\" content=\"\u00c9crit par\" \/>\n\t<meta name=\"twitter:data1\" content=\"adriengervet\" \/>\n\t<meta name=\"twitter:label2\" content=\"Dur\u00e9e de lecture estim\u00e9e\" \/>\n\t<meta name=\"twitter:data2\" content=\"1 minute\" \/>\n<script type=\"application\/ld+json\" class=\"yoast-schema-graph\">{\"@context\":\"https:\/\/schema.org\",\"@graph\":[{\"@type\":\"Article\",\"@id\":\"https:\/\/asso.graie.org\/portail\/perturbateurs-endocriniens\/#article\",\"isPartOf\":{\"@id\":\"https:\/\/asso.graie.org\/portail\/perturbateurs-endocriniens\/\"},\"author\":{\"name\":\"adriengervet\",\"@id\":\"https:\/\/asso.graie.org\/portail\/#\/schema\/person\/6c6bb5a38c33b4501e4e8ce71aba5a8c\"},\"headline\":\"Perturbateurs endocriniens : quelles possibilit\u00e9s d&rsquo;actions pour les collectivit\u00e9s ?\",\"datePublished\":\"2021-03-11T15:21:33+00:00\",\"dateModified\":\"2021-11-15T17:26:04+00:00\",\"mainEntityOfPage\":{\"@id\":\"https:\/\/asso.graie.org\/portail\/perturbateurs-endocriniens\/\"},\"wordCount\":202,\"publisher\":{\"@id\":\"https:\/\/asso.graie.org\/portail\/#organization\"},\"articleSection\":[\"Actualit\u00e9s partenaires\",\"Eau et sant\u00e9\",\"Toute l'actualit\u00e9\"],\"inLanguage\":\"fr-FR\"},{\"@type\":\"WebPage\",\"@id\":\"https:\/\/asso.graie.org\/portail\/perturbateurs-endocriniens\/\",\"url\":\"https:\/\/asso.graie.org\/portail\/perturbateurs-endocriniens\/\",\"name\":\"Perturbateurs endocriniens : quelles possibilit\u00e9s d'actions pour les collectivit\u00e9s ? | Graie\",\"isPartOf\":{\"@id\":\"https:\/\/asso.graie.org\/portail\/#website\"},\"datePublished\":\"2021-03-11T15:21:33+00:00\",\"dateModified\":\"2021-11-15T17:26:04+00:00\",\"breadcrumb\":{\"@id\":\"https:\/\/asso.graie.org\/portail\/perturbateurs-endocriniens\/#breadcrumb\"},\"inLanguage\":\"fr-FR\",\"potentialAction\":[{\"@type\":\"ReadAction\",\"target\":[\"https:\/\/asso.graie.org\/portail\/perturbateurs-endocriniens\/\"]}]},{\"@type\":\"BreadcrumbList\",\"@id\":\"https:\/\/asso.graie.org\/portail\/perturbateurs-endocriniens\/#breadcrumb\",\"itemListElement\":[{\"@type\":\"ListItem\",\"position\":1,\"name\":\"Accueil\",\"item\":\"https:\/\/asso.graie.org\/portail\/\"},{\"@type\":\"ListItem\",\"position\":2,\"name\":\"Perturbateurs endocriniens : quelles possibilit\u00e9s d&rsquo;actions pour les collectivit\u00e9s ?\"}]},{\"@type\":\"WebSite\",\"@id\":\"https:\/\/asso.graie.org\/portail\/#website\",\"url\":\"https:\/\/asso.graie.org\/portail\/\",\"name\":\"Graie\",\"description\":\"P\u00f4le Eau et Territoires\",\"publisher\":{\"@id\":\"https:\/\/asso.graie.org\/portail\/#organization\"},\"potentialAction\":[{\"@type\":\"SearchAction\",\"target\":{\"@type\":\"EntryPoint\",\"urlTemplate\":\"https:\/\/asso.graie.org\/portail\/?s={search_term_string}\"},\"query-input\":\"required name=search_term_string\"}],\"inLanguage\":\"fr-FR\"},{\"@type\":\"Organization\",\"@id\":\"https:\/\/asso.graie.org\/portail\/#organization\",\"name\":\"Le Graie\",\"url\":\"https:\/\/asso.graie.org\/portail\/\",\"logo\":{\"@type\":\"ImageObject\",\"inLanguage\":\"fr-FR\",\"@id\":\"https:\/\/asso.graie.org\/portail\/#\/schema\/logo\/image\/\",\"url\":\"https:\/\/asso.graie.org\/portail\/wp-content\/uploads\/2021\/12\/Logotype-Graie.png\",\"contentUrl\":\"https:\/\/asso.graie.org\/portail\/wp-content\/uploads\/2021\/12\/Logotype-Graie.png\",\"width\":1890,\"height\":1181,\"caption\":\"Le Graie\"},\"image\":{\"@id\":\"https:\/\/asso.graie.org\/portail\/#\/schema\/logo\/image\/\"},\"sameAs\":[\"https:\/\/fr.linkedin.com\/company\/graie?trk=top_nav_home\",\"https:\/\/www.youtube.com\/channel\/UCZQk0Tt7upYwERYNdDIZqLQ\",\"https:\/\/twitter.com\/asso_graie\"]},{\"@type\":\"Person\",\"@id\":\"https:\/\/asso.graie.org\/portail\/#\/schema\/person\/6c6bb5a38c33b4501e4e8ce71aba5a8c\",\"name\":\"adriengervet\",\"url\":\"https:\/\/asso.graie.org\/portail\/author\/adriengervet\/\"}]}<\/script>\n<!-- \/ Yoast SEO plugin. -->","yoast_head_json":{"title":"Perturbateurs endocriniens : quelles possibilit\u00e9s d'actions pour les collectivit\u00e9s ? | Graie","robots":{"index":"index","follow":"follow","max-snippet":"max-snippet:-1","max-image-preview":"max-image-preview:large","max-video-preview":"max-video-preview:-1"},"canonical":"https:\/\/asso.graie.org\/portail\/perturbateurs-endocriniens\/","og_locale":"fr_FR","og_type":"article","og_title":"Perturbateurs endocriniens : quelles possibilit\u00e9s d'actions pour les collectivit\u00e9s ? | Graie","og_description":"Webinaire et s\u00e9minaires apprenants th\u00e9matiques : La 2\u00e8me strat\u00e9gie nationale sur les perturbateurs endocriniens, publi\u00e9e en septembre 2019 et co-pilot\u00e9e par le Minist\u00e8re des solidarit\u00e9s et de la sant\u00e9 et le Minist\u00e8re de la transition \u00e9cologique et solidaire, vise \u00e0 &hellip;","og_url":"https:\/\/asso.graie.org\/portail\/perturbateurs-endocriniens\/","og_site_name":"Graie","article_published_time":"2021-03-11T15:21:33+00:00","article_modified_time":"2021-11-15T17:26:04+00:00","og_image":[{"width":112,"height":90,"url":"https:\/\/asso.graie.org\/portail\/wp-content\/uploads\/2021\/03\/cnfpt.png","type":"image\/png"}],"author":"adriengervet","twitter_card":"summary_large_image","twitter_creator":"@asso_graie","twitter_site":"@asso_graie","twitter_misc":{"\u00c9crit par":"adriengervet","Dur\u00e9e de lecture estim\u00e9e":"1 minute"},"schema":{"@context":"https:\/\/schema.org","@graph":[{"@type":"Article","@id":"https:\/\/asso.graie.org\/portail\/perturbateurs-endocriniens\/#article","isPartOf":{"@id":"https:\/\/asso.graie.org\/portail\/perturbateurs-endocriniens\/"},"author":{"name":"adriengervet","@id":"https:\/\/asso.graie.org\/portail\/#\/schema\/person\/6c6bb5a38c33b4501e4e8ce71aba5a8c"},"headline":"Perturbateurs endocriniens : quelles possibilit\u00e9s d&rsquo;actions pour les collectivit\u00e9s ?","datePublished":"2021-03-11T15:21:33+00:00","dateModified":"2021-11-15T17:26:04+00:00","mainEntityOfPage":{"@id":"https:\/\/asso.graie.org\/portail\/perturbateurs-endocriniens\/"},"wordCount":202,"publisher":{"@id":"https:\/\/asso.graie.org\/portail\/#organization"},"articleSection":["Actualit\u00e9s partenaires","Eau et sant\u00e9","Toute l'actualit\u00e9"],"inLanguage":"fr-FR"},{"@type":"WebPage","@id":"https:\/\/asso.graie.org\/portail\/perturbateurs-endocriniens\/","url":"https:\/\/asso.graie.org\/portail\/perturbateurs-endocriniens\/","name":"Perturbateurs endocriniens : quelles possibilit\u00e9s d'actions pour les collectivit\u00e9s ? | Graie","isPartOf":{"@id":"https:\/\/asso.graie.org\/portail\/#website"},"datePublished":"2021-03-11T15:21:33+00:00","dateModified":"2021-11-15T17:26:04+00:00","breadcrumb":{"@id":"https:\/\/asso.graie.org\/portail\/perturbateurs-endocriniens\/#breadcrumb"},"inLanguage":"fr-FR","potentialAction":[{"@type":"ReadAction","target":["https:\/\/asso.graie.org\/portail\/perturbateurs-endocriniens\/"]}]},{"@type":"BreadcrumbList","@id":"https:\/\/asso.graie.org\/portail\/perturbateurs-endocriniens\/#breadcrumb","itemListElement":[{"@type":"ListItem","position":1,"name":"Accueil","item":"https:\/\/asso.graie.org\/portail\/"},{"@type":"ListItem","position":2,"name":"Perturbateurs endocriniens : quelles possibilit\u00e9s d&rsquo;actions pour les collectivit\u00e9s ?"}]},{"@type":"WebSite","@id":"https:\/\/asso.graie.org\/portail\/#website","url":"https:\/\/asso.graie.org\/portail\/","name":"Graie","description":"P\u00f4le Eau et Territoires","publisher":{"@id":"https:\/\/asso.graie.org\/portail\/#organization"},"potentialAction":[{"@type":"SearchAction","target":{"@type":"EntryPoint","urlTemplate":"https:\/\/asso.graie.org\/portail\/?s={search_term_string}"},"query-input":"required name=search_term_string"}],"inLanguage":"fr-FR"},{"@type":"Organization","@id":"https:\/\/asso.graie.org\/portail\/#organization","name":"Le Graie","url":"https:\/\/asso.graie.org\/portail\/","logo":{"@type":"ImageObject","inLanguage":"fr-FR","@id":"https:\/\/asso.graie.org\/portail\/#\/schema\/logo\/image\/","url":"https:\/\/asso.graie.org\/portail\/wp-content\/uploads\/2021\/12\/Logotype-Graie.png","contentUrl":"https:\/\/asso.graie.org\/portail\/wp-content\/uploads\/2021\/12\/Logotype-Graie.png","width":1890,"height":1181,"caption":"Le Graie"},"image":{"@id":"https:\/\/asso.graie.org\/portail\/#\/schema\/logo\/image\/"},"sameAs":["https:\/\/fr.linkedin.com\/company\/graie?trk=top_nav_home","https:\/\/www.youtube.com\/channel\/UCZQk0Tt7upYwERYNdDIZqLQ","https:\/\/twitter.com\/asso_graie"]},{"@type":"Person","@id":"https:\/\/asso.graie.org\/portail\/#\/schema\/person\/6c6bb5a38c33b4501e4e8ce71aba5a8c","name":"adriengervet","url":"https:\/\/asso.graie.org\/portail\/author\/adriengervet\/"}]}},"_links":{"self":[{"href":"https:\/\/asso.graie.org\/portail\/wp-json\/wp\/v2\/posts\/17245"}],"collection":[{"href":"https:\/\/asso.graie.org\/portail\/wp-json\/wp\/v2\/posts"}],"about":[{"href":"https:\/\/asso.graie.org\/portail\/wp-json\/wp\/v2\/types\/post"}],"author":[{"embeddable":true,"href":"https:\/\/asso.graie.org\/portail\/wp-json\/wp\/v2\/users\/1"}],"replies":[{"embeddable":true,"href":"https:\/\/asso.graie.org\/portail\/wp-json\/wp\/v2\/comments?post=17245"}],"version-history":[{"count":5,"href":"https:\/\/asso.graie.org\/portail\/wp-json\/wp\/v2\/posts\/17245\/revisions"}],"predecessor-version":[{"id":17251,"href":"https:\/\/asso.graie.org\/portail\/wp-json\/wp\/v2\/posts\/17245\/revisions\/17251"}],"wp:featuredmedia":[{"embeddable":true,"href":"https:\/\/asso.graie.org\/portail\/wp-json\/wp\/v2\/media\/17246"}],"wp:attachment":[{"href":"https:\/\/asso.graie.org\/portail\/wp-json\/wp\/v2\/media?parent=17245"}],"wp:term":[{"taxonomy":"category","embeddable":true,"href":"https:\/\/asso.graie.org\/portail\/wp-json\/wp\/v2\/categories?post=17245"},{"taxonomy":"post_tag","embeddable":true,"href":"https:\/\/asso.graie.org\/portail\/wp-json\/wp\/v2\/tags?post=17245"}],"curies":[{"name":"wp","href":"https:\/\/api.w.org\/{rel}","templated":true}]}}