{"id":17628,"date":"2021-06-03T10:21:10","date_gmt":"2021-06-03T08:21:10","guid":{"rendered":"https:\/\/asso.graie.org\/portail\/?p=17628"},"modified":"2021-11-15T18:31:07","modified_gmt":"2021-11-15T17:31:07","slug":"tensioactifs-rivieres","status":"publish","type":"post","link":"https:\/\/asso.graie.org\/portail\/tensioactifs-rivieres\/","title":{"rendered":"Soutenance de th\u00e8se"},"content":{"rendered":"<p><img decoding=\"async\" loading=\"lazy\" class=\"wp-image-17696 size-medium aligncenter\" src=\"https:\/\/asso.graie.org\/portail\/wp-content\/uploads\/2021\/06\/ISA-LOGO-500px-alpha-300x119.png\" alt=\"Logo - Institut des sciences analytiques\" width=\"300\" height=\"119\" \/><\/p>\n<p>&nbsp;<\/p>\n<p>Laure Wiest (Institut des Sciences Analytiques), soutiendra sa th\u00e8se <strong>\u00ab\u00a0M\u00e9thodologies analytiques bas\u00e9es sur la chromatographie liquide coupl\u00e9e \u00e0 la spectrom\u00e9trie de masse pour la quantification multi-familles de tensioactifs dans les rivi\u00e8res\u00a0\u00bb<\/strong>, le lundi 12 juillet \u00e0 10h.<\/p>\n<h2><b>Membres du jury<br \/>\n<\/b><\/h2>\n<ul>\n<li>Gomez Hernandez Maria Elena, Professeure, Universit\u00e9 de Montpellier (Rapporteur)<\/li>\n<li>Moilleron R\u00e9gis, Professeur, Universit\u00e9 Paris Est Cr\u00e9teil (Rapporteur)<\/li>\n<li>Chovelon Jean-Marc, Professeur, Universit\u00e9 Lyon 1, IRCE Lyon (Examinateur)<\/li>\n<li>Labanowski J\u00e9r\u00f4me, Charg\u00e9 de recherche, CNRS IC2MP Poitiers (Examinateur)<\/li>\n<li>Mi\u00e8ge C\u00e9cile, Directrice de recherche, INRAE UR RiverLy (Examinatrice)<\/li>\n<li>Vulliet Emmanuelle, Directrice de recherche, CNRS UMR 5280 ISA (Directrice de th\u00e8se)<\/li>\n<\/ul>\n<p>&nbsp;<\/p>\n<h2><b>R\u00e9sum\u00e9 de la th\u00e8se<br \/>\n<\/b><\/h2>\n<p>Le nombre de nouveaux produits chimiques sur le march\u00e9 augmente chaque ann\u00e9e. De surcroit, ils sont de plus en plus complexes et les formulations contiennent des m\u00e9langes qui sont finalement diss\u00e9min\u00e9s dans divers compartiments de l&rsquo;environnement. Parmi ces micropolluants, les tensioactifs pr\u00e9sentent quelques particularit\u00e9s. Tout d&rsquo;abord, les tensioactifs sont des m\u00e9langes complexes d&rsquo;homologues et isom\u00e8res dont la composition d\u00e9pend des mati\u00e8res premi\u00e8res et des proc\u00e9d\u00e9s de synth\u00e8se utilis\u00e9s. Deuxi\u00e8mement, certains, comme les alkylbenz\u00e8ne sulfonate lin\u00e9aires (LAS) et les triethanolamine esterquats (TEAQ), sont utilis\u00e9s en tr\u00e8s grandes quantit\u00e9s, ce qui peut faire craindre une \u00ab pseudo-persistance \u00bb dans les milieux r\u00e9cepteurs. Enfin, les domaines d&rsquo;application des tensioactifs sont extr\u00eamement vari\u00e9s, allant du domestique \u00e0 l&rsquo;industriel, en passant par l&rsquo;agricole et l&rsquo;hospitalier, ce qui sugg\u00e8re un grand nombre de sources de transfert vers l&rsquo;environnement. Les donn\u00e9es concernant leur occurrence sont tr\u00e8s h\u00e9t\u00e9rog\u00e8nes selon les familles et certains types de tensioactifs n&rsquo;ont jamais \u00e9t\u00e9 recherch\u00e9s dans les rivi\u00e8res jusqu&rsquo;\u00e0 pr\u00e9sent. L&rsquo;objectif de cette th\u00e8se est donc de d\u00e9velopper des m\u00e9thodologies analytiques sensibles et fiables qui permettent de combler ce manque de connaissance concernant l&rsquo;occurrence des tensioactifs dans l&rsquo;environnement. Afin d&rsquo;obtenir une sensibilit\u00e9 suffisante, une m\u00e9thode de chromatographie liquide coupl\u00e9e \u00e0 la spectrom\u00e9trie de masse en tandem (LC-MS\/MS) a tout d&rsquo;abord \u00e9t\u00e9 optimis\u00e9e. Une contamination des blancs instrumentaux, en particulier par les tensioactifs anioniques, \u00e0 des concentrations comprises entre 0,1 \u00b5g\/L et 3 \u00b5g\/L a \u00e9t\u00e9 observ\u00e9e. Les limites de quantification (LQ) \u00e9tant encore trop \u00e9lev\u00e9es par rapport aux PNEC, une \u00e9tape de pr\u00e9concentration par extraction sur phase solide a \u00e9t\u00e9 mise au point pour l&rsquo;analyse dans les eaux de rivi\u00e8re. Concernant l&rsquo;analyse des s\u00e9diments, une extraction assist\u00e9e par ultrasons a \u00e9t\u00e9 optimis\u00e9e puis valid\u00e9e. Avec des LQ entre 0,015 et 0,485 \u00b5g\/L pour les eaux et entre 6,4 et 158 \u00b5g\/kg pour les s\u00e9diments, les performances analytiques obtenues sont compatibles avec l&rsquo;analyse de traces. L&rsquo;application de ces m\u00e9thodologies \u00e0 des eaux et s\u00e9diments de rivi\u00e8re pr\u00e9lev\u00e9s en France a montr\u00e9 une forte pr\u00e9sence des tensioactifs dans ces milieux. En particulier, les LAS pr\u00e9sentent \u00e0 la fois des fr\u00e9quences de quantification et des rapports concentrations moyennes sur PNEC \u00e9lev\u00e9s, et repr\u00e9sentent donc un risque important pour les \u00e9cosyst\u00e8mes.<\/p>\n","protected":false},"excerpt":{"rendered":"<p>&nbsp; Laure Wiest (Institut des Sciences Analytiques), soutiendra sa th\u00e8se \u00ab\u00a0M\u00e9thodologies analytiques bas\u00e9es sur la chromatographie liquide coupl\u00e9e \u00e0 la spectrom\u00e9trie de masse pour la quantification multi-familles de tensioactifs dans les rivi\u00e8res\u00a0\u00bb, le lundi 12 juillet \u00e0 10h. Membres du &hellip;<\/p>\n","protected":false},"author":1,"featured_media":18977,"comment_status":"closed","ping_status":"closed","sticky":false,"template":"","format":"standard","meta":{"_mi_skip_tracking":false,"footnotes":""},"categories":[27,28],"tags":[1623,83,1621,302,1622],"acf":[],"yoast_head":"<!-- This site is optimized with the Yoast SEO plugin v19.13 - https:\/\/yoast.com\/wordpress\/plugins\/seo\/ -->\n<title>Soutenance de th\u00e8se au sujet des tensioactifs dans les rivi\u00e8res<\/title>\n<meta name=\"description\" content=\"Laure Wiest (Institut des Sciences Analytiques) soutiendra sa th\u00e8se sur les tensioactifs dans les rivi\u00e8res le lundi 12 juillet \u00e0 10h.\" \/>\n<meta name=\"robots\" content=\"index, follow, max-snippet:-1, max-image-preview:large, max-video-preview:-1\" \/>\n<link rel=\"canonical\" href=\"https:\/\/asso.graie.org\/portail\/tensioactifs-rivieres\/\" \/>\n<meta property=\"og:locale\" content=\"fr_FR\" \/>\n<meta property=\"og:type\" content=\"article\" \/>\n<meta property=\"og:title\" content=\"Soutenance de th\u00e8se au sujet des tensioactifs dans les rivi\u00e8res\" \/>\n<meta property=\"og:description\" content=\"Laure Wiest (Institut des Sciences Analytiques) soutiendra sa th\u00e8se sur les tensioactifs dans les rivi\u00e8res le lundi 12 juillet \u00e0 10h.\" \/>\n<meta property=\"og:url\" content=\"https:\/\/asso.graie.org\/portail\/tensioactifs-rivieres\/\" \/>\n<meta property=\"og:site_name\" content=\"Graie\" \/>\n<meta property=\"article:published_time\" content=\"2021-06-03T08:21:10+00:00\" \/>\n<meta property=\"article:modified_time\" content=\"2021-11-15T17:31:07+00:00\" \/>\n<meta property=\"og:image\" content=\"https:\/\/asso.graie.org\/portail\/wp-content\/uploads\/2021\/06\/dom-fou-YRMWVcdyhmI-unsplash-scaled.jpg\" \/>\n\t<meta property=\"og:image:width\" content=\"2560\" \/>\n\t<meta property=\"og:image:height\" content=\"1920\" \/>\n\t<meta property=\"og:image:type\" content=\"image\/jpeg\" \/>\n<meta name=\"author\" content=\"adriengervet\" \/>\n<meta name=\"twitter:card\" content=\"summary_large_image\" \/>\n<meta name=\"twitter:creator\" content=\"@asso_graie\" \/>\n<meta name=\"twitter:site\" content=\"@asso_graie\" \/>\n<meta name=\"twitter:label1\" content=\"\u00c9crit par\" \/>\n\t<meta name=\"twitter:data1\" content=\"adriengervet\" \/>\n\t<meta name=\"twitter:label2\" content=\"Dur\u00e9e de lecture estim\u00e9e\" \/>\n\t<meta name=\"twitter:data2\" content=\"3 minutes\" \/>\n<script type=\"application\/ld+json\" class=\"yoast-schema-graph\">{\"@context\":\"https:\/\/schema.org\",\"@graph\":[{\"@type\":\"Article\",\"@id\":\"https:\/\/asso.graie.org\/portail\/tensioactifs-rivieres\/#article\",\"isPartOf\":{\"@id\":\"https:\/\/asso.graie.org\/portail\/tensioactifs-rivieres\/\"},\"author\":{\"name\":\"adriengervet\",\"@id\":\"https:\/\/asso.graie.org\/portail\/#\/schema\/person\/6c6bb5a38c33b4501e4e8ce71aba5a8c\"},\"headline\":\"Soutenance de th\u00e8se\",\"datePublished\":\"2021-06-03T08:21:10+00:00\",\"dateModified\":\"2021-11-15T17:31:07+00:00\",\"mainEntityOfPage\":{\"@id\":\"https:\/\/asso.graie.org\/portail\/tensioactifs-rivieres\/\"},\"wordCount\":533,\"publisher\":{\"@id\":\"https:\/\/asso.graie.org\/portail\/#organization\"},\"keywords\":[\"chromatographie\",\"eau\",\"publication\",\"rivi\u00e8re\",\"th\u00e8se\"],\"articleSection\":[\"Actualit\u00e9s partenaires\",\"Toute l'actualit\u00e9\"],\"inLanguage\":\"fr-FR\"},{\"@type\":\"WebPage\",\"@id\":\"https:\/\/asso.graie.org\/portail\/tensioactifs-rivieres\/\",\"url\":\"https:\/\/asso.graie.org\/portail\/tensioactifs-rivieres\/\",\"name\":\"Soutenance de th\u00e8se au sujet des tensioactifs dans les rivi\u00e8res\",\"isPartOf\":{\"@id\":\"https:\/\/asso.graie.org\/portail\/#website\"},\"datePublished\":\"2021-06-03T08:21:10+00:00\",\"dateModified\":\"2021-11-15T17:31:07+00:00\",\"description\":\"Laure Wiest (Institut des Sciences Analytiques) soutiendra sa th\u00e8se sur les tensioactifs dans les rivi\u00e8res le lundi 12 juillet \u00e0 10h.\",\"breadcrumb\":{\"@id\":\"https:\/\/asso.graie.org\/portail\/tensioactifs-rivieres\/#breadcrumb\"},\"inLanguage\":\"fr-FR\",\"potentialAction\":[{\"@type\":\"ReadAction\",\"target\":[\"https:\/\/asso.graie.org\/portail\/tensioactifs-rivieres\/\"]}]},{\"@type\":\"BreadcrumbList\",\"@id\":\"https:\/\/asso.graie.org\/portail\/tensioactifs-rivieres\/#breadcrumb\",\"itemListElement\":[{\"@type\":\"ListItem\",\"position\":1,\"name\":\"Accueil\",\"item\":\"https:\/\/asso.graie.org\/portail\/\"},{\"@type\":\"ListItem\",\"position\":2,\"name\":\"Soutenance de th\u00e8se\"}]},{\"@type\":\"WebSite\",\"@id\":\"https:\/\/asso.graie.org\/portail\/#website\",\"url\":\"https:\/\/asso.graie.org\/portail\/\",\"name\":\"Graie\",\"description\":\"P\u00f4le Eau et Territoires\",\"publisher\":{\"@id\":\"https:\/\/asso.graie.org\/portail\/#organization\"},\"potentialAction\":[{\"@type\":\"SearchAction\",\"target\":{\"@type\":\"EntryPoint\",\"urlTemplate\":\"https:\/\/asso.graie.org\/portail\/?s={search_term_string}\"},\"query-input\":\"required name=search_term_string\"}],\"inLanguage\":\"fr-FR\"},{\"@type\":\"Organization\",\"@id\":\"https:\/\/asso.graie.org\/portail\/#organization\",\"name\":\"Le Graie\",\"url\":\"https:\/\/asso.graie.org\/portail\/\",\"logo\":{\"@type\":\"ImageObject\",\"inLanguage\":\"fr-FR\",\"@id\":\"https:\/\/asso.graie.org\/portail\/#\/schema\/logo\/image\/\",\"url\":\"https:\/\/asso.graie.org\/portail\/wp-content\/uploads\/2021\/12\/Logotype-Graie.png\",\"contentUrl\":\"https:\/\/asso.graie.org\/portail\/wp-content\/uploads\/2021\/12\/Logotype-Graie.png\",\"width\":1890,\"height\":1181,\"caption\":\"Le Graie\"},\"image\":{\"@id\":\"https:\/\/asso.graie.org\/portail\/#\/schema\/logo\/image\/\"},\"sameAs\":[\"https:\/\/fr.linkedin.com\/company\/graie?trk=top_nav_home\",\"https:\/\/www.youtube.com\/channel\/UCZQk0Tt7upYwERYNdDIZqLQ\",\"https:\/\/twitter.com\/asso_graie\"]},{\"@type\":\"Person\",\"@id\":\"https:\/\/asso.graie.org\/portail\/#\/schema\/person\/6c6bb5a38c33b4501e4e8ce71aba5a8c\",\"name\":\"adriengervet\",\"url\":\"https:\/\/asso.graie.org\/portail\/author\/adriengervet\/\"}]}<\/script>\n<!-- \/ Yoast SEO plugin. -->","yoast_head_json":{"title":"Soutenance de th\u00e8se au sujet des tensioactifs dans les rivi\u00e8res","description":"Laure Wiest (Institut des Sciences Analytiques) soutiendra sa th\u00e8se sur les tensioactifs dans les rivi\u00e8res le lundi 12 juillet \u00e0 10h.","robots":{"index":"index","follow":"follow","max-snippet":"max-snippet:-1","max-image-preview":"max-image-preview:large","max-video-preview":"max-video-preview:-1"},"canonical":"https:\/\/asso.graie.org\/portail\/tensioactifs-rivieres\/","og_locale":"fr_FR","og_type":"article","og_title":"Soutenance de th\u00e8se au sujet des tensioactifs dans les rivi\u00e8res","og_description":"Laure Wiest (Institut des Sciences Analytiques) soutiendra sa th\u00e8se sur les tensioactifs dans les rivi\u00e8res le lundi 12 juillet \u00e0 10h.","og_url":"https:\/\/asso.graie.org\/portail\/tensioactifs-rivieres\/","og_site_name":"Graie","article_published_time":"2021-06-03T08:21:10+00:00","article_modified_time":"2021-11-15T17:31:07+00:00","og_image":[{"width":2560,"height":1920,"url":"https:\/\/asso.graie.org\/portail\/wp-content\/uploads\/2021\/06\/dom-fou-YRMWVcdyhmI-unsplash-scaled.jpg","type":"image\/jpeg"}],"author":"adriengervet","twitter_card":"summary_large_image","twitter_creator":"@asso_graie","twitter_site":"@asso_graie","twitter_misc":{"\u00c9crit par":"adriengervet","Dur\u00e9e de lecture estim\u00e9e":"3 minutes"},"schema":{"@context":"https:\/\/schema.org","@graph":[{"@type":"Article","@id":"https:\/\/asso.graie.org\/portail\/tensioactifs-rivieres\/#article","isPartOf":{"@id":"https:\/\/asso.graie.org\/portail\/tensioactifs-rivieres\/"},"author":{"name":"adriengervet","@id":"https:\/\/asso.graie.org\/portail\/#\/schema\/person\/6c6bb5a38c33b4501e4e8ce71aba5a8c"},"headline":"Soutenance de th\u00e8se","datePublished":"2021-06-03T08:21:10+00:00","dateModified":"2021-11-15T17:31:07+00:00","mainEntityOfPage":{"@id":"https:\/\/asso.graie.org\/portail\/tensioactifs-rivieres\/"},"wordCount":533,"publisher":{"@id":"https:\/\/asso.graie.org\/portail\/#organization"},"keywords":["chromatographie","eau","publication","rivi\u00e8re","th\u00e8se"],"articleSection":["Actualit\u00e9s partenaires","Toute l'actualit\u00e9"],"inLanguage":"fr-FR"},{"@type":"WebPage","@id":"https:\/\/asso.graie.org\/portail\/tensioactifs-rivieres\/","url":"https:\/\/asso.graie.org\/portail\/tensioactifs-rivieres\/","name":"Soutenance de th\u00e8se au sujet des tensioactifs dans les rivi\u00e8res","isPartOf":{"@id":"https:\/\/asso.graie.org\/portail\/#website"},"datePublished":"2021-06-03T08:21:10+00:00","dateModified":"2021-11-15T17:31:07+00:00","description":"Laure Wiest (Institut des Sciences Analytiques) soutiendra sa th\u00e8se sur les tensioactifs dans les rivi\u00e8res le lundi 12 juillet \u00e0 10h.","breadcrumb":{"@id":"https:\/\/asso.graie.org\/portail\/tensioactifs-rivieres\/#breadcrumb"},"inLanguage":"fr-FR","potentialAction":[{"@type":"ReadAction","target":["https:\/\/asso.graie.org\/portail\/tensioactifs-rivieres\/"]}]},{"@type":"BreadcrumbList","@id":"https:\/\/asso.graie.org\/portail\/tensioactifs-rivieres\/#breadcrumb","itemListElement":[{"@type":"ListItem","position":1,"name":"Accueil","item":"https:\/\/asso.graie.org\/portail\/"},{"@type":"ListItem","position":2,"name":"Soutenance de th\u00e8se"}]},{"@type":"WebSite","@id":"https:\/\/asso.graie.org\/portail\/#website","url":"https:\/\/asso.graie.org\/portail\/","name":"Graie","description":"P\u00f4le Eau et Territoires","publisher":{"@id":"https:\/\/asso.graie.org\/portail\/#organization"},"potentialAction":[{"@type":"SearchAction","target":{"@type":"EntryPoint","urlTemplate":"https:\/\/asso.graie.org\/portail\/?s={search_term_string}"},"query-input":"required name=search_term_string"}],"inLanguage":"fr-FR"},{"@type":"Organization","@id":"https:\/\/asso.graie.org\/portail\/#organization","name":"Le Graie","url":"https:\/\/asso.graie.org\/portail\/","logo":{"@type":"ImageObject","inLanguage":"fr-FR","@id":"https:\/\/asso.graie.org\/portail\/#\/schema\/logo\/image\/","url":"https:\/\/asso.graie.org\/portail\/wp-content\/uploads\/2021\/12\/Logotype-Graie.png","contentUrl":"https:\/\/asso.graie.org\/portail\/wp-content\/uploads\/2021\/12\/Logotype-Graie.png","width":1890,"height":1181,"caption":"Le Graie"},"image":{"@id":"https:\/\/asso.graie.org\/portail\/#\/schema\/logo\/image\/"},"sameAs":["https:\/\/fr.linkedin.com\/company\/graie?trk=top_nav_home","https:\/\/www.youtube.com\/channel\/UCZQk0Tt7upYwERYNdDIZqLQ","https:\/\/twitter.com\/asso_graie"]},{"@type":"Person","@id":"https:\/\/asso.graie.org\/portail\/#\/schema\/person\/6c6bb5a38c33b4501e4e8ce71aba5a8c","name":"adriengervet","url":"https:\/\/asso.graie.org\/portail\/author\/adriengervet\/"}]}},"_links":{"self":[{"href":"https:\/\/asso.graie.org\/portail\/wp-json\/wp\/v2\/posts\/17628"}],"collection":[{"href":"https:\/\/asso.graie.org\/portail\/wp-json\/wp\/v2\/posts"}],"about":[{"href":"https:\/\/asso.graie.org\/portail\/wp-json\/wp\/v2\/types\/post"}],"author":[{"embeddable":true,"href":"https:\/\/asso.graie.org\/portail\/wp-json\/wp\/v2\/users\/1"}],"replies":[{"embeddable":true,"href":"https:\/\/asso.graie.org\/portail\/wp-json\/wp\/v2\/comments?post=17628"}],"version-history":[{"count":17,"href":"https:\/\/asso.graie.org\/portail\/wp-json\/wp\/v2\/posts\/17628\/revisions"}],"predecessor-version":[{"id":18987,"href":"https:\/\/asso.graie.org\/portail\/wp-json\/wp\/v2\/posts\/17628\/revisions\/18987"}],"wp:featuredmedia":[{"embeddable":true,"href":"https:\/\/asso.graie.org\/portail\/wp-json\/wp\/v2\/media\/18977"}],"wp:attachment":[{"href":"https:\/\/asso.graie.org\/portail\/wp-json\/wp\/v2\/media?parent=17628"}],"wp:term":[{"taxonomy":"category","embeddable":true,"href":"https:\/\/asso.graie.org\/portail\/wp-json\/wp\/v2\/categories?post=17628"},{"taxonomy":"post_tag","embeddable":true,"href":"https:\/\/asso.graie.org\/portail\/wp-json\/wp\/v2\/tags?post=17628"}],"curies":[{"name":"wp","href":"https:\/\/api.w.org\/{rel}","templated":true}]}}