{"id":17660,"date":"2021-06-08T17:37:15","date_gmt":"2021-06-08T15:37:15","guid":{"rendered":"https:\/\/asso.graie.org\/portail\/?p=17660"},"modified":"2022-05-04T12:54:05","modified_gmt":"2022-05-04T10:54:05","slug":"e-colloque-amorce-en-partenariat-avec-le-graie","status":"publish","type":"post","link":"https:\/\/asso.graie.org\/portail\/e-colloque-amorce-en-partenariat-avec-le-graie\/","title":{"rendered":"e-Colloque AMORCE en partenariat avec le GRAIE"},"content":{"rendered":"<h1 style=\"text-align: center;\"><span style=\"color: #1984a1;\"><strong>Repenser les strat\u00e9gies territoriales pour relever le d\u00e9fi des pollutions \u00e9mergent<\/strong><strong>es du c<\/strong><strong>ycle de l\u2019eau<\/strong><\/span><\/h1>\n<p><img decoding=\"async\" loading=\"lazy\" class=\"wp-image-17677 size-full aligncenter\" src=\"https:\/\/asso.graie.org\/portail\/wp-content\/uploads\/2021\/06\/Logos_Amorce_Graie.png\" alt=\"Logos Amorce_Graie\" width=\"450\" height=\"150\" srcset=\"https:\/\/asso.graie.org\/portail\/wp-content\/uploads\/2021\/06\/Logos_Amorce_Graie.png 450w, https:\/\/asso.graie.org\/portail\/wp-content\/uploads\/2021\/06\/Logos_Amorce_Graie-300x100.png 300w\" sizes=\"(max-width: 450px) 100vw, 450px\" \/><\/p>\n<p><strong>A mesure que les connaissances avancent, les signaux d&rsquo;alerte se multiplient sur la pr\u00e9sence dans le cycle de l&rsquo;eau de polluants dits \u00e9mergents &#8211; m\u00e9taux lourds, <a href=\"https:\/\/asso.graie.org\/portail\/7e-conference-eau-et-sante\/\" target=\"_blank\" rel=\"noopener noreferrer\">micropolluants organiques<\/a>, r\u00e9sidus m\u00e9dicamenteux, plastiques.<\/strong><\/p>\n<p>Ces pollutions menacent directement nos rivi\u00e8res, nappes souterraines et oc\u00e9ans d\u00e9j\u00e0 fortement impact\u00e9s par le changement climatique et appellent imm\u00e9diatement la mise en \u0153uvre, par les <a href=\"https:\/\/asso.graie.org\/portail\/thematiques\/eau-dans-la-ville\/competences\/\" target=\"_blank\" rel=\"noopener noreferrer\">collectivit\u00e9s locales<\/a> et leurs partenaires, de strat\u00e9gies pr\u00e9ventives et curatives pour prot\u00e9ger nos ressources en eau sur le long terme.<\/p>\n<p>30 ans apr\u00e8s l&rsquo;adoption de la Directive europ\u00e9enne sur les eaux r\u00e9siduaires urbaines, 15 ans apr\u00e8s la Directive cadre sur l&rsquo;eau, alors que la nouvelle Directive eau potable vient tout juste d\u2019\u00eatre vot\u00e9e et que les comit\u00e9s de bassin s&rsquo;appr\u00eatent \u00e0 adopter de nouveaux SDAGE, <strong>l&rsquo;atteinte de l&rsquo;objectif de bon \u00e9tat des masses d&rsquo;eaux passera n\u00e9cessairement par des changements de pratiques de fond dans les mondes agricole, industriel et urbain.<\/strong><\/p>\n<p>A travers des tables rondes et les t\u00e9moignages de collectivit\u00e9s qui ont mis en place des actions efficaces de r\u00e9duction \u00e0 la source des pollutions et de ma\u00eetrise des flux polluants rejet\u00e9s, <span style=\"color: #1984a1;\"><strong>AMORCE &#8211; en partenariat avec le GRAIE &#8211; vous invite le jeudi 8 juillet \u00e0 venir construire ce nouveau mod\u00e8le pour :<\/strong><\/span><\/p>\n<ul>\n<li>Accompagner massivement les m\u00e9nages, artisans, industriels et agriculteurs vers des pratiques moins polluantes.<\/li>\n<li>Sortir du \u00ab tout \u00e0 l\u2019\u00e9gout \u00bb et faire du pilotage des r\u00e9seaux le premier maillon de la lutte contre les pollutions urbaines (d\u00e9raccordement des eaux pluviales, pr\u00e9traitement des effluents, r\u00e9utilisation des mati\u00e8res).<\/li>\n<li>S\u2019approprier les \u00e9volutions technologiques du traitement des eaux pour faire face aux \u00e9volutions r\u00e8glementaires.<\/li>\n<li>Repenser nos suivis analytiques du cycle de l\u2019eau pour une meilleure prise en compte des pollutions \u00e9mergentes dans la construction des plans d\u2019actions territoriaux et le suivi de leur efficacit\u00e9.<\/li>\n<li>Faire \u00e9voluer nos mod\u00e8les \u00e9conomiques et contractuels pour relever le d\u00e9fi de la reconqu\u00eate du bon \u00e9tat des milieux aquatiques, superficiels comme souterrains.<\/li>\n<\/ul>\n<p>Les solutions existent et se combinent pour s&rsquo;adapter aux enjeux propres \u00e0 chaque territoire.<\/p>\n<p>&nbsp;<\/p>\n<p><strong><a href=\"https:\/\/amorce.asso.fr\/evenement\/inscription\/repenser-les-strategies-territoriales-pour-relever-le-defi-des-pollutions-emergentes-du-cycle-de-l-eau\" target=\"_blank\" rel=\"noopener noreferrer\"><span style=\"color: #1984a1;\">Inscription gratuite<\/span><\/a> pour les membres du Graie.<\/strong><\/p>\n<p>&nbsp;<\/p>\n<p>&nbsp;<\/p>\n<p>&nbsp;<\/p>\n<p>&nbsp;<\/p>\n","protected":false},"excerpt":{"rendered":"<p>Repenser les strat\u00e9gies territoriales pour relever le d\u00e9fi des pollutions \u00e9mergentes du cycle de l\u2019eau A mesure que les connaissances avancent, les signaux d&rsquo;alerte se multiplient sur la pr\u00e9sence dans le cycle de l&rsquo;eau de polluants dits \u00e9mergents &#8211; m\u00e9taux &hellip;<\/p>\n","protected":false},"author":3,"featured_media":17680,"comment_status":"closed","ping_status":"closed","sticky":false,"template":"","format":"standard","meta":{"_mi_skip_tracking":false,"footnotes":""},"categories":[589],"tags":[1592,84,169,1617,83,1620,1618,1619,498,216,1616],"acf":[],"yoast_head":"<!-- This site is optimized with the Yoast SEO plugin v19.13 - https:\/\/yoast.com\/wordpress\/plugins\/seo\/ -->\n<title>E-Colloque AMORCE - 8 Juillet 2021 - En partenariat avec le Graie<\/title>\n<meta name=\"description\" content=\"Participez au E-Colloque AMORCE le 8 Juillet 2021 en partenariat avec le GRAIE : &quot;Repenser les strat\u00e9gies territoriales pour relever le d\u00e9fi des pollutions \u00e9mergentes du cycle de l&#039;eau&quot;.\" \/>\n<meta name=\"robots\" content=\"index, follow, max-snippet:-1, max-image-preview:large, max-video-preview:-1\" \/>\n<link rel=\"canonical\" href=\"https:\/\/asso.graie.org\/portail\/e-colloque-amorce-en-partenariat-avec-le-graie\/\" \/>\n<meta property=\"og:locale\" content=\"fr_FR\" \/>\n<meta property=\"og:type\" content=\"article\" \/>\n<meta property=\"og:title\" content=\"E-Colloque AMORCE - 8 Juillet 2021 - En partenariat avec le Graie\" \/>\n<meta property=\"og:description\" content=\"Participez au E-Colloque AMORCE le 8 Juillet 2021 en partenariat avec le GRAIE : &quot;Repenser les strat\u00e9gies territoriales pour relever le d\u00e9fi des pollutions \u00e9mergentes du cycle de l&#039;eau&quot;.\" \/>\n<meta property=\"og:url\" content=\"https:\/\/asso.graie.org\/portail\/e-colloque-amorce-en-partenariat-avec-le-graie\/\" \/>\n<meta property=\"og:site_name\" content=\"Graie\" \/>\n<meta property=\"article:published_time\" content=\"2021-06-08T15:37:15+00:00\" \/>\n<meta property=\"article:modified_time\" content=\"2022-05-04T10:54:05+00:00\" \/>\n<meta property=\"og:image\" content=\"https:\/\/asso.graie.org\/portail\/wp-content\/uploads\/2021\/06\/BANNIERE-e1636122795364.png\" \/>\n\t<meta property=\"og:image:width\" content=\"324\" \/>\n\t<meta property=\"og:image:height\" content=\"314\" \/>\n\t<meta property=\"og:image:type\" content=\"image\/png\" \/>\n<meta name=\"author\" content=\"Laure Dumonte\" \/>\n<meta name=\"twitter:card\" content=\"summary_large_image\" \/>\n<meta name=\"twitter:creator\" content=\"@asso_graie\" \/>\n<meta name=\"twitter:site\" content=\"@asso_graie\" \/>\n<meta name=\"twitter:label1\" content=\"\u00c9crit par\" \/>\n\t<meta name=\"twitter:data1\" content=\"Laure Dumonte\" \/>\n\t<meta name=\"twitter:label2\" content=\"Dur\u00e9e de lecture estim\u00e9e\" \/>\n\t<meta name=\"twitter:data2\" content=\"2 minutes\" \/>\n<script type=\"application\/ld+json\" class=\"yoast-schema-graph\">{\"@context\":\"https:\/\/schema.org\",\"@graph\":[{\"@type\":\"Article\",\"@id\":\"https:\/\/asso.graie.org\/portail\/e-colloque-amorce-en-partenariat-avec-le-graie\/#article\",\"isPartOf\":{\"@id\":\"https:\/\/asso.graie.org\/portail\/e-colloque-amorce-en-partenariat-avec-le-graie\/\"},\"author\":{\"name\":\"Laure Dumonte\",\"@id\":\"https:\/\/asso.graie.org\/portail\/#\/schema\/person\/b7fb559684005d59490969faaa8fc42f\"},\"headline\":\"e-Colloque AMORCE en partenariat avec le GRAIE\",\"datePublished\":\"2021-06-08T15:37:15+00:00\",\"dateModified\":\"2022-05-04T10:54:05+00:00\",\"mainEntityOfPage\":{\"@id\":\"https:\/\/asso.graie.org\/portail\/e-colloque-amorce-en-partenariat-avec-le-graie\/\"},\"wordCount\":398,\"publisher\":{\"@id\":\"https:\/\/asso.graie.org\/portail\/#organization\"},\"keywords\":[\"amorce\",\"assainissement\",\"cycle de l'eau\",\"e-colloque\",\"eau\",\"eau dans la ville\",\"\u00e9v\u00e9nement\",\"\u00e9v\u00e9nement partenaire\",\"micropolluants\",\"polluants\",\"webinaire\"],\"articleSection\":[\"Historique Agenda\"],\"inLanguage\":\"fr-FR\"},{\"@type\":\"WebPage\",\"@id\":\"https:\/\/asso.graie.org\/portail\/e-colloque-amorce-en-partenariat-avec-le-graie\/\",\"url\":\"https:\/\/asso.graie.org\/portail\/e-colloque-amorce-en-partenariat-avec-le-graie\/\",\"name\":\"E-Colloque AMORCE - 8 Juillet 2021 - En partenariat avec le Graie\",\"isPartOf\":{\"@id\":\"https:\/\/asso.graie.org\/portail\/#website\"},\"datePublished\":\"2021-06-08T15:37:15+00:00\",\"dateModified\":\"2022-05-04T10:54:05+00:00\",\"description\":\"Participez au E-Colloque AMORCE le 8 Juillet 2021 en partenariat avec le GRAIE : \\\"Repenser les strat\u00e9gies territoriales pour relever le d\u00e9fi des pollutions \u00e9mergentes du cycle de l'eau\\\".\",\"breadcrumb\":{\"@id\":\"https:\/\/asso.graie.org\/portail\/e-colloque-amorce-en-partenariat-avec-le-graie\/#breadcrumb\"},\"inLanguage\":\"fr-FR\",\"potentialAction\":[{\"@type\":\"ReadAction\",\"target\":[\"https:\/\/asso.graie.org\/portail\/e-colloque-amorce-en-partenariat-avec-le-graie\/\"]}]},{\"@type\":\"BreadcrumbList\",\"@id\":\"https:\/\/asso.graie.org\/portail\/e-colloque-amorce-en-partenariat-avec-le-graie\/#breadcrumb\",\"itemListElement\":[{\"@type\":\"ListItem\",\"position\":1,\"name\":\"Accueil\",\"item\":\"https:\/\/asso.graie.org\/portail\/\"},{\"@type\":\"ListItem\",\"position\":2,\"name\":\"e-Colloque AMORCE en partenariat avec le GRAIE\"}]},{\"@type\":\"WebSite\",\"@id\":\"https:\/\/asso.graie.org\/portail\/#website\",\"url\":\"https:\/\/asso.graie.org\/portail\/\",\"name\":\"Graie\",\"description\":\"P\u00f4le Eau et Territoires\",\"publisher\":{\"@id\":\"https:\/\/asso.graie.org\/portail\/#organization\"},\"potentialAction\":[{\"@type\":\"SearchAction\",\"target\":{\"@type\":\"EntryPoint\",\"urlTemplate\":\"https:\/\/asso.graie.org\/portail\/?s={search_term_string}\"},\"query-input\":\"required name=search_term_string\"}],\"inLanguage\":\"fr-FR\"},{\"@type\":\"Organization\",\"@id\":\"https:\/\/asso.graie.org\/portail\/#organization\",\"name\":\"Le Graie\",\"url\":\"https:\/\/asso.graie.org\/portail\/\",\"logo\":{\"@type\":\"ImageObject\",\"inLanguage\":\"fr-FR\",\"@id\":\"https:\/\/asso.graie.org\/portail\/#\/schema\/logo\/image\/\",\"url\":\"https:\/\/asso.graie.org\/portail\/wp-content\/uploads\/2021\/12\/Logotype-Graie.png\",\"contentUrl\":\"https:\/\/asso.graie.org\/portail\/wp-content\/uploads\/2021\/12\/Logotype-Graie.png\",\"width\":1890,\"height\":1181,\"caption\":\"Le Graie\"},\"image\":{\"@id\":\"https:\/\/asso.graie.org\/portail\/#\/schema\/logo\/image\/\"},\"sameAs\":[\"https:\/\/fr.linkedin.com\/company\/graie?trk=top_nav_home\",\"https:\/\/www.youtube.com\/channel\/UCZQk0Tt7upYwERYNdDIZqLQ\",\"https:\/\/twitter.com\/asso_graie\"]},{\"@type\":\"Person\",\"@id\":\"https:\/\/asso.graie.org\/portail\/#\/schema\/person\/b7fb559684005d59490969faaa8fc42f\",\"name\":\"Laure Dumonte\",\"url\":\"https:\/\/asso.graie.org\/portail\/author\/sarahscarrott\/\"}]}<\/script>\n<!-- \/ Yoast SEO plugin. -->","yoast_head_json":{"title":"E-Colloque AMORCE - 8 Juillet 2021 - En partenariat avec le Graie","description":"Participez au E-Colloque AMORCE le 8 Juillet 2021 en partenariat avec le GRAIE : \"Repenser les strat\u00e9gies territoriales pour relever le d\u00e9fi des pollutions \u00e9mergentes du cycle de l'eau\".","robots":{"index":"index","follow":"follow","max-snippet":"max-snippet:-1","max-image-preview":"max-image-preview:large","max-video-preview":"max-video-preview:-1"},"canonical":"https:\/\/asso.graie.org\/portail\/e-colloque-amorce-en-partenariat-avec-le-graie\/","og_locale":"fr_FR","og_type":"article","og_title":"E-Colloque AMORCE - 8 Juillet 2021 - En partenariat avec le Graie","og_description":"Participez au E-Colloque AMORCE le 8 Juillet 2021 en partenariat avec le GRAIE : \"Repenser les strat\u00e9gies territoriales pour relever le d\u00e9fi des pollutions \u00e9mergentes du cycle de l'eau\".","og_url":"https:\/\/asso.graie.org\/portail\/e-colloque-amorce-en-partenariat-avec-le-graie\/","og_site_name":"Graie","article_published_time":"2021-06-08T15:37:15+00:00","article_modified_time":"2022-05-04T10:54:05+00:00","og_image":[{"width":324,"height":314,"url":"https:\/\/asso.graie.org\/portail\/wp-content\/uploads\/2021\/06\/BANNIERE-e1636122795364.png","type":"image\/png"}],"author":"Laure Dumonte","twitter_card":"summary_large_image","twitter_creator":"@asso_graie","twitter_site":"@asso_graie","twitter_misc":{"\u00c9crit par":"Laure Dumonte","Dur\u00e9e de lecture estim\u00e9e":"2 minutes"},"schema":{"@context":"https:\/\/schema.org","@graph":[{"@type":"Article","@id":"https:\/\/asso.graie.org\/portail\/e-colloque-amorce-en-partenariat-avec-le-graie\/#article","isPartOf":{"@id":"https:\/\/asso.graie.org\/portail\/e-colloque-amorce-en-partenariat-avec-le-graie\/"},"author":{"name":"Laure Dumonte","@id":"https:\/\/asso.graie.org\/portail\/#\/schema\/person\/b7fb559684005d59490969faaa8fc42f"},"headline":"e-Colloque AMORCE en partenariat avec le GRAIE","datePublished":"2021-06-08T15:37:15+00:00","dateModified":"2022-05-04T10:54:05+00:00","mainEntityOfPage":{"@id":"https:\/\/asso.graie.org\/portail\/e-colloque-amorce-en-partenariat-avec-le-graie\/"},"wordCount":398,"publisher":{"@id":"https:\/\/asso.graie.org\/portail\/#organization"},"keywords":["amorce","assainissement","cycle de l'eau","e-colloque","eau","eau dans la ville","\u00e9v\u00e9nement","\u00e9v\u00e9nement partenaire","micropolluants","polluants","webinaire"],"articleSection":["Historique Agenda"],"inLanguage":"fr-FR"},{"@type":"WebPage","@id":"https:\/\/asso.graie.org\/portail\/e-colloque-amorce-en-partenariat-avec-le-graie\/","url":"https:\/\/asso.graie.org\/portail\/e-colloque-amorce-en-partenariat-avec-le-graie\/","name":"E-Colloque AMORCE - 8 Juillet 2021 - En partenariat avec le Graie","isPartOf":{"@id":"https:\/\/asso.graie.org\/portail\/#website"},"datePublished":"2021-06-08T15:37:15+00:00","dateModified":"2022-05-04T10:54:05+00:00","description":"Participez au E-Colloque AMORCE le 8 Juillet 2021 en partenariat avec le GRAIE : \"Repenser les strat\u00e9gies territoriales pour relever le d\u00e9fi des pollutions \u00e9mergentes du cycle de l'eau\".","breadcrumb":{"@id":"https:\/\/asso.graie.org\/portail\/e-colloque-amorce-en-partenariat-avec-le-graie\/#breadcrumb"},"inLanguage":"fr-FR","potentialAction":[{"@type":"ReadAction","target":["https:\/\/asso.graie.org\/portail\/e-colloque-amorce-en-partenariat-avec-le-graie\/"]}]},{"@type":"BreadcrumbList","@id":"https:\/\/asso.graie.org\/portail\/e-colloque-amorce-en-partenariat-avec-le-graie\/#breadcrumb","itemListElement":[{"@type":"ListItem","position":1,"name":"Accueil","item":"https:\/\/asso.graie.org\/portail\/"},{"@type":"ListItem","position":2,"name":"e-Colloque AMORCE en partenariat avec le GRAIE"}]},{"@type":"WebSite","@id":"https:\/\/asso.graie.org\/portail\/#website","url":"https:\/\/asso.graie.org\/portail\/","name":"Graie","description":"P\u00f4le Eau et Territoires","publisher":{"@id":"https:\/\/asso.graie.org\/portail\/#organization"},"potentialAction":[{"@type":"SearchAction","target":{"@type":"EntryPoint","urlTemplate":"https:\/\/asso.graie.org\/portail\/?s={search_term_string}"},"query-input":"required name=search_term_string"}],"inLanguage":"fr-FR"},{"@type":"Organization","@id":"https:\/\/asso.graie.org\/portail\/#organization","name":"Le Graie","url":"https:\/\/asso.graie.org\/portail\/","logo":{"@type":"ImageObject","inLanguage":"fr-FR","@id":"https:\/\/asso.graie.org\/portail\/#\/schema\/logo\/image\/","url":"https:\/\/asso.graie.org\/portail\/wp-content\/uploads\/2021\/12\/Logotype-Graie.png","contentUrl":"https:\/\/asso.graie.org\/portail\/wp-content\/uploads\/2021\/12\/Logotype-Graie.png","width":1890,"height":1181,"caption":"Le Graie"},"image":{"@id":"https:\/\/asso.graie.org\/portail\/#\/schema\/logo\/image\/"},"sameAs":["https:\/\/fr.linkedin.com\/company\/graie?trk=top_nav_home","https:\/\/www.youtube.com\/channel\/UCZQk0Tt7upYwERYNdDIZqLQ","https:\/\/twitter.com\/asso_graie"]},{"@type":"Person","@id":"https:\/\/asso.graie.org\/portail\/#\/schema\/person\/b7fb559684005d59490969faaa8fc42f","name":"Laure Dumonte","url":"https:\/\/asso.graie.org\/portail\/author\/sarahscarrott\/"}]}},"_links":{"self":[{"href":"https:\/\/asso.graie.org\/portail\/wp-json\/wp\/v2\/posts\/17660"}],"collection":[{"href":"https:\/\/asso.graie.org\/portail\/wp-json\/wp\/v2\/posts"}],"about":[{"href":"https:\/\/asso.graie.org\/portail\/wp-json\/wp\/v2\/types\/post"}],"author":[{"embeddable":true,"href":"https:\/\/asso.graie.org\/portail\/wp-json\/wp\/v2\/users\/3"}],"replies":[{"embeddable":true,"href":"https:\/\/asso.graie.org\/portail\/wp-json\/wp\/v2\/comments?post=17660"}],"version-history":[{"count":20,"href":"https:\/\/asso.graie.org\/portail\/wp-json\/wp\/v2\/posts\/17660\/revisions"}],"predecessor-version":[{"id":20314,"href":"https:\/\/asso.graie.org\/portail\/wp-json\/wp\/v2\/posts\/17660\/revisions\/20314"}],"wp:featuredmedia":[{"embeddable":true,"href":"https:\/\/asso.graie.org\/portail\/wp-json\/wp\/v2\/media\/17680"}],"wp:attachment":[{"href":"https:\/\/asso.graie.org\/portail\/wp-json\/wp\/v2\/media?parent=17660"}],"wp:term":[{"taxonomy":"category","embeddable":true,"href":"https:\/\/asso.graie.org\/portail\/wp-json\/wp\/v2\/categories?post=17660"},{"taxonomy":"post_tag","embeddable":true,"href":"https:\/\/asso.graie.org\/portail\/wp-json\/wp\/v2\/tags?post=17660"}],"curies":[{"name":"wp","href":"https:\/\/api.w.org\/{rel}","templated":true}]}}