{"id":17873,"date":"2021-08-01T17:37:18","date_gmt":"2021-08-01T15:37:18","guid":{"rendered":"https:\/\/asso.graie.org\/portail\/?p=17873"},"modified":"2025-02-10T10:55:53","modified_gmt":"2025-02-10T09:55:53","slug":"journee-dechanges-rendre-les-villes-permeables","status":"publish","type":"post","link":"https:\/\/asso.graie.org\/portail\/journee-dechanges-rendre-les-villes-permeables\/","title":{"rendered":"Journ\u00e9e d&rsquo;\u00e9changes \u00ab\u00a0Rendre les villes perm\u00e9ables\u00a0\u00bb"},"content":{"rendered":"<h2>Quelles sont les solutions efficaces pour d\u00e9sengorger les r\u00e9seaux d&rsquo;assainissement et diminuer les risques de d\u00e9bordement ? Comment mieux g\u00e9rer ses eaux pluviales \u00e0 la parcelle ?<\/h2>\n<p>&nbsp;<\/p>\n<p><a href=\"https:\/\/www.eaurmc.fr\/jcms\/pro_104885\/fr\/rendre-les-villes-permeables-journee-d-echanges-mercredi-29-septembre-lyon\"><img decoding=\"async\" loading=\"lazy\" class=\"aligncenter wp-image-17941 size-full\" src=\"https:\/\/www.graie.org\/portail\/wp-content\/uploads\/2021\/07\/ae_2021_carrouselrendrelesvillespermeables.jpg\" alt=\"RDV Ville perm\u00e9able\" width=\"772\" height=\"413\" srcset=\"https:\/\/asso.graie.org\/portail\/wp-content\/uploads\/2021\/07\/ae_2021_carrouselrendrelesvillespermeables.jpg 772w, https:\/\/asso.graie.org\/portail\/wp-content\/uploads\/2021\/07\/ae_2021_carrouselrendrelesvillespermeables-300x160.jpg 300w, https:\/\/asso.graie.org\/portail\/wp-content\/uploads\/2021\/07\/ae_2021_carrouselrendrelesvillespermeables-768x411.jpg 768w\" sizes=\"(max-width: 772px) 100vw, 772px\" \/><\/a><\/p>\n<p>&nbsp;<\/p>\n<p>Venez \u00e9changer lors de <strong>cette journ\u00e9e organis\u00e9e par l&rsquo;agence de l&rsquo;eau Rh\u00f4ne M\u00e9diterran\u00e9e Corse, en partenariat avec le Graie, d\u00e9di\u00e9e \u00e0 la d\u00e9simperm\u00e9abilisation des sols le <\/strong><strong>MERCREDI 29 SEPTEMBRE \u00c0 LYON.<\/strong><\/p>\n<p>&nbsp;<\/p>\n<p><strong> <a href=\"https:\/\/forms.info-eaurmc.fr\/5ad5b46fb85b532bca1495eb\/9rGr6hqERc6Hi7Ha45bhAQ\/S_TOprJ9SbC1EPgWIPzLRA\/form.html\" target=\"_blank\" class=\"shortc-button medium blue \"><span class=\"fa \" aria-hidden=\"true\"><\/span> Inscription<\/a><\/strong><\/p>\n<p>&nbsp;<\/p>\n<p>Cet \u00e9v\u00e9nement s&rsquo;adresse aux \u00e9lus, techniciens de services publics, bureaux d\u2019\u00e9tudes et entreprises priv\u00e9es souhaitant avoir des retours d&rsquo;exp\u00e9riences sur les op\u00e9rations de d\u00e9simperm\u00e9abilisation des sols dans les espaces publics (voiries, cours d\u2019\u00e9cole\u2026) mais aussi sur des espaces priv\u00e9s (parking par exemple).<\/p>\n<p>&nbsp;<\/p>\n<p>&nbsp;<\/p>\n<p><strong>\u00c9lus, techniciens de services publics, bureaux d\u2019\u00e9tudes, entreprises priv\u00e9es, venez vous informer et \u00e9changer sur les\u00a0op\u00e9rations de d\u00e9simperm\u00e9abilisation des sols dans les espaces publics (voiries, cours d\u2019\u00e9cole\u2026) mais aussi sur des espaces priv\u00e9s (parking par exemple).<\/strong><\/p>\n<p><strong>&gt; <a href=\"https:\/\/www.eaurmc.fr\/jcms\/pro_104885\/fr\/rendre-les-villes-permeables-journee-d-echanges-mercredi-29-septembre-lyon\">Plus d&rsquo;informations<\/a><\/strong><\/p>\n<p><strong>&gt; Inscrivez-vous !<\/strong><\/p>\n<p><strong>&gt;\u00a0<a href=\"https:\/\/www.eaurmc.fr\/jcms\/pro_105127\/fr\/programme-lyon-29sept2021\">D\u00e9couvrez le programme<\/a><\/strong><\/p>\n<p><strong>&gt; Centre de congr\u00e8s de Lyon &#8211;<\/strong><strong>\u00a0 \u00a050 quai Charles de Gaulle &#8211; 69006 Lyon &#8211;<\/strong><a title=\"Acc\u00e8s Centre de congr\u00e8s de Lyon\" href=\"https:\/\/www.ccc-lyon.com\/venir-au-centre-de-congres-de-lyon\" target=\"_blank\" rel=\"noopener noreferrer\"> Comment s&rsquo;y rendre<\/a><\/p>\n","protected":false},"excerpt":{"rendered":"<p>Quelles sont les solutions efficaces pour d\u00e9sengorger les r\u00e9seaux d&rsquo;assainissement et diminuer les risques de d\u00e9bordement ? Comment mieux g\u00e9rer ses eaux pluviales \u00e0 la parcelle ? &nbsp; &nbsp; Venez \u00e9changer lors de cette journ\u00e9e organis\u00e9e par l&rsquo;agence de l&rsquo;eau &hellip;<\/p>\n","protected":false},"author":3,"featured_media":17947,"comment_status":"closed","ping_status":"closed","sticky":false,"template":"","format":"standard","meta":{"_mi_skip_tracking":false,"footnotes":""},"categories":[589],"tags":[1633,854,1523,1630,83,1629,1626,1631,1602],"acf":[],"yoast_head":"<!-- This site is optimized with the Yoast SEO plugin v19.13 - https:\/\/yoast.com\/wordpress\/plugins\/seo\/ -->\n<title>Journ\u00e9e d&#039;\u00e9changes &quot;Rendre les villes perm\u00e9ables&quot; | Graie<\/title>\n<meta name=\"robots\" content=\"index, follow, max-snippet:-1, max-image-preview:large, max-video-preview:-1\" \/>\n<link rel=\"canonical\" href=\"https:\/\/asso.graie.org\/portail\/journee-dechanges-rendre-les-villes-permeables\/\" \/>\n<meta property=\"og:locale\" content=\"fr_FR\" \/>\n<meta property=\"og:type\" content=\"article\" \/>\n<meta property=\"og:title\" content=\"Journ\u00e9e d&#039;\u00e9changes &quot;Rendre les villes perm\u00e9ables&quot; | Graie\" \/>\n<meta property=\"og:description\" content=\"Quelles sont les solutions efficaces pour d\u00e9sengorger les r\u00e9seaux d&rsquo;assainissement et diminuer les risques de d\u00e9bordement ? Comment mieux g\u00e9rer ses eaux pluviales \u00e0 la parcelle ? &nbsp; &nbsp; Venez \u00e9changer lors de cette journ\u00e9e organis\u00e9e par l&rsquo;agence de l&rsquo;eau &hellip;\" \/>\n<meta property=\"og:url\" content=\"https:\/\/asso.graie.org\/portail\/journee-dechanges-rendre-les-villes-permeables\/\" \/>\n<meta property=\"og:site_name\" content=\"Graie\" \/>\n<meta property=\"article:published_time\" content=\"2021-08-01T15:37:18+00:00\" \/>\n<meta property=\"article:modified_time\" content=\"2025-02-10T09:55:53+00:00\" \/>\n<meta property=\"og:image\" content=\"https:\/\/asso.graie.org\/portail\/wp-content\/uploads\/2021\/07\/ae_2021_carrouselrendrelesvillespermeables-nu.jpg\" \/>\n\t<meta property=\"og:image:width\" content=\"772\" \/>\n\t<meta property=\"og:image:height\" content=\"336\" \/>\n\t<meta property=\"og:image:type\" content=\"image\/jpeg\" \/>\n<meta name=\"author\" content=\"Laure Dumonte\" \/>\n<meta name=\"twitter:card\" content=\"summary_large_image\" \/>\n<meta name=\"twitter:creator\" content=\"@asso_graie\" \/>\n<meta name=\"twitter:site\" content=\"@asso_graie\" \/>\n<meta name=\"twitter:label1\" content=\"\u00c9crit par\" \/>\n\t<meta name=\"twitter:data1\" content=\"Laure Dumonte\" \/>\n\t<meta name=\"twitter:label2\" content=\"Dur\u00e9e de lecture estim\u00e9e\" \/>\n\t<meta name=\"twitter:data2\" content=\"1 minute\" \/>\n<script type=\"application\/ld+json\" class=\"yoast-schema-graph\">{\"@context\":\"https:\/\/schema.org\",\"@graph\":[{\"@type\":\"Article\",\"@id\":\"https:\/\/asso.graie.org\/portail\/journee-dechanges-rendre-les-villes-permeables\/#article\",\"isPartOf\":{\"@id\":\"https:\/\/asso.graie.org\/portail\/journee-dechanges-rendre-les-villes-permeables\/\"},\"author\":{\"name\":\"Laure Dumonte\",\"@id\":\"https:\/\/asso.graie.org\/portail\/#\/schema\/person\/b7fb559684005d59490969faaa8fc42f\"},\"headline\":\"Journ\u00e9e d&rsquo;\u00e9changes \u00ab\u00a0Rendre les villes perm\u00e9ables\u00a0\u00bb\",\"datePublished\":\"2021-08-01T15:37:18+00:00\",\"dateModified\":\"2025-02-10T09:55:53+00:00\",\"mainEntityOfPage\":{\"@id\":\"https:\/\/asso.graie.org\/portail\/journee-dechanges-rendre-les-villes-permeables\/\"},\"wordCount\":237,\"publisher\":{\"@id\":\"https:\/\/asso.graie.org\/portail\/#organization\"},\"keywords\":[\"agence de l'eau\",\"Agence de l'eau RMC\",\"conf\u00e9rence\",\"d\u00e9simperm\u00e9abilisation\",\"eau\",\"eau pluviale\",\"journ\u00e9e\",\"journ\u00e9e d'\u00e9changes\",\"VILLE PERMEABLE\"],\"articleSection\":[\"Historique Agenda\"],\"inLanguage\":\"fr-FR\"},{\"@type\":\"WebPage\",\"@id\":\"https:\/\/asso.graie.org\/portail\/journee-dechanges-rendre-les-villes-permeables\/\",\"url\":\"https:\/\/asso.graie.org\/portail\/journee-dechanges-rendre-les-villes-permeables\/\",\"name\":\"Journ\u00e9e d'\u00e9changes \\\"Rendre les villes perm\u00e9ables\\\" | Graie\",\"isPartOf\":{\"@id\":\"https:\/\/asso.graie.org\/portail\/#website\"},\"datePublished\":\"2021-08-01T15:37:18+00:00\",\"dateModified\":\"2025-02-10T09:55:53+00:00\",\"breadcrumb\":{\"@id\":\"https:\/\/asso.graie.org\/portail\/journee-dechanges-rendre-les-villes-permeables\/#breadcrumb\"},\"inLanguage\":\"fr-FR\",\"potentialAction\":[{\"@type\":\"ReadAction\",\"target\":[\"https:\/\/asso.graie.org\/portail\/journee-dechanges-rendre-les-villes-permeables\/\"]}]},{\"@type\":\"BreadcrumbList\",\"@id\":\"https:\/\/asso.graie.org\/portail\/journee-dechanges-rendre-les-villes-permeables\/#breadcrumb\",\"itemListElement\":[{\"@type\":\"ListItem\",\"position\":1,\"name\":\"Accueil\",\"item\":\"https:\/\/asso.graie.org\/portail\/\"},{\"@type\":\"ListItem\",\"position\":2,\"name\":\"Journ\u00e9e d&rsquo;\u00e9changes \u00ab\u00a0Rendre les villes perm\u00e9ables\u00a0\u00bb\"}]},{\"@type\":\"WebSite\",\"@id\":\"https:\/\/asso.graie.org\/portail\/#website\",\"url\":\"https:\/\/asso.graie.org\/portail\/\",\"name\":\"Graie\",\"description\":\"P\u00f4le Eau et Territoires\",\"publisher\":{\"@id\":\"https:\/\/asso.graie.org\/portail\/#organization\"},\"potentialAction\":[{\"@type\":\"SearchAction\",\"target\":{\"@type\":\"EntryPoint\",\"urlTemplate\":\"https:\/\/asso.graie.org\/portail\/?s={search_term_string}\"},\"query-input\":\"required name=search_term_string\"}],\"inLanguage\":\"fr-FR\"},{\"@type\":\"Organization\",\"@id\":\"https:\/\/asso.graie.org\/portail\/#organization\",\"name\":\"Le Graie\",\"url\":\"https:\/\/asso.graie.org\/portail\/\",\"logo\":{\"@type\":\"ImageObject\",\"inLanguage\":\"fr-FR\",\"@id\":\"https:\/\/asso.graie.org\/portail\/#\/schema\/logo\/image\/\",\"url\":\"https:\/\/asso.graie.org\/portail\/wp-content\/uploads\/2021\/12\/Logotype-Graie.png\",\"contentUrl\":\"https:\/\/asso.graie.org\/portail\/wp-content\/uploads\/2021\/12\/Logotype-Graie.png\",\"width\":1890,\"height\":1181,\"caption\":\"Le Graie\"},\"image\":{\"@id\":\"https:\/\/asso.graie.org\/portail\/#\/schema\/logo\/image\/\"},\"sameAs\":[\"https:\/\/fr.linkedin.com\/company\/graie?trk=top_nav_home\",\"https:\/\/www.youtube.com\/channel\/UCZQk0Tt7upYwERYNdDIZqLQ\",\"https:\/\/twitter.com\/asso_graie\"]},{\"@type\":\"Person\",\"@id\":\"https:\/\/asso.graie.org\/portail\/#\/schema\/person\/b7fb559684005d59490969faaa8fc42f\",\"name\":\"Laure Dumonte\",\"url\":\"https:\/\/asso.graie.org\/portail\/author\/sarahscarrott\/\"}]}<\/script>\n<!-- \/ Yoast SEO plugin. -->","yoast_head_json":{"title":"Journ\u00e9e d'\u00e9changes \"Rendre les villes perm\u00e9ables\" | Graie","robots":{"index":"index","follow":"follow","max-snippet":"max-snippet:-1","max-image-preview":"max-image-preview:large","max-video-preview":"max-video-preview:-1"},"canonical":"https:\/\/asso.graie.org\/portail\/journee-dechanges-rendre-les-villes-permeables\/","og_locale":"fr_FR","og_type":"article","og_title":"Journ\u00e9e d'\u00e9changes \"Rendre les villes perm\u00e9ables\" | Graie","og_description":"Quelles sont les solutions efficaces pour d\u00e9sengorger les r\u00e9seaux d&rsquo;assainissement et diminuer les risques de d\u00e9bordement ? Comment mieux g\u00e9rer ses eaux pluviales \u00e0 la parcelle ? &nbsp; &nbsp; Venez \u00e9changer lors de cette journ\u00e9e organis\u00e9e par l&rsquo;agence de l&rsquo;eau &hellip;","og_url":"https:\/\/asso.graie.org\/portail\/journee-dechanges-rendre-les-villes-permeables\/","og_site_name":"Graie","article_published_time":"2021-08-01T15:37:18+00:00","article_modified_time":"2025-02-10T09:55:53+00:00","og_image":[{"width":772,"height":336,"url":"https:\/\/asso.graie.org\/portail\/wp-content\/uploads\/2021\/07\/ae_2021_carrouselrendrelesvillespermeables-nu.jpg","type":"image\/jpeg"}],"author":"Laure Dumonte","twitter_card":"summary_large_image","twitter_creator":"@asso_graie","twitter_site":"@asso_graie","twitter_misc":{"\u00c9crit par":"Laure Dumonte","Dur\u00e9e de lecture estim\u00e9e":"1 minute"},"schema":{"@context":"https:\/\/schema.org","@graph":[{"@type":"Article","@id":"https:\/\/asso.graie.org\/portail\/journee-dechanges-rendre-les-villes-permeables\/#article","isPartOf":{"@id":"https:\/\/asso.graie.org\/portail\/journee-dechanges-rendre-les-villes-permeables\/"},"author":{"name":"Laure Dumonte","@id":"https:\/\/asso.graie.org\/portail\/#\/schema\/person\/b7fb559684005d59490969faaa8fc42f"},"headline":"Journ\u00e9e d&rsquo;\u00e9changes \u00ab\u00a0Rendre les villes perm\u00e9ables\u00a0\u00bb","datePublished":"2021-08-01T15:37:18+00:00","dateModified":"2025-02-10T09:55:53+00:00","mainEntityOfPage":{"@id":"https:\/\/asso.graie.org\/portail\/journee-dechanges-rendre-les-villes-permeables\/"},"wordCount":237,"publisher":{"@id":"https:\/\/asso.graie.org\/portail\/#organization"},"keywords":["agence de l'eau","Agence de l'eau RMC","conf\u00e9rence","d\u00e9simperm\u00e9abilisation","eau","eau pluviale","journ\u00e9e","journ\u00e9e d'\u00e9changes","VILLE PERMEABLE"],"articleSection":["Historique Agenda"],"inLanguage":"fr-FR"},{"@type":"WebPage","@id":"https:\/\/asso.graie.org\/portail\/journee-dechanges-rendre-les-villes-permeables\/","url":"https:\/\/asso.graie.org\/portail\/journee-dechanges-rendre-les-villes-permeables\/","name":"Journ\u00e9e d'\u00e9changes \"Rendre les villes perm\u00e9ables\" | Graie","isPartOf":{"@id":"https:\/\/asso.graie.org\/portail\/#website"},"datePublished":"2021-08-01T15:37:18+00:00","dateModified":"2025-02-10T09:55:53+00:00","breadcrumb":{"@id":"https:\/\/asso.graie.org\/portail\/journee-dechanges-rendre-les-villes-permeables\/#breadcrumb"},"inLanguage":"fr-FR","potentialAction":[{"@type":"ReadAction","target":["https:\/\/asso.graie.org\/portail\/journee-dechanges-rendre-les-villes-permeables\/"]}]},{"@type":"BreadcrumbList","@id":"https:\/\/asso.graie.org\/portail\/journee-dechanges-rendre-les-villes-permeables\/#breadcrumb","itemListElement":[{"@type":"ListItem","position":1,"name":"Accueil","item":"https:\/\/asso.graie.org\/portail\/"},{"@type":"ListItem","position":2,"name":"Journ\u00e9e d&rsquo;\u00e9changes \u00ab\u00a0Rendre les villes perm\u00e9ables\u00a0\u00bb"}]},{"@type":"WebSite","@id":"https:\/\/asso.graie.org\/portail\/#website","url":"https:\/\/asso.graie.org\/portail\/","name":"Graie","description":"P\u00f4le Eau et Territoires","publisher":{"@id":"https:\/\/asso.graie.org\/portail\/#organization"},"potentialAction":[{"@type":"SearchAction","target":{"@type":"EntryPoint","urlTemplate":"https:\/\/asso.graie.org\/portail\/?s={search_term_string}"},"query-input":"required name=search_term_string"}],"inLanguage":"fr-FR"},{"@type":"Organization","@id":"https:\/\/asso.graie.org\/portail\/#organization","name":"Le Graie","url":"https:\/\/asso.graie.org\/portail\/","logo":{"@type":"ImageObject","inLanguage":"fr-FR","@id":"https:\/\/asso.graie.org\/portail\/#\/schema\/logo\/image\/","url":"https:\/\/asso.graie.org\/portail\/wp-content\/uploads\/2021\/12\/Logotype-Graie.png","contentUrl":"https:\/\/asso.graie.org\/portail\/wp-content\/uploads\/2021\/12\/Logotype-Graie.png","width":1890,"height":1181,"caption":"Le Graie"},"image":{"@id":"https:\/\/asso.graie.org\/portail\/#\/schema\/logo\/image\/"},"sameAs":["https:\/\/fr.linkedin.com\/company\/graie?trk=top_nav_home","https:\/\/www.youtube.com\/channel\/UCZQk0Tt7upYwERYNdDIZqLQ","https:\/\/twitter.com\/asso_graie"]},{"@type":"Person","@id":"https:\/\/asso.graie.org\/portail\/#\/schema\/person\/b7fb559684005d59490969faaa8fc42f","name":"Laure Dumonte","url":"https:\/\/asso.graie.org\/portail\/author\/sarahscarrott\/"}]}},"_links":{"self":[{"href":"https:\/\/asso.graie.org\/portail\/wp-json\/wp\/v2\/posts\/17873"}],"collection":[{"href":"https:\/\/asso.graie.org\/portail\/wp-json\/wp\/v2\/posts"}],"about":[{"href":"https:\/\/asso.graie.org\/portail\/wp-json\/wp\/v2\/types\/post"}],"author":[{"embeddable":true,"href":"https:\/\/asso.graie.org\/portail\/wp-json\/wp\/v2\/users\/3"}],"replies":[{"embeddable":true,"href":"https:\/\/asso.graie.org\/portail\/wp-json\/wp\/v2\/comments?post=17873"}],"version-history":[{"count":21,"href":"https:\/\/asso.graie.org\/portail\/wp-json\/wp\/v2\/posts\/17873\/revisions"}],"predecessor-version":[{"id":27472,"href":"https:\/\/asso.graie.org\/portail\/wp-json\/wp\/v2\/posts\/17873\/revisions\/27472"}],"wp:featuredmedia":[{"embeddable":true,"href":"https:\/\/asso.graie.org\/portail\/wp-json\/wp\/v2\/media\/17947"}],"wp:attachment":[{"href":"https:\/\/asso.graie.org\/portail\/wp-json\/wp\/v2\/media?parent=17873"}],"wp:term":[{"taxonomy":"category","embeddable":true,"href":"https:\/\/asso.graie.org\/portail\/wp-json\/wp\/v2\/categories?post=17873"},{"taxonomy":"post_tag","embeddable":true,"href":"https:\/\/asso.graie.org\/portail\/wp-json\/wp\/v2\/tags?post=17873"}],"curies":[{"name":"wp","href":"https:\/\/api.w.org\/{rel}","templated":true}]}}