{"id":18900,"date":"2021-11-05T12:44:41","date_gmt":"2021-11-05T11:44:41","guid":{"rendered":"https:\/\/asso.graie.org\/portail\/?p=18900"},"modified":"2021-12-14T11:01:07","modified_gmt":"2021-12-14T10:01:07","slug":"arra2-webinaires-eau-et-adaptation-au-changement-climatique","status":"publish","type":"post","link":"https:\/\/asso.graie.org\/portail\/arra2-webinaires-eau-et-adaptation-au-changement-climatique\/","title":{"rendered":"Webinaires ARRA\u00b2 &#8211; GRAIE"},"content":{"rendered":"<h3 style=\"text-align: left;\">L&rsquo;ARRA\u00b2, en partenariat avec le Graie,\u00a0 organise 5 webinaires sur le th\u00e8me Eau et adaptation au changement climatique du 9 novembre au 6 d\u00e9cembre 2021.<\/h3>\n<p style=\"text-align: center;\"><img decoding=\"async\" loading=\"lazy\" class=\"alignnone wp-image-18931 size-medium\" src=\"https:\/\/asso.graie.org\/portail\/wp-content\/uploads\/2021\/11\/Sans-titre-1-300x133.jpg\" alt=\"logos-arra-graie\" width=\"300\" height=\"133\" srcset=\"https:\/\/asso.graie.org\/portail\/wp-content\/uploads\/2021\/11\/Sans-titre-1-300x133.jpg 300w, https:\/\/asso.graie.org\/portail\/wp-content\/uploads\/2021\/11\/Sans-titre-1-768x341.jpg 768w, https:\/\/asso.graie.org\/portail\/wp-content\/uploads\/2021\/11\/Sans-titre-1-600x267.jpg 600w, https:\/\/asso.graie.org\/portail\/wp-content\/uploads\/2021\/11\/Sans-titre-1.jpg 900w\" sizes=\"(max-width: 300px) 100vw, 300px\" \/><\/p>\n<p style=\"text-align: center;\"><a href=\"https:\/\/www.helloasso.com\/associations\/riviere-rhone-alpes-auvergne\/evenements\/webinaire-eau-et-changement-climatique-5-sessions\" class=\"shortc-button medium blue \"><span class=\"fa \" aria-hidden=\"true\"><\/span> Inscriptions <\/a>\n<p>&nbsp;<\/p>\n<p>&nbsp;<\/p>\n<h3><span style=\"color: #009ee0;\"><strong>Pourquoi ces webinaires ?<br \/>\n<\/strong><\/span><\/h3>\n<p>Aujourd&rsquo;hui, d\u00e9cideurs comme gestionnaires de milieux aquatiques doivent agir dans un contexte d&rsquo;incertitude face aux effets du changement climatique. Bien qu&rsquo;avec des cons\u00e9quences locales variables, tous les territoires sont ou seront impact\u00e9s. Il est donc n\u00e9cessaire de traduire les \u00e9vidences scientifiques en enjeux de gestion.<\/p>\n<p>&nbsp;<\/p>\n<h3><span style=\"color: #009ee0;\"><strong><span style=\"color: #009ee0;\">Au programme<br \/>\n<\/span><\/strong><\/span><\/h3>\n<ul>\n<li>2 sessions g\u00e9n\u00e9ralistes d\u00e9di\u00e9es aux connaissances et \u00e0 la planification \u00e0 l&rsquo;\u00e9chelle nationale et de bassin<\/li>\n<li>3 sessions qui d\u00e9tailleront les moyens mis en \u0153uvre localement pour adapter les territoires aux r\u00e9percussions du changement climatique sur les usages agricoles, milieux aquatiques et urbains<\/li>\n<\/ul>\n<p>&nbsp;<\/p>\n<p><strong>Mardi 9 novembre 9h30-12h<\/strong> : <em>Constat et cons\u00e9quences du changement climatique pour les 50 prochaines ann\u00e9es<\/em><\/p>\n<p><strong>Mardi 16 novembre 9h30-12h<\/strong> : <em>\u00c9tudes prospectives \u00e0 l\u2019\u00e9chelle de nos territoires<\/em><\/p>\n<p><strong>Lundi 29 novembre 14h-16h30<\/strong> : Usages Agricoles :<em>Vers une agriculture plus \u00e9conome en eau et r\u00e9siliente face au changement climatique<\/em><\/p>\n<p><strong>Mardi 30 novembre 14h-16h30<\/strong> : Usages Milieux aquatiques : <em>Vers des milieux aquatiques et humides fonctionnels et pr\u00e9serv\u00e9s<\/em><\/p>\n<p><strong>Lundi 6 d\u00e9cembre 14h-16h30<\/strong> : Usages Urbains : <em>Vers une ville durable : repenser les cycles de l\u2019eau urbains<\/em><\/p>\n<p>&nbsp;<\/p>\n<h3><strong><span style=\"color: #009ee0;\">Public cible <\/span><\/strong><\/h3>\n<p>Ces webinaires sont ouverts aux adh\u00e9rents comme au non adh\u00e9rents de l&rsquo;ARRA\u00b2.<\/p>\n<p>&nbsp;<\/p>\n<p>Pour plus d&rsquo;informations sur ce webinaire, rendez-vous sur <a href=\"https:\/\/www.arraa.org\/journees-techniques\/webinaire-eau-et-adaptation-au-changement-climatique-5-sessions\">le site de l&rsquo;ARRA\u00b2<\/a>.<\/p>\n<p>&nbsp;<\/p>\n<p style=\"text-align: center;\"><a href=\"https:\/\/www.helloasso.com\/associations\/riviere-rhone-alpes-auvergne\/evenements\/webinaire-eau-et-changement-climatique-5-sessions\" class=\"shortc-button medium blue \"><span class=\"fa \" aria-hidden=\"true\"><\/span> Inscription en ligne <\/a>\n","protected":false},"excerpt":{"rendered":"<p>L&rsquo;ARRA\u00b2, en partenariat avec le Graie,\u00a0 organise 5 webinaires sur le th\u00e8me Eau et adaptation au changement climatique du 9 novembre au 6 d\u00e9cembre 2021. &nbsp; &nbsp; Pourquoi ces webinaires ? Aujourd&rsquo;hui, d\u00e9cideurs comme gestionnaires de milieux aquatiques doivent agir &hellip;<\/p>\n","protected":false},"author":16,"featured_media":18942,"comment_status":"closed","ping_status":"closed","sticky":false,"template":"","format":"standard","meta":{"_mi_skip_tracking":false,"footnotes":""},"categories":[24,27,589,28],"tags":[1671,141,1523,83,87,210,1616],"acf":[],"yoast_head":"<!-- This site is optimized with the Yoast SEO plugin v19.13 - https:\/\/yoast.com\/wordpress\/plugins\/seo\/ -->\n<title>Webinaires ARRA\u00b2 | Actualit\u00e9s Partenaires | Le Graie<\/title>\n<meta name=\"description\" content=\"L&#039;ARRA\u00b2 organise 5 webinaires sur le th\u00e8me Eau et adaptation au changement climatique du 9 novembre au 6 d\u00e9cembre 2021.\" \/>\n<meta name=\"robots\" content=\"index, follow, max-snippet:-1, max-image-preview:large, max-video-preview:-1\" \/>\n<link rel=\"canonical\" href=\"https:\/\/asso.graie.org\/portail\/arra2-webinaires-eau-et-adaptation-au-changement-climatique\/\" \/>\n<meta property=\"og:locale\" content=\"fr_FR\" \/>\n<meta property=\"og:type\" content=\"article\" \/>\n<meta property=\"og:title\" content=\"Webinaires ARRA\u00b2 | Actualit\u00e9s Partenaires | Le Graie\" \/>\n<meta property=\"og:description\" content=\"L&#039;ARRA\u00b2 organise 5 webinaires sur le th\u00e8me Eau et adaptation au changement climatique du 9 novembre au 6 d\u00e9cembre 2021.\" \/>\n<meta property=\"og:url\" content=\"https:\/\/asso.graie.org\/portail\/arra2-webinaires-eau-et-adaptation-au-changement-climatique\/\" \/>\n<meta property=\"og:site_name\" content=\"Graie\" \/>\n<meta property=\"article:published_time\" content=\"2021-11-05T11:44:41+00:00\" \/>\n<meta property=\"article:modified_time\" content=\"2021-12-14T10:01:07+00:00\" \/>\n<meta property=\"og:image\" content=\"https:\/\/asso.graie.org\/portail\/wp-content\/uploads\/2021\/11\/earth-g0f1db43cf_1920.jpg\" \/>\n\t<meta property=\"og:image:width\" content=\"1920\" \/>\n\t<meta property=\"og:image:height\" content=\"1280\" \/>\n\t<meta property=\"og:image:type\" content=\"image\/jpeg\" \/>\n<meta name=\"author\" content=\"Maureen Carpentier\" \/>\n<meta name=\"twitter:card\" content=\"summary_large_image\" \/>\n<meta name=\"twitter:creator\" content=\"@asso_graie\" \/>\n<meta name=\"twitter:site\" content=\"@asso_graie\" \/>\n<meta name=\"twitter:label1\" content=\"\u00c9crit par\" \/>\n\t<meta name=\"twitter:data1\" content=\"Maureen Carpentier\" \/>\n\t<meta name=\"twitter:label2\" content=\"Dur\u00e9e de lecture estim\u00e9e\" \/>\n\t<meta name=\"twitter:data2\" content=\"2 minutes\" \/>\n<script type=\"application\/ld+json\" class=\"yoast-schema-graph\">{\"@context\":\"https:\/\/schema.org\",\"@graph\":[{\"@type\":\"Article\",\"@id\":\"https:\/\/asso.graie.org\/portail\/arra2-webinaires-eau-et-adaptation-au-changement-climatique\/#article\",\"isPartOf\":{\"@id\":\"https:\/\/asso.graie.org\/portail\/arra2-webinaires-eau-et-adaptation-au-changement-climatique\/\"},\"author\":{\"name\":\"Maureen Carpentier\",\"@id\":\"https:\/\/asso.graie.org\/portail\/#\/schema\/person\/486e14d091ff09d12f2b31bad560eb4f\"},\"headline\":\"Webinaires ARRA\u00b2 &#8211; GRAIE\",\"datePublished\":\"2021-11-05T11:44:41+00:00\",\"dateModified\":\"2021-12-14T10:01:07+00:00\",\"mainEntityOfPage\":{\"@id\":\"https:\/\/asso.graie.org\/portail\/arra2-webinaires-eau-et-adaptation-au-changement-climatique\/\"},\"wordCount\":293,\"publisher\":{\"@id\":\"https:\/\/asso.graie.org\/portail\/#organization\"},\"keywords\":[\"arra\u00b2\",\"changement climatique\",\"conf\u00e9rence\",\"eau\",\"eaux pluviales\",\"gestion de l'eau\",\"webinaire\"],\"articleSection\":[\"Actu Graie\",\"Actualit\u00e9s partenaires\",\"Historique Agenda\",\"Toute l'actualit\u00e9\"],\"inLanguage\":\"fr-FR\"},{\"@type\":\"WebPage\",\"@id\":\"https:\/\/asso.graie.org\/portail\/arra2-webinaires-eau-et-adaptation-au-changement-climatique\/\",\"url\":\"https:\/\/asso.graie.org\/portail\/arra2-webinaires-eau-et-adaptation-au-changement-climatique\/\",\"name\":\"Webinaires ARRA\u00b2 | Actualit\u00e9s Partenaires | Le Graie\",\"isPartOf\":{\"@id\":\"https:\/\/asso.graie.org\/portail\/#website\"},\"datePublished\":\"2021-11-05T11:44:41+00:00\",\"dateModified\":\"2021-12-14T10:01:07+00:00\",\"description\":\"L'ARRA\u00b2 organise 5 webinaires sur le th\u00e8me Eau et adaptation au changement climatique du 9 novembre au 6 d\u00e9cembre 2021.\",\"breadcrumb\":{\"@id\":\"https:\/\/asso.graie.org\/portail\/arra2-webinaires-eau-et-adaptation-au-changement-climatique\/#breadcrumb\"},\"inLanguage\":\"fr-FR\",\"potentialAction\":[{\"@type\":\"ReadAction\",\"target\":[\"https:\/\/asso.graie.org\/portail\/arra2-webinaires-eau-et-adaptation-au-changement-climatique\/\"]}]},{\"@type\":\"BreadcrumbList\",\"@id\":\"https:\/\/asso.graie.org\/portail\/arra2-webinaires-eau-et-adaptation-au-changement-climatique\/#breadcrumb\",\"itemListElement\":[{\"@type\":\"ListItem\",\"position\":1,\"name\":\"Accueil\",\"item\":\"https:\/\/asso.graie.org\/portail\/\"},{\"@type\":\"ListItem\",\"position\":2,\"name\":\"Webinaires ARRA\u00b2 &#8211; GRAIE\"}]},{\"@type\":\"WebSite\",\"@id\":\"https:\/\/asso.graie.org\/portail\/#website\",\"url\":\"https:\/\/asso.graie.org\/portail\/\",\"name\":\"Graie\",\"description\":\"P\u00f4le Eau et Territoires\",\"publisher\":{\"@id\":\"https:\/\/asso.graie.org\/portail\/#organization\"},\"potentialAction\":[{\"@type\":\"SearchAction\",\"target\":{\"@type\":\"EntryPoint\",\"urlTemplate\":\"https:\/\/asso.graie.org\/portail\/?s={search_term_string}\"},\"query-input\":\"required name=search_term_string\"}],\"inLanguage\":\"fr-FR\"},{\"@type\":\"Organization\",\"@id\":\"https:\/\/asso.graie.org\/portail\/#organization\",\"name\":\"Le Graie\",\"url\":\"https:\/\/asso.graie.org\/portail\/\",\"logo\":{\"@type\":\"ImageObject\",\"inLanguage\":\"fr-FR\",\"@id\":\"https:\/\/asso.graie.org\/portail\/#\/schema\/logo\/image\/\",\"url\":\"https:\/\/asso.graie.org\/portail\/wp-content\/uploads\/2021\/12\/Logotype-Graie.png\",\"contentUrl\":\"https:\/\/asso.graie.org\/portail\/wp-content\/uploads\/2021\/12\/Logotype-Graie.png\",\"width\":1890,\"height\":1181,\"caption\":\"Le Graie\"},\"image\":{\"@id\":\"https:\/\/asso.graie.org\/portail\/#\/schema\/logo\/image\/\"},\"sameAs\":[\"https:\/\/fr.linkedin.com\/company\/graie?trk=top_nav_home\",\"https:\/\/www.youtube.com\/channel\/UCZQk0Tt7upYwERYNdDIZqLQ\",\"https:\/\/twitter.com\/asso_graie\"]},{\"@type\":\"Person\",\"@id\":\"https:\/\/asso.graie.org\/portail\/#\/schema\/person\/486e14d091ff09d12f2b31bad560eb4f\",\"name\":\"Maureen Carpentier\",\"url\":\"https:\/\/asso.graie.org\/portail\/author\/juliettecasanova\/\"}]}<\/script>\n<!-- \/ Yoast SEO plugin. -->","yoast_head_json":{"title":"Webinaires ARRA\u00b2 | Actualit\u00e9s Partenaires | Le Graie","description":"L'ARRA\u00b2 organise 5 webinaires sur le th\u00e8me Eau et adaptation au changement climatique du 9 novembre au 6 d\u00e9cembre 2021.","robots":{"index":"index","follow":"follow","max-snippet":"max-snippet:-1","max-image-preview":"max-image-preview:large","max-video-preview":"max-video-preview:-1"},"canonical":"https:\/\/asso.graie.org\/portail\/arra2-webinaires-eau-et-adaptation-au-changement-climatique\/","og_locale":"fr_FR","og_type":"article","og_title":"Webinaires ARRA\u00b2 | Actualit\u00e9s Partenaires | Le Graie","og_description":"L'ARRA\u00b2 organise 5 webinaires sur le th\u00e8me Eau et adaptation au changement climatique du 9 novembre au 6 d\u00e9cembre 2021.","og_url":"https:\/\/asso.graie.org\/portail\/arra2-webinaires-eau-et-adaptation-au-changement-climatique\/","og_site_name":"Graie","article_published_time":"2021-11-05T11:44:41+00:00","article_modified_time":"2021-12-14T10:01:07+00:00","og_image":[{"width":1920,"height":1280,"url":"https:\/\/asso.graie.org\/portail\/wp-content\/uploads\/2021\/11\/earth-g0f1db43cf_1920.jpg","type":"image\/jpeg"}],"author":"Maureen Carpentier","twitter_card":"summary_large_image","twitter_creator":"@asso_graie","twitter_site":"@asso_graie","twitter_misc":{"\u00c9crit par":"Maureen Carpentier","Dur\u00e9e de lecture estim\u00e9e":"2 minutes"},"schema":{"@context":"https:\/\/schema.org","@graph":[{"@type":"Article","@id":"https:\/\/asso.graie.org\/portail\/arra2-webinaires-eau-et-adaptation-au-changement-climatique\/#article","isPartOf":{"@id":"https:\/\/asso.graie.org\/portail\/arra2-webinaires-eau-et-adaptation-au-changement-climatique\/"},"author":{"name":"Maureen Carpentier","@id":"https:\/\/asso.graie.org\/portail\/#\/schema\/person\/486e14d091ff09d12f2b31bad560eb4f"},"headline":"Webinaires ARRA\u00b2 &#8211; GRAIE","datePublished":"2021-11-05T11:44:41+00:00","dateModified":"2021-12-14T10:01:07+00:00","mainEntityOfPage":{"@id":"https:\/\/asso.graie.org\/portail\/arra2-webinaires-eau-et-adaptation-au-changement-climatique\/"},"wordCount":293,"publisher":{"@id":"https:\/\/asso.graie.org\/portail\/#organization"},"keywords":["arra\u00b2","changement climatique","conf\u00e9rence","eau","eaux pluviales","gestion de l'eau","webinaire"],"articleSection":["Actu Graie","Actualit\u00e9s partenaires","Historique Agenda","Toute l'actualit\u00e9"],"inLanguage":"fr-FR"},{"@type":"WebPage","@id":"https:\/\/asso.graie.org\/portail\/arra2-webinaires-eau-et-adaptation-au-changement-climatique\/","url":"https:\/\/asso.graie.org\/portail\/arra2-webinaires-eau-et-adaptation-au-changement-climatique\/","name":"Webinaires ARRA\u00b2 | Actualit\u00e9s Partenaires | Le Graie","isPartOf":{"@id":"https:\/\/asso.graie.org\/portail\/#website"},"datePublished":"2021-11-05T11:44:41+00:00","dateModified":"2021-12-14T10:01:07+00:00","description":"L'ARRA\u00b2 organise 5 webinaires sur le th\u00e8me Eau et adaptation au changement climatique du 9 novembre au 6 d\u00e9cembre 2021.","breadcrumb":{"@id":"https:\/\/asso.graie.org\/portail\/arra2-webinaires-eau-et-adaptation-au-changement-climatique\/#breadcrumb"},"inLanguage":"fr-FR","potentialAction":[{"@type":"ReadAction","target":["https:\/\/asso.graie.org\/portail\/arra2-webinaires-eau-et-adaptation-au-changement-climatique\/"]}]},{"@type":"BreadcrumbList","@id":"https:\/\/asso.graie.org\/portail\/arra2-webinaires-eau-et-adaptation-au-changement-climatique\/#breadcrumb","itemListElement":[{"@type":"ListItem","position":1,"name":"Accueil","item":"https:\/\/asso.graie.org\/portail\/"},{"@type":"ListItem","position":2,"name":"Webinaires ARRA\u00b2 &#8211; GRAIE"}]},{"@type":"WebSite","@id":"https:\/\/asso.graie.org\/portail\/#website","url":"https:\/\/asso.graie.org\/portail\/","name":"Graie","description":"P\u00f4le Eau et Territoires","publisher":{"@id":"https:\/\/asso.graie.org\/portail\/#organization"},"potentialAction":[{"@type":"SearchAction","target":{"@type":"EntryPoint","urlTemplate":"https:\/\/asso.graie.org\/portail\/?s={search_term_string}"},"query-input":"required name=search_term_string"}],"inLanguage":"fr-FR"},{"@type":"Organization","@id":"https:\/\/asso.graie.org\/portail\/#organization","name":"Le Graie","url":"https:\/\/asso.graie.org\/portail\/","logo":{"@type":"ImageObject","inLanguage":"fr-FR","@id":"https:\/\/asso.graie.org\/portail\/#\/schema\/logo\/image\/","url":"https:\/\/asso.graie.org\/portail\/wp-content\/uploads\/2021\/12\/Logotype-Graie.png","contentUrl":"https:\/\/asso.graie.org\/portail\/wp-content\/uploads\/2021\/12\/Logotype-Graie.png","width":1890,"height":1181,"caption":"Le Graie"},"image":{"@id":"https:\/\/asso.graie.org\/portail\/#\/schema\/logo\/image\/"},"sameAs":["https:\/\/fr.linkedin.com\/company\/graie?trk=top_nav_home","https:\/\/www.youtube.com\/channel\/UCZQk0Tt7upYwERYNdDIZqLQ","https:\/\/twitter.com\/asso_graie"]},{"@type":"Person","@id":"https:\/\/asso.graie.org\/portail\/#\/schema\/person\/486e14d091ff09d12f2b31bad560eb4f","name":"Maureen Carpentier","url":"https:\/\/asso.graie.org\/portail\/author\/juliettecasanova\/"}]}},"_links":{"self":[{"href":"https:\/\/asso.graie.org\/portail\/wp-json\/wp\/v2\/posts\/18900"}],"collection":[{"href":"https:\/\/asso.graie.org\/portail\/wp-json\/wp\/v2\/posts"}],"about":[{"href":"https:\/\/asso.graie.org\/portail\/wp-json\/wp\/v2\/types\/post"}],"author":[{"embeddable":true,"href":"https:\/\/asso.graie.org\/portail\/wp-json\/wp\/v2\/users\/16"}],"replies":[{"embeddable":true,"href":"https:\/\/asso.graie.org\/portail\/wp-json\/wp\/v2\/comments?post=18900"}],"version-history":[{"count":22,"href":"https:\/\/asso.graie.org\/portail\/wp-json\/wp\/v2\/posts\/18900\/revisions"}],"predecessor-version":[{"id":18952,"href":"https:\/\/asso.graie.org\/portail\/wp-json\/wp\/v2\/posts\/18900\/revisions\/18952"}],"wp:featuredmedia":[{"embeddable":true,"href":"https:\/\/asso.graie.org\/portail\/wp-json\/wp\/v2\/media\/18942"}],"wp:attachment":[{"href":"https:\/\/asso.graie.org\/portail\/wp-json\/wp\/v2\/media?parent=18900"}],"wp:term":[{"taxonomy":"category","embeddable":true,"href":"https:\/\/asso.graie.org\/portail\/wp-json\/wp\/v2\/categories?post=18900"},{"taxonomy":"post_tag","embeddable":true,"href":"https:\/\/asso.graie.org\/portail\/wp-json\/wp\/v2\/tags?post=18900"}],"curies":[{"name":"wp","href":"https:\/\/api.w.org\/{rel}","templated":true}]}}