{"id":18916,"date":"2021-11-05T14:41:55","date_gmt":"2021-11-05T13:41:55","guid":{"rendered":"https:\/\/asso.graie.org\/portail\/?p=18916"},"modified":"2021-11-15T18:28:36","modified_gmt":"2021-11-15T17:28:36","slug":"sante_unique-2","status":"publish","type":"post","link":"https:\/\/asso.graie.org\/portail\/sante_unique-2\/","title":{"rendered":"Journ\u00e9e technique de l&rsquo;ARRA\u00b2"},"content":{"rendered":"<p><img decoding=\"async\" loading=\"lazy\" class=\"size-full wp-image-18917 alignleft\" src=\"https:\/\/asso.graie.org\/portail\/wp-content\/uploads\/2021\/11\/agence-eau-loire-bretagne.png\" alt=\"\" width=\"213\" height=\"98\" \/><img decoding=\"async\" loading=\"lazy\" class=\"size-full wp-image-18910 alignleft\" src=\"https:\/\/asso.graie.org\/portail\/wp-content\/uploads\/2021\/11\/arra2.png\" alt=\"\" width=\"192\" height=\"121\" \/><\/p>\n<p>&nbsp;<\/p>\n<p>&nbsp;<\/p>\n<p>&nbsp;<\/p>\n<p>&nbsp;<\/p>\n<p>&nbsp;<\/p>\n<p>L\u2019Association Rivi\u00e8re Rh\u00f4ne Alpes Auvergne organise, en partenariat avec l\u2019Agence de l\u2019eau Loire-Bretagne, une <strong>journ\u00e9e technique<\/strong> d\u2019information et d\u2019\u00e9changes sur le th\u00e8me <strong>: \u00ab Agir \u00e0 l\u2019\u00e9chelle du bassin versant sur les eaux de ruissellement pour pr\u00e9server la qualit\u00e9 des milieux aquatiques \u00bb.<\/strong><\/p>\n<p>Cette rencontre aura lieu \u00e0 <strong>Cournon-d\u2019Auvergne le jeudi 2 d\u00e9cembre 2021<\/strong>.<\/p>\n<p>Alors que le traitement de la pollution des eaux us\u00e9es domestiques s\u2019est largement am\u00e9lior\u00e9 au cours des derni\u00e8res d\u00e9cennies, un enjeu a \u00e9merg\u00e9 assez r\u00e9cemment : celui des eaux de ruissellement comme vecteurs de pollutions dues au lessivage des sols et b\u00e2timents sur le territoire. <strong>Cette journ\u00e9e propose une approche centr\u00e9e en milieu rural, sur le bassin versant dans son ensemble, dont la compl\u00e9mentarit\u00e9 est essentielle pour pr\u00e9server la qualit\u00e9 des milieux \u00e0 l&rsquo;\u00e9chelle du territoire dans le cadre d&rsquo;une gestion int\u00e9gr\u00e9e.<\/strong><\/p>\n<p>&nbsp;<\/p>\n<h3><\/h3>\n<h3>Au programme de cette journ\u00e9e :<\/h3>\n<ul>\n<li>Mieux conna\u00eetre le ph\u00e9nom\u00e8ne, les types de contaminants entrain\u00e9s et les impacts du colmatage sur les milieux aquatiques ;<\/li>\n<li>Donner \u00e0 voir des strat\u00e9gies men\u00e9es \u00e0 l\u2019\u00e9chelle du bassin versant pour diminuer les transferts de polluants ;<\/li>\n<li>Montrer des solutions techniques ;<\/li>\n<li>Informer sur les leviers existants pour favoriser ces strat\u00e9gies et alerter sur les points de blocage ;<\/li>\n<li>Montrer l\u2019int\u00e9r\u00eat d\u2019articuler \u00ab mod\u00e8le de transfert et sciences de la participation \u00bb pour faciliter la concertation \u00e0 l\u2019\u00e9chelle du bassin versant.<\/li>\n<\/ul>\n<p>&nbsp;<\/p>\n<p style=\"text-align: center;\"><a href=\"https:\/\/www.helloasso.com\/associations\/riviere-rhone-alpes-auvergne\/evenements\/journee-technique-agir-a-l-echelle-du-bassin-versant-sur-les-eaux-de-ruissellement-pour-preserver-la-qualite-des-milieux-aquatiques\" class=\"shortc-button medium blue \"><span class=\"fa \" aria-hidden=\"true\"><\/span> S\u00a0\u00bbinscrire<\/a>\n<p style=\"text-align: center;\"><a href=\"https:\/\/www.arraa.org\/journees-techniques\/agir-l-echelle-du-bassin-versant-sur-les-eaux-de-ruissellement-pour-preserver\" class=\"shortc-button medium blue \"><span class=\"fa \" aria-hidden=\"true\"><\/span> En savoir plus<\/a>\n<p>&nbsp;<\/p>\n","protected":false},"excerpt":{"rendered":"<p>&nbsp; &nbsp; &nbsp; &nbsp; &nbsp; L\u2019Association Rivi\u00e8re Rh\u00f4ne Alpes Auvergne organise, en partenariat avec l\u2019Agence de l\u2019eau Loire-Bretagne, une journ\u00e9e technique d\u2019information et d\u2019\u00e9changes sur le th\u00e8me : \u00ab Agir \u00e0 l\u2019\u00e9chelle du bassin versant sur les eaux de ruissellement &hellip;<\/p>\n","protected":false},"author":16,"featured_media":18976,"comment_status":"closed","ping_status":"closed","sticky":false,"template":"","format":"standard","meta":{"_mi_skip_tracking":false,"footnotes":""},"categories":[27,28],"tags":[1672,1052,1619,498,213,1673,175],"acf":[],"yoast_head":"<!-- This site is optimized with the Yoast SEO plugin v19.13 - https:\/\/yoast.com\/wordpress\/plugins\/seo\/ -->\n<title>ARRA\u00b2 : Journ\u00e9e technique | Actualit\u00e9s Partenaires | Le Graie<\/title>\n<meta name=\"description\" content=\"L\u2019ARRA\u00b2 organise avec l\u2019Agence de l\u2019eau Loire-Bretagne, une journ\u00e9e technique \u00ab Agir \u00e0 l\u2019\u00e9chelle du bassin versant sur les eaux de ruissellement pour pr\u00e9server la qualit\u00e9 des milieux aquatiques \u00bb.\" \/>\n<meta name=\"robots\" content=\"index, follow, max-snippet:-1, max-image-preview:large, max-video-preview:-1\" \/>\n<link rel=\"canonical\" href=\"https:\/\/asso.graie.org\/portail\/sante_unique-2\/\" \/>\n<meta property=\"og:locale\" content=\"fr_FR\" \/>\n<meta property=\"og:type\" content=\"article\" \/>\n<meta property=\"og:title\" content=\"ARRA\u00b2 : Journ\u00e9e technique | Actualit\u00e9s Partenaires | Le Graie\" \/>\n<meta property=\"og:description\" content=\"L\u2019ARRA\u00b2 organise avec l\u2019Agence de l\u2019eau Loire-Bretagne, une journ\u00e9e technique \u00ab Agir \u00e0 l\u2019\u00e9chelle du bassin versant sur les eaux de ruissellement pour pr\u00e9server la qualit\u00e9 des milieux aquatiques \u00bb.\" \/>\n<meta property=\"og:url\" content=\"https:\/\/asso.graie.org\/portail\/sante_unique-2\/\" \/>\n<meta property=\"og:site_name\" content=\"Graie\" \/>\n<meta property=\"article:published_time\" content=\"2021-11-05T13:41:55+00:00\" \/>\n<meta property=\"article:modified_time\" content=\"2021-11-15T17:28:36+00:00\" \/>\n<meta property=\"og:image\" content=\"https:\/\/asso.graie.org\/portail\/wp-content\/uploads\/2021\/11\/matthew-feeney-75IV0_EFh0c-unsplash-scaled.jpg\" \/>\n\t<meta property=\"og:image:width\" content=\"2560\" \/>\n\t<meta property=\"og:image:height\" content=\"1438\" \/>\n\t<meta property=\"og:image:type\" content=\"image\/jpeg\" \/>\n<meta name=\"author\" content=\"Maureen Carpentier\" \/>\n<meta name=\"twitter:card\" content=\"summary_large_image\" \/>\n<meta name=\"twitter:creator\" content=\"@asso_graie\" \/>\n<meta name=\"twitter:site\" content=\"@asso_graie\" \/>\n<meta name=\"twitter:label1\" content=\"\u00c9crit par\" \/>\n\t<meta name=\"twitter:data1\" content=\"Maureen Carpentier\" \/>\n\t<meta name=\"twitter:label2\" content=\"Dur\u00e9e de lecture estim\u00e9e\" \/>\n\t<meta name=\"twitter:data2\" content=\"1 minute\" \/>\n<script type=\"application\/ld+json\" class=\"yoast-schema-graph\">{\"@context\":\"https:\/\/schema.org\",\"@graph\":[{\"@type\":\"Article\",\"@id\":\"https:\/\/asso.graie.org\/portail\/sante_unique-2\/#article\",\"isPartOf\":{\"@id\":\"https:\/\/asso.graie.org\/portail\/sante_unique-2\/\"},\"author\":{\"name\":\"Maureen Carpentier\",\"@id\":\"https:\/\/asso.graie.org\/portail\/#\/schema\/person\/486e14d091ff09d12f2b31bad560eb4f\"},\"headline\":\"Journ\u00e9e technique de l&rsquo;ARRA\u00b2\",\"datePublished\":\"2021-11-05T13:41:55+00:00\",\"dateModified\":\"2021-11-15T17:28:36+00:00\",\"mainEntityOfPage\":{\"@id\":\"https:\/\/asso.graie.org\/portail\/sante_unique-2\/\"},\"wordCount\":301,\"publisher\":{\"@id\":\"https:\/\/asso.graie.org\/portail\/#organization\"},\"keywords\":[\"arra\",\"eaux de ruissellement\",\"\u00e9v\u00e9nement partenaire\",\"micropolluants\",\"milieux aquatiques\",\"partenaire\",\"sant\u00e9\"],\"articleSection\":[\"Actualit\u00e9s partenaires\",\"Toute l'actualit\u00e9\"],\"inLanguage\":\"fr-FR\"},{\"@type\":\"WebPage\",\"@id\":\"https:\/\/asso.graie.org\/portail\/sante_unique-2\/\",\"url\":\"https:\/\/asso.graie.org\/portail\/sante_unique-2\/\",\"name\":\"ARRA\u00b2 : Journ\u00e9e technique | Actualit\u00e9s Partenaires | Le Graie\",\"isPartOf\":{\"@id\":\"https:\/\/asso.graie.org\/portail\/#website\"},\"datePublished\":\"2021-11-05T13:41:55+00:00\",\"dateModified\":\"2021-11-15T17:28:36+00:00\",\"description\":\"L\u2019ARRA\u00b2 organise avec l\u2019Agence de l\u2019eau Loire-Bretagne, une journ\u00e9e technique \u00ab Agir \u00e0 l\u2019\u00e9chelle du bassin versant sur les eaux de ruissellement pour pr\u00e9server la qualit\u00e9 des milieux aquatiques \u00bb.\",\"breadcrumb\":{\"@id\":\"https:\/\/asso.graie.org\/portail\/sante_unique-2\/#breadcrumb\"},\"inLanguage\":\"fr-FR\",\"potentialAction\":[{\"@type\":\"ReadAction\",\"target\":[\"https:\/\/asso.graie.org\/portail\/sante_unique-2\/\"]}]},{\"@type\":\"BreadcrumbList\",\"@id\":\"https:\/\/asso.graie.org\/portail\/sante_unique-2\/#breadcrumb\",\"itemListElement\":[{\"@type\":\"ListItem\",\"position\":1,\"name\":\"Accueil\",\"item\":\"https:\/\/asso.graie.org\/portail\/\"},{\"@type\":\"ListItem\",\"position\":2,\"name\":\"Journ\u00e9e technique de l&rsquo;ARRA\u00b2\"}]},{\"@type\":\"WebSite\",\"@id\":\"https:\/\/asso.graie.org\/portail\/#website\",\"url\":\"https:\/\/asso.graie.org\/portail\/\",\"name\":\"Graie\",\"description\":\"P\u00f4le Eau et Territoires\",\"publisher\":{\"@id\":\"https:\/\/asso.graie.org\/portail\/#organization\"},\"potentialAction\":[{\"@type\":\"SearchAction\",\"target\":{\"@type\":\"EntryPoint\",\"urlTemplate\":\"https:\/\/asso.graie.org\/portail\/?s={search_term_string}\"},\"query-input\":\"required name=search_term_string\"}],\"inLanguage\":\"fr-FR\"},{\"@type\":\"Organization\",\"@id\":\"https:\/\/asso.graie.org\/portail\/#organization\",\"name\":\"Le Graie\",\"url\":\"https:\/\/asso.graie.org\/portail\/\",\"logo\":{\"@type\":\"ImageObject\",\"inLanguage\":\"fr-FR\",\"@id\":\"https:\/\/asso.graie.org\/portail\/#\/schema\/logo\/image\/\",\"url\":\"https:\/\/asso.graie.org\/portail\/wp-content\/uploads\/2021\/12\/Logotype-Graie.png\",\"contentUrl\":\"https:\/\/asso.graie.org\/portail\/wp-content\/uploads\/2021\/12\/Logotype-Graie.png\",\"width\":1890,\"height\":1181,\"caption\":\"Le Graie\"},\"image\":{\"@id\":\"https:\/\/asso.graie.org\/portail\/#\/schema\/logo\/image\/\"},\"sameAs\":[\"https:\/\/fr.linkedin.com\/company\/graie?trk=top_nav_home\",\"https:\/\/www.youtube.com\/channel\/UCZQk0Tt7upYwERYNdDIZqLQ\",\"https:\/\/twitter.com\/asso_graie\"]},{\"@type\":\"Person\",\"@id\":\"https:\/\/asso.graie.org\/portail\/#\/schema\/person\/486e14d091ff09d12f2b31bad560eb4f\",\"name\":\"Maureen Carpentier\",\"url\":\"https:\/\/asso.graie.org\/portail\/author\/juliettecasanova\/\"}]}<\/script>\n<!-- \/ Yoast SEO plugin. -->","yoast_head_json":{"title":"ARRA\u00b2 : Journ\u00e9e technique | Actualit\u00e9s Partenaires | Le Graie","description":"L\u2019ARRA\u00b2 organise avec l\u2019Agence de l\u2019eau Loire-Bretagne, une journ\u00e9e technique \u00ab Agir \u00e0 l\u2019\u00e9chelle du bassin versant sur les eaux de ruissellement pour pr\u00e9server la qualit\u00e9 des milieux aquatiques \u00bb.","robots":{"index":"index","follow":"follow","max-snippet":"max-snippet:-1","max-image-preview":"max-image-preview:large","max-video-preview":"max-video-preview:-1"},"canonical":"https:\/\/asso.graie.org\/portail\/sante_unique-2\/","og_locale":"fr_FR","og_type":"article","og_title":"ARRA\u00b2 : Journ\u00e9e technique | Actualit\u00e9s Partenaires | Le Graie","og_description":"L\u2019ARRA\u00b2 organise avec l\u2019Agence de l\u2019eau Loire-Bretagne, une journ\u00e9e technique \u00ab Agir \u00e0 l\u2019\u00e9chelle du bassin versant sur les eaux de ruissellement pour pr\u00e9server la qualit\u00e9 des milieux aquatiques \u00bb.","og_url":"https:\/\/asso.graie.org\/portail\/sante_unique-2\/","og_site_name":"Graie","article_published_time":"2021-11-05T13:41:55+00:00","article_modified_time":"2021-11-15T17:28:36+00:00","og_image":[{"width":2560,"height":1438,"url":"https:\/\/asso.graie.org\/portail\/wp-content\/uploads\/2021\/11\/matthew-feeney-75IV0_EFh0c-unsplash-scaled.jpg","type":"image\/jpeg"}],"author":"Maureen Carpentier","twitter_card":"summary_large_image","twitter_creator":"@asso_graie","twitter_site":"@asso_graie","twitter_misc":{"\u00c9crit par":"Maureen Carpentier","Dur\u00e9e de lecture estim\u00e9e":"1 minute"},"schema":{"@context":"https:\/\/schema.org","@graph":[{"@type":"Article","@id":"https:\/\/asso.graie.org\/portail\/sante_unique-2\/#article","isPartOf":{"@id":"https:\/\/asso.graie.org\/portail\/sante_unique-2\/"},"author":{"name":"Maureen Carpentier","@id":"https:\/\/asso.graie.org\/portail\/#\/schema\/person\/486e14d091ff09d12f2b31bad560eb4f"},"headline":"Journ\u00e9e technique de l&rsquo;ARRA\u00b2","datePublished":"2021-11-05T13:41:55+00:00","dateModified":"2021-11-15T17:28:36+00:00","mainEntityOfPage":{"@id":"https:\/\/asso.graie.org\/portail\/sante_unique-2\/"},"wordCount":301,"publisher":{"@id":"https:\/\/asso.graie.org\/portail\/#organization"},"keywords":["arra","eaux de ruissellement","\u00e9v\u00e9nement partenaire","micropolluants","milieux aquatiques","partenaire","sant\u00e9"],"articleSection":["Actualit\u00e9s partenaires","Toute l'actualit\u00e9"],"inLanguage":"fr-FR"},{"@type":"WebPage","@id":"https:\/\/asso.graie.org\/portail\/sante_unique-2\/","url":"https:\/\/asso.graie.org\/portail\/sante_unique-2\/","name":"ARRA\u00b2 : Journ\u00e9e technique | Actualit\u00e9s Partenaires | Le Graie","isPartOf":{"@id":"https:\/\/asso.graie.org\/portail\/#website"},"datePublished":"2021-11-05T13:41:55+00:00","dateModified":"2021-11-15T17:28:36+00:00","description":"L\u2019ARRA\u00b2 organise avec l\u2019Agence de l\u2019eau Loire-Bretagne, une journ\u00e9e technique \u00ab Agir \u00e0 l\u2019\u00e9chelle du bassin versant sur les eaux de ruissellement pour pr\u00e9server la qualit\u00e9 des milieux aquatiques \u00bb.","breadcrumb":{"@id":"https:\/\/asso.graie.org\/portail\/sante_unique-2\/#breadcrumb"},"inLanguage":"fr-FR","potentialAction":[{"@type":"ReadAction","target":["https:\/\/asso.graie.org\/portail\/sante_unique-2\/"]}]},{"@type":"BreadcrumbList","@id":"https:\/\/asso.graie.org\/portail\/sante_unique-2\/#breadcrumb","itemListElement":[{"@type":"ListItem","position":1,"name":"Accueil","item":"https:\/\/asso.graie.org\/portail\/"},{"@type":"ListItem","position":2,"name":"Journ\u00e9e technique de l&rsquo;ARRA\u00b2"}]},{"@type":"WebSite","@id":"https:\/\/asso.graie.org\/portail\/#website","url":"https:\/\/asso.graie.org\/portail\/","name":"Graie","description":"P\u00f4le Eau et Territoires","publisher":{"@id":"https:\/\/asso.graie.org\/portail\/#organization"},"potentialAction":[{"@type":"SearchAction","target":{"@type":"EntryPoint","urlTemplate":"https:\/\/asso.graie.org\/portail\/?s={search_term_string}"},"query-input":"required name=search_term_string"}],"inLanguage":"fr-FR"},{"@type":"Organization","@id":"https:\/\/asso.graie.org\/portail\/#organization","name":"Le Graie","url":"https:\/\/asso.graie.org\/portail\/","logo":{"@type":"ImageObject","inLanguage":"fr-FR","@id":"https:\/\/asso.graie.org\/portail\/#\/schema\/logo\/image\/","url":"https:\/\/asso.graie.org\/portail\/wp-content\/uploads\/2021\/12\/Logotype-Graie.png","contentUrl":"https:\/\/asso.graie.org\/portail\/wp-content\/uploads\/2021\/12\/Logotype-Graie.png","width":1890,"height":1181,"caption":"Le Graie"},"image":{"@id":"https:\/\/asso.graie.org\/portail\/#\/schema\/logo\/image\/"},"sameAs":["https:\/\/fr.linkedin.com\/company\/graie?trk=top_nav_home","https:\/\/www.youtube.com\/channel\/UCZQk0Tt7upYwERYNdDIZqLQ","https:\/\/twitter.com\/asso_graie"]},{"@type":"Person","@id":"https:\/\/asso.graie.org\/portail\/#\/schema\/person\/486e14d091ff09d12f2b31bad560eb4f","name":"Maureen Carpentier","url":"https:\/\/asso.graie.org\/portail\/author\/juliettecasanova\/"}]}},"_links":{"self":[{"href":"https:\/\/asso.graie.org\/portail\/wp-json\/wp\/v2\/posts\/18916"}],"collection":[{"href":"https:\/\/asso.graie.org\/portail\/wp-json\/wp\/v2\/posts"}],"about":[{"href":"https:\/\/asso.graie.org\/portail\/wp-json\/wp\/v2\/types\/post"}],"author":[{"embeddable":true,"href":"https:\/\/asso.graie.org\/portail\/wp-json\/wp\/v2\/users\/16"}],"replies":[{"embeddable":true,"href":"https:\/\/asso.graie.org\/portail\/wp-json\/wp\/v2\/comments?post=18916"}],"version-history":[{"count":18,"href":"https:\/\/asso.graie.org\/portail\/wp-json\/wp\/v2\/posts\/18916\/revisions"}],"predecessor-version":[{"id":18971,"href":"https:\/\/asso.graie.org\/portail\/wp-json\/wp\/v2\/posts\/18916\/revisions\/18971"}],"wp:featuredmedia":[{"embeddable":true,"href":"https:\/\/asso.graie.org\/portail\/wp-json\/wp\/v2\/media\/18976"}],"wp:attachment":[{"href":"https:\/\/asso.graie.org\/portail\/wp-json\/wp\/v2\/media?parent=18916"}],"wp:term":[{"taxonomy":"category","embeddable":true,"href":"https:\/\/asso.graie.org\/portail\/wp-json\/wp\/v2\/categories?post=18916"},{"taxonomy":"post_tag","embeddable":true,"href":"https:\/\/asso.graie.org\/portail\/wp-json\/wp\/v2\/tags?post=18916"}],"curies":[{"name":"wp","href":"https:\/\/api.w.org\/{rel}","templated":true}]}}