{"id":18935,"date":"2021-11-05T15:16:40","date_gmt":"2021-11-05T14:16:40","guid":{"rendered":"https:\/\/asso.graie.org\/portail\/?p=18935"},"modified":"2024-05-20T10:25:43","modified_gmt":"2024-05-20T08:25:43","slug":"sante_unique-3","status":"publish","type":"post","link":"https:\/\/asso.graie.org\/portail\/sante_unique-3\/","title":{"rendered":"UNESCO | 2\u00e8me Conf\u00e9rence internationale EauMega"},"content":{"rendered":"<p><img decoding=\"async\" loading=\"lazy\" class=\"size-medium wp-image-18936 aligncenter\" src=\"https:\/\/asso.graie.org\/portail\/wp-content\/uploads\/2021\/11\/unesco_logo_ver_blue_eng-300x289.png\" alt=\"\" width=\"300\" height=\"289\" srcset=\"https:\/\/asso.graie.org\/portail\/wp-content\/uploads\/2021\/11\/unesco_logo_ver_blue_eng-300x289.png 300w, https:\/\/asso.graie.org\/portail\/wp-content\/uploads\/2021\/11\/unesco_logo_ver_blue_eng-1024x987.png 1024w, https:\/\/asso.graie.org\/portail\/wp-content\/uploads\/2021\/11\/unesco_logo_ver_blue_eng-768x741.png 768w, https:\/\/asso.graie.org\/portail\/wp-content\/uploads\/2021\/11\/unesco_logo_ver_blue_eng-1536x1481.png 1536w, https:\/\/asso.graie.org\/portail\/wp-content\/uploads\/2021\/11\/unesco_logo_ver_blue_eng-600x579.png 600w, https:\/\/asso.graie.org\/portail\/wp-content\/uploads\/2021\/11\/unesco_logo_ver_blue_eng.png 1704w\" sizes=\"(max-width: 300px) 100vw, 300px\" \/><\/p>\n<p>&nbsp;<\/p>\n<p><strong>Rejoignez la Deuxi\u00e8me Conf\u00e9rence internationale sur l\u2019eau, les m\u00e9gapoles et le changement global du 11 au 14 janvier 2022 au si\u00e8ge de l\u2019UNESCO \u00e0 Paris !<\/strong><\/p>\n<p>&nbsp;<\/p>\n<p><span id=\"page1R_mcid36\" class=\"markedContent\"><span dir=\"ltr\" role=\"presentation\">Cette initiative phare r\u00e9unira scientifiques, op\u00e9rateurs de l\u2019eau, d\u00e9cideurs, soci\u00e9t\u00e9 civile et autorit\u00e9s de <\/span><\/span><span id=\"page1R_mcid37\" class=\"markedContent\"><span dir=\"ltr\" role=\"presentation\">bassin, pour \u00e9changer pendant quatre jours sur la gestion de l\u2019eau dans les tr\u00e8s grands centres urbains, les <\/span><\/span><span id=\"page1R_mcid38\" class=\"markedContent\"><span dir=\"ltr\" role=\"presentation\">m\u00e9gapoles.<\/span><\/span><span id=\"page1R_mcid39\" class=\"markedContent\"><\/span><\/p>\n<p><span id=\"page1R_mcid39\" class=\"markedContent\"><br role=\"presentation\" \/><span dir=\"ltr\" role=\"presentation\">Les principaux d\u00e9fis li\u00e9s \u00e0 ce th\u00e8me ont peu chang\u00e9 au cours des sept derni\u00e8res ann\u00e9es, malgr\u00e9 l\u2019augmentation constante <\/span><\/span><span id=\"page1R_mcid40\" class=\"markedContent\"><span dir=\"ltr\" role=\"presentation\">du nombre et de la taille des m\u00e9gapoles, l\u2019augmentation des communications scientifiques alertant sur les effets n\u00e9gatifs <\/span><\/span><span id=\"page1R_mcid41\" class=\"markedContent\"><span dir=\"ltr\" role=\"presentation\">du changement climatique, et la croissance d\u00e9mographique au sein de ces m\u00e9gapoles.<\/span><\/span><span id=\"page1R_mcid42\" class=\"markedContent\"><\/span><\/p>\n<p><span id=\"page1R_mcid42\" class=\"markedContent\"><br role=\"presentation\" \/><span dir=\"ltr\" role=\"presentation\">La conf\u00e9rence <strong>EauMega <\/strong><\/span><\/span><span id=\"page1R_mcid43\" class=\"markedContent\"><span dir=\"ltr\" role=\"presentation\">r\u00e9pond \u00e0 la n\u00e9cessit\u00e9 de consid\u00e9rer les d\u00e9fis des m\u00e9gapoles sous l\u2019angle de l\u2019eau,<\/span><\/span><span id=\"page1R_mcid44\" class=\"markedContent\"><span dir=\"ltr\" role=\"presentation\"> et vice-<\/span><\/span><span id=\"page1R_mcid45\" class=\"markedContent\"><span dir=\"ltr\" role=\"presentation\">versa, car leur interd\u00e9pendance est forte, et leur gestion profond\u00e9ment li\u00e9e. Par exemple, les rejets urbains dans les milieux <\/span><\/span><span id=\"page1R_mcid46\" class=\"markedContent\"><span dir=\"ltr\" role=\"presentation\">aquatiques sont l\u2019une des principales causes de la pollution des oc\u00e9ans par les plastiques. <\/span><\/span><\/p>\n<p>&nbsp;<\/p>\n<p>&nbsp;<\/p>\n<h3>Au programme\u00a0:<\/h3>\n<ul>\n<li><strong>140<\/strong> pr\u00e9sentations scientifiques<\/li>\n<li><strong>50<\/strong> posters<\/li>\n<li><strong>20<\/strong> sessions parall\u00e8les<\/li>\n<li><strong>10<\/strong> visites techniques<\/li>\n<li><strong>6<\/strong> tables rondes<\/li>\n<li><strong>4<\/strong> sessions r\u00e9gionales<\/li>\n<li><strong>1<\/strong> hackathon, <strong>1<\/strong> concours photo<\/li>\n<\/ul>\n<p>et l\u2019Assembl\u00e9e des Maires et Gouverneurs des m\u00e9gapoles.<\/p>\n<p>&nbsp;<\/p>\n<p>&nbsp;<\/p>\n<p>&nbsp;<\/p>\n<h3>Les objectifs de la conf\u00e9rence :<\/h3>\n<ul>\n<li><span id=\"page4R_mcid76\" class=\"markedContent\"><span dir=\"ltr\" role=\"presentation\"> R\u00e9aliser un \u00e9tat de l\u2019art scientifique et technique sur la <\/span><\/span><span id=\"page4R_mcid77\" class=\"markedContent\"><span dir=\"ltr\" role=\"presentation\">gestion de l\u2019eau dans les m\u00e9gapoles pour en d\u00e9gager et en <\/span><\/span><span id=\"page4R_mcid78\" class=\"markedContent\"><span dir=\"ltr\" role=\"presentation\">actualiser les enjeux les plus importants<\/span><\/span><\/li>\n<li><span id=\"page4R_mcid79\" class=\"markedContent\"><span dir=\"ltr\" role=\"presentation\">Contribuer au rapprochement et au dialogue entre science <\/span><\/span><span id=\"page4R_mcid80\" class=\"markedContent\"><span dir=\"ltr\" role=\"presentation\">et politique au niveau local<\/span><\/span><\/li>\n<li><span id=\"page4R_mcid81\" class=\"markedContent\"><span dir=\"ltr\" role=\"presentation\">Activer la plateforme de coop\u00e9ration de l\u2019Alliance des <\/span><\/span><span id=\"page4R_mcid82\" class=\"markedContent\"><span dir=\"ltr\" role=\"presentation\">m\u00e9gapoles pour l\u2019eau et le climat (MAWAC) en concr\u00e9tisant <\/span><\/span><span id=\"page4R_mcid83\" class=\"markedContent\"><span dir=\"ltr\" role=\"presentation\">l\u2019\u00e9change de leur expertise dans le domaine sp\u00e9cifique de <\/span><\/span><span id=\"page4R_mcid84\" class=\"markedContent\"><span dir=\"ltr\" role=\"presentation\">l\u2019eau et du climat<\/span><\/span><\/li>\n<li><span id=\"page4R_mcid85\" class=\"markedContent\"><span dir=\"ltr\" role=\"presentation\">R\u00e9viser le Cadre Strat\u00e9gique Global de la MAWAC, pr\u00e9par\u00e9 <\/span><\/span><span id=\"page4R_mcid86\" class=\"markedContent\"><span dir=\"ltr\" role=\"presentation\">par le Groupe de travail du Programme Hydrologique Inter<\/span><\/span><span id=\"page4R_mcid87\" class=\"markedContent\"><span dir=\"ltr\" role=\"presentation\">&#8211;<\/span><\/span><span id=\"page4R_mcid88\" class=\"markedContent\"><span dir=\"ltr\" role=\"presentation\">gouvernemental de l\u2019UNESCO (PHI)<\/span><\/span><\/li>\n<\/ul>\n<p>&nbsp;<\/p>\n<p>Retrouvez le <strong>pr\u00e9-programme en fran\u00e7ais et en anglais <\/strong>disponible en ligne  ici.<\/p>\n<p>&nbsp;<\/p>\n<p><strong>Inscriptions gratuites et ouvertes \u00e0 tous !<\/strong><\/p>\n<p>&nbsp;<\/p>\n<p style=\"text-align: center;\"><a href=\"https:\/\/idealco.typeform.com\/to\/z0affBsJ\" class=\"shortc-button medium blue \"><span class=\"fa \" aria-hidden=\"true\"><\/span> Je m&rsquo;inscris<\/a>\n<p>&nbsp;<\/p>\n","protected":false},"excerpt":{"rendered":"<p>&nbsp; Rejoignez la Deuxi\u00e8me Conf\u00e9rence internationale sur l\u2019eau, les m\u00e9gapoles et le changement global du 11 au 14 janvier 2022 au si\u00e8ge de l\u2019UNESCO \u00e0 Paris ! &nbsp; Cette initiative phare r\u00e9unira scientifiques, op\u00e9rateurs de l\u2019eau, d\u00e9cideurs, soci\u00e9t\u00e9 civile et &hellip;<\/p>\n","protected":false},"author":16,"featured_media":18964,"comment_status":"closed","ping_status":"closed","sticky":false,"template":"","format":"standard","meta":{"_mi_skip_tracking":false,"footnotes":""},"categories":[27,28],"tags":[1675,141,360,1523,83,1629,1676,1673,1674],"acf":[],"yoast_head":"<!-- This site is optimized with the Yoast SEO plugin v19.13 - https:\/\/yoast.com\/wordpress\/plugins\/seo\/ -->\n<title>UNESCO : Conf\u00e9rence EauMega | Actualit\u00e9 Partenaire | Le Graie<\/title>\n<meta name=\"description\" content=\"Rejoignez EauMega, la 2\u00e8me Conf\u00e9rence internationale sur l\u2019eau, les m\u00e9gapoles et le changement global du 11 au 14 janvier 2022 !\" \/>\n<meta name=\"robots\" content=\"index, follow, max-snippet:-1, max-image-preview:large, max-video-preview:-1\" \/>\n<link rel=\"canonical\" href=\"https:\/\/asso.graie.org\/portail\/sante_unique-3\/\" \/>\n<meta property=\"og:locale\" content=\"fr_FR\" \/>\n<meta property=\"og:type\" content=\"article\" \/>\n<meta property=\"og:title\" content=\"UNESCO : Conf\u00e9rence EauMega | Actualit\u00e9 Partenaire | Le Graie\" \/>\n<meta property=\"og:description\" content=\"Rejoignez EauMega, la 2\u00e8me Conf\u00e9rence internationale sur l\u2019eau, les m\u00e9gapoles et le changement global du 11 au 14 janvier 2022 !\" \/>\n<meta property=\"og:url\" content=\"https:\/\/asso.graie.org\/portail\/sante_unique-3\/\" \/>\n<meta property=\"og:site_name\" content=\"Graie\" \/>\n<meta property=\"article:published_time\" content=\"2021-11-05T14:16:40+00:00\" \/>\n<meta property=\"article:modified_time\" content=\"2024-05-20T08:25:43+00:00\" \/>\n<meta property=\"og:image\" content=\"https:\/\/asso.graie.org\/portail\/wp-content\/uploads\/2021\/11\/banner-web-final-no-registration-e1636124118254.png\" \/>\n\t<meta property=\"og:image:width\" content=\"224\" \/>\n\t<meta property=\"og:image:height\" content=\"233\" \/>\n\t<meta property=\"og:image:type\" content=\"image\/png\" \/>\n<meta name=\"author\" content=\"Maureen Carpentier\" \/>\n<meta name=\"twitter:card\" content=\"summary_large_image\" \/>\n<meta name=\"twitter:creator\" content=\"@asso_graie\" \/>\n<meta name=\"twitter:site\" content=\"@asso_graie\" \/>\n<meta name=\"twitter:label1\" content=\"\u00c9crit par\" \/>\n\t<meta name=\"twitter:data1\" content=\"Maureen Carpentier\" \/>\n\t<meta name=\"twitter:label2\" content=\"Dur\u00e9e de lecture estim\u00e9e\" \/>\n\t<meta name=\"twitter:data2\" content=\"2 minutes\" \/>\n<script type=\"application\/ld+json\" class=\"yoast-schema-graph\">{\"@context\":\"https:\/\/schema.org\",\"@graph\":[{\"@type\":\"Article\",\"@id\":\"https:\/\/asso.graie.org\/portail\/sante_unique-3\/#article\",\"isPartOf\":{\"@id\":\"https:\/\/asso.graie.org\/portail\/sante_unique-3\/\"},\"author\":{\"name\":\"Maureen Carpentier\",\"@id\":\"https:\/\/asso.graie.org\/portail\/#\/schema\/person\/486e14d091ff09d12f2b31bad560eb4f\"},\"headline\":\"UNESCO | 2\u00e8me Conf\u00e9rence internationale EauMega\",\"datePublished\":\"2021-11-05T14:16:40+00:00\",\"dateModified\":\"2024-05-20T08:25:43+00:00\",\"mainEntityOfPage\":{\"@id\":\"https:\/\/asso.graie.org\/portail\/sante_unique-3\/\"},\"wordCount\":394,\"publisher\":{\"@id\":\"https:\/\/asso.graie.org\/portail\/#organization\"},\"keywords\":[\"actualit\u00e9\",\"changement climatique\",\"changement global\",\"conf\u00e9rence\",\"eau\",\"eau pluviale\",\"EauMega\",\"partenaire\",\"unesco\"],\"articleSection\":[\"Actualit\u00e9s partenaires\",\"Toute l'actualit\u00e9\"],\"inLanguage\":\"fr-FR\"},{\"@type\":\"WebPage\",\"@id\":\"https:\/\/asso.graie.org\/portail\/sante_unique-3\/\",\"url\":\"https:\/\/asso.graie.org\/portail\/sante_unique-3\/\",\"name\":\"UNESCO : Conf\u00e9rence EauMega | Actualit\u00e9 Partenaire | Le Graie\",\"isPartOf\":{\"@id\":\"https:\/\/asso.graie.org\/portail\/#website\"},\"datePublished\":\"2021-11-05T14:16:40+00:00\",\"dateModified\":\"2024-05-20T08:25:43+00:00\",\"description\":\"Rejoignez EauMega, la 2\u00e8me Conf\u00e9rence internationale sur l\u2019eau, les m\u00e9gapoles et le changement global du 11 au 14 janvier 2022 !\",\"breadcrumb\":{\"@id\":\"https:\/\/asso.graie.org\/portail\/sante_unique-3\/#breadcrumb\"},\"inLanguage\":\"fr-FR\",\"potentialAction\":[{\"@type\":\"ReadAction\",\"target\":[\"https:\/\/asso.graie.org\/portail\/sante_unique-3\/\"]}]},{\"@type\":\"BreadcrumbList\",\"@id\":\"https:\/\/asso.graie.org\/portail\/sante_unique-3\/#breadcrumb\",\"itemListElement\":[{\"@type\":\"ListItem\",\"position\":1,\"name\":\"Accueil\",\"item\":\"https:\/\/asso.graie.org\/portail\/\"},{\"@type\":\"ListItem\",\"position\":2,\"name\":\"UNESCO | 2\u00e8me Conf\u00e9rence internationale EauMega\"}]},{\"@type\":\"WebSite\",\"@id\":\"https:\/\/asso.graie.org\/portail\/#website\",\"url\":\"https:\/\/asso.graie.org\/portail\/\",\"name\":\"Graie\",\"description\":\"P\u00f4le Eau et Territoires\",\"publisher\":{\"@id\":\"https:\/\/asso.graie.org\/portail\/#organization\"},\"potentialAction\":[{\"@type\":\"SearchAction\",\"target\":{\"@type\":\"EntryPoint\",\"urlTemplate\":\"https:\/\/asso.graie.org\/portail\/?s={search_term_string}\"},\"query-input\":\"required name=search_term_string\"}],\"inLanguage\":\"fr-FR\"},{\"@type\":\"Organization\",\"@id\":\"https:\/\/asso.graie.org\/portail\/#organization\",\"name\":\"Le Graie\",\"url\":\"https:\/\/asso.graie.org\/portail\/\",\"logo\":{\"@type\":\"ImageObject\",\"inLanguage\":\"fr-FR\",\"@id\":\"https:\/\/asso.graie.org\/portail\/#\/schema\/logo\/image\/\",\"url\":\"https:\/\/asso.graie.org\/portail\/wp-content\/uploads\/2021\/12\/Logotype-Graie.png\",\"contentUrl\":\"https:\/\/asso.graie.org\/portail\/wp-content\/uploads\/2021\/12\/Logotype-Graie.png\",\"width\":1890,\"height\":1181,\"caption\":\"Le Graie\"},\"image\":{\"@id\":\"https:\/\/asso.graie.org\/portail\/#\/schema\/logo\/image\/\"},\"sameAs\":[\"https:\/\/fr.linkedin.com\/company\/graie?trk=top_nav_home\",\"https:\/\/www.youtube.com\/channel\/UCZQk0Tt7upYwERYNdDIZqLQ\",\"https:\/\/twitter.com\/asso_graie\"]},{\"@type\":\"Person\",\"@id\":\"https:\/\/asso.graie.org\/portail\/#\/schema\/person\/486e14d091ff09d12f2b31bad560eb4f\",\"name\":\"Maureen Carpentier\",\"url\":\"https:\/\/asso.graie.org\/portail\/author\/juliettecasanova\/\"}]}<\/script>\n<!-- \/ Yoast SEO plugin. -->","yoast_head_json":{"title":"UNESCO : Conf\u00e9rence EauMega | Actualit\u00e9 Partenaire | Le Graie","description":"Rejoignez EauMega, la 2\u00e8me Conf\u00e9rence internationale sur l\u2019eau, les m\u00e9gapoles et le changement global du 11 au 14 janvier 2022 !","robots":{"index":"index","follow":"follow","max-snippet":"max-snippet:-1","max-image-preview":"max-image-preview:large","max-video-preview":"max-video-preview:-1"},"canonical":"https:\/\/asso.graie.org\/portail\/sante_unique-3\/","og_locale":"fr_FR","og_type":"article","og_title":"UNESCO : Conf\u00e9rence EauMega | Actualit\u00e9 Partenaire | Le Graie","og_description":"Rejoignez EauMega, la 2\u00e8me Conf\u00e9rence internationale sur l\u2019eau, les m\u00e9gapoles et le changement global du 11 au 14 janvier 2022 !","og_url":"https:\/\/asso.graie.org\/portail\/sante_unique-3\/","og_site_name":"Graie","article_published_time":"2021-11-05T14:16:40+00:00","article_modified_time":"2024-05-20T08:25:43+00:00","og_image":[{"width":224,"height":233,"url":"https:\/\/asso.graie.org\/portail\/wp-content\/uploads\/2021\/11\/banner-web-final-no-registration-e1636124118254.png","type":"image\/png"}],"author":"Maureen Carpentier","twitter_card":"summary_large_image","twitter_creator":"@asso_graie","twitter_site":"@asso_graie","twitter_misc":{"\u00c9crit par":"Maureen Carpentier","Dur\u00e9e de lecture estim\u00e9e":"2 minutes"},"schema":{"@context":"https:\/\/schema.org","@graph":[{"@type":"Article","@id":"https:\/\/asso.graie.org\/portail\/sante_unique-3\/#article","isPartOf":{"@id":"https:\/\/asso.graie.org\/portail\/sante_unique-3\/"},"author":{"name":"Maureen Carpentier","@id":"https:\/\/asso.graie.org\/portail\/#\/schema\/person\/486e14d091ff09d12f2b31bad560eb4f"},"headline":"UNESCO | 2\u00e8me Conf\u00e9rence internationale EauMega","datePublished":"2021-11-05T14:16:40+00:00","dateModified":"2024-05-20T08:25:43+00:00","mainEntityOfPage":{"@id":"https:\/\/asso.graie.org\/portail\/sante_unique-3\/"},"wordCount":394,"publisher":{"@id":"https:\/\/asso.graie.org\/portail\/#organization"},"keywords":["actualit\u00e9","changement climatique","changement global","conf\u00e9rence","eau","eau pluviale","EauMega","partenaire","unesco"],"articleSection":["Actualit\u00e9s partenaires","Toute l'actualit\u00e9"],"inLanguage":"fr-FR"},{"@type":"WebPage","@id":"https:\/\/asso.graie.org\/portail\/sante_unique-3\/","url":"https:\/\/asso.graie.org\/portail\/sante_unique-3\/","name":"UNESCO : Conf\u00e9rence EauMega | Actualit\u00e9 Partenaire | Le Graie","isPartOf":{"@id":"https:\/\/asso.graie.org\/portail\/#website"},"datePublished":"2021-11-05T14:16:40+00:00","dateModified":"2024-05-20T08:25:43+00:00","description":"Rejoignez EauMega, la 2\u00e8me Conf\u00e9rence internationale sur l\u2019eau, les m\u00e9gapoles et le changement global du 11 au 14 janvier 2022 !","breadcrumb":{"@id":"https:\/\/asso.graie.org\/portail\/sante_unique-3\/#breadcrumb"},"inLanguage":"fr-FR","potentialAction":[{"@type":"ReadAction","target":["https:\/\/asso.graie.org\/portail\/sante_unique-3\/"]}]},{"@type":"BreadcrumbList","@id":"https:\/\/asso.graie.org\/portail\/sante_unique-3\/#breadcrumb","itemListElement":[{"@type":"ListItem","position":1,"name":"Accueil","item":"https:\/\/asso.graie.org\/portail\/"},{"@type":"ListItem","position":2,"name":"UNESCO | 2\u00e8me Conf\u00e9rence internationale EauMega"}]},{"@type":"WebSite","@id":"https:\/\/asso.graie.org\/portail\/#website","url":"https:\/\/asso.graie.org\/portail\/","name":"Graie","description":"P\u00f4le Eau et Territoires","publisher":{"@id":"https:\/\/asso.graie.org\/portail\/#organization"},"potentialAction":[{"@type":"SearchAction","target":{"@type":"EntryPoint","urlTemplate":"https:\/\/asso.graie.org\/portail\/?s={search_term_string}"},"query-input":"required name=search_term_string"}],"inLanguage":"fr-FR"},{"@type":"Organization","@id":"https:\/\/asso.graie.org\/portail\/#organization","name":"Le Graie","url":"https:\/\/asso.graie.org\/portail\/","logo":{"@type":"ImageObject","inLanguage":"fr-FR","@id":"https:\/\/asso.graie.org\/portail\/#\/schema\/logo\/image\/","url":"https:\/\/asso.graie.org\/portail\/wp-content\/uploads\/2021\/12\/Logotype-Graie.png","contentUrl":"https:\/\/asso.graie.org\/portail\/wp-content\/uploads\/2021\/12\/Logotype-Graie.png","width":1890,"height":1181,"caption":"Le Graie"},"image":{"@id":"https:\/\/asso.graie.org\/portail\/#\/schema\/logo\/image\/"},"sameAs":["https:\/\/fr.linkedin.com\/company\/graie?trk=top_nav_home","https:\/\/www.youtube.com\/channel\/UCZQk0Tt7upYwERYNdDIZqLQ","https:\/\/twitter.com\/asso_graie"]},{"@type":"Person","@id":"https:\/\/asso.graie.org\/portail\/#\/schema\/person\/486e14d091ff09d12f2b31bad560eb4f","name":"Maureen Carpentier","url":"https:\/\/asso.graie.org\/portail\/author\/juliettecasanova\/"}]}},"_links":{"self":[{"href":"https:\/\/asso.graie.org\/portail\/wp-json\/wp\/v2\/posts\/18935"}],"collection":[{"href":"https:\/\/asso.graie.org\/portail\/wp-json\/wp\/v2\/posts"}],"about":[{"href":"https:\/\/asso.graie.org\/portail\/wp-json\/wp\/v2\/types\/post"}],"author":[{"embeddable":true,"href":"https:\/\/asso.graie.org\/portail\/wp-json\/wp\/v2\/users\/16"}],"replies":[{"embeddable":true,"href":"https:\/\/asso.graie.org\/portail\/wp-json\/wp\/v2\/comments?post=18935"}],"version-history":[{"count":6,"href":"https:\/\/asso.graie.org\/portail\/wp-json\/wp\/v2\/posts\/18935\/revisions"}],"predecessor-version":[{"id":26029,"href":"https:\/\/asso.graie.org\/portail\/wp-json\/wp\/v2\/posts\/18935\/revisions\/26029"}],"wp:featuredmedia":[{"embeddable":true,"href":"https:\/\/asso.graie.org\/portail\/wp-json\/wp\/v2\/media\/18964"}],"wp:attachment":[{"href":"https:\/\/asso.graie.org\/portail\/wp-json\/wp\/v2\/media?parent=18935"}],"wp:term":[{"taxonomy":"category","embeddable":true,"href":"https:\/\/asso.graie.org\/portail\/wp-json\/wp\/v2\/categories?post=18935"},{"taxonomy":"post_tag","embeddable":true,"href":"https:\/\/asso.graie.org\/portail\/wp-json\/wp\/v2\/tags?post=18935"}],"curies":[{"name":"wp","href":"https:\/\/api.w.org\/{rel}","templated":true}]}}