{"id":19084,"date":"2021-11-15T18:27:50","date_gmt":"2021-11-15T17:27:50","guid":{"rendered":"https:\/\/asso.graie.org\/portail\/?p=19084"},"modified":"2021-11-16T09:58:34","modified_gmt":"2021-11-16T08:58:34","slug":"h2olyon-3eme-journee-annuelle","status":"publish","type":"post","link":"https:\/\/asso.graie.org\/portail\/h2olyon-3eme-journee-annuelle\/","title":{"rendered":"H2O&rsquo;Lyon | 3\u00e8me Journ\u00e9e Annuelle"},"content":{"rendered":"<p><img decoding=\"async\" loading=\"lazy\" class=\"size-full wp-image-16088 aligncenter\" src=\"https:\/\/asso.graie.org\/portail\/wp-content\/uploads\/2020\/06\/h20.png\" alt=\"\" width=\"300\" height=\"173\" \/><\/p>\n<h3 style=\"text-align: center;\">La 3e Journ\u00e9e annuelle H<sub>2<\/sub>O\u2019Lyon se d\u00e9roulera <em>en pr\u00e9sentiel<\/em> <em>et \u00e0 distance<\/em><\/h3>\n<h3 style=\"text-align: center;\">le 25 novembre 2021 au CCVA de Villeurbanne.<\/h3>\n<p>&nbsp;<\/p>\n<p style=\"text-align: center;\"><a href=\"https:\/\/h2olyon.universite-lyon.fr\/h2o\/site-francais\/navigation\/actualites\/h-sub-2-sub-o-lyon-webinar-9-registration-220396.kjsp?RH=1568366931033\" class=\"shortc-button medium blue \"><span class=\"fa \" aria-hidden=\"true\"><\/span> Inscriptions <strong>avant le 17 novembre 2021<\/strong><\/a>\n<p>&nbsp;<\/p>\n<p>&nbsp;<\/p>\n<h3><strong>Au programme<br \/>\n<\/strong><\/h3>\n<h5>MATIN<\/h5>\n<ul>\n<li>8h30 : accueil des participants<\/li>\n<li>9h : introduction<\/li>\n<li>9h20 : retour sur 4 actions innovantes<\/li>\n<li>10h30 : pause caf\u00e9<\/li>\n<li>10h45 : le devenir des doctorants<\/li>\n<li>11h : les journ\u00e9es H2O&rsquo;bjectif pro<\/li>\n<li>11h15 : deux outils innovants<\/li>\n<li>11h30 : table ronde<\/li>\n<\/ul>\n<p>&nbsp;<\/p>\n<p><strong>12h15 : pause d\u00e9jeuner<\/strong><\/p>\n<p>&nbsp;<\/p>\n<h5>APRES-MIDI<\/h5>\n<ul>\n<li>13h30 : session posters<\/li>\n<li>14h30 : l&rsquo;offre de formations H2O&rsquo;Lyon<\/li>\n<li>14h50 : H2O&rsquo;Lyon Booster<\/li>\n<li>15h10 : table ronde<\/li>\n<li>16h : conclusion<\/li>\n<li>16h30 comit\u00e9 institutionnel<\/li>\n<\/ul>\n<p>&nbsp;<\/p>\n<h3><strong>Date<br \/>\n<\/strong><\/h3>\n<p>Jeudi 25 novembre 2021 de 9h \u00e0 17h<\/p>\n<p>&nbsp;<\/p>\n<h3><strong>Public cible <\/strong><\/h3>\n<ul>\n<li>Professionnels de l&rsquo;eau, acteurs des territoires (collectivit\u00e9s territoriales, associations gestionnaires de milieux, service de l&rsquo;Etat&#8230;), acteurs techniques et industriels (bureaux d&rsquo;\u00e9tudes, entreprises).<\/li>\n<li>Scientifiques, enseignants et \u00e9tudiants impliqu\u00e9s, ou curieux, dans le domaine des sciences de l&rsquo;eau et des hydrosyst\u00e8mes.<\/li>\n<\/ul>\n<p>Inscriptions gratuites et obligatoires avant le 17 novembre 2021.<\/p>\n<p>&nbsp;<\/p>\n<p>Pour plus d&rsquo;informations sur cette journ\u00e9e, rendez-vous sur le site <a href=\"https:\/\/h2olyon.universite-lyon.fr\/h2o\/site-francais\/navigation\/actualites\/3e-journee-annuelle-h-sub-2-sub-o-lyon-236108.kjsp?RH=3020308958996507\">h2olyon.universit\u00e9-lyon2.fr<\/a>.<\/p>\n<p>&nbsp;<\/p>\n<a href=\"https:\/\/h2olyon.universite-lyon.fr\/h-sub-2-sub-o-lyon-annual-meeting-registration-175854.kjsp?RH=1568366931033\" class=\"shortc-button medium blue \"><span class=\"fa \" aria-hidden=\"true\"><\/span> Inscription en ligne <\/a>\n","protected":false},"excerpt":{"rendered":"<p>La 3e Journ\u00e9e annuelle H2O\u2019Lyon se d\u00e9roulera en pr\u00e9sentiel et \u00e0 distance le 25 novembre 2021 au CCVA de Villeurbanne. &nbsp; &nbsp; &nbsp; Au programme MATIN 8h30 : accueil des participants 9h : introduction 9h20 : retour sur 4 actions &hellip;<\/p>\n","protected":false},"author":16,"featured_media":19119,"comment_status":"closed","ping_status":"closed","sticky":false,"template":"","format":"standard","meta":{"_mi_skip_tracking":false,"footnotes":""},"categories":[27,28],"tags":[1639,1618,1685,1693,1694,1673],"acf":[],"yoast_head":"<!-- This site is optimized with the Yoast SEO plugin v19.13 - https:\/\/yoast.com\/wordpress\/plugins\/seo\/ -->\n<title>3\u00e8me journ\u00e9e H2O&#039; Lyon | 25\/11\/2021<\/title>\n<meta name=\"description\" content=\"La 3e Journ\u00e9e annuelle H2O\u2019Lyon aura lieu en pr\u00e9sentiel et \u00e0 distance le 25 novembre 2021 au CCVA de Villeurbanne.\" \/>\n<meta name=\"robots\" content=\"index, follow, max-snippet:-1, max-image-preview:large, max-video-preview:-1\" \/>\n<link rel=\"canonical\" href=\"https:\/\/asso.graie.org\/portail\/h2olyon-3eme-journee-annuelle\/\" \/>\n<meta property=\"og:locale\" content=\"fr_FR\" \/>\n<meta property=\"og:type\" content=\"article\" \/>\n<meta property=\"og:title\" content=\"3\u00e8me journ\u00e9e H2O&#039; Lyon | 25\/11\/2021\" \/>\n<meta property=\"og:description\" content=\"La 3e Journ\u00e9e annuelle H2O\u2019Lyon aura lieu en pr\u00e9sentiel et \u00e0 distance le 25 novembre 2021 au CCVA de Villeurbanne.\" \/>\n<meta property=\"og:url\" content=\"https:\/\/asso.graie.org\/portail\/h2olyon-3eme-journee-annuelle\/\" \/>\n<meta property=\"og:site_name\" content=\"Graie\" \/>\n<meta property=\"article:published_time\" content=\"2021-11-15T17:27:50+00:00\" \/>\n<meta property=\"article:modified_time\" content=\"2021-11-16T08:58:34+00:00\" \/>\n<meta property=\"og:image\" content=\"https:\/\/asso.graie.org\/portail\/wp-content\/uploads\/2021\/11\/drop-gbca4803a3_1920.jpg\" \/>\n\t<meta property=\"og:image:width\" content=\"1920\" \/>\n\t<meta property=\"og:image:height\" content=\"1056\" \/>\n\t<meta property=\"og:image:type\" content=\"image\/jpeg\" \/>\n<meta name=\"author\" content=\"Maureen Carpentier\" \/>\n<meta name=\"twitter:card\" content=\"summary_large_image\" \/>\n<meta name=\"twitter:creator\" content=\"@asso_graie\" \/>\n<meta name=\"twitter:site\" content=\"@asso_graie\" \/>\n<meta name=\"twitter:label1\" content=\"\u00c9crit par\" \/>\n\t<meta name=\"twitter:data1\" content=\"Maureen Carpentier\" \/>\n\t<meta name=\"twitter:label2\" content=\"Dur\u00e9e de lecture estim\u00e9e\" \/>\n\t<meta name=\"twitter:data2\" content=\"1 minute\" \/>\n<script type=\"application\/ld+json\" class=\"yoast-schema-graph\">{\"@context\":\"https:\/\/schema.org\",\"@graph\":[{\"@type\":\"Article\",\"@id\":\"https:\/\/asso.graie.org\/portail\/h2olyon-3eme-journee-annuelle\/#article\",\"isPartOf\":{\"@id\":\"https:\/\/asso.graie.org\/portail\/h2olyon-3eme-journee-annuelle\/\"},\"author\":{\"name\":\"Maureen Carpentier\",\"@id\":\"https:\/\/asso.graie.org\/portail\/#\/schema\/person\/486e14d091ff09d12f2b31bad560eb4f\"},\"headline\":\"H2O&rsquo;Lyon | 3\u00e8me Journ\u00e9e Annuelle\",\"datePublished\":\"2021-11-15T17:27:50+00:00\",\"dateModified\":\"2021-11-16T08:58:34+00:00\",\"mainEntityOfPage\":{\"@id\":\"https:\/\/asso.graie.org\/portail\/h2olyon-3eme-journee-annuelle\/\"},\"wordCount\":229,\"publisher\":{\"@id\":\"https:\/\/asso.graie.org\/portail\/#organization\"},\"keywords\":[\"actualit\u00e9 partenaire\",\"\u00e9v\u00e9nement\",\"h20\",\"h2o\",\"journ\u00e9e h20\",\"partenaire\"],\"articleSection\":[\"Actualit\u00e9s partenaires\",\"Toute l'actualit\u00e9\"],\"inLanguage\":\"fr-FR\"},{\"@type\":\"WebPage\",\"@id\":\"https:\/\/asso.graie.org\/portail\/h2olyon-3eme-journee-annuelle\/\",\"url\":\"https:\/\/asso.graie.org\/portail\/h2olyon-3eme-journee-annuelle\/\",\"name\":\"3\u00e8me journ\u00e9e H2O' Lyon | 25\/11\/2021\",\"isPartOf\":{\"@id\":\"https:\/\/asso.graie.org\/portail\/#website\"},\"datePublished\":\"2021-11-15T17:27:50+00:00\",\"dateModified\":\"2021-11-16T08:58:34+00:00\",\"description\":\"La 3e Journ\u00e9e annuelle H2O\u2019Lyon aura lieu en pr\u00e9sentiel et \u00e0 distance le 25 novembre 2021 au CCVA de Villeurbanne.\",\"breadcrumb\":{\"@id\":\"https:\/\/asso.graie.org\/portail\/h2olyon-3eme-journee-annuelle\/#breadcrumb\"},\"inLanguage\":\"fr-FR\",\"potentialAction\":[{\"@type\":\"ReadAction\",\"target\":[\"https:\/\/asso.graie.org\/portail\/h2olyon-3eme-journee-annuelle\/\"]}]},{\"@type\":\"BreadcrumbList\",\"@id\":\"https:\/\/asso.graie.org\/portail\/h2olyon-3eme-journee-annuelle\/#breadcrumb\",\"itemListElement\":[{\"@type\":\"ListItem\",\"position\":1,\"name\":\"Accueil\",\"item\":\"https:\/\/asso.graie.org\/portail\/\"},{\"@type\":\"ListItem\",\"position\":2,\"name\":\"H2O&rsquo;Lyon | 3\u00e8me Journ\u00e9e Annuelle\"}]},{\"@type\":\"WebSite\",\"@id\":\"https:\/\/asso.graie.org\/portail\/#website\",\"url\":\"https:\/\/asso.graie.org\/portail\/\",\"name\":\"Graie\",\"description\":\"P\u00f4le Eau et Territoires\",\"publisher\":{\"@id\":\"https:\/\/asso.graie.org\/portail\/#organization\"},\"potentialAction\":[{\"@type\":\"SearchAction\",\"target\":{\"@type\":\"EntryPoint\",\"urlTemplate\":\"https:\/\/asso.graie.org\/portail\/?s={search_term_string}\"},\"query-input\":\"required name=search_term_string\"}],\"inLanguage\":\"fr-FR\"},{\"@type\":\"Organization\",\"@id\":\"https:\/\/asso.graie.org\/portail\/#organization\",\"name\":\"Le Graie\",\"url\":\"https:\/\/asso.graie.org\/portail\/\",\"logo\":{\"@type\":\"ImageObject\",\"inLanguage\":\"fr-FR\",\"@id\":\"https:\/\/asso.graie.org\/portail\/#\/schema\/logo\/image\/\",\"url\":\"https:\/\/asso.graie.org\/portail\/wp-content\/uploads\/2021\/12\/Logotype-Graie.png\",\"contentUrl\":\"https:\/\/asso.graie.org\/portail\/wp-content\/uploads\/2021\/12\/Logotype-Graie.png\",\"width\":1890,\"height\":1181,\"caption\":\"Le Graie\"},\"image\":{\"@id\":\"https:\/\/asso.graie.org\/portail\/#\/schema\/logo\/image\/\"},\"sameAs\":[\"https:\/\/fr.linkedin.com\/company\/graie?trk=top_nav_home\",\"https:\/\/www.youtube.com\/channel\/UCZQk0Tt7upYwERYNdDIZqLQ\",\"https:\/\/twitter.com\/asso_graie\"]},{\"@type\":\"Person\",\"@id\":\"https:\/\/asso.graie.org\/portail\/#\/schema\/person\/486e14d091ff09d12f2b31bad560eb4f\",\"name\":\"Maureen Carpentier\",\"url\":\"https:\/\/asso.graie.org\/portail\/author\/juliettecasanova\/\"}]}<\/script>\n<!-- \/ Yoast SEO plugin. -->","yoast_head_json":{"title":"3\u00e8me journ\u00e9e H2O' Lyon | 25\/11\/2021","description":"La 3e Journ\u00e9e annuelle H2O\u2019Lyon aura lieu en pr\u00e9sentiel et \u00e0 distance le 25 novembre 2021 au CCVA de Villeurbanne.","robots":{"index":"index","follow":"follow","max-snippet":"max-snippet:-1","max-image-preview":"max-image-preview:large","max-video-preview":"max-video-preview:-1"},"canonical":"https:\/\/asso.graie.org\/portail\/h2olyon-3eme-journee-annuelle\/","og_locale":"fr_FR","og_type":"article","og_title":"3\u00e8me journ\u00e9e H2O' Lyon | 25\/11\/2021","og_description":"La 3e Journ\u00e9e annuelle H2O\u2019Lyon aura lieu en pr\u00e9sentiel et \u00e0 distance le 25 novembre 2021 au CCVA de Villeurbanne.","og_url":"https:\/\/asso.graie.org\/portail\/h2olyon-3eme-journee-annuelle\/","og_site_name":"Graie","article_published_time":"2021-11-15T17:27:50+00:00","article_modified_time":"2021-11-16T08:58:34+00:00","og_image":[{"width":1920,"height":1056,"url":"https:\/\/asso.graie.org\/portail\/wp-content\/uploads\/2021\/11\/drop-gbca4803a3_1920.jpg","type":"image\/jpeg"}],"author":"Maureen Carpentier","twitter_card":"summary_large_image","twitter_creator":"@asso_graie","twitter_site":"@asso_graie","twitter_misc":{"\u00c9crit par":"Maureen Carpentier","Dur\u00e9e de lecture estim\u00e9e":"1 minute"},"schema":{"@context":"https:\/\/schema.org","@graph":[{"@type":"Article","@id":"https:\/\/asso.graie.org\/portail\/h2olyon-3eme-journee-annuelle\/#article","isPartOf":{"@id":"https:\/\/asso.graie.org\/portail\/h2olyon-3eme-journee-annuelle\/"},"author":{"name":"Maureen Carpentier","@id":"https:\/\/asso.graie.org\/portail\/#\/schema\/person\/486e14d091ff09d12f2b31bad560eb4f"},"headline":"H2O&rsquo;Lyon | 3\u00e8me Journ\u00e9e Annuelle","datePublished":"2021-11-15T17:27:50+00:00","dateModified":"2021-11-16T08:58:34+00:00","mainEntityOfPage":{"@id":"https:\/\/asso.graie.org\/portail\/h2olyon-3eme-journee-annuelle\/"},"wordCount":229,"publisher":{"@id":"https:\/\/asso.graie.org\/portail\/#organization"},"keywords":["actualit\u00e9 partenaire","\u00e9v\u00e9nement","h20","h2o","journ\u00e9e h20","partenaire"],"articleSection":["Actualit\u00e9s partenaires","Toute l'actualit\u00e9"],"inLanguage":"fr-FR"},{"@type":"WebPage","@id":"https:\/\/asso.graie.org\/portail\/h2olyon-3eme-journee-annuelle\/","url":"https:\/\/asso.graie.org\/portail\/h2olyon-3eme-journee-annuelle\/","name":"3\u00e8me journ\u00e9e H2O' Lyon | 25\/11\/2021","isPartOf":{"@id":"https:\/\/asso.graie.org\/portail\/#website"},"datePublished":"2021-11-15T17:27:50+00:00","dateModified":"2021-11-16T08:58:34+00:00","description":"La 3e Journ\u00e9e annuelle H2O\u2019Lyon aura lieu en pr\u00e9sentiel et \u00e0 distance le 25 novembre 2021 au CCVA de Villeurbanne.","breadcrumb":{"@id":"https:\/\/asso.graie.org\/portail\/h2olyon-3eme-journee-annuelle\/#breadcrumb"},"inLanguage":"fr-FR","potentialAction":[{"@type":"ReadAction","target":["https:\/\/asso.graie.org\/portail\/h2olyon-3eme-journee-annuelle\/"]}]},{"@type":"BreadcrumbList","@id":"https:\/\/asso.graie.org\/portail\/h2olyon-3eme-journee-annuelle\/#breadcrumb","itemListElement":[{"@type":"ListItem","position":1,"name":"Accueil","item":"https:\/\/asso.graie.org\/portail\/"},{"@type":"ListItem","position":2,"name":"H2O&rsquo;Lyon | 3\u00e8me Journ\u00e9e Annuelle"}]},{"@type":"WebSite","@id":"https:\/\/asso.graie.org\/portail\/#website","url":"https:\/\/asso.graie.org\/portail\/","name":"Graie","description":"P\u00f4le Eau et Territoires","publisher":{"@id":"https:\/\/asso.graie.org\/portail\/#organization"},"potentialAction":[{"@type":"SearchAction","target":{"@type":"EntryPoint","urlTemplate":"https:\/\/asso.graie.org\/portail\/?s={search_term_string}"},"query-input":"required name=search_term_string"}],"inLanguage":"fr-FR"},{"@type":"Organization","@id":"https:\/\/asso.graie.org\/portail\/#organization","name":"Le Graie","url":"https:\/\/asso.graie.org\/portail\/","logo":{"@type":"ImageObject","inLanguage":"fr-FR","@id":"https:\/\/asso.graie.org\/portail\/#\/schema\/logo\/image\/","url":"https:\/\/asso.graie.org\/portail\/wp-content\/uploads\/2021\/12\/Logotype-Graie.png","contentUrl":"https:\/\/asso.graie.org\/portail\/wp-content\/uploads\/2021\/12\/Logotype-Graie.png","width":1890,"height":1181,"caption":"Le Graie"},"image":{"@id":"https:\/\/asso.graie.org\/portail\/#\/schema\/logo\/image\/"},"sameAs":["https:\/\/fr.linkedin.com\/company\/graie?trk=top_nav_home","https:\/\/www.youtube.com\/channel\/UCZQk0Tt7upYwERYNdDIZqLQ","https:\/\/twitter.com\/asso_graie"]},{"@type":"Person","@id":"https:\/\/asso.graie.org\/portail\/#\/schema\/person\/486e14d091ff09d12f2b31bad560eb4f","name":"Maureen Carpentier","url":"https:\/\/asso.graie.org\/portail\/author\/juliettecasanova\/"}]}},"_links":{"self":[{"href":"https:\/\/asso.graie.org\/portail\/wp-json\/wp\/v2\/posts\/19084"}],"collection":[{"href":"https:\/\/asso.graie.org\/portail\/wp-json\/wp\/v2\/posts"}],"about":[{"href":"https:\/\/asso.graie.org\/portail\/wp-json\/wp\/v2\/types\/post"}],"author":[{"embeddable":true,"href":"https:\/\/asso.graie.org\/portail\/wp-json\/wp\/v2\/users\/16"}],"replies":[{"embeddable":true,"href":"https:\/\/asso.graie.org\/portail\/wp-json\/wp\/v2\/comments?post=19084"}],"version-history":[{"count":6,"href":"https:\/\/asso.graie.org\/portail\/wp-json\/wp\/v2\/posts\/19084\/revisions"}],"predecessor-version":[{"id":19121,"href":"https:\/\/asso.graie.org\/portail\/wp-json\/wp\/v2\/posts\/19084\/revisions\/19121"}],"wp:featuredmedia":[{"embeddable":true,"href":"https:\/\/asso.graie.org\/portail\/wp-json\/wp\/v2\/media\/19119"}],"wp:attachment":[{"href":"https:\/\/asso.graie.org\/portail\/wp-json\/wp\/v2\/media?parent=19084"}],"wp:term":[{"taxonomy":"category","embeddable":true,"href":"https:\/\/asso.graie.org\/portail\/wp-json\/wp\/v2\/categories?post=19084"},{"taxonomy":"post_tag","embeddable":true,"href":"https:\/\/asso.graie.org\/portail\/wp-json\/wp\/v2\/tags?post=19084"}],"curies":[{"name":"wp","href":"https:\/\/api.w.org\/{rel}","templated":true}]}}