{"id":19194,"date":"2021-11-22T11:15:04","date_gmt":"2021-11-22T10:15:04","guid":{"rendered":"https:\/\/asso.graie.org\/portail\/?p=19194"},"modified":"2025-02-10T10:54:41","modified_gmt":"2025-02-10T09:54:41","slug":"journee-dechanges-rendre-les-villes-permeables-2","status":"publish","type":"post","link":"https:\/\/asso.graie.org\/portail\/journee-dechanges-rendre-les-villes-permeables-2\/","title":{"rendered":"Cerema &#8211; Graie | Webinaire \u00ab\u00a0Renaturer et perm\u00e9abiliser les villes\u00a0\u00bb"},"content":{"rendered":"<h2 class=\"page-header\" style=\"text-align: center;\"><img decoding=\"async\" loading=\"lazy\" class=\"alignnone wp-image-14307\" src=\"https:\/\/asso.graie.org\/portail\/wp-content\/uploads\/2019\/07\/Logo_CEREMA-300x106.png\" alt=\"\" width=\"258\" height=\"91\" srcset=\"https:\/\/asso.graie.org\/portail\/wp-content\/uploads\/2019\/07\/Logo_CEREMA-300x106.png 300w, https:\/\/asso.graie.org\/portail\/wp-content\/uploads\/2019\/07\/Logo_CEREMA-768x272.png 768w, https:\/\/asso.graie.org\/portail\/wp-content\/uploads\/2019\/07\/Logo_CEREMA-1024x363.png 1024w, https:\/\/asso.graie.org\/portail\/wp-content\/uploads\/2019\/07\/Logo_CEREMA-600x213.png 600w, https:\/\/asso.graie.org\/portail\/wp-content\/uploads\/2019\/07\/Logo_CEREMA.png 1914w\" sizes=\"(max-width: 258px) 100vw, 258px\" \/><\/h2>\n<h2 class=\"page-header\" style=\"text-align: center;\">Conf\u00e9rence technique territoriale du Cerema<\/h2>\n<h2 style=\"text-align: center;\">en partenariat avec le Graie<\/h2>\n<h2><\/h2>\n<h2 class=\"page-header\" style=\"text-align: center;\">Renaturer et perm\u00e9abiliser les villes : jouer sur le levier de la planification<\/h2>\n<p style=\"text-align: center;\">\n<p>La perm\u00e9abilisation et la renaturation des espaces urbains sont aujourd\u2019hui des solutions incontournables pour r\u00e9pondre aux enjeux de la ville de demain, ainsi qu\u2019\u00e0 une demande sociale forte de nature en ville. La prise en compte de ces enjeux implique, pour les diff\u00e9rents acteurs, un changement de paradigme avec une vision globale et int\u00e9gr\u00e9e de l\u2019eau et de la nature au c\u0153ur des projets de territoires dans une logique de \u00ab Ville vivante et vivable \u00bb.<\/p>\n<h2>Date<\/h2>\n<p class=\"event-date-day\">Le 30 novembre 2021<\/p>\n<p class=\"event-date-hours\">De 9h30 \u00e0 12h00<\/p>\n<div><\/div>\n<div><\/div>\n<div><\/div>\n<h2><\/h2>\n<h2>Programme<\/h2>\n<p>Les documents de planification (SCOT, PLUi) constituent des leviers d\u2019actions en faveur de la ville perm\u00e9able et de la renaturation des sols. Ce webinaire a pour objectifs de mieux comprendre ces enjeux et d\u2019aider \u00e0 les int\u00e9grer dans la planification. Il sera organis\u00e9 autour de t\u00e9moignages d\u2019acteurs des territoires, de pr\u00e9sentations des orientations d\u00e9finies \u00e0 l\u2019\u00e9chelle des bassins, d\u2019apports sur les m\u00e9thodologies mobilisables ainsi que de retours d\u2019exp\u00e9rience.<\/p>\n<h2>Public<\/h2>\n<p>Collectivit\u00e9s, services de l\u2019\u00c9tat, bureaux d\u2019\u00e9tudes<\/p>\n<p><strong>L&rsquo;inscription est gratuite mais obligatoire. Cl\u00f4ture des inscriptions le 26 novembre 2021.<\/strong><\/p>\n<p><strong>&gt; <a href=\"https:\/\/www.cerema.fr\/fr\/evenements\/renaturer-permeabiliser-villes-jouer-levier-planification\">Plus d&rsquo;informations<\/a><\/strong><\/p>\n","protected":false},"excerpt":{"rendered":"<p>Conf\u00e9rence technique territoriale du Cerema en partenariat avec le Graie Renaturer et perm\u00e9abiliser les villes : jouer sur le levier de la planification La perm\u00e9abilisation et la renaturation des espaces urbains sont aujourd\u2019hui des solutions incontournables pour r\u00e9pondre aux enjeux &hellip;<\/p>\n","protected":false},"author":16,"featured_media":19209,"comment_status":"closed","ping_status":"closed","sticky":false,"template":"","format":"standard","meta":{"_mi_skip_tracking":false,"footnotes":""},"categories":[24,27,28],"tags":[121,1523,1697,1620,1698,145,521,1699,1616],"acf":[],"yoast_head":"<!-- This site is optimized with the Yoast SEO plugin v19.13 - https:\/\/yoast.com\/wordpress\/plugins\/seo\/ -->\n<title>Conf\u00e9rence Graie - Cerema | Renaturation des espaces urbains<\/title>\n<meta name=\"description\" content=\"Le Cerema et le Graie vous donne rendez-vous le 30 Novembre de 9h30 \u00e0 12h pour sa conf\u00e9rence sur la renaturation des villes.\" \/>\n<meta name=\"robots\" content=\"index, follow, max-snippet:-1, max-image-preview:large, max-video-preview:-1\" \/>\n<link rel=\"canonical\" href=\"https:\/\/asso.graie.org\/portail\/journee-dechanges-rendre-les-villes-permeables-2\/\" \/>\n<meta property=\"og:locale\" content=\"fr_FR\" \/>\n<meta property=\"og:type\" content=\"article\" \/>\n<meta property=\"og:title\" content=\"Conf\u00e9rence Graie - Cerema | Renaturation des espaces urbains\" \/>\n<meta property=\"og:description\" content=\"Le Cerema et le Graie vous donne rendez-vous le 30 Novembre de 9h30 \u00e0 12h pour sa conf\u00e9rence sur la renaturation des villes.\" \/>\n<meta property=\"og:url\" content=\"https:\/\/asso.graie.org\/portail\/journee-dechanges-rendre-les-villes-permeables-2\/\" \/>\n<meta property=\"og:site_name\" content=\"Graie\" \/>\n<meta property=\"article:published_time\" content=\"2021-11-22T10:15:04+00:00\" \/>\n<meta property=\"article:modified_time\" content=\"2025-02-10T09:54:41+00:00\" \/>\n<meta property=\"og:image\" content=\"https:\/\/asso.graie.org\/portail\/wp-content\/uploads\/2021\/11\/Capture-decran-2021-11-19-164813.jpg\" \/>\n\t<meta property=\"og:image:width\" content=\"927\" \/>\n\t<meta property=\"og:image:height\" content=\"711\" \/>\n\t<meta property=\"og:image:type\" content=\"image\/jpeg\" \/>\n<meta name=\"author\" content=\"Maureen Carpentier\" \/>\n<meta name=\"twitter:card\" content=\"summary_large_image\" \/>\n<meta name=\"twitter:creator\" content=\"@asso_graie\" \/>\n<meta name=\"twitter:site\" content=\"@asso_graie\" \/>\n<meta name=\"twitter:label1\" content=\"\u00c9crit par\" \/>\n\t<meta name=\"twitter:data1\" content=\"Maureen Carpentier\" \/>\n\t<meta name=\"twitter:label2\" content=\"Dur\u00e9e de lecture estim\u00e9e\" \/>\n\t<meta name=\"twitter:data2\" content=\"1 minute\" \/>\n<script type=\"application\/ld+json\" class=\"yoast-schema-graph\">{\"@context\":\"https:\/\/schema.org\",\"@graph\":[{\"@type\":\"Article\",\"@id\":\"https:\/\/asso.graie.org\/portail\/journee-dechanges-rendre-les-villes-permeables-2\/#article\",\"isPartOf\":{\"@id\":\"https:\/\/asso.graie.org\/portail\/journee-dechanges-rendre-les-villes-permeables-2\/\"},\"author\":{\"name\":\"Maureen Carpentier\",\"@id\":\"https:\/\/asso.graie.org\/portail\/#\/schema\/person\/486e14d091ff09d12f2b31bad560eb4f\"},\"headline\":\"Cerema &#8211; Graie | Webinaire \u00ab\u00a0Renaturer et perm\u00e9abiliser les villes\u00a0\u00bb\",\"datePublished\":\"2021-11-22T10:15:04+00:00\",\"dateModified\":\"2025-02-10T09:54:41+00:00\",\"mainEntityOfPage\":{\"@id\":\"https:\/\/asso.graie.org\/portail\/journee-dechanges-rendre-les-villes-permeables-2\/\"},\"wordCount\":226,\"publisher\":{\"@id\":\"https:\/\/asso.graie.org\/portail\/#organization\"},\"keywords\":[\"CEREMA\",\"conf\u00e9rence\",\"conf\u00e9rence technique\",\"eau dans la ville\",\"perm\u00e9abiliser\",\"planification\",\"renaturation\",\"renaturer\",\"webinaire\"],\"articleSection\":[\"Actu Graie\",\"Actualit\u00e9s partenaires\",\"Toute l'actualit\u00e9\"],\"inLanguage\":\"fr-FR\"},{\"@type\":\"WebPage\",\"@id\":\"https:\/\/asso.graie.org\/portail\/journee-dechanges-rendre-les-villes-permeables-2\/\",\"url\":\"https:\/\/asso.graie.org\/portail\/journee-dechanges-rendre-les-villes-permeables-2\/\",\"name\":\"Conf\u00e9rence Graie - Cerema | Renaturation des espaces urbains\",\"isPartOf\":{\"@id\":\"https:\/\/asso.graie.org\/portail\/#website\"},\"datePublished\":\"2021-11-22T10:15:04+00:00\",\"dateModified\":\"2025-02-10T09:54:41+00:00\",\"description\":\"Le Cerema et le Graie vous donne rendez-vous le 30 Novembre de 9h30 \u00e0 12h pour sa conf\u00e9rence sur la renaturation des villes.\",\"breadcrumb\":{\"@id\":\"https:\/\/asso.graie.org\/portail\/journee-dechanges-rendre-les-villes-permeables-2\/#breadcrumb\"},\"inLanguage\":\"fr-FR\",\"potentialAction\":[{\"@type\":\"ReadAction\",\"target\":[\"https:\/\/asso.graie.org\/portail\/journee-dechanges-rendre-les-villes-permeables-2\/\"]}]},{\"@type\":\"BreadcrumbList\",\"@id\":\"https:\/\/asso.graie.org\/portail\/journee-dechanges-rendre-les-villes-permeables-2\/#breadcrumb\",\"itemListElement\":[{\"@type\":\"ListItem\",\"position\":1,\"name\":\"Accueil\",\"item\":\"https:\/\/asso.graie.org\/portail\/\"},{\"@type\":\"ListItem\",\"position\":2,\"name\":\"Cerema &#8211; Graie | Webinaire \u00ab\u00a0Renaturer et perm\u00e9abiliser les villes\u00a0\u00bb\"}]},{\"@type\":\"WebSite\",\"@id\":\"https:\/\/asso.graie.org\/portail\/#website\",\"url\":\"https:\/\/asso.graie.org\/portail\/\",\"name\":\"Graie\",\"description\":\"P\u00f4le Eau et Territoires\",\"publisher\":{\"@id\":\"https:\/\/asso.graie.org\/portail\/#organization\"},\"potentialAction\":[{\"@type\":\"SearchAction\",\"target\":{\"@type\":\"EntryPoint\",\"urlTemplate\":\"https:\/\/asso.graie.org\/portail\/?s={search_term_string}\"},\"query-input\":\"required name=search_term_string\"}],\"inLanguage\":\"fr-FR\"},{\"@type\":\"Organization\",\"@id\":\"https:\/\/asso.graie.org\/portail\/#organization\",\"name\":\"Le Graie\",\"url\":\"https:\/\/asso.graie.org\/portail\/\",\"logo\":{\"@type\":\"ImageObject\",\"inLanguage\":\"fr-FR\",\"@id\":\"https:\/\/asso.graie.org\/portail\/#\/schema\/logo\/image\/\",\"url\":\"https:\/\/asso.graie.org\/portail\/wp-content\/uploads\/2021\/12\/Logotype-Graie.png\",\"contentUrl\":\"https:\/\/asso.graie.org\/portail\/wp-content\/uploads\/2021\/12\/Logotype-Graie.png\",\"width\":1890,\"height\":1181,\"caption\":\"Le Graie\"},\"image\":{\"@id\":\"https:\/\/asso.graie.org\/portail\/#\/schema\/logo\/image\/\"},\"sameAs\":[\"https:\/\/fr.linkedin.com\/company\/graie?trk=top_nav_home\",\"https:\/\/www.youtube.com\/channel\/UCZQk0Tt7upYwERYNdDIZqLQ\",\"https:\/\/twitter.com\/asso_graie\"]},{\"@type\":\"Person\",\"@id\":\"https:\/\/asso.graie.org\/portail\/#\/schema\/person\/486e14d091ff09d12f2b31bad560eb4f\",\"name\":\"Maureen Carpentier\",\"url\":\"https:\/\/asso.graie.org\/portail\/author\/juliettecasanova\/\"}]}<\/script>\n<!-- \/ Yoast SEO plugin. -->","yoast_head_json":{"title":"Conf\u00e9rence Graie - Cerema | Renaturation des espaces urbains","description":"Le Cerema et le Graie vous donne rendez-vous le 30 Novembre de 9h30 \u00e0 12h pour sa conf\u00e9rence sur la renaturation des villes.","robots":{"index":"index","follow":"follow","max-snippet":"max-snippet:-1","max-image-preview":"max-image-preview:large","max-video-preview":"max-video-preview:-1"},"canonical":"https:\/\/asso.graie.org\/portail\/journee-dechanges-rendre-les-villes-permeables-2\/","og_locale":"fr_FR","og_type":"article","og_title":"Conf\u00e9rence Graie - Cerema | Renaturation des espaces urbains","og_description":"Le Cerema et le Graie vous donne rendez-vous le 30 Novembre de 9h30 \u00e0 12h pour sa conf\u00e9rence sur la renaturation des villes.","og_url":"https:\/\/asso.graie.org\/portail\/journee-dechanges-rendre-les-villes-permeables-2\/","og_site_name":"Graie","article_published_time":"2021-11-22T10:15:04+00:00","article_modified_time":"2025-02-10T09:54:41+00:00","og_image":[{"width":927,"height":711,"url":"https:\/\/asso.graie.org\/portail\/wp-content\/uploads\/2021\/11\/Capture-decran-2021-11-19-164813.jpg","type":"image\/jpeg"}],"author":"Maureen Carpentier","twitter_card":"summary_large_image","twitter_creator":"@asso_graie","twitter_site":"@asso_graie","twitter_misc":{"\u00c9crit par":"Maureen Carpentier","Dur\u00e9e de lecture estim\u00e9e":"1 minute"},"schema":{"@context":"https:\/\/schema.org","@graph":[{"@type":"Article","@id":"https:\/\/asso.graie.org\/portail\/journee-dechanges-rendre-les-villes-permeables-2\/#article","isPartOf":{"@id":"https:\/\/asso.graie.org\/portail\/journee-dechanges-rendre-les-villes-permeables-2\/"},"author":{"name":"Maureen Carpentier","@id":"https:\/\/asso.graie.org\/portail\/#\/schema\/person\/486e14d091ff09d12f2b31bad560eb4f"},"headline":"Cerema &#8211; Graie | Webinaire \u00ab\u00a0Renaturer et perm\u00e9abiliser les villes\u00a0\u00bb","datePublished":"2021-11-22T10:15:04+00:00","dateModified":"2025-02-10T09:54:41+00:00","mainEntityOfPage":{"@id":"https:\/\/asso.graie.org\/portail\/journee-dechanges-rendre-les-villes-permeables-2\/"},"wordCount":226,"publisher":{"@id":"https:\/\/asso.graie.org\/portail\/#organization"},"keywords":["CEREMA","conf\u00e9rence","conf\u00e9rence technique","eau dans la ville","perm\u00e9abiliser","planification","renaturation","renaturer","webinaire"],"articleSection":["Actu Graie","Actualit\u00e9s partenaires","Toute l'actualit\u00e9"],"inLanguage":"fr-FR"},{"@type":"WebPage","@id":"https:\/\/asso.graie.org\/portail\/journee-dechanges-rendre-les-villes-permeables-2\/","url":"https:\/\/asso.graie.org\/portail\/journee-dechanges-rendre-les-villes-permeables-2\/","name":"Conf\u00e9rence Graie - Cerema | Renaturation des espaces urbains","isPartOf":{"@id":"https:\/\/asso.graie.org\/portail\/#website"},"datePublished":"2021-11-22T10:15:04+00:00","dateModified":"2025-02-10T09:54:41+00:00","description":"Le Cerema et le Graie vous donne rendez-vous le 30 Novembre de 9h30 \u00e0 12h pour sa conf\u00e9rence sur la renaturation des villes.","breadcrumb":{"@id":"https:\/\/asso.graie.org\/portail\/journee-dechanges-rendre-les-villes-permeables-2\/#breadcrumb"},"inLanguage":"fr-FR","potentialAction":[{"@type":"ReadAction","target":["https:\/\/asso.graie.org\/portail\/journee-dechanges-rendre-les-villes-permeables-2\/"]}]},{"@type":"BreadcrumbList","@id":"https:\/\/asso.graie.org\/portail\/journee-dechanges-rendre-les-villes-permeables-2\/#breadcrumb","itemListElement":[{"@type":"ListItem","position":1,"name":"Accueil","item":"https:\/\/asso.graie.org\/portail\/"},{"@type":"ListItem","position":2,"name":"Cerema &#8211; Graie | Webinaire \u00ab\u00a0Renaturer et perm\u00e9abiliser les villes\u00a0\u00bb"}]},{"@type":"WebSite","@id":"https:\/\/asso.graie.org\/portail\/#website","url":"https:\/\/asso.graie.org\/portail\/","name":"Graie","description":"P\u00f4le Eau et Territoires","publisher":{"@id":"https:\/\/asso.graie.org\/portail\/#organization"},"potentialAction":[{"@type":"SearchAction","target":{"@type":"EntryPoint","urlTemplate":"https:\/\/asso.graie.org\/portail\/?s={search_term_string}"},"query-input":"required name=search_term_string"}],"inLanguage":"fr-FR"},{"@type":"Organization","@id":"https:\/\/asso.graie.org\/portail\/#organization","name":"Le Graie","url":"https:\/\/asso.graie.org\/portail\/","logo":{"@type":"ImageObject","inLanguage":"fr-FR","@id":"https:\/\/asso.graie.org\/portail\/#\/schema\/logo\/image\/","url":"https:\/\/asso.graie.org\/portail\/wp-content\/uploads\/2021\/12\/Logotype-Graie.png","contentUrl":"https:\/\/asso.graie.org\/portail\/wp-content\/uploads\/2021\/12\/Logotype-Graie.png","width":1890,"height":1181,"caption":"Le Graie"},"image":{"@id":"https:\/\/asso.graie.org\/portail\/#\/schema\/logo\/image\/"},"sameAs":["https:\/\/fr.linkedin.com\/company\/graie?trk=top_nav_home","https:\/\/www.youtube.com\/channel\/UCZQk0Tt7upYwERYNdDIZqLQ","https:\/\/twitter.com\/asso_graie"]},{"@type":"Person","@id":"https:\/\/asso.graie.org\/portail\/#\/schema\/person\/486e14d091ff09d12f2b31bad560eb4f","name":"Maureen Carpentier","url":"https:\/\/asso.graie.org\/portail\/author\/juliettecasanova\/"}]}},"_links":{"self":[{"href":"https:\/\/asso.graie.org\/portail\/wp-json\/wp\/v2\/posts\/19194"}],"collection":[{"href":"https:\/\/asso.graie.org\/portail\/wp-json\/wp\/v2\/posts"}],"about":[{"href":"https:\/\/asso.graie.org\/portail\/wp-json\/wp\/v2\/types\/post"}],"author":[{"embeddable":true,"href":"https:\/\/asso.graie.org\/portail\/wp-json\/wp\/v2\/users\/16"}],"replies":[{"embeddable":true,"href":"https:\/\/asso.graie.org\/portail\/wp-json\/wp\/v2\/comments?post=19194"}],"version-history":[{"count":28,"href":"https:\/\/asso.graie.org\/portail\/wp-json\/wp\/v2\/posts\/19194\/revisions"}],"predecessor-version":[{"id":27471,"href":"https:\/\/asso.graie.org\/portail\/wp-json\/wp\/v2\/posts\/19194\/revisions\/27471"}],"wp:featuredmedia":[{"embeddable":true,"href":"https:\/\/asso.graie.org\/portail\/wp-json\/wp\/v2\/media\/19209"}],"wp:attachment":[{"href":"https:\/\/asso.graie.org\/portail\/wp-json\/wp\/v2\/media?parent=19194"}],"wp:term":[{"taxonomy":"category","embeddable":true,"href":"https:\/\/asso.graie.org\/portail\/wp-json\/wp\/v2\/categories?post=19194"},{"taxonomy":"post_tag","embeddable":true,"href":"https:\/\/asso.graie.org\/portail\/wp-json\/wp\/v2\/tags?post=19194"}],"curies":[{"name":"wp","href":"https:\/\/api.w.org\/{rel}","templated":true}]}}