{"id":19381,"date":"2021-12-07T11:16:37","date_gmt":"2021-12-07T10:16:37","guid":{"rendered":"https:\/\/asso.graie.org\/portail\/?p=19381"},"modified":"2023-09-29T10:28:36","modified_gmt":"2023-09-29T08:28:36","slug":"colloque-micropolluants-dans-leau","status":"publish","type":"post","link":"https:\/\/asso.graie.org\/portail\/colloque-micropolluants-dans-leau\/","title":{"rendered":"Colloque Micropolluants dans l&rsquo;eau"},"content":{"rendered":"\n<h2 class=\"has-text-align-center wp-block-heading\"><img decoding=\"async\" loading=\"lazy\" class=\"alignnone wp-image-19382 size-full\" src=\"https:\/\/asso.graie.org\/portail\/wp-content\/uploads\/2021\/12\/header-micropolluants-dans-leau.png\" alt=\"\" width=\"698\" height=\"231\" srcset=\"https:\/\/asso.graie.org\/portail\/wp-content\/uploads\/2021\/12\/header-micropolluants-dans-leau.png 698w, https:\/\/asso.graie.org\/portail\/wp-content\/uploads\/2021\/12\/header-micropolluants-dans-leau-300x99.png 300w, https:\/\/asso.graie.org\/portail\/wp-content\/uploads\/2021\/12\/header-micropolluants-dans-leau-600x199.png 600w\" sizes=\"(max-width: 698px) 100vw, 698px\" \/><\/h2>\n\n\n\n<div style=\"height:64px\" aria-hidden=\"true\" class=\"wp-block-spacer\"><\/div>\n\n\n\n<h2 class=\"wp-block-heading\">Colloque Micropolluants dans l&rsquo;eau : un enjeu pour le vivant.<\/h2>\n\n\n\n<p>Initi\u00e9 par l\u2019agence de l\u2019eau Adour-Garonne et l\u2019Office Fran\u00e7ais de la Biodiversit\u00e9 en partenariat avec Bordeaux M\u00e9tropole, la r\u00e9gion Nouvelle-Aquitaine et le Comit\u00e9 Strat\u00e9gique de la Fili\u00e8re Eau, le colloque \u00ab Micropolluants dans l\u2019eau, un enjeu pour le vivant \u00bb souhaite mettre en avant les nouvelles connaissances, le lien entre les activit\u00e9s \u00e0 terre et la qualit\u00e9 des eaux, y compris marines, ainsi que les leviers pour r\u00e9duire cette pollution en coh\u00e9rence avec l\u2019ambition nationale d\u2019une transition \u00e9cologique.<\/p>\n\n\n\n<p>Le Graie pilotera la r\u00e9daction de la synth\u00e8se de cette conf\u00e9rence, pour mettre en lumi\u00e8re les grands messages de cet \u00e9v\u00e9nement de port\u00e9e nationale.<\/p>\n\n\n\n<div style=\"height:64px\" aria-hidden=\"true\" class=\"wp-block-spacer\"><\/div>\n\n\n\n<h2 class=\"wp-block-heading\">Date et lieu<\/h2>\n\n\n\n<p>Le lundi 11 juillet 2022<strong><br><\/strong><\/p>\n\n\n\n<div style=\"height:28px\" aria-hidden=\"true\" class=\"wp-block-spacer\"><\/div>\n\n\n\n<p>A la Cit\u00e9 des Vins<\/p>\n\n\n\n<p>134 Quai de Bacalan<\/p>\n\n\n\n<p>33300 BORDEAUX<\/p>\n\n\n\n<div style=\"height:25px\" aria-hidden=\"true\" class=\"wp-block-spacer\"><\/div>\n\n\n\n<div>(possibilit\u00e9 de participer en distanciel)<\/div>\n\n\n\n<div style=\"height:63px\" aria-hidden=\"true\" class=\"wp-block-spacer\"><\/div>\n\n\n\n<h2 class=\"wp-block-heading\">Public<\/h2>\n\n\n\n<p>Un rendez-vous pour les associations, les professionnels et acteurs de l&rsquo;eau, les d\u00e9cideurs publics et \u00e9conomiques.<\/p>\n\n\n\n<p><strong>&gt; Programme et inscriptions sur <\/strong><a href=\"https:\/\/eau-grandsudouest.fr\/\"><strong>le site de l&rsquo;Agence de l&rsquo;eau Adour-Garonne<\/strong><\/a><\/p>\n\n\n\n<div style=\"height:100px\" aria-hidden=\"true\" class=\"wp-block-spacer\"><\/div>\n","protected":false},"excerpt":{"rendered":"<p>Colloque Micropolluants dans l&rsquo;eau : un enjeu pour le vivant. Initi\u00e9 par l\u2019agence de l\u2019eau Adour-Garonne et l\u2019Office Fran\u00e7ais de la Biodiversit\u00e9 en partenariat avec Bordeaux M\u00e9tropole, la r\u00e9gion Nouvelle-Aquitaine et le Comit\u00e9 Strat\u00e9gique de la Fili\u00e8re Eau, le colloque &hellip;<\/p>\n","protected":false},"author":16,"featured_media":19382,"comment_status":"closed","ping_status":"closed","sticky":false,"template":"","format":"standard","meta":{"_mi_skip_tracking":false,"footnotes":""},"categories":[24,27,28],"tags":[1675,1639,1633,1703,1701,498,1702],"acf":[],"yoast_head":"<!-- This site is optimized with the Yoast SEO plugin v19.13 - https:\/\/yoast.com\/wordpress\/plugins\/seo\/ -->\n<title>Colloque Micropolluants dans l&#039;eau | Actualit\u00e9s Partenaires | Le Graie<\/title>\n<meta name=\"description\" content=\"Le Graie est partenaire de ce colloque &quot;Micropolluants dans l&#039;eau : un enjeu pour le vivant&quot; qui aura lieu \u00e0 Bordeaux le 12 juillet 2022.\" \/>\n<meta name=\"robots\" content=\"index, follow, max-snippet:-1, max-image-preview:large, max-video-preview:-1\" \/>\n<link rel=\"canonical\" href=\"https:\/\/asso.graie.org\/portail\/colloque-micropolluants-dans-leau\/\" \/>\n<meta property=\"og:locale\" content=\"fr_FR\" \/>\n<meta property=\"og:type\" content=\"article\" \/>\n<meta property=\"og:title\" content=\"Colloque Micropolluants dans l&#039;eau | Actualit\u00e9s Partenaires | Le Graie\" \/>\n<meta property=\"og:description\" content=\"Le Graie est partenaire de ce colloque &quot;Micropolluants dans l&#039;eau : un enjeu pour le vivant&quot; qui aura lieu \u00e0 Bordeaux le 12 juillet 2022.\" \/>\n<meta property=\"og:url\" content=\"https:\/\/asso.graie.org\/portail\/colloque-micropolluants-dans-leau\/\" \/>\n<meta property=\"og:site_name\" content=\"Graie\" \/>\n<meta property=\"article:published_time\" content=\"2021-12-07T10:16:37+00:00\" \/>\n<meta property=\"article:modified_time\" content=\"2023-09-29T08:28:36+00:00\" \/>\n<meta property=\"og:image\" content=\"https:\/\/asso.graie.org\/portail\/wp-content\/uploads\/2021\/12\/header-micropolluants-dans-leau.png\" \/>\n\t<meta property=\"og:image:width\" content=\"698\" \/>\n\t<meta property=\"og:image:height\" content=\"231\" \/>\n\t<meta property=\"og:image:type\" content=\"image\/png\" \/>\n<meta name=\"author\" content=\"Maureen Carpentier\" \/>\n<meta name=\"twitter:card\" content=\"summary_large_image\" \/>\n<meta name=\"twitter:creator\" content=\"@asso_graie\" \/>\n<meta name=\"twitter:site\" content=\"@asso_graie\" \/>\n<meta name=\"twitter:label1\" content=\"\u00c9crit par\" \/>\n\t<meta name=\"twitter:data1\" content=\"Maureen Carpentier\" \/>\n\t<meta name=\"twitter:label2\" content=\"Dur\u00e9e de lecture estim\u00e9e\" \/>\n\t<meta name=\"twitter:data2\" content=\"2 minutes\" \/>\n<script type=\"application\/ld+json\" class=\"yoast-schema-graph\">{\"@context\":\"https:\/\/schema.org\",\"@graph\":[{\"@type\":\"Article\",\"@id\":\"https:\/\/asso.graie.org\/portail\/colloque-micropolluants-dans-leau\/#article\",\"isPartOf\":{\"@id\":\"https:\/\/asso.graie.org\/portail\/colloque-micropolluants-dans-leau\/\"},\"author\":{\"name\":\"Maureen Carpentier\",\"@id\":\"https:\/\/asso.graie.org\/portail\/#\/schema\/person\/486e14d091ff09d12f2b31bad560eb4f\"},\"headline\":\"Colloque Micropolluants dans l&rsquo;eau\",\"datePublished\":\"2021-12-07T10:16:37+00:00\",\"dateModified\":\"2023-09-29T08:28:36+00:00\",\"mainEntityOfPage\":{\"@id\":\"https:\/\/asso.graie.org\/portail\/colloque-micropolluants-dans-leau\/\"},\"wordCount\":182,\"publisher\":{\"@id\":\"https:\/\/asso.graie.org\/portail\/#organization\"},\"keywords\":[\"actualit\u00e9\",\"actualit\u00e9 partenaire\",\"agence de l'eau\",\"bordeaux\",\"colloque\",\"micropolluants\",\"micropolluants dans l'eau\"],\"articleSection\":[\"Actu Graie\",\"Actualit\u00e9s partenaires\",\"Toute l'actualit\u00e9\"],\"inLanguage\":\"fr-FR\"},{\"@type\":\"WebPage\",\"@id\":\"https:\/\/asso.graie.org\/portail\/colloque-micropolluants-dans-leau\/\",\"url\":\"https:\/\/asso.graie.org\/portail\/colloque-micropolluants-dans-leau\/\",\"name\":\"Colloque Micropolluants dans l'eau | Actualit\u00e9s Partenaires | Le Graie\",\"isPartOf\":{\"@id\":\"https:\/\/asso.graie.org\/portail\/#website\"},\"datePublished\":\"2021-12-07T10:16:37+00:00\",\"dateModified\":\"2023-09-29T08:28:36+00:00\",\"description\":\"Le Graie est partenaire de ce colloque \\\"Micropolluants dans l'eau : un enjeu pour le vivant\\\" qui aura lieu \u00e0 Bordeaux le 12 juillet 2022.\",\"breadcrumb\":{\"@id\":\"https:\/\/asso.graie.org\/portail\/colloque-micropolluants-dans-leau\/#breadcrumb\"},\"inLanguage\":\"fr-FR\",\"potentialAction\":[{\"@type\":\"ReadAction\",\"target\":[\"https:\/\/asso.graie.org\/portail\/colloque-micropolluants-dans-leau\/\"]}]},{\"@type\":\"BreadcrumbList\",\"@id\":\"https:\/\/asso.graie.org\/portail\/colloque-micropolluants-dans-leau\/#breadcrumb\",\"itemListElement\":[{\"@type\":\"ListItem\",\"position\":1,\"name\":\"Accueil\",\"item\":\"https:\/\/asso.graie.org\/portail\/\"},{\"@type\":\"ListItem\",\"position\":2,\"name\":\"Colloque Micropolluants dans l&rsquo;eau\"}]},{\"@type\":\"WebSite\",\"@id\":\"https:\/\/asso.graie.org\/portail\/#website\",\"url\":\"https:\/\/asso.graie.org\/portail\/\",\"name\":\"Graie\",\"description\":\"P\u00f4le Eau et Territoires\",\"publisher\":{\"@id\":\"https:\/\/asso.graie.org\/portail\/#organization\"},\"potentialAction\":[{\"@type\":\"SearchAction\",\"target\":{\"@type\":\"EntryPoint\",\"urlTemplate\":\"https:\/\/asso.graie.org\/portail\/?s={search_term_string}\"},\"query-input\":\"required name=search_term_string\"}],\"inLanguage\":\"fr-FR\"},{\"@type\":\"Organization\",\"@id\":\"https:\/\/asso.graie.org\/portail\/#organization\",\"name\":\"Le Graie\",\"url\":\"https:\/\/asso.graie.org\/portail\/\",\"logo\":{\"@type\":\"ImageObject\",\"inLanguage\":\"fr-FR\",\"@id\":\"https:\/\/asso.graie.org\/portail\/#\/schema\/logo\/image\/\",\"url\":\"https:\/\/asso.graie.org\/portail\/wp-content\/uploads\/2021\/12\/Logotype-Graie.png\",\"contentUrl\":\"https:\/\/asso.graie.org\/portail\/wp-content\/uploads\/2021\/12\/Logotype-Graie.png\",\"width\":1890,\"height\":1181,\"caption\":\"Le Graie\"},\"image\":{\"@id\":\"https:\/\/asso.graie.org\/portail\/#\/schema\/logo\/image\/\"},\"sameAs\":[\"https:\/\/fr.linkedin.com\/company\/graie?trk=top_nav_home\",\"https:\/\/www.youtube.com\/channel\/UCZQk0Tt7upYwERYNdDIZqLQ\",\"https:\/\/twitter.com\/asso_graie\"]},{\"@type\":\"Person\",\"@id\":\"https:\/\/asso.graie.org\/portail\/#\/schema\/person\/486e14d091ff09d12f2b31bad560eb4f\",\"name\":\"Maureen Carpentier\",\"url\":\"https:\/\/asso.graie.org\/portail\/author\/juliettecasanova\/\"}]}<\/script>\n<!-- \/ Yoast SEO plugin. -->","yoast_head_json":{"title":"Colloque Micropolluants dans l'eau | Actualit\u00e9s Partenaires | Le Graie","description":"Le Graie est partenaire de ce colloque \"Micropolluants dans l'eau : un enjeu pour le vivant\" qui aura lieu \u00e0 Bordeaux le 12 juillet 2022.","robots":{"index":"index","follow":"follow","max-snippet":"max-snippet:-1","max-image-preview":"max-image-preview:large","max-video-preview":"max-video-preview:-1"},"canonical":"https:\/\/asso.graie.org\/portail\/colloque-micropolluants-dans-leau\/","og_locale":"fr_FR","og_type":"article","og_title":"Colloque Micropolluants dans l'eau | Actualit\u00e9s Partenaires | Le Graie","og_description":"Le Graie est partenaire de ce colloque \"Micropolluants dans l'eau : un enjeu pour le vivant\" qui aura lieu \u00e0 Bordeaux le 12 juillet 2022.","og_url":"https:\/\/asso.graie.org\/portail\/colloque-micropolluants-dans-leau\/","og_site_name":"Graie","article_published_time":"2021-12-07T10:16:37+00:00","article_modified_time":"2023-09-29T08:28:36+00:00","og_image":[{"width":698,"height":231,"url":"https:\/\/asso.graie.org\/portail\/wp-content\/uploads\/2021\/12\/header-micropolluants-dans-leau.png","type":"image\/png"}],"author":"Maureen Carpentier","twitter_card":"summary_large_image","twitter_creator":"@asso_graie","twitter_site":"@asso_graie","twitter_misc":{"\u00c9crit par":"Maureen Carpentier","Dur\u00e9e de lecture estim\u00e9e":"2 minutes"},"schema":{"@context":"https:\/\/schema.org","@graph":[{"@type":"Article","@id":"https:\/\/asso.graie.org\/portail\/colloque-micropolluants-dans-leau\/#article","isPartOf":{"@id":"https:\/\/asso.graie.org\/portail\/colloque-micropolluants-dans-leau\/"},"author":{"name":"Maureen Carpentier","@id":"https:\/\/asso.graie.org\/portail\/#\/schema\/person\/486e14d091ff09d12f2b31bad560eb4f"},"headline":"Colloque Micropolluants dans l&rsquo;eau","datePublished":"2021-12-07T10:16:37+00:00","dateModified":"2023-09-29T08:28:36+00:00","mainEntityOfPage":{"@id":"https:\/\/asso.graie.org\/portail\/colloque-micropolluants-dans-leau\/"},"wordCount":182,"publisher":{"@id":"https:\/\/asso.graie.org\/portail\/#organization"},"keywords":["actualit\u00e9","actualit\u00e9 partenaire","agence de l'eau","bordeaux","colloque","micropolluants","micropolluants dans l'eau"],"articleSection":["Actu Graie","Actualit\u00e9s partenaires","Toute l'actualit\u00e9"],"inLanguage":"fr-FR"},{"@type":"WebPage","@id":"https:\/\/asso.graie.org\/portail\/colloque-micropolluants-dans-leau\/","url":"https:\/\/asso.graie.org\/portail\/colloque-micropolluants-dans-leau\/","name":"Colloque Micropolluants dans l'eau | Actualit\u00e9s Partenaires | Le Graie","isPartOf":{"@id":"https:\/\/asso.graie.org\/portail\/#website"},"datePublished":"2021-12-07T10:16:37+00:00","dateModified":"2023-09-29T08:28:36+00:00","description":"Le Graie est partenaire de ce colloque \"Micropolluants dans l'eau : un enjeu pour le vivant\" qui aura lieu \u00e0 Bordeaux le 12 juillet 2022.","breadcrumb":{"@id":"https:\/\/asso.graie.org\/portail\/colloque-micropolluants-dans-leau\/#breadcrumb"},"inLanguage":"fr-FR","potentialAction":[{"@type":"ReadAction","target":["https:\/\/asso.graie.org\/portail\/colloque-micropolluants-dans-leau\/"]}]},{"@type":"BreadcrumbList","@id":"https:\/\/asso.graie.org\/portail\/colloque-micropolluants-dans-leau\/#breadcrumb","itemListElement":[{"@type":"ListItem","position":1,"name":"Accueil","item":"https:\/\/asso.graie.org\/portail\/"},{"@type":"ListItem","position":2,"name":"Colloque Micropolluants dans l&rsquo;eau"}]},{"@type":"WebSite","@id":"https:\/\/asso.graie.org\/portail\/#website","url":"https:\/\/asso.graie.org\/portail\/","name":"Graie","description":"P\u00f4le Eau et Territoires","publisher":{"@id":"https:\/\/asso.graie.org\/portail\/#organization"},"potentialAction":[{"@type":"SearchAction","target":{"@type":"EntryPoint","urlTemplate":"https:\/\/asso.graie.org\/portail\/?s={search_term_string}"},"query-input":"required name=search_term_string"}],"inLanguage":"fr-FR"},{"@type":"Organization","@id":"https:\/\/asso.graie.org\/portail\/#organization","name":"Le Graie","url":"https:\/\/asso.graie.org\/portail\/","logo":{"@type":"ImageObject","inLanguage":"fr-FR","@id":"https:\/\/asso.graie.org\/portail\/#\/schema\/logo\/image\/","url":"https:\/\/asso.graie.org\/portail\/wp-content\/uploads\/2021\/12\/Logotype-Graie.png","contentUrl":"https:\/\/asso.graie.org\/portail\/wp-content\/uploads\/2021\/12\/Logotype-Graie.png","width":1890,"height":1181,"caption":"Le Graie"},"image":{"@id":"https:\/\/asso.graie.org\/portail\/#\/schema\/logo\/image\/"},"sameAs":["https:\/\/fr.linkedin.com\/company\/graie?trk=top_nav_home","https:\/\/www.youtube.com\/channel\/UCZQk0Tt7upYwERYNdDIZqLQ","https:\/\/twitter.com\/asso_graie"]},{"@type":"Person","@id":"https:\/\/asso.graie.org\/portail\/#\/schema\/person\/486e14d091ff09d12f2b31bad560eb4f","name":"Maureen Carpentier","url":"https:\/\/asso.graie.org\/portail\/author\/juliettecasanova\/"}]}},"_links":{"self":[{"href":"https:\/\/asso.graie.org\/portail\/wp-json\/wp\/v2\/posts\/19381"}],"collection":[{"href":"https:\/\/asso.graie.org\/portail\/wp-json\/wp\/v2\/posts"}],"about":[{"href":"https:\/\/asso.graie.org\/portail\/wp-json\/wp\/v2\/types\/post"}],"author":[{"embeddable":true,"href":"https:\/\/asso.graie.org\/portail\/wp-json\/wp\/v2\/users\/16"}],"replies":[{"embeddable":true,"href":"https:\/\/asso.graie.org\/portail\/wp-json\/wp\/v2\/comments?post=19381"}],"version-history":[{"count":17,"href":"https:\/\/asso.graie.org\/portail\/wp-json\/wp\/v2\/posts\/19381\/revisions"}],"predecessor-version":[{"id":24348,"href":"https:\/\/asso.graie.org\/portail\/wp-json\/wp\/v2\/posts\/19381\/revisions\/24348"}],"wp:featuredmedia":[{"embeddable":true,"href":"https:\/\/asso.graie.org\/portail\/wp-json\/wp\/v2\/media\/19382"}],"wp:attachment":[{"href":"https:\/\/asso.graie.org\/portail\/wp-json\/wp\/v2\/media?parent=19381"}],"wp:term":[{"taxonomy":"category","embeddable":true,"href":"https:\/\/asso.graie.org\/portail\/wp-json\/wp\/v2\/categories?post=19381"},{"taxonomy":"post_tag","embeddable":true,"href":"https:\/\/asso.graie.org\/portail\/wp-json\/wp\/v2\/tags?post=19381"}],"curies":[{"name":"wp","href":"https:\/\/api.w.org\/{rel}","templated":true}]}}