{"id":19393,"date":"2021-12-07T11:52:31","date_gmt":"2021-12-07T10:52:31","guid":{"rendered":"https:\/\/asso.graie.org\/portail\/?p=19393"},"modified":"2021-12-21T09:12:33","modified_gmt":"2021-12-21T08:12:33","slug":"webinaire-agebio-genie-ecologique","status":"publish","type":"post","link":"https:\/\/asso.graie.org\/portail\/webinaire-agebio-genie-ecologique\/","title":{"rendered":"Webinaire #02 AG\u00e9Bio | V\u00e9g\u00e9taux et g\u00e9nie \u00e9cologique"},"content":{"rendered":"<p><img decoding=\"async\" loading=\"lazy\" class=\"wp-image-19394 size-full aligncenter\" src=\"https:\/\/asso.graie.org\/portail\/wp-content\/uploads\/2021\/12\/logo-agebio.png\" alt=\"\" width=\"213\" height=\"104\" \/><\/p>\n<h3 style=\"text-align: center;\">L&rsquo;AG\u00e9Bio organise son deuxi\u00e8me s\u00e9minaire sur le th\u00e8me du g\u00e9nie v\u00e9g\u00e9tal.<\/h3>\n<h3 style=\"text-align: center;\">Le choix des v\u00e9g\u00e9taux dans les projets de g\u00e9nie \u00e9cologique : quels int\u00e9r\u00eats ?<\/h3>\n<p>&nbsp;<\/p>\n<p style=\"text-align: center;\"><a href=\"\" class=\"shortc-button medium blue \"><span class=\"fa \" aria-hidden=\"true\"><\/span> Inscriptions \u00e0 venir<\/a>\n<p>&nbsp;<\/p>\n<p>&nbsp;<\/p>\n<h3><strong>Au programme<br \/>\n<\/strong><\/h3>\n<p><strong>Retrouvez Ghislain HUYGHE, ing\u00e9nieur d&rsquo;\u00e9tudes et repr\u00e9sentant de l&rsquo;AG\u00e9Bio au comit\u00e9 de marque V\u00e9g\u00e9tal Local, \u00a0pour \u00e9changer et d\u00e9battre sur l&rsquo;int\u00e9r\u00eat du choix des v\u00e9g\u00e9taux dans les projets de g\u00e9nie \u00e9cologique.<\/strong><\/p>\n<p>&nbsp;<\/p>\n<p><em>Le nombre de projets de g\u00e9nie \u00e9cologique et de g\u00e9nie v\u00e9g\u00e9tal est en constante augmentation, tout comme la demande en v\u00e9g\u00e9taux. Se pose donc naturellement la question du choix des v\u00e9g\u00e9taux. Faut-il v\u00e9g\u00e9taliser ? Quels v\u00e9g\u00e9taux pour quels objectifs ? Utiliser des listes de plantes et m\u00e9langes \u00ab passe-partout \u00bb ou des listes et m\u00e9langes uniques ? Quel int\u00e9r\u00eat de l\u2019indig\u00e9nat et du local ? Autant de questions qu\u2019il est important de se poser au pr\u00e9alable \u00e0 tout projet et auxquelles nous tenterons de r\u00e9pondre lors de ce webinaire.<\/em><\/p>\n<p>&nbsp;<\/p>\n<h3><strong>Date<br \/>\n<\/strong><\/h3>\n<p>Mardi 18 janvier 2022 de 18h \u00e0 19h30<\/p>\n<p>&nbsp;<\/p>\n<h3><strong>Public<\/strong><\/h3>\n<p>Ce webinaire est ouvert \u00e0 tous sur inscriptions.<\/p>\n<p><strong>Inscriptions gratuites mais obligatoires.<\/strong><\/p>\n<p>&nbsp;<\/p>\n<p><strong>&gt; Plus d&rsquo;informations et inscriptions prochainement sur le <a href=\"https:\/\/www.agebio.org\/\">site de l&rsquo;AG\u00e9Bio<\/a>.<\/strong><\/p>\n<p>&nbsp;<\/p>\n<p>&nbsp;<\/p>\n","protected":false},"excerpt":{"rendered":"<p>L&rsquo;AG\u00e9Bio organise son deuxi\u00e8me s\u00e9minaire sur le th\u00e8me du g\u00e9nie v\u00e9g\u00e9tal. Le choix des v\u00e9g\u00e9taux dans les projets de g\u00e9nie \u00e9cologique : quels int\u00e9r\u00eats ? &nbsp; &nbsp; &nbsp; Au programme Retrouvez Ghislain HUYGHE, ing\u00e9nieur d&rsquo;\u00e9tudes et repr\u00e9sentant de l&rsquo;AG\u00e9Bio au &hellip;<\/p>\n","protected":false},"author":16,"featured_media":19394,"comment_status":"closed","ping_status":"closed","sticky":false,"template":"","format":"standard","meta":{"_mi_skip_tracking":false,"footnotes":""},"categories":[27,28],"tags":[1639,1704,1706,1705,1707,1616],"acf":[],"yoast_head":"<!-- This site is optimized with the Yoast SEO plugin v19.13 - https:\/\/yoast.com\/wordpress\/plugins\/seo\/ -->\n<title>Webinaire AG\u00e9Bio | Actualit\u00e9s partenaires | Le Graie<\/title>\n<meta name=\"description\" content=\"L&#039;AG\u00e9Bio organise son 2\u00e8me s\u00e9minaire sur le th\u00e8me du g\u00e9nie v\u00e9g\u00e9tal. Le choix des v\u00e9g\u00e9taux dans les projets de g\u00e9nie \u00e9cologique : quels int\u00e9r\u00eats ?\" \/>\n<meta name=\"robots\" content=\"index, follow, max-snippet:-1, max-image-preview:large, max-video-preview:-1\" \/>\n<link rel=\"canonical\" href=\"https:\/\/asso.graie.org\/portail\/webinaire-agebio-genie-ecologique\/\" \/>\n<meta property=\"og:locale\" content=\"fr_FR\" \/>\n<meta property=\"og:type\" content=\"article\" \/>\n<meta property=\"og:title\" content=\"Webinaire AG\u00e9Bio | Actualit\u00e9s partenaires | Le Graie\" \/>\n<meta property=\"og:description\" content=\"L&#039;AG\u00e9Bio organise son 2\u00e8me s\u00e9minaire sur le th\u00e8me du g\u00e9nie v\u00e9g\u00e9tal. Le choix des v\u00e9g\u00e9taux dans les projets de g\u00e9nie \u00e9cologique : quels int\u00e9r\u00eats ?\" \/>\n<meta property=\"og:url\" content=\"https:\/\/asso.graie.org\/portail\/webinaire-agebio-genie-ecologique\/\" \/>\n<meta property=\"og:site_name\" content=\"Graie\" \/>\n<meta property=\"article:published_time\" content=\"2021-12-07T10:52:31+00:00\" \/>\n<meta property=\"article:modified_time\" content=\"2021-12-21T08:12:33+00:00\" \/>\n<meta property=\"og:image\" content=\"https:\/\/asso.graie.org\/portail\/wp-content\/uploads\/2021\/12\/logo-agebio.png\" \/>\n\t<meta property=\"og:image:width\" content=\"213\" \/>\n\t<meta property=\"og:image:height\" content=\"104\" \/>\n\t<meta property=\"og:image:type\" content=\"image\/png\" \/>\n<meta name=\"author\" content=\"Maureen Carpentier\" \/>\n<meta name=\"twitter:card\" content=\"summary_large_image\" \/>\n<meta name=\"twitter:creator\" content=\"@asso_graie\" \/>\n<meta name=\"twitter:site\" content=\"@asso_graie\" \/>\n<meta name=\"twitter:label1\" content=\"\u00c9crit par\" \/>\n\t<meta name=\"twitter:data1\" content=\"Maureen Carpentier\" \/>\n\t<meta name=\"twitter:label2\" content=\"Dur\u00e9e de lecture estim\u00e9e\" \/>\n\t<meta name=\"twitter:data2\" content=\"1 minute\" \/>\n<script type=\"application\/ld+json\" class=\"yoast-schema-graph\">{\"@context\":\"https:\/\/schema.org\",\"@graph\":[{\"@type\":\"Article\",\"@id\":\"https:\/\/asso.graie.org\/portail\/webinaire-agebio-genie-ecologique\/#article\",\"isPartOf\":{\"@id\":\"https:\/\/asso.graie.org\/portail\/webinaire-agebio-genie-ecologique\/\"},\"author\":{\"name\":\"Maureen Carpentier\",\"@id\":\"https:\/\/asso.graie.org\/portail\/#\/schema\/person\/486e14d091ff09d12f2b31bad560eb4f\"},\"headline\":\"Webinaire #02 AG\u00e9Bio | V\u00e9g\u00e9taux et g\u00e9nie \u00e9cologique\",\"datePublished\":\"2021-12-07T10:52:31+00:00\",\"dateModified\":\"2021-12-21T08:12:33+00:00\",\"mainEntityOfPage\":{\"@id\":\"https:\/\/asso.graie.org\/portail\/webinaire-agebio-genie-ecologique\/\"},\"wordCount\":246,\"publisher\":{\"@id\":\"https:\/\/asso.graie.org\/portail\/#organization\"},\"keywords\":[\"actualit\u00e9 partenaire\",\"AG\u00e9Bio\",\"g\u00e9nie \u00e9cologique\",\"g\u00e9nie v\u00e9g\u00e9tal\",\"v\u00e9g\u00e9taux\",\"webinaire\"],\"articleSection\":[\"Actualit\u00e9s partenaires\",\"Toute l'actualit\u00e9\"],\"inLanguage\":\"fr-FR\"},{\"@type\":\"WebPage\",\"@id\":\"https:\/\/asso.graie.org\/portail\/webinaire-agebio-genie-ecologique\/\",\"url\":\"https:\/\/asso.graie.org\/portail\/webinaire-agebio-genie-ecologique\/\",\"name\":\"Webinaire AG\u00e9Bio | Actualit\u00e9s partenaires | Le Graie\",\"isPartOf\":{\"@id\":\"https:\/\/asso.graie.org\/portail\/#website\"},\"datePublished\":\"2021-12-07T10:52:31+00:00\",\"dateModified\":\"2021-12-21T08:12:33+00:00\",\"description\":\"L'AG\u00e9Bio organise son 2\u00e8me s\u00e9minaire sur le th\u00e8me du g\u00e9nie v\u00e9g\u00e9tal. Le choix des v\u00e9g\u00e9taux dans les projets de g\u00e9nie \u00e9cologique : quels int\u00e9r\u00eats ?\",\"breadcrumb\":{\"@id\":\"https:\/\/asso.graie.org\/portail\/webinaire-agebio-genie-ecologique\/#breadcrumb\"},\"inLanguage\":\"fr-FR\",\"potentialAction\":[{\"@type\":\"ReadAction\",\"target\":[\"https:\/\/asso.graie.org\/portail\/webinaire-agebio-genie-ecologique\/\"]}]},{\"@type\":\"BreadcrumbList\",\"@id\":\"https:\/\/asso.graie.org\/portail\/webinaire-agebio-genie-ecologique\/#breadcrumb\",\"itemListElement\":[{\"@type\":\"ListItem\",\"position\":1,\"name\":\"Accueil\",\"item\":\"https:\/\/asso.graie.org\/portail\/\"},{\"@type\":\"ListItem\",\"position\":2,\"name\":\"Webinaire #02 AG\u00e9Bio | V\u00e9g\u00e9taux et g\u00e9nie \u00e9cologique\"}]},{\"@type\":\"WebSite\",\"@id\":\"https:\/\/asso.graie.org\/portail\/#website\",\"url\":\"https:\/\/asso.graie.org\/portail\/\",\"name\":\"Graie\",\"description\":\"P\u00f4le Eau et Territoires\",\"publisher\":{\"@id\":\"https:\/\/asso.graie.org\/portail\/#organization\"},\"potentialAction\":[{\"@type\":\"SearchAction\",\"target\":{\"@type\":\"EntryPoint\",\"urlTemplate\":\"https:\/\/asso.graie.org\/portail\/?s={search_term_string}\"},\"query-input\":\"required name=search_term_string\"}],\"inLanguage\":\"fr-FR\"},{\"@type\":\"Organization\",\"@id\":\"https:\/\/asso.graie.org\/portail\/#organization\",\"name\":\"Le Graie\",\"url\":\"https:\/\/asso.graie.org\/portail\/\",\"logo\":{\"@type\":\"ImageObject\",\"inLanguage\":\"fr-FR\",\"@id\":\"https:\/\/asso.graie.org\/portail\/#\/schema\/logo\/image\/\",\"url\":\"https:\/\/asso.graie.org\/portail\/wp-content\/uploads\/2021\/12\/Logotype-Graie.png\",\"contentUrl\":\"https:\/\/asso.graie.org\/portail\/wp-content\/uploads\/2021\/12\/Logotype-Graie.png\",\"width\":1890,\"height\":1181,\"caption\":\"Le Graie\"},\"image\":{\"@id\":\"https:\/\/asso.graie.org\/portail\/#\/schema\/logo\/image\/\"},\"sameAs\":[\"https:\/\/fr.linkedin.com\/company\/graie?trk=top_nav_home\",\"https:\/\/www.youtube.com\/channel\/UCZQk0Tt7upYwERYNdDIZqLQ\",\"https:\/\/twitter.com\/asso_graie\"]},{\"@type\":\"Person\",\"@id\":\"https:\/\/asso.graie.org\/portail\/#\/schema\/person\/486e14d091ff09d12f2b31bad560eb4f\",\"name\":\"Maureen Carpentier\",\"url\":\"https:\/\/asso.graie.org\/portail\/author\/juliettecasanova\/\"}]}<\/script>\n<!-- \/ Yoast SEO plugin. -->","yoast_head_json":{"title":"Webinaire AG\u00e9Bio | Actualit\u00e9s partenaires | Le Graie","description":"L'AG\u00e9Bio organise son 2\u00e8me s\u00e9minaire sur le th\u00e8me du g\u00e9nie v\u00e9g\u00e9tal. Le choix des v\u00e9g\u00e9taux dans les projets de g\u00e9nie \u00e9cologique : quels int\u00e9r\u00eats ?","robots":{"index":"index","follow":"follow","max-snippet":"max-snippet:-1","max-image-preview":"max-image-preview:large","max-video-preview":"max-video-preview:-1"},"canonical":"https:\/\/asso.graie.org\/portail\/webinaire-agebio-genie-ecologique\/","og_locale":"fr_FR","og_type":"article","og_title":"Webinaire AG\u00e9Bio | Actualit\u00e9s partenaires | Le Graie","og_description":"L'AG\u00e9Bio organise son 2\u00e8me s\u00e9minaire sur le th\u00e8me du g\u00e9nie v\u00e9g\u00e9tal. Le choix des v\u00e9g\u00e9taux dans les projets de g\u00e9nie \u00e9cologique : quels int\u00e9r\u00eats ?","og_url":"https:\/\/asso.graie.org\/portail\/webinaire-agebio-genie-ecologique\/","og_site_name":"Graie","article_published_time":"2021-12-07T10:52:31+00:00","article_modified_time":"2021-12-21T08:12:33+00:00","og_image":[{"width":213,"height":104,"url":"https:\/\/asso.graie.org\/portail\/wp-content\/uploads\/2021\/12\/logo-agebio.png","type":"image\/png"}],"author":"Maureen Carpentier","twitter_card":"summary_large_image","twitter_creator":"@asso_graie","twitter_site":"@asso_graie","twitter_misc":{"\u00c9crit par":"Maureen Carpentier","Dur\u00e9e de lecture estim\u00e9e":"1 minute"},"schema":{"@context":"https:\/\/schema.org","@graph":[{"@type":"Article","@id":"https:\/\/asso.graie.org\/portail\/webinaire-agebio-genie-ecologique\/#article","isPartOf":{"@id":"https:\/\/asso.graie.org\/portail\/webinaire-agebio-genie-ecologique\/"},"author":{"name":"Maureen Carpentier","@id":"https:\/\/asso.graie.org\/portail\/#\/schema\/person\/486e14d091ff09d12f2b31bad560eb4f"},"headline":"Webinaire #02 AG\u00e9Bio | V\u00e9g\u00e9taux et g\u00e9nie \u00e9cologique","datePublished":"2021-12-07T10:52:31+00:00","dateModified":"2021-12-21T08:12:33+00:00","mainEntityOfPage":{"@id":"https:\/\/asso.graie.org\/portail\/webinaire-agebio-genie-ecologique\/"},"wordCount":246,"publisher":{"@id":"https:\/\/asso.graie.org\/portail\/#organization"},"keywords":["actualit\u00e9 partenaire","AG\u00e9Bio","g\u00e9nie \u00e9cologique","g\u00e9nie v\u00e9g\u00e9tal","v\u00e9g\u00e9taux","webinaire"],"articleSection":["Actualit\u00e9s partenaires","Toute l'actualit\u00e9"],"inLanguage":"fr-FR"},{"@type":"WebPage","@id":"https:\/\/asso.graie.org\/portail\/webinaire-agebio-genie-ecologique\/","url":"https:\/\/asso.graie.org\/portail\/webinaire-agebio-genie-ecologique\/","name":"Webinaire AG\u00e9Bio | Actualit\u00e9s partenaires | Le Graie","isPartOf":{"@id":"https:\/\/asso.graie.org\/portail\/#website"},"datePublished":"2021-12-07T10:52:31+00:00","dateModified":"2021-12-21T08:12:33+00:00","description":"L'AG\u00e9Bio organise son 2\u00e8me s\u00e9minaire sur le th\u00e8me du g\u00e9nie v\u00e9g\u00e9tal. Le choix des v\u00e9g\u00e9taux dans les projets de g\u00e9nie \u00e9cologique : quels int\u00e9r\u00eats ?","breadcrumb":{"@id":"https:\/\/asso.graie.org\/portail\/webinaire-agebio-genie-ecologique\/#breadcrumb"},"inLanguage":"fr-FR","potentialAction":[{"@type":"ReadAction","target":["https:\/\/asso.graie.org\/portail\/webinaire-agebio-genie-ecologique\/"]}]},{"@type":"BreadcrumbList","@id":"https:\/\/asso.graie.org\/portail\/webinaire-agebio-genie-ecologique\/#breadcrumb","itemListElement":[{"@type":"ListItem","position":1,"name":"Accueil","item":"https:\/\/asso.graie.org\/portail\/"},{"@type":"ListItem","position":2,"name":"Webinaire #02 AG\u00e9Bio | V\u00e9g\u00e9taux et g\u00e9nie \u00e9cologique"}]},{"@type":"WebSite","@id":"https:\/\/asso.graie.org\/portail\/#website","url":"https:\/\/asso.graie.org\/portail\/","name":"Graie","description":"P\u00f4le Eau et Territoires","publisher":{"@id":"https:\/\/asso.graie.org\/portail\/#organization"},"potentialAction":[{"@type":"SearchAction","target":{"@type":"EntryPoint","urlTemplate":"https:\/\/asso.graie.org\/portail\/?s={search_term_string}"},"query-input":"required name=search_term_string"}],"inLanguage":"fr-FR"},{"@type":"Organization","@id":"https:\/\/asso.graie.org\/portail\/#organization","name":"Le Graie","url":"https:\/\/asso.graie.org\/portail\/","logo":{"@type":"ImageObject","inLanguage":"fr-FR","@id":"https:\/\/asso.graie.org\/portail\/#\/schema\/logo\/image\/","url":"https:\/\/asso.graie.org\/portail\/wp-content\/uploads\/2021\/12\/Logotype-Graie.png","contentUrl":"https:\/\/asso.graie.org\/portail\/wp-content\/uploads\/2021\/12\/Logotype-Graie.png","width":1890,"height":1181,"caption":"Le Graie"},"image":{"@id":"https:\/\/asso.graie.org\/portail\/#\/schema\/logo\/image\/"},"sameAs":["https:\/\/fr.linkedin.com\/company\/graie?trk=top_nav_home","https:\/\/www.youtube.com\/channel\/UCZQk0Tt7upYwERYNdDIZqLQ","https:\/\/twitter.com\/asso_graie"]},{"@type":"Person","@id":"https:\/\/asso.graie.org\/portail\/#\/schema\/person\/486e14d091ff09d12f2b31bad560eb4f","name":"Maureen Carpentier","url":"https:\/\/asso.graie.org\/portail\/author\/juliettecasanova\/"}]}},"_links":{"self":[{"href":"https:\/\/asso.graie.org\/portail\/wp-json\/wp\/v2\/posts\/19393"}],"collection":[{"href":"https:\/\/asso.graie.org\/portail\/wp-json\/wp\/v2\/posts"}],"about":[{"href":"https:\/\/asso.graie.org\/portail\/wp-json\/wp\/v2\/types\/post"}],"author":[{"embeddable":true,"href":"https:\/\/asso.graie.org\/portail\/wp-json\/wp\/v2\/users\/16"}],"replies":[{"embeddable":true,"href":"https:\/\/asso.graie.org\/portail\/wp-json\/wp\/v2\/comments?post=19393"}],"version-history":[{"count":5,"href":"https:\/\/asso.graie.org\/portail\/wp-json\/wp\/v2\/posts\/19393\/revisions"}],"predecessor-version":[{"id":19399,"href":"https:\/\/asso.graie.org\/portail\/wp-json\/wp\/v2\/posts\/19393\/revisions\/19399"}],"wp:featuredmedia":[{"embeddable":true,"href":"https:\/\/asso.graie.org\/portail\/wp-json\/wp\/v2\/media\/19394"}],"wp:attachment":[{"href":"https:\/\/asso.graie.org\/portail\/wp-json\/wp\/v2\/media?parent=19393"}],"wp:term":[{"taxonomy":"category","embeddable":true,"href":"https:\/\/asso.graie.org\/portail\/wp-json\/wp\/v2\/categories?post=19393"},{"taxonomy":"post_tag","embeddable":true,"href":"https:\/\/asso.graie.org\/portail\/wp-json\/wp\/v2\/tags?post=19393"}],"curies":[{"name":"wp","href":"https:\/\/api.w.org\/{rel}","templated":true}]}}