{"id":19444,"date":"2022-09-07T02:40:26","date_gmt":"2022-09-07T00:40:26","guid":{"rendered":"https:\/\/asso.graie.org\/portail\/?p=19444"},"modified":"2025-12-08T09:17:54","modified_gmt":"2025-12-08T08:17:54","slug":"journee-dechanges-autosurveillance-des-systemes-dassainissement-2022","status":"publish","type":"post","link":"https:\/\/asso.graie.org\/portail\/journee-dechanges-autosurveillance-des-systemes-dassainissement-2022\/","title":{"rendered":"Journ\u00e9e d&rsquo;\u00e9changes | Autosurveillance des syst\u00e8mes d&rsquo;assainissement"},"content":{"rendered":"\n<h2 class=\"wp-block-heading\">&nbsp;<\/h2>\n\n\n\n<h2 class=\"wp-block-heading\"><strong>\u00ab\u00a0Diagnostic permanent | \u00e9volution du contexte r\u00e8glementaire &amp; climatique &#8211; s&rsquo;adapter, innover\u00a0\u00bb<\/strong><\/h2>\n\n\n\n<h1 class=\"wp-block-heading has-text-align-center\"><br><strong><a href=\"https:\/\/www.graie.org\/graie\/graiedoc\/doc_telech\/GRAIE-ActesJTauto2022-web3.pdf\" class=\"shortc-button medium blue \"><span class=\"fa \" aria-hidden=\"true\"><\/span> SUPPORTS D&rsquo;INTERVENTION<\/a><\/strong> <strong><a href=\"https:\/\/www.graie.org\/graie\/graiedoc\/doc_telech\/GRAIE-Auto2022-programme-13ovt22-web2.pdf\" class=\"shortc-button medium blue \"><span class=\"fa \" aria-hidden=\"true\"><\/span> PROGRAMME<\/a><\/strong><\/h1>\n\n\n\n<h1 class=\"wp-block-heading\"><br>L&rsquo;autosurveillance des r\u00e9seaux et plus g\u00e9n\u00e9ralement des syst\u00e8mes d&rsquo;assainissement<\/h1>\n\n\n\n<p><strong>Depuis 1991, la Directive europ\u00e9enne sur le traitement des Eaux R\u00e9siduaires Urbaines (ERU) a institu\u00e9 le principe de \u00ab\u00a0<em>surveillance des syst\u00e8mes de collecte des eaux us\u00e9es et des stations d\u2019\u00e9puration en vue d\u2019en maintenir et d\u2019en v\u00e9rifier l\u2019efficacit\u00e9<\/em>\u00a0\u00bb par les collectivit\u00e9s.<\/strong><\/p>\n\n\n\n<p>En 2015 et suite \u00e0 la r\u00e9vision d\u2019octobre 2020, la r\u00e9glementation fran\u00e7aise a mis fortement en lumi\u00e8re l\u2019autosurveillance r\u00e9seaux et le diagnostic permanent, dans une approche int\u00e9gr\u00e9e du syst\u00e8me d\u2019assainissement. Au-del\u00e0 du caract\u00e8re r\u00e9glementaire obligatoire, il s\u2019agit de r\u00e9els outils pour les collectivit\u00e9s de toutes tailles afin de conna\u00eetre et d\u2019optimiser la gestion de leurs syst\u00e8mes d\u2019assainissement.<\/p>\n\n\n\n<p>La mise en place, la p\u00e9rennisation, l\u2019\u00e9volution de l\u2019autosurveillance et du diagnostic permanent soul\u00e8vent de nombreuses questions et n\u00e9cessitent de la part des exploitants des choix strat\u00e9giques, m\u00e9thodologiques, techniques et financiers : l\u2019\u00e9change et la mutualisation d\u2019exp\u00e9riences et des modes de faire sont, selon nous, des \u00e9l\u00e9ments pr\u00e9cieux pour chacun.<\/p>\n\n\n\n<p><strong>Ainsi, le GRAIE anime un r\u00e9seau r\u00e9gional d\u2019\u00e9changes et une rencontre annuelle \u00e9largie.<\/strong><\/p>\n\n\n\n<h1 class=\"wp-block-heading\"><br>Au programme : <\/h1>\n\n\n\n<p>Cette 17e journ\u00e9e, sera l\u2019occasion de restituer les travaux du groupe r\u00e9gional, de faire un \u00e9clairage r\u00e9glementaire sur les \u00e9volutions \u00e0 venir et la situation actuelle, de pr\u00e9senter les strat\u00e9gies et d\u00e9marches retenues par diff\u00e9rentes collectivit\u00e9s et de mobiliser des experts en m\u00e9trologie et hydrologie urbaine.<br>Le programme m\u00ealera ainsi des expos\u00e9s de cadrage, des expos\u00e9s techniques\/didactiques, des retours d\u2019exp\u00e9riences fran\u00e7ais et de nombreux temps d\u2019\u00e9changes, au cours desquels nous comptons sur les interventions du public !<br><br><\/p>\n\n\n\n<p><strong>\u25b6 Les TH\u00c8MES<\/strong><span style=\"color: #3a2d87;\"> : Conformit\u00e9 r\u00e9glementaire, \u00e9tudes inter-agences , boites \u00e0 outils m\u00e9trologiques \u00e0 disposition de tous, des retours d&rsquo;exp\u00e9riences de diagnostics permanents \u00ab\u00a0Diff\u00e9rents \u00a0\u00bb , et enfin une r\u00e9flexion plus prospective sur le changement climatique et l&rsquo;autosurveillance &#8211; impacts \/ constat \/ scenari<\/span>os.<br><br><\/p>\n\n\n\n<p><span style=\"color: #3a2d87;\"><\/span><\/p>\n\n\n\n<p><\/p>\n\n\n\n<p><strong>\u25b6 L&rsquo;exposition PHOTOS<\/strong> :<\/p>\n\n\n\n<figure class=\"wp-block-image is-resized\"><img decoding=\"async\" loading=\"lazy\" width=\"1024\" height=\"512\" src=\"https:\/\/asso.graie.org\/portail\/wp-content\/uploads\/2022\/09\/Copie-de-Copie-de-appel-a-contribitions-photos.png\" alt=\"\" class=\"wp-image-21537\" style=\"width:557px;height:279px\" srcset=\"https:\/\/asso.graie.org\/portail\/wp-content\/uploads\/2022\/09\/Copie-de-Copie-de-appel-a-contribitions-photos.png 1024w, https:\/\/asso.graie.org\/portail\/wp-content\/uploads\/2022\/09\/Copie-de-Copie-de-appel-a-contribitions-photos-300x150.png 300w, https:\/\/asso.graie.org\/portail\/wp-content\/uploads\/2022\/09\/Copie-de-Copie-de-appel-a-contribitions-photos-768x384.png 768w\" sizes=\"(max-width: 1024px) 100vw, 1024px\" \/><\/figure>\n\n\n\n<p>Les photos peuvent \u00eatre transmises par \u00e9mail ou directement via de formulaire d&rsquo;inscription \u00e0 la journ\u00e9e.<\/p>\n\n\n\n<p><\/p>\n\n\n\n<h1 class=\"wp-block-heading\"><br>Public<\/h1>\n\n\n\n<p><strong>Cette journ\u00e9e ouverte aux collectivit\u00e9s et professionnels <\/strong>engag\u00e9s dans ces d\u00e9marches devant conna\u00eetre, mettre en place et optimiser la gestion de leurs syst\u00e8mes d&rsquo;assainissement. Il sera l\u2019occasion, gr\u00e2ce aux \u00e9changes et aux retours d&rsquo;exp\u00e9rience, de faire un point sur les \u00e9volutions r\u00e9glementaires, des outils m\u00e9trologiques et sur plusieurs retours d&rsquo;exp\u00e9riences susceptibles d\u2019enrichir le diagnostic permanent de vos syst\u00e8mes.<br><br><br><\/p>\n\n\n\n<h1 class=\"wp-block-heading\"><br>Partenaires :<\/h1>\n\n\n\n<figure class=\"wp-block-image size-full\"><img decoding=\"async\" loading=\"lazy\" width=\"715\" height=\"193\" src=\"https:\/\/asso.graie.org\/portail\/wp-content\/uploads\/2022\/09\/Capture-decran-2022-09-22-084942.jpg\" alt=\"partenaires\" class=\"wp-image-21565\" srcset=\"https:\/\/asso.graie.org\/portail\/wp-content\/uploads\/2022\/09\/Capture-decran-2022-09-22-084942.jpg 715w, https:\/\/asso.graie.org\/portail\/wp-content\/uploads\/2022\/09\/Capture-decran-2022-09-22-084942-300x81.jpg 300w\" sizes=\"(max-width: 715px) 100vw, 715px\" \/><\/figure>\n\n\n\n<h1 class=\"wp-block-heading\"><br>Plus d&rsquo;informations:<\/h1>\n\n\n\n<p>Prenez contact avec <a class=\"lightbox-enabled\" title=\"\" href=\"https:\/\/asso.graie.org\/portail\/laetitia-bacot\/\">La\u00ebtitia BACOT<\/a><\/p>\n","protected":false},"excerpt":{"rendered":"<p>&nbsp; \u00ab\u00a0Diagnostic permanent | \u00e9volution du contexte r\u00e8glementaire &amp; climatique &#8211; s&rsquo;adapter, innover\u00a0\u00bb L&rsquo;autosurveillance des r\u00e9seaux et plus g\u00e9n\u00e9ralement des syst\u00e8mes d&rsquo;assainissement Depuis 1991, la Directive europ\u00e9enne sur le traitement des Eaux R\u00e9siduaires Urbaines (ERU) a institu\u00e9 le principe de &hellip;<\/p>\n","protected":false},"author":9,"featured_media":17583,"comment_status":"closed","ping_status":"closed","sticky":false,"template":"","format":"standard","meta":{"_mi_skip_tracking":false,"footnotes":""},"categories":[24,78,38,577,589,29,28],"tags":[84,184],"acf":[],"yoast_head":"<!-- This site is optimized with the Yoast SEO plugin v19.13 - https:\/\/yoast.com\/wordpress\/plugins\/seo\/ -->\n<title>Journ\u00e9e d&#039;\u00e9changes | Autosurveillance des syst\u00e8mes d&#039;assainissement | Graie<\/title>\n<meta name=\"description\" content=\"La journ\u00e9e d&#039;\u00e9changes sur l&#039;autosurveillance des syst\u00e8mes d&#039;assainissement a eu lieu le 13 octobre 2022 en visio-conf\u00e9rence.\" \/>\n<meta name=\"robots\" content=\"index, follow, max-snippet:-1, max-image-preview:large, max-video-preview:-1\" \/>\n<link rel=\"canonical\" href=\"https:\/\/asso.graie.org\/portail\/journee-dechanges-autosurveillance-des-systemes-dassainissement-2022\/\" \/>\n<meta property=\"og:locale\" content=\"fr_FR\" \/>\n<meta property=\"og:type\" content=\"article\" \/>\n<meta property=\"og:title\" content=\"Journ\u00e9e d&#039;\u00e9changes | Autosurveillance des syst\u00e8mes d&#039;assainissement | Graie\" \/>\n<meta property=\"og:description\" content=\"La journ\u00e9e d&#039;\u00e9changes sur l&#039;autosurveillance des syst\u00e8mes d&#039;assainissement a eu lieu le 13 octobre 2022 en visio-conf\u00e9rence.\" \/>\n<meta property=\"og:url\" content=\"https:\/\/asso.graie.org\/portail\/journee-dechanges-autosurveillance-des-systemes-dassainissement-2022\/\" \/>\n<meta property=\"og:site_name\" content=\"Graie\" \/>\n<meta property=\"article:published_time\" content=\"2022-09-07T00:40:26+00:00\" \/>\n<meta property=\"article:modified_time\" content=\"2025-12-08T08:17:54+00:00\" \/>\n<meta property=\"og:image\" content=\"https:\/\/asso.graie.org\/portail\/wp-content\/uploads\/2021\/06\/webautograie.jpg\" \/>\n\t<meta property=\"og:image:width\" content=\"1587\" \/>\n\t<meta property=\"og:image:height\" content=\"359\" \/>\n\t<meta property=\"og:image:type\" content=\"image\/jpeg\" \/>\n<meta name=\"author\" content=\"Laetitia Bacot\" \/>\n<meta name=\"twitter:card\" content=\"summary_large_image\" \/>\n<meta name=\"twitter:creator\" content=\"@asso_graie\" \/>\n<meta name=\"twitter:site\" content=\"@asso_graie\" \/>\n<meta name=\"twitter:label1\" content=\"\u00c9crit par\" \/>\n\t<meta name=\"twitter:data1\" content=\"Laetitia Bacot\" \/>\n\t<meta name=\"twitter:label2\" content=\"Dur\u00e9e de lecture estim\u00e9e\" \/>\n\t<meta name=\"twitter:data2\" content=\"3 minutes\" \/>\n<script type=\"application\/ld+json\" class=\"yoast-schema-graph\">{\"@context\":\"https:\/\/schema.org\",\"@graph\":[{\"@type\":\"Article\",\"@id\":\"https:\/\/asso.graie.org\/portail\/journee-dechanges-autosurveillance-des-systemes-dassainissement-2022\/#article\",\"isPartOf\":{\"@id\":\"https:\/\/asso.graie.org\/portail\/journee-dechanges-autosurveillance-des-systemes-dassainissement-2022\/\"},\"author\":{\"name\":\"Laetitia Bacot\",\"@id\":\"https:\/\/asso.graie.org\/portail\/#\/schema\/person\/32d8e579e7571258fa5a8d6575f1da6b\"},\"headline\":\"Journ\u00e9e d&rsquo;\u00e9changes | Autosurveillance des syst\u00e8mes d&rsquo;assainissement\",\"datePublished\":\"2022-09-07T00:40:26+00:00\",\"dateModified\":\"2025-12-08T08:17:54+00:00\",\"mainEntityOfPage\":{\"@id\":\"https:\/\/asso.graie.org\/portail\/journee-dechanges-autosurveillance-des-systemes-dassainissement-2022\/\"},\"wordCount\":523,\"publisher\":{\"@id\":\"https:\/\/asso.graie.org\/portail\/#organization\"},\"keywords\":[\"assainissement\",\"autosurveillance\"],\"articleSection\":[\"Actu Graie\",\"Assainissement\",\"Autosurveillance\",\"Autosurveillance\",\"Historique Agenda\",\"Productions\",\"Toute l'actualit\u00e9\"],\"inLanguage\":\"fr-FR\"},{\"@type\":\"WebPage\",\"@id\":\"https:\/\/asso.graie.org\/portail\/journee-dechanges-autosurveillance-des-systemes-dassainissement-2022\/\",\"url\":\"https:\/\/asso.graie.org\/portail\/journee-dechanges-autosurveillance-des-systemes-dassainissement-2022\/\",\"name\":\"Journ\u00e9e d'\u00e9changes | Autosurveillance des syst\u00e8mes d'assainissement | Graie\",\"isPartOf\":{\"@id\":\"https:\/\/asso.graie.org\/portail\/#website\"},\"datePublished\":\"2022-09-07T00:40:26+00:00\",\"dateModified\":\"2025-12-08T08:17:54+00:00\",\"description\":\"La journ\u00e9e d'\u00e9changes sur l'autosurveillance des syst\u00e8mes d'assainissement a eu lieu le 13 octobre 2022 en visio-conf\u00e9rence.\",\"breadcrumb\":{\"@id\":\"https:\/\/asso.graie.org\/portail\/journee-dechanges-autosurveillance-des-systemes-dassainissement-2022\/#breadcrumb\"},\"inLanguage\":\"fr-FR\",\"potentialAction\":[{\"@type\":\"ReadAction\",\"target\":[\"https:\/\/asso.graie.org\/portail\/journee-dechanges-autosurveillance-des-systemes-dassainissement-2022\/\"]}]},{\"@type\":\"BreadcrumbList\",\"@id\":\"https:\/\/asso.graie.org\/portail\/journee-dechanges-autosurveillance-des-systemes-dassainissement-2022\/#breadcrumb\",\"itemListElement\":[{\"@type\":\"ListItem\",\"position\":1,\"name\":\"Accueil\",\"item\":\"https:\/\/asso.graie.org\/portail\/\"},{\"@type\":\"ListItem\",\"position\":2,\"name\":\"Journ\u00e9e d&rsquo;\u00e9changes | Autosurveillance des syst\u00e8mes d&rsquo;assainissement\"}]},{\"@type\":\"WebSite\",\"@id\":\"https:\/\/asso.graie.org\/portail\/#website\",\"url\":\"https:\/\/asso.graie.org\/portail\/\",\"name\":\"Graie\",\"description\":\"P\u00f4le Eau et Territoires\",\"publisher\":{\"@id\":\"https:\/\/asso.graie.org\/portail\/#organization\"},\"potentialAction\":[{\"@type\":\"SearchAction\",\"target\":{\"@type\":\"EntryPoint\",\"urlTemplate\":\"https:\/\/asso.graie.org\/portail\/?s={search_term_string}\"},\"query-input\":\"required name=search_term_string\"}],\"inLanguage\":\"fr-FR\"},{\"@type\":\"Organization\",\"@id\":\"https:\/\/asso.graie.org\/portail\/#organization\",\"name\":\"Le Graie\",\"url\":\"https:\/\/asso.graie.org\/portail\/\",\"logo\":{\"@type\":\"ImageObject\",\"inLanguage\":\"fr-FR\",\"@id\":\"https:\/\/asso.graie.org\/portail\/#\/schema\/logo\/image\/\",\"url\":\"https:\/\/asso.graie.org\/portail\/wp-content\/uploads\/2021\/12\/Logotype-Graie.png\",\"contentUrl\":\"https:\/\/asso.graie.org\/portail\/wp-content\/uploads\/2021\/12\/Logotype-Graie.png\",\"width\":1890,\"height\":1181,\"caption\":\"Le Graie\"},\"image\":{\"@id\":\"https:\/\/asso.graie.org\/portail\/#\/schema\/logo\/image\/\"},\"sameAs\":[\"https:\/\/fr.linkedin.com\/company\/graie?trk=top_nav_home\",\"https:\/\/www.youtube.com\/channel\/UCZQk0Tt7upYwERYNdDIZqLQ\",\"https:\/\/twitter.com\/asso_graie\"]},{\"@type\":\"Person\",\"@id\":\"https:\/\/asso.graie.org\/portail\/#\/schema\/person\/32d8e579e7571258fa5a8d6575f1da6b\",\"name\":\"Laetitia Bacot\",\"url\":\"https:\/\/asso.graie.org\/portail\/author\/laetitiabacot\/\"}]}<\/script>\n<!-- \/ Yoast SEO plugin. -->","yoast_head_json":{"title":"Journ\u00e9e d'\u00e9changes | Autosurveillance des syst\u00e8mes d'assainissement | Graie","description":"La journ\u00e9e d'\u00e9changes sur l'autosurveillance des syst\u00e8mes d'assainissement a eu lieu le 13 octobre 2022 en visio-conf\u00e9rence.","robots":{"index":"index","follow":"follow","max-snippet":"max-snippet:-1","max-image-preview":"max-image-preview:large","max-video-preview":"max-video-preview:-1"},"canonical":"https:\/\/asso.graie.org\/portail\/journee-dechanges-autosurveillance-des-systemes-dassainissement-2022\/","og_locale":"fr_FR","og_type":"article","og_title":"Journ\u00e9e d'\u00e9changes | Autosurveillance des syst\u00e8mes d'assainissement | Graie","og_description":"La journ\u00e9e d'\u00e9changes sur l'autosurveillance des syst\u00e8mes d'assainissement a eu lieu le 13 octobre 2022 en visio-conf\u00e9rence.","og_url":"https:\/\/asso.graie.org\/portail\/journee-dechanges-autosurveillance-des-systemes-dassainissement-2022\/","og_site_name":"Graie","article_published_time":"2022-09-07T00:40:26+00:00","article_modified_time":"2025-12-08T08:17:54+00:00","og_image":[{"width":1587,"height":359,"url":"https:\/\/asso.graie.org\/portail\/wp-content\/uploads\/2021\/06\/webautograie.jpg","type":"image\/jpeg"}],"author":"Laetitia Bacot","twitter_card":"summary_large_image","twitter_creator":"@asso_graie","twitter_site":"@asso_graie","twitter_misc":{"\u00c9crit par":"Laetitia Bacot","Dur\u00e9e de lecture estim\u00e9e":"3 minutes"},"schema":{"@context":"https:\/\/schema.org","@graph":[{"@type":"Article","@id":"https:\/\/asso.graie.org\/portail\/journee-dechanges-autosurveillance-des-systemes-dassainissement-2022\/#article","isPartOf":{"@id":"https:\/\/asso.graie.org\/portail\/journee-dechanges-autosurveillance-des-systemes-dassainissement-2022\/"},"author":{"name":"Laetitia Bacot","@id":"https:\/\/asso.graie.org\/portail\/#\/schema\/person\/32d8e579e7571258fa5a8d6575f1da6b"},"headline":"Journ\u00e9e d&rsquo;\u00e9changes | Autosurveillance des syst\u00e8mes d&rsquo;assainissement","datePublished":"2022-09-07T00:40:26+00:00","dateModified":"2025-12-08T08:17:54+00:00","mainEntityOfPage":{"@id":"https:\/\/asso.graie.org\/portail\/journee-dechanges-autosurveillance-des-systemes-dassainissement-2022\/"},"wordCount":523,"publisher":{"@id":"https:\/\/asso.graie.org\/portail\/#organization"},"keywords":["assainissement","autosurveillance"],"articleSection":["Actu Graie","Assainissement","Autosurveillance","Autosurveillance","Historique Agenda","Productions","Toute l'actualit\u00e9"],"inLanguage":"fr-FR"},{"@type":"WebPage","@id":"https:\/\/asso.graie.org\/portail\/journee-dechanges-autosurveillance-des-systemes-dassainissement-2022\/","url":"https:\/\/asso.graie.org\/portail\/journee-dechanges-autosurveillance-des-systemes-dassainissement-2022\/","name":"Journ\u00e9e d'\u00e9changes | Autosurveillance des syst\u00e8mes d'assainissement | Graie","isPartOf":{"@id":"https:\/\/asso.graie.org\/portail\/#website"},"datePublished":"2022-09-07T00:40:26+00:00","dateModified":"2025-12-08T08:17:54+00:00","description":"La journ\u00e9e d'\u00e9changes sur l'autosurveillance des syst\u00e8mes d'assainissement a eu lieu le 13 octobre 2022 en visio-conf\u00e9rence.","breadcrumb":{"@id":"https:\/\/asso.graie.org\/portail\/journee-dechanges-autosurveillance-des-systemes-dassainissement-2022\/#breadcrumb"},"inLanguage":"fr-FR","potentialAction":[{"@type":"ReadAction","target":["https:\/\/asso.graie.org\/portail\/journee-dechanges-autosurveillance-des-systemes-dassainissement-2022\/"]}]},{"@type":"BreadcrumbList","@id":"https:\/\/asso.graie.org\/portail\/journee-dechanges-autosurveillance-des-systemes-dassainissement-2022\/#breadcrumb","itemListElement":[{"@type":"ListItem","position":1,"name":"Accueil","item":"https:\/\/asso.graie.org\/portail\/"},{"@type":"ListItem","position":2,"name":"Journ\u00e9e d&rsquo;\u00e9changes | Autosurveillance des syst\u00e8mes d&rsquo;assainissement"}]},{"@type":"WebSite","@id":"https:\/\/asso.graie.org\/portail\/#website","url":"https:\/\/asso.graie.org\/portail\/","name":"Graie","description":"P\u00f4le Eau et Territoires","publisher":{"@id":"https:\/\/asso.graie.org\/portail\/#organization"},"potentialAction":[{"@type":"SearchAction","target":{"@type":"EntryPoint","urlTemplate":"https:\/\/asso.graie.org\/portail\/?s={search_term_string}"},"query-input":"required name=search_term_string"}],"inLanguage":"fr-FR"},{"@type":"Organization","@id":"https:\/\/asso.graie.org\/portail\/#organization","name":"Le Graie","url":"https:\/\/asso.graie.org\/portail\/","logo":{"@type":"ImageObject","inLanguage":"fr-FR","@id":"https:\/\/asso.graie.org\/portail\/#\/schema\/logo\/image\/","url":"https:\/\/asso.graie.org\/portail\/wp-content\/uploads\/2021\/12\/Logotype-Graie.png","contentUrl":"https:\/\/asso.graie.org\/portail\/wp-content\/uploads\/2021\/12\/Logotype-Graie.png","width":1890,"height":1181,"caption":"Le Graie"},"image":{"@id":"https:\/\/asso.graie.org\/portail\/#\/schema\/logo\/image\/"},"sameAs":["https:\/\/fr.linkedin.com\/company\/graie?trk=top_nav_home","https:\/\/www.youtube.com\/channel\/UCZQk0Tt7upYwERYNdDIZqLQ","https:\/\/twitter.com\/asso_graie"]},{"@type":"Person","@id":"https:\/\/asso.graie.org\/portail\/#\/schema\/person\/32d8e579e7571258fa5a8d6575f1da6b","name":"Laetitia Bacot","url":"https:\/\/asso.graie.org\/portail\/author\/laetitiabacot\/"}]}},"_links":{"self":[{"href":"https:\/\/asso.graie.org\/portail\/wp-json\/wp\/v2\/posts\/19444"}],"collection":[{"href":"https:\/\/asso.graie.org\/portail\/wp-json\/wp\/v2\/posts"}],"about":[{"href":"https:\/\/asso.graie.org\/portail\/wp-json\/wp\/v2\/types\/post"}],"author":[{"embeddable":true,"href":"https:\/\/asso.graie.org\/portail\/wp-json\/wp\/v2\/users\/9"}],"replies":[{"embeddable":true,"href":"https:\/\/asso.graie.org\/portail\/wp-json\/wp\/v2\/comments?post=19444"}],"version-history":[{"count":37,"href":"https:\/\/asso.graie.org\/portail\/wp-json\/wp\/v2\/posts\/19444\/revisions"}],"predecessor-version":[{"id":30180,"href":"https:\/\/asso.graie.org\/portail\/wp-json\/wp\/v2\/posts\/19444\/revisions\/30180"}],"wp:featuredmedia":[{"embeddable":true,"href":"https:\/\/asso.graie.org\/portail\/wp-json\/wp\/v2\/media\/17583"}],"wp:attachment":[{"href":"https:\/\/asso.graie.org\/portail\/wp-json\/wp\/v2\/media?parent=19444"}],"wp:term":[{"taxonomy":"category","embeddable":true,"href":"https:\/\/asso.graie.org\/portail\/wp-json\/wp\/v2\/categories?post=19444"},{"taxonomy":"post_tag","embeddable":true,"href":"https:\/\/asso.graie.org\/portail\/wp-json\/wp\/v2\/tags?post=19444"}],"curies":[{"name":"wp","href":"https:\/\/api.w.org\/{rel}","templated":true}]}}