{"id":19649,"date":"2022-02-01T15:31:54","date_gmt":"2022-02-01T14:31:54","guid":{"rendered":"https:\/\/asso.graie.org\/portail\/?p=19649"},"modified":"2022-02-01T16:56:52","modified_gmt":"2022-02-01T15:56:52","slug":"isrivers-2022-consultation-traiteur","status":"publish","type":"post","link":"https:\/\/asso.graie.org\/portail\/isrivers-2022-consultation-traiteur\/","title":{"rendered":"I.S.Rivers 2022 | La consultation pour l&rsquo;appel d&rsquo;offre traiteur est lanc\u00e9e !"},"content":{"rendered":"<h2>Le Graie ouvre un march\u00e9 \u00e0 proc\u00e9dure adapt\u00e9e pour une prestation de traiteur dans le cadre de la conf\u00e9rence I.S.Rivers 2022.<\/h2>\n<p>&nbsp;<\/p>\n<h3>Dans le cadre de cet \u00e9v\u00e8nement, le Graie est \u00e0 la recherche d&rsquo;un traiteur afin de fournir un service de restauration aux 250 \u00e0 350 participants attendus du 4 au 7 juillet.<\/h3>\n<p>&nbsp;<\/p>\n<p>&nbsp;<\/p>\n<h3>Caract\u00e9ristiques principales de l&rsquo;appel d&rsquo;offre<\/h3>\n<p>Le Graie organise la conf\u00e9rence I.S.Rivers du <strong>4 au 7 juillet 2022<\/strong> \u00e0 l\u2019<strong>Universit\u00e9 Lyon 2<\/strong>. Dans ce cadre, sont accueillis <strong>250 \u00e0 350 participants<\/strong>, originaires de France, d\u2019Europe et du monde dont il convient d\u2019assurer, chaque jour, dans deux espaces d\u00e9di\u00e9s de l\u2019Universit\u00e9, un <strong>service de restauration debout<\/strong> de plusieurs types : cocktail d\u2019accueil, pauses caf\u00e9 et d\u00e9jeuners. Un troisi\u00e8me point de restauration pourra \u00eatre pr\u00e9vu selon les dispositions et r\u00e8glementations mises en place par l\u2019Universit\u00e9 Lyon 2 dans le cadre de la pand\u00e9mie Covid 19.<\/p>\n<p>&nbsp;<\/p>\n<h4>La prestation comprend :<\/h4>\n<p>\u2022 la <strong>pr\u00e9paration<\/strong> (confection des menus, conditionnement), le transport, la livraison des produits, la gestion des mets non-consomm\u00e9s et l&rsquo;\u00e9vacuation des d\u00e9chets,<br \/>\n\u2022 la <strong>fourniture du mat\u00e9riel<\/strong>, la <strong>mise en place<\/strong> de la r\u00e9ception sur le site, la <strong>d\u00e9coration<\/strong> des buffets, le <strong>rangement<\/strong> et la remise en \u00e9tat \u00e0 l&rsquo;issue de la r\u00e9ception<br \/>\n\u2022 le <strong>service<\/strong> lors de la r\u00e9ception,<br \/>\nle tout dans le respect des principes d&rsquo;un <strong>\u00e9v\u00e8nement responsable<\/strong>.<\/p>\n<p>&nbsp;<\/p>\n<h4>Sp\u00e9cificit\u00e9s :<\/h4>\n<ul>\n<li>Budget : 37.000 \u00e0 40.000\u20ac TTC sur la base du nombre de convives indiqu\u00e9s dans la consultation<\/li>\n<li>Tous les temps de restauration se feront debout<\/li>\n<li>Produits locaux \u00e0 privil\u00e9gier<\/li>\n<li>Tables et buffets fournis par l&rsquo;Universit\u00e9<\/li>\n<\/ul>\n<p>&nbsp;<\/p>\n<p>&nbsp;<\/p>\n<h3>Documents officiels<\/h3>\n<ul>\n<li>Le <strong><a href=\"https:\/\/asso.graie.org\/portail\/wp-content\/uploads\/2022\/02\/Reglement_consultation_appel_doffre_isrivers2022.pdf\">r\u00e8glement de consultation<\/a><\/strong><\/li>\n<li>Le <strong><a href=\"https:\/\/asso.graie.org\/portail\/wp-content\/uploads\/2022\/02\/Memoire_technique_appel_doffre_isrivers2022.pdf\">m\u00e9moire technique<\/a><\/strong><\/li>\n<\/ul>\n<p>+ annonce sur le bulletin officiel d&rsquo;annonces de march\u00e9s publics : <a href=\"https:\/\/www.boamp.fr\/avis\/detail\/22-5063\/0\">Boamp<\/a><\/p>\n<h3><\/h3>\n<p>&nbsp;<\/p>\n<h3>Comment transmettre votre offre ?<\/h3>\n<p>Vous avez jusqu&rsquo;au <strong>lundi 28 f\u00e9vrier 2022 \u00e0 16h<\/strong> pour envoyer votre projet \u00e0 l&rsquo;adresse e-mail suivante : <strong>administration@graie.org <\/strong>ou par voie postale adress\u00e9e au Graie.<strong><br \/>\n<\/strong><\/p>\n<p>&nbsp;<\/p>\n<p>Vos propositions seront \u00e9tudi\u00e9es jusqu&rsquo;au 8 mars, date \u00e0 laquelle le Graie informera les porteurs de projets non retenus. La phase de n\u00e9gociation aura lieu du 10 au 24 mars 2022, pour une notification du march\u00e9 le 12 avril 2022.<\/p>\n<p>&nbsp;<\/p>\n<p>&nbsp;<\/p>\n<h3>Une conf\u00e9rence sur les fleuves et grandes rivi\u00e8res du monde<\/h3>\n<p>L\u2019ambition de cette conf\u00e9rence internationale est de partager les recherches avec les scientifiques et les exp\u00e9riences avec les acteurs de l\u2019eau et des territoires pour faire \u00e9voluer les pratiques en faveur d\u2019une gestion durable des fleuves et grandes rivi\u00e8res. Elle s&rsquo;int\u00e9resse aux diff\u00e9rentes dimensions, aux diff\u00e9rentes visions des syst\u00e8mes fluviaux : les dimensions physiques et \u00e9cologiques, et les dimensions humaines (gouvernance, \u00e9conomie et culture). Elle rassemble entre 250 et 350 personnes issus de diff\u00e9rentes cultures et s&rsquo;inscrit dans une d\u00e9marche de d\u00e9veloppement durable et d&rsquo;\u00e9v\u00e9nement responsable.<\/p>\n<p>=&gt; Plus d&rsquo;informations sur <a href=\"https:\/\/asso.graie.org\/isrivers\/\">le site de la conf\u00e9rence<\/a><\/p>\n<p>&nbsp;<\/p>\n","protected":false},"excerpt":{"rendered":"<p>Le Graie ouvre un march\u00e9 \u00e0 proc\u00e9dure adapt\u00e9e pour une prestation de traiteur dans le cadre de la conf\u00e9rence I.S.Rivers 2022. &nbsp; Dans le cadre de cet \u00e9v\u00e8nement, le Graie est \u00e0 la recherche d&rsquo;un traiteur afin de fournir un &hellip;<\/p>\n","protected":false},"author":16,"featured_media":18356,"comment_status":"closed","ping_status":"closed","sticky":false,"template":"","format":"standard","meta":{"_mi_skip_tracking":false,"footnotes":""},"categories":[24,74,28],"tags":[1708,1523,1613,1618,1615,1612,148,343,1709,1710,287,164,1424],"acf":[],"yoast_head":"<!-- This site is optimized with the Yoast SEO plugin v19.13 - https:\/\/yoast.com\/wordpress\/plugins\/seo\/ -->\n<title>I.S.Rivers 2022 | La consultation pour l&#039;appel d&#039;offre traiteur est lanc\u00e9e !<\/title>\n<meta name=\"description\" content=\"Le Graie ouvre un march\u00e9 \u00e0 proc\u00e9dure adapt\u00e9e pour une prestation de traiteur dans le cadre de la conf\u00e9rence I.S.Rivers 2022.\" \/>\n<meta name=\"robots\" content=\"index, follow, max-snippet:-1, max-image-preview:large, max-video-preview:-1\" \/>\n<link rel=\"canonical\" href=\"https:\/\/asso.graie.org\/portail\/isrivers-2022-consultation-traiteur\/\" \/>\n<meta property=\"og:locale\" content=\"fr_FR\" \/>\n<meta property=\"og:type\" content=\"article\" \/>\n<meta property=\"og:title\" content=\"I.S.Rivers 2022 | La consultation pour l&#039;appel d&#039;offre traiteur est lanc\u00e9e !\" \/>\n<meta property=\"og:description\" content=\"Le Graie ouvre un march\u00e9 \u00e0 proc\u00e9dure adapt\u00e9e pour une prestation de traiteur dans le cadre de la conf\u00e9rence I.S.Rivers 2022.\" \/>\n<meta property=\"og:url\" content=\"https:\/\/asso.graie.org\/portail\/isrivers-2022-consultation-traiteur\/\" \/>\n<meta property=\"og:site_name\" content=\"Graie\" \/>\n<meta property=\"article:published_time\" content=\"2022-02-01T14:31:54+00:00\" \/>\n<meta property=\"article:modified_time\" content=\"2022-02-01T15:56:52+00:00\" \/>\n<meta property=\"og:image\" content=\"https:\/\/asso.graie.org\/portail\/wp-content\/uploads\/2021\/09\/Photo-Appel-a-com.jpg\" \/>\n\t<meta property=\"og:image:width\" content=\"2272\" \/>\n\t<meta property=\"og:image:height\" content=\"1037\" \/>\n\t<meta property=\"og:image:type\" content=\"image\/jpeg\" \/>\n<meta name=\"author\" content=\"Maureen Carpentier\" \/>\n<meta name=\"twitter:card\" content=\"summary_large_image\" \/>\n<meta name=\"twitter:creator\" content=\"@asso_graie\" \/>\n<meta name=\"twitter:site\" content=\"@asso_graie\" \/>\n<meta name=\"twitter:label1\" content=\"\u00c9crit par\" \/>\n\t<meta name=\"twitter:data1\" content=\"Maureen Carpentier\" \/>\n\t<meta name=\"twitter:label2\" content=\"Dur\u00e9e de lecture estim\u00e9e\" \/>\n\t<meta name=\"twitter:data2\" content=\"3 minutes\" \/>\n<script type=\"application\/ld+json\" class=\"yoast-schema-graph\">{\"@context\":\"https:\/\/schema.org\",\"@graph\":[{\"@type\":\"Article\",\"@id\":\"https:\/\/asso.graie.org\/portail\/isrivers-2022-consultation-traiteur\/#article\",\"isPartOf\":{\"@id\":\"https:\/\/asso.graie.org\/portail\/isrivers-2022-consultation-traiteur\/\"},\"author\":{\"name\":\"Maureen Carpentier\",\"@id\":\"https:\/\/asso.graie.org\/portail\/#\/schema\/person\/486e14d091ff09d12f2b31bad560eb4f\"},\"headline\":\"I.S.Rivers 2022 | La consultation pour l&rsquo;appel d&rsquo;offre traiteur est lanc\u00e9e !\",\"datePublished\":\"2022-02-01T14:31:54+00:00\",\"dateModified\":\"2022-02-01T15:56:52+00:00\",\"mainEntityOfPage\":{\"@id\":\"https:\/\/asso.graie.org\/portail\/isrivers-2022-consultation-traiteur\/\"},\"wordCount\":493,\"publisher\":{\"@id\":\"https:\/\/asso.graie.org\/portail\/#organization\"},\"keywords\":[\"appel d'offre\",\"conf\u00e9rence\",\"Conf\u00e9rence internationale\",\"\u00e9v\u00e9nement\",\"Fleuves\",\"I.S.Rivers\",\"international\",\"ISRivers\",\"march\u00e9 public\",\"prestation\",\"Restauration\",\"rivi\u00e8res\",\"traiteur\"],\"articleSection\":[\"Actu Graie\",\"Milieux aquatiques\",\"Toute l'actualit\u00e9\"],\"inLanguage\":\"fr-FR\"},{\"@type\":\"WebPage\",\"@id\":\"https:\/\/asso.graie.org\/portail\/isrivers-2022-consultation-traiteur\/\",\"url\":\"https:\/\/asso.graie.org\/portail\/isrivers-2022-consultation-traiteur\/\",\"name\":\"I.S.Rivers 2022 | La consultation pour l'appel d'offre traiteur est lanc\u00e9e !\",\"isPartOf\":{\"@id\":\"https:\/\/asso.graie.org\/portail\/#website\"},\"datePublished\":\"2022-02-01T14:31:54+00:00\",\"dateModified\":\"2022-02-01T15:56:52+00:00\",\"description\":\"Le Graie ouvre un march\u00e9 \u00e0 proc\u00e9dure adapt\u00e9e pour une prestation de traiteur dans le cadre de la conf\u00e9rence I.S.Rivers 2022.\",\"breadcrumb\":{\"@id\":\"https:\/\/asso.graie.org\/portail\/isrivers-2022-consultation-traiteur\/#breadcrumb\"},\"inLanguage\":\"fr-FR\",\"potentialAction\":[{\"@type\":\"ReadAction\",\"target\":[\"https:\/\/asso.graie.org\/portail\/isrivers-2022-consultation-traiteur\/\"]}]},{\"@type\":\"BreadcrumbList\",\"@id\":\"https:\/\/asso.graie.org\/portail\/isrivers-2022-consultation-traiteur\/#breadcrumb\",\"itemListElement\":[{\"@type\":\"ListItem\",\"position\":1,\"name\":\"Accueil\",\"item\":\"https:\/\/asso.graie.org\/portail\/\"},{\"@type\":\"ListItem\",\"position\":2,\"name\":\"I.S.Rivers 2022 | La consultation pour l&rsquo;appel d&rsquo;offre traiteur est lanc\u00e9e !\"}]},{\"@type\":\"WebSite\",\"@id\":\"https:\/\/asso.graie.org\/portail\/#website\",\"url\":\"https:\/\/asso.graie.org\/portail\/\",\"name\":\"Graie\",\"description\":\"P\u00f4le Eau et Territoires\",\"publisher\":{\"@id\":\"https:\/\/asso.graie.org\/portail\/#organization\"},\"potentialAction\":[{\"@type\":\"SearchAction\",\"target\":{\"@type\":\"EntryPoint\",\"urlTemplate\":\"https:\/\/asso.graie.org\/portail\/?s={search_term_string}\"},\"query-input\":\"required name=search_term_string\"}],\"inLanguage\":\"fr-FR\"},{\"@type\":\"Organization\",\"@id\":\"https:\/\/asso.graie.org\/portail\/#organization\",\"name\":\"Le Graie\",\"url\":\"https:\/\/asso.graie.org\/portail\/\",\"logo\":{\"@type\":\"ImageObject\",\"inLanguage\":\"fr-FR\",\"@id\":\"https:\/\/asso.graie.org\/portail\/#\/schema\/logo\/image\/\",\"url\":\"https:\/\/asso.graie.org\/portail\/wp-content\/uploads\/2021\/12\/Logotype-Graie.png\",\"contentUrl\":\"https:\/\/asso.graie.org\/portail\/wp-content\/uploads\/2021\/12\/Logotype-Graie.png\",\"width\":1890,\"height\":1181,\"caption\":\"Le Graie\"},\"image\":{\"@id\":\"https:\/\/asso.graie.org\/portail\/#\/schema\/logo\/image\/\"},\"sameAs\":[\"https:\/\/fr.linkedin.com\/company\/graie?trk=top_nav_home\",\"https:\/\/www.youtube.com\/channel\/UCZQk0Tt7upYwERYNdDIZqLQ\",\"https:\/\/twitter.com\/asso_graie\"]},{\"@type\":\"Person\",\"@id\":\"https:\/\/asso.graie.org\/portail\/#\/schema\/person\/486e14d091ff09d12f2b31bad560eb4f\",\"name\":\"Maureen Carpentier\",\"url\":\"https:\/\/asso.graie.org\/portail\/author\/juliettecasanova\/\"}]}<\/script>\n<!-- \/ Yoast SEO plugin. -->","yoast_head_json":{"title":"I.S.Rivers 2022 | La consultation pour l'appel d'offre traiteur est lanc\u00e9e !","description":"Le Graie ouvre un march\u00e9 \u00e0 proc\u00e9dure adapt\u00e9e pour une prestation de traiteur dans le cadre de la conf\u00e9rence I.S.Rivers 2022.","robots":{"index":"index","follow":"follow","max-snippet":"max-snippet:-1","max-image-preview":"max-image-preview:large","max-video-preview":"max-video-preview:-1"},"canonical":"https:\/\/asso.graie.org\/portail\/isrivers-2022-consultation-traiteur\/","og_locale":"fr_FR","og_type":"article","og_title":"I.S.Rivers 2022 | La consultation pour l'appel d'offre traiteur est lanc\u00e9e !","og_description":"Le Graie ouvre un march\u00e9 \u00e0 proc\u00e9dure adapt\u00e9e pour une prestation de traiteur dans le cadre de la conf\u00e9rence I.S.Rivers 2022.","og_url":"https:\/\/asso.graie.org\/portail\/isrivers-2022-consultation-traiteur\/","og_site_name":"Graie","article_published_time":"2022-02-01T14:31:54+00:00","article_modified_time":"2022-02-01T15:56:52+00:00","og_image":[{"width":2272,"height":1037,"url":"https:\/\/asso.graie.org\/portail\/wp-content\/uploads\/2021\/09\/Photo-Appel-a-com.jpg","type":"image\/jpeg"}],"author":"Maureen Carpentier","twitter_card":"summary_large_image","twitter_creator":"@asso_graie","twitter_site":"@asso_graie","twitter_misc":{"\u00c9crit par":"Maureen Carpentier","Dur\u00e9e de lecture estim\u00e9e":"3 minutes"},"schema":{"@context":"https:\/\/schema.org","@graph":[{"@type":"Article","@id":"https:\/\/asso.graie.org\/portail\/isrivers-2022-consultation-traiteur\/#article","isPartOf":{"@id":"https:\/\/asso.graie.org\/portail\/isrivers-2022-consultation-traiteur\/"},"author":{"name":"Maureen Carpentier","@id":"https:\/\/asso.graie.org\/portail\/#\/schema\/person\/486e14d091ff09d12f2b31bad560eb4f"},"headline":"I.S.Rivers 2022 | La consultation pour l&rsquo;appel d&rsquo;offre traiteur est lanc\u00e9e !","datePublished":"2022-02-01T14:31:54+00:00","dateModified":"2022-02-01T15:56:52+00:00","mainEntityOfPage":{"@id":"https:\/\/asso.graie.org\/portail\/isrivers-2022-consultation-traiteur\/"},"wordCount":493,"publisher":{"@id":"https:\/\/asso.graie.org\/portail\/#organization"},"keywords":["appel d'offre","conf\u00e9rence","Conf\u00e9rence internationale","\u00e9v\u00e9nement","Fleuves","I.S.Rivers","international","ISRivers","march\u00e9 public","prestation","Restauration","rivi\u00e8res","traiteur"],"articleSection":["Actu Graie","Milieux aquatiques","Toute l'actualit\u00e9"],"inLanguage":"fr-FR"},{"@type":"WebPage","@id":"https:\/\/asso.graie.org\/portail\/isrivers-2022-consultation-traiteur\/","url":"https:\/\/asso.graie.org\/portail\/isrivers-2022-consultation-traiteur\/","name":"I.S.Rivers 2022 | La consultation pour l'appel d'offre traiteur est lanc\u00e9e !","isPartOf":{"@id":"https:\/\/asso.graie.org\/portail\/#website"},"datePublished":"2022-02-01T14:31:54+00:00","dateModified":"2022-02-01T15:56:52+00:00","description":"Le Graie ouvre un march\u00e9 \u00e0 proc\u00e9dure adapt\u00e9e pour une prestation de traiteur dans le cadre de la conf\u00e9rence I.S.Rivers 2022.","breadcrumb":{"@id":"https:\/\/asso.graie.org\/portail\/isrivers-2022-consultation-traiteur\/#breadcrumb"},"inLanguage":"fr-FR","potentialAction":[{"@type":"ReadAction","target":["https:\/\/asso.graie.org\/portail\/isrivers-2022-consultation-traiteur\/"]}]},{"@type":"BreadcrumbList","@id":"https:\/\/asso.graie.org\/portail\/isrivers-2022-consultation-traiteur\/#breadcrumb","itemListElement":[{"@type":"ListItem","position":1,"name":"Accueil","item":"https:\/\/asso.graie.org\/portail\/"},{"@type":"ListItem","position":2,"name":"I.S.Rivers 2022 | La consultation pour l&rsquo;appel d&rsquo;offre traiteur est lanc\u00e9e !"}]},{"@type":"WebSite","@id":"https:\/\/asso.graie.org\/portail\/#website","url":"https:\/\/asso.graie.org\/portail\/","name":"Graie","description":"P\u00f4le Eau et Territoires","publisher":{"@id":"https:\/\/asso.graie.org\/portail\/#organization"},"potentialAction":[{"@type":"SearchAction","target":{"@type":"EntryPoint","urlTemplate":"https:\/\/asso.graie.org\/portail\/?s={search_term_string}"},"query-input":"required name=search_term_string"}],"inLanguage":"fr-FR"},{"@type":"Organization","@id":"https:\/\/asso.graie.org\/portail\/#organization","name":"Le Graie","url":"https:\/\/asso.graie.org\/portail\/","logo":{"@type":"ImageObject","inLanguage":"fr-FR","@id":"https:\/\/asso.graie.org\/portail\/#\/schema\/logo\/image\/","url":"https:\/\/asso.graie.org\/portail\/wp-content\/uploads\/2021\/12\/Logotype-Graie.png","contentUrl":"https:\/\/asso.graie.org\/portail\/wp-content\/uploads\/2021\/12\/Logotype-Graie.png","width":1890,"height":1181,"caption":"Le Graie"},"image":{"@id":"https:\/\/asso.graie.org\/portail\/#\/schema\/logo\/image\/"},"sameAs":["https:\/\/fr.linkedin.com\/company\/graie?trk=top_nav_home","https:\/\/www.youtube.com\/channel\/UCZQk0Tt7upYwERYNdDIZqLQ","https:\/\/twitter.com\/asso_graie"]},{"@type":"Person","@id":"https:\/\/asso.graie.org\/portail\/#\/schema\/person\/486e14d091ff09d12f2b31bad560eb4f","name":"Maureen Carpentier","url":"https:\/\/asso.graie.org\/portail\/author\/juliettecasanova\/"}]}},"_links":{"self":[{"href":"https:\/\/asso.graie.org\/portail\/wp-json\/wp\/v2\/posts\/19649"}],"collection":[{"href":"https:\/\/asso.graie.org\/portail\/wp-json\/wp\/v2\/posts"}],"about":[{"href":"https:\/\/asso.graie.org\/portail\/wp-json\/wp\/v2\/types\/post"}],"author":[{"embeddable":true,"href":"https:\/\/asso.graie.org\/portail\/wp-json\/wp\/v2\/users\/16"}],"replies":[{"embeddable":true,"href":"https:\/\/asso.graie.org\/portail\/wp-json\/wp\/v2\/comments?post=19649"}],"version-history":[{"count":22,"href":"https:\/\/asso.graie.org\/portail\/wp-json\/wp\/v2\/posts\/19649\/revisions"}],"predecessor-version":[{"id":21529,"href":"https:\/\/asso.graie.org\/portail\/wp-json\/wp\/v2\/posts\/19649\/revisions\/21529"}],"wp:featuredmedia":[{"embeddable":true,"href":"https:\/\/asso.graie.org\/portail\/wp-json\/wp\/v2\/media\/18356"}],"wp:attachment":[{"href":"https:\/\/asso.graie.org\/portail\/wp-json\/wp\/v2\/media?parent=19649"}],"wp:term":[{"taxonomy":"category","embeddable":true,"href":"https:\/\/asso.graie.org\/portail\/wp-json\/wp\/v2\/categories?post=19649"},{"taxonomy":"post_tag","embeddable":true,"href":"https:\/\/asso.graie.org\/portail\/wp-json\/wp\/v2\/tags?post=19649"}],"curies":[{"name":"wp","href":"https:\/\/api.w.org\/{rel}","templated":true}]}}