{"id":19698,"date":"2022-02-03T15:17:50","date_gmt":"2022-02-03T14:17:50","guid":{"rendered":"https:\/\/asso.graie.org\/portail\/?p=19698"},"modified":"2023-04-27T15:53:48","modified_gmt":"2023-04-27T13:53:48","slug":"actes-pharma-aqua-science-et-societe","status":"publish","type":"post","link":"https:\/\/asso.graie.org\/portail\/actes-pharma-aqua-science-et-societe\/","title":{"rendered":"Actes | S\u00e9minaire et soir\u00e9e Pharma Aqua | 9 mars 2022 | 19h00-21h30"},"content":{"rendered":"\n<div style=\"height:38px\" aria-hidden=\"true\" class=\"wp-block-spacer\"><\/div>\n\n\n\n<div class=\"wp-block-buttons is-content-justification-center is-layout-flex wp-container-1 wp-block-buttons-is-layout-flex\">\n<div class=\"wp-block-button\"><a class=\"wp-block-button__link has-black-color has-pale-cyan-blue-background-color has-text-color has-background broken_link\" href=\"https:\/\/drive.google.com\/file\/d\/1CfapF0daTPyjp9zuGCsxVP7D98jd-Zzb\/view\"><strong>Actes de la journ\u00e9e<\/strong><\/a><\/div>\n\n\n\n<div class=\"wp-block-button\"><a class=\"wp-block-button__link has-black-color has-pale-cyan-blue-background-color has-text-color has-background\" href=\"https:\/\/www.graie.org\/graie\/graiedoc\/doc_telech\/actesyntheses\/Sante_PharmaAqua_Soiree_2203.pdf\"><strong>Supports d&rsquo;intervention de la soir\u00e9e<\/strong><\/a><\/div>\n<\/div>\n\n\n\n<div style=\"height:38px\" aria-hidden=\"true\" class=\"wp-block-spacer\"><\/div>\n\n\n\n<h2 class=\"wp-block-heading\">Soir\u00e9e Pharma Aqua<\/h2>\n\n\n\n<div class=\"wp-block-image\"><figure class=\"aligncenter\"><img decoding=\"async\" loading=\"lazy\" width=\"2179\" height=\"510\" src=\"https:\/\/asso.graie.org\/portail\/wp-content\/uploads\/2022\/02\/soiree_3parts.png\" alt=\"\" class=\"wp-image-19763\" srcset=\"https:\/\/asso.graie.org\/portail\/wp-content\/uploads\/2022\/02\/soiree_3parts.png 2179w, https:\/\/asso.graie.org\/portail\/wp-content\/uploads\/2022\/02\/soiree_3parts-300x70.png 300w, https:\/\/asso.graie.org\/portail\/wp-content\/uploads\/2022\/02\/soiree_3parts-1024x240.png 1024w, https:\/\/asso.graie.org\/portail\/wp-content\/uploads\/2022\/02\/soiree_3parts-768x180.png 768w, https:\/\/asso.graie.org\/portail\/wp-content\/uploads\/2022\/02\/soiree_3parts-1536x360.png 1536w, https:\/\/asso.graie.org\/portail\/wp-content\/uploads\/2022\/02\/soiree_3parts-2048x479.png 2048w, https:\/\/asso.graie.org\/portail\/wp-content\/uploads\/2022\/02\/soiree_3parts-600x140.png 600w\" sizes=\"(max-width: 2179px) 100vw, 2179px\" \/><\/figure><\/div>\n\n\n\n<div style=\"height:38px\" aria-hidden=\"true\" class=\"wp-block-spacer\"><\/div>\n\n\n\n<h3 class=\"wp-block-heading\">Antibior\u00e9sistance et Eau : caract\u00e9riser et r\u00e9duire l&rsquo;impact de nos pratiques de soin sur notre environnement\u2026 et sur notre sant\u00e9 !<\/h3>\n\n\n\n<div style=\"height:26px\" aria-hidden=\"true\" class=\"wp-block-spacer\"><\/div>\n\n\n\n<h4 class=\"wp-block-heading\">\u00a0INRAE, le Graie et la Turbine proposent un temps d&rsquo;\u00e9change privil\u00e9gi\u00e9<\/h4>\n\n\n\n<div>\n<ul>\n<li class=\"v1text-build-content\">Une rencontre entre professionnels de sant\u00e9 et chercheurs dans les domaines de l&rsquo;eau et de l&rsquo;environnement, ouverte \u00e0 toute personne curieuse de d\u00e9couvrir cette th\u00e9matique.<\/li>\n<li class=\"v1text-build-content\">Une rencontre pour faire la passerelle entre sant\u00e9 et environnement, dans une approche de sant\u00e9 unique.<\/li>\n<li class=\"v1text-build-content\">Un focus sur l&rsquo;un des aspects de la lutte contre l&rsquo;antibior\u00e9sistance avec une approche syst\u00e9mique et int\u00e9gr\u00e9e : le lien avec l&rsquo;eau<\/li>\n<\/ul>\n<\/div>\n\n\n\n<div style=\"height:39px\" aria-hidden=\"true\" class=\"wp-block-spacer\"><\/div>\n\n\n\n<h4 class=\"wp-block-heading\">Programme<\/h4>\n\n\n\n<div style=\"height:24px\" aria-hidden=\"true\" class=\"wp-block-spacer\"><\/div>\n\n\n\n<h4 class=\"wp-block-heading\">19h-20h &#8211; Conf\u00e9rence<\/h4>\n\n\n\n<div style=\"height:16px\" aria-hidden=\"true\" class=\"wp-block-spacer\"><\/div>\n\n\n\n<ul><li>Les enjeux et la probl\u00e9matique du d\u00e9veloppement de l&rsquo;antibior\u00e9sistance et le lien avec la gestion de l&rsquo;eau, Christophe Dagot, Professeur, INSERM &amp; universit\u00e9 de Limoges<\/li><li>La diss\u00e9mination des substances pharmaceutiques et biocides dans l&rsquo;environnement, C\u00e9cile Mi\u00e8ge, Directrice de recherche, INRAE Lyon<\/li><li>Les impacts sur les communaut\u00e9s microbiennes aquatiques &#8211; cons\u00e9quences sur la diss\u00e9mination de l&rsquo;antibior\u00e9sistance et des pathog\u00e8nes, St\u00e9phane Pesce, Directeur de recherche, INRAE Lyon et Alain Hartmann, Directeur de recherche, INRAE Dijon<\/li><li>Les leviers d&rsquo;action dans les pratiques de soin, Elodie Brelot, Directrice du Graie<\/li><\/ul>\n\n\n\n<div style=\"height:30px\" aria-hidden=\"true\" class=\"wp-block-spacer\"><\/div>\n\n\n\n<h4 class=\"wp-block-heading\">20h-21h30 &#8211; Rencontre avec les chercheurs et experts<\/h4>\n\n\n\n<div style=\"height:18px\" aria-hidden=\"true\" class=\"wp-block-spacer\"><\/div>\n\n\n\n<p>Un temps convivial, avec 5 points de rencontre th\u00e9matiques, o\u00f9 les scientifiques et experts vous accueillerons pour \u00e9changer et apporter des pr\u00e9cisions, des illustrations sur les connaissances acquises et les leviers d&rsquo;action communs, entre professionnels de la sant\u00e9 et de la gestion de l&rsquo;eau<\/p>\n\n\n\n<p><strong>1<\/strong>. PROMISE \u2013 Un m\u00e9tar\u00e9seau professionnel communautaire pour la lutte contre l&rsquo;antibior\u00e9sistance &#8211; Quels contacts, quels leviers d&rsquo;information ?<\/p>\n\n\n\n<p><strong>2<\/strong>. Comment partager, int\u00e9grer et faire vivre et concr\u00e9tiser une approche One-Health dans les m\u00e9tiers de la sant\u00e9 humaine ?<\/p>\n\n\n\n<p><strong>3<\/strong>. Quelles sont les sources et quel devenir des substances pharmaceutiques et biocides dans les milieux aquatiques ?<\/p>\n\n\n\n<p><strong>4<\/strong>. Comment les substances pharmaceutiques et biocides impactent les microorganismes dans les milieux aquatiques ? Quels sont les risques pour les \u00e9cosyt\u00e8mes ?<\/p>\n\n\n\n<p><strong>5<\/strong>. Quelle est la dynamique de l&rsquo;antibior\u00e9sistance et des pathog\u00e8nes dans les milieux aquatiques et quels sont les risques pour la sant\u00e9 ?<\/p>\n\n\n\n<div style=\"height:49px\" aria-hidden=\"true\" class=\"wp-block-spacer\"><\/div>\n\n\n\n<h4 class=\"wp-block-heading\">Public<\/h4>\n\n\n\n<div style=\"height:13px\" aria-hidden=\"true\" class=\"wp-block-spacer\"><\/div>\n\n\n\n<p>Cette soir\u00e9e, ouverte \u00e0 tous, s&rsquo;adressait particuli\u00e8rement aux professionnels de sant\u00e9.<\/p>\n\n\n\n<div style=\"height:37px\" aria-hidden=\"true\" class=\"wp-block-spacer\"><\/div>\n\n\n\n<p>Soir\u00e9e organis\u00e9e par :<\/p>\n\n\n\n<figure class=\"wp-block-image\"><img decoding=\"async\" loading=\"lazy\" width=\"2179\" height=\"510\" src=\"https:\/\/asso.graie.org\/portail\/wp-content\/uploads\/2022\/02\/soiree_3parts.png\" alt=\"\" class=\"wp-image-19763\" srcset=\"https:\/\/asso.graie.org\/portail\/wp-content\/uploads\/2022\/02\/soiree_3parts.png 2179w, https:\/\/asso.graie.org\/portail\/wp-content\/uploads\/2022\/02\/soiree_3parts-300x70.png 300w, https:\/\/asso.graie.org\/portail\/wp-content\/uploads\/2022\/02\/soiree_3parts-1024x240.png 1024w, https:\/\/asso.graie.org\/portail\/wp-content\/uploads\/2022\/02\/soiree_3parts-768x180.png 768w, https:\/\/asso.graie.org\/portail\/wp-content\/uploads\/2022\/02\/soiree_3parts-1536x360.png 1536w, https:\/\/asso.graie.org\/portail\/wp-content\/uploads\/2022\/02\/soiree_3parts-2048x479.png 2048w, https:\/\/asso.graie.org\/portail\/wp-content\/uploads\/2022\/02\/soiree_3parts-600x140.png 600w\" sizes=\"(max-width: 2179px) 100vw, 2179px\" \/><\/figure>\n\n\n\n<div style=\"height:34px\" aria-hidden=\"true\" class=\"wp-block-spacer\"><\/div>\n\n\n\n<p>Avec le soutien de :<br><img decoding=\"async\" loading=\"lazy\" class=\"alignnone wp-image-19707 size-full\" src=\"https:\/\/asso.graie.org\/portail\/wp-content\/uploads\/2022\/02\/Logos-ANR-Rep-Francaise-Agence-eau-RMC.png\" alt=\"\" width=\"800\" height=\"200\" srcset=\"https:\/\/asso.graie.org\/portail\/wp-content\/uploads\/2022\/02\/Logos-ANR-Rep-Francaise-Agence-eau-RMC.png 800w, https:\/\/asso.graie.org\/portail\/wp-content\/uploads\/2022\/02\/Logos-ANR-Rep-Francaise-Agence-eau-RMC-300x75.png 300w, https:\/\/asso.graie.org\/portail\/wp-content\/uploads\/2022\/02\/Logos-ANR-Rep-Francaise-Agence-eau-RMC-768x192.png 768w, https:\/\/asso.graie.org\/portail\/wp-content\/uploads\/2022\/02\/Logos-ANR-Rep-Francaise-Agence-eau-RMC-600x150.png 600w\" sizes=\"(max-width: 800px) 100vw, 800px\" \/><\/p>\n\n\n\n<div style=\"height:36px\" aria-hidden=\"true\" class=\"wp-block-spacer\"><\/div>\n\n\n\n<p>En partenariat avec :<\/p>\n\n\n\n<figure class=\"wp-block-image\"><img decoding=\"async\" loading=\"lazy\" width=\"800\" height=\"200\" src=\"https:\/\/asso.graie.org\/portail\/wp-content\/uploads\/2022\/02\/Logos-Plan-inserm-promise.png\" alt=\"\" class=\"wp-image-19708\" srcset=\"https:\/\/asso.graie.org\/portail\/wp-content\/uploads\/2022\/02\/Logos-Plan-inserm-promise.png 800w, https:\/\/asso.graie.org\/portail\/wp-content\/uploads\/2022\/02\/Logos-Plan-inserm-promise-300x75.png 300w, https:\/\/asso.graie.org\/portail\/wp-content\/uploads\/2022\/02\/Logos-Plan-inserm-promise-768x192.png 768w, https:\/\/asso.graie.org\/portail\/wp-content\/uploads\/2022\/02\/Logos-Plan-inserm-promise-600x150.png 600w\" sizes=\"(max-width: 800px) 100vw, 800px\" \/><\/figure>\n\n\n\n<div style=\"height:38px\" aria-hidden=\"true\" class=\"wp-block-spacer\"><\/div>\n","protected":false},"excerpt":{"rendered":"<p>Actes de la journ\u00e9e Supports d&rsquo;intervention de la soir\u00e9e Soir\u00e9e Pharma Aqua Antibior\u00e9sistance et Eau : caract\u00e9riser et r\u00e9duire l&rsquo;impact de nos pratiques de soin sur notre environnement\u2026 et sur notre sant\u00e9 ! \u00a0INRAE, le Graie et la Turbine proposent &hellip;<\/p>\n","protected":false},"author":16,"featured_media":19787,"comment_status":"closed","ping_status":"closed","sticky":false,"template":"","format":"standard","meta":{"_mi_skip_tracking":false,"footnotes":""},"categories":[24,34,66,589,29,28],"tags":[596,1715,1523,83,1643,1618,1717,1714,1713,1651,175,1716,1718],"acf":[],"yoast_head":"<!-- This site is optimized with the Yoast SEO plugin v19.13 - https:\/\/yoast.com\/wordpress\/plugins\/seo\/ -->\n<title>Actes | S\u00e9minaire et soir\u00e9e Pharma Aqua | 9 mars 2022 | 19h00-21h30<\/title>\n<meta name=\"description\" content=\"L&#039;INRAE, le Graie et la Turbine organisent une soir\u00e9e Science et soci\u00e9t\u00e9 le mercredi 9 mars 2022 \u00e0 Annecy sur le th\u00e8me Antibior\u00e9sistance et Eau.\" \/>\n<meta name=\"robots\" content=\"index, follow, max-snippet:-1, max-image-preview:large, max-video-preview:-1\" \/>\n<link rel=\"canonical\" href=\"https:\/\/asso.graie.org\/portail\/actes-pharma-aqua-science-et-societe\/\" \/>\n<meta property=\"og:locale\" content=\"fr_FR\" \/>\n<meta property=\"og:type\" content=\"article\" \/>\n<meta property=\"og:title\" content=\"Actes | S\u00e9minaire et soir\u00e9e Pharma Aqua | 9 mars 2022 | 19h00-21h30\" \/>\n<meta property=\"og:description\" content=\"L&#039;INRAE, le Graie et la Turbine organisent une soir\u00e9e Science et soci\u00e9t\u00e9 le mercredi 9 mars 2022 \u00e0 Annecy sur le th\u00e8me Antibior\u00e9sistance et Eau.\" \/>\n<meta property=\"og:url\" content=\"https:\/\/asso.graie.org\/portail\/actes-pharma-aqua-science-et-societe\/\" \/>\n<meta property=\"og:site_name\" content=\"Graie\" \/>\n<meta property=\"article:published_time\" content=\"2022-02-03T14:17:50+00:00\" \/>\n<meta property=\"article:modified_time\" content=\"2023-04-27T13:53:48+00:00\" \/>\n<meta property=\"og:image\" content=\"https:\/\/asso.graie.org\/portail\/wp-content\/uploads\/2022\/02\/Bandeau-article-site-5.png\" \/>\n\t<meta property=\"og:image:width\" content=\"800\" \/>\n\t<meta property=\"og:image:height\" content=\"400\" \/>\n\t<meta property=\"og:image:type\" content=\"image\/png\" \/>\n<meta name=\"author\" content=\"Maureen Carpentier\" \/>\n<meta name=\"twitter:card\" content=\"summary_large_image\" \/>\n<meta name=\"twitter:creator\" content=\"@asso_graie\" \/>\n<meta name=\"twitter:site\" content=\"@asso_graie\" \/>\n<meta name=\"twitter:label1\" content=\"\u00c9crit par\" \/>\n\t<meta name=\"twitter:data1\" content=\"Maureen Carpentier\" \/>\n\t<meta name=\"twitter:label2\" content=\"Dur\u00e9e de lecture estim\u00e9e\" \/>\n\t<meta name=\"twitter:data2\" content=\"3 minutes\" \/>\n<script type=\"application\/ld+json\" class=\"yoast-schema-graph\">{\"@context\":\"https:\/\/schema.org\",\"@graph\":[{\"@type\":\"Article\",\"@id\":\"https:\/\/asso.graie.org\/portail\/actes-pharma-aqua-science-et-societe\/#article\",\"isPartOf\":{\"@id\":\"https:\/\/asso.graie.org\/portail\/actes-pharma-aqua-science-et-societe\/\"},\"author\":{\"name\":\"Maureen Carpentier\",\"@id\":\"https:\/\/asso.graie.org\/portail\/#\/schema\/person\/486e14d091ff09d12f2b31bad560eb4f\"},\"headline\":\"Actes | S\u00e9minaire et soir\u00e9e Pharma Aqua | 9 mars 2022 | 19h00-21h30\",\"datePublished\":\"2022-02-03T14:17:50+00:00\",\"dateModified\":\"2023-04-27T13:53:48+00:00\",\"mainEntityOfPage\":{\"@id\":\"https:\/\/asso.graie.org\/portail\/actes-pharma-aqua-science-et-societe\/\"},\"wordCount\":412,\"publisher\":{\"@id\":\"https:\/\/asso.graie.org\/portail\/#organization\"},\"keywords\":[\"antibior\u00e9sistance\",\"aqua\",\"conf\u00e9rence\",\"eau\",\"eau et sant\u00e9\",\"\u00e9v\u00e9nement\",\"inrae\",\"pharma\",\"pharmaaqua\",\"rencontre\",\"sant\u00e9\",\"soir\u00e9e\",\"turbine\"],\"articleSection\":[\"Actu Graie\",\"Eau et sant\u00e9\",\"Eau et sant\u00e9\",\"Historique Agenda\",\"Productions\",\"Toute l'actualit\u00e9\"],\"inLanguage\":\"fr-FR\"},{\"@type\":\"WebPage\",\"@id\":\"https:\/\/asso.graie.org\/portail\/actes-pharma-aqua-science-et-societe\/\",\"url\":\"https:\/\/asso.graie.org\/portail\/actes-pharma-aqua-science-et-societe\/\",\"name\":\"Actes | S\u00e9minaire et soir\u00e9e Pharma Aqua | 9 mars 2022 | 19h00-21h30\",\"isPartOf\":{\"@id\":\"https:\/\/asso.graie.org\/portail\/#website\"},\"datePublished\":\"2022-02-03T14:17:50+00:00\",\"dateModified\":\"2023-04-27T13:53:48+00:00\",\"description\":\"L'INRAE, le Graie et la Turbine organisent une soir\u00e9e Science et soci\u00e9t\u00e9 le mercredi 9 mars 2022 \u00e0 Annecy sur le th\u00e8me Antibior\u00e9sistance et Eau.\",\"breadcrumb\":{\"@id\":\"https:\/\/asso.graie.org\/portail\/actes-pharma-aqua-science-et-societe\/#breadcrumb\"},\"inLanguage\":\"fr-FR\",\"potentialAction\":[{\"@type\":\"ReadAction\",\"target\":[\"https:\/\/asso.graie.org\/portail\/actes-pharma-aqua-science-et-societe\/\"]}]},{\"@type\":\"BreadcrumbList\",\"@id\":\"https:\/\/asso.graie.org\/portail\/actes-pharma-aqua-science-et-societe\/#breadcrumb\",\"itemListElement\":[{\"@type\":\"ListItem\",\"position\":1,\"name\":\"Accueil\",\"item\":\"https:\/\/asso.graie.org\/portail\/\"},{\"@type\":\"ListItem\",\"position\":2,\"name\":\"Actes | S\u00e9minaire et soir\u00e9e Pharma Aqua | 9 mars 2022 | 19h00-21h30\"}]},{\"@type\":\"WebSite\",\"@id\":\"https:\/\/asso.graie.org\/portail\/#website\",\"url\":\"https:\/\/asso.graie.org\/portail\/\",\"name\":\"Graie\",\"description\":\"P\u00f4le Eau et Territoires\",\"publisher\":{\"@id\":\"https:\/\/asso.graie.org\/portail\/#organization\"},\"potentialAction\":[{\"@type\":\"SearchAction\",\"target\":{\"@type\":\"EntryPoint\",\"urlTemplate\":\"https:\/\/asso.graie.org\/portail\/?s={search_term_string}\"},\"query-input\":\"required name=search_term_string\"}],\"inLanguage\":\"fr-FR\"},{\"@type\":\"Organization\",\"@id\":\"https:\/\/asso.graie.org\/portail\/#organization\",\"name\":\"Le Graie\",\"url\":\"https:\/\/asso.graie.org\/portail\/\",\"logo\":{\"@type\":\"ImageObject\",\"inLanguage\":\"fr-FR\",\"@id\":\"https:\/\/asso.graie.org\/portail\/#\/schema\/logo\/image\/\",\"url\":\"https:\/\/asso.graie.org\/portail\/wp-content\/uploads\/2021\/12\/Logotype-Graie.png\",\"contentUrl\":\"https:\/\/asso.graie.org\/portail\/wp-content\/uploads\/2021\/12\/Logotype-Graie.png\",\"width\":1890,\"height\":1181,\"caption\":\"Le Graie\"},\"image\":{\"@id\":\"https:\/\/asso.graie.org\/portail\/#\/schema\/logo\/image\/\"},\"sameAs\":[\"https:\/\/fr.linkedin.com\/company\/graie?trk=top_nav_home\",\"https:\/\/www.youtube.com\/channel\/UCZQk0Tt7upYwERYNdDIZqLQ\",\"https:\/\/twitter.com\/asso_graie\"]},{\"@type\":\"Person\",\"@id\":\"https:\/\/asso.graie.org\/portail\/#\/schema\/person\/486e14d091ff09d12f2b31bad560eb4f\",\"name\":\"Maureen Carpentier\",\"url\":\"https:\/\/asso.graie.org\/portail\/author\/juliettecasanova\/\"}]}<\/script>\n<!-- \/ Yoast SEO plugin. -->","yoast_head_json":{"title":"Actes | S\u00e9minaire et soir\u00e9e Pharma Aqua | 9 mars 2022 | 19h00-21h30","description":"L'INRAE, le Graie et la Turbine organisent une soir\u00e9e Science et soci\u00e9t\u00e9 le mercredi 9 mars 2022 \u00e0 Annecy sur le th\u00e8me Antibior\u00e9sistance et Eau.","robots":{"index":"index","follow":"follow","max-snippet":"max-snippet:-1","max-image-preview":"max-image-preview:large","max-video-preview":"max-video-preview:-1"},"canonical":"https:\/\/asso.graie.org\/portail\/actes-pharma-aqua-science-et-societe\/","og_locale":"fr_FR","og_type":"article","og_title":"Actes | S\u00e9minaire et soir\u00e9e Pharma Aqua | 9 mars 2022 | 19h00-21h30","og_description":"L'INRAE, le Graie et la Turbine organisent une soir\u00e9e Science et soci\u00e9t\u00e9 le mercredi 9 mars 2022 \u00e0 Annecy sur le th\u00e8me Antibior\u00e9sistance et Eau.","og_url":"https:\/\/asso.graie.org\/portail\/actes-pharma-aqua-science-et-societe\/","og_site_name":"Graie","article_published_time":"2022-02-03T14:17:50+00:00","article_modified_time":"2023-04-27T13:53:48+00:00","og_image":[{"width":800,"height":400,"url":"https:\/\/asso.graie.org\/portail\/wp-content\/uploads\/2022\/02\/Bandeau-article-site-5.png","type":"image\/png"}],"author":"Maureen Carpentier","twitter_card":"summary_large_image","twitter_creator":"@asso_graie","twitter_site":"@asso_graie","twitter_misc":{"\u00c9crit par":"Maureen Carpentier","Dur\u00e9e de lecture estim\u00e9e":"3 minutes"},"schema":{"@context":"https:\/\/schema.org","@graph":[{"@type":"Article","@id":"https:\/\/asso.graie.org\/portail\/actes-pharma-aqua-science-et-societe\/#article","isPartOf":{"@id":"https:\/\/asso.graie.org\/portail\/actes-pharma-aqua-science-et-societe\/"},"author":{"name":"Maureen Carpentier","@id":"https:\/\/asso.graie.org\/portail\/#\/schema\/person\/486e14d091ff09d12f2b31bad560eb4f"},"headline":"Actes | S\u00e9minaire et soir\u00e9e Pharma Aqua | 9 mars 2022 | 19h00-21h30","datePublished":"2022-02-03T14:17:50+00:00","dateModified":"2023-04-27T13:53:48+00:00","mainEntityOfPage":{"@id":"https:\/\/asso.graie.org\/portail\/actes-pharma-aqua-science-et-societe\/"},"wordCount":412,"publisher":{"@id":"https:\/\/asso.graie.org\/portail\/#organization"},"keywords":["antibior\u00e9sistance","aqua","conf\u00e9rence","eau","eau et sant\u00e9","\u00e9v\u00e9nement","inrae","pharma","pharmaaqua","rencontre","sant\u00e9","soir\u00e9e","turbine"],"articleSection":["Actu Graie","Eau et sant\u00e9","Eau et sant\u00e9","Historique Agenda","Productions","Toute l'actualit\u00e9"],"inLanguage":"fr-FR"},{"@type":"WebPage","@id":"https:\/\/asso.graie.org\/portail\/actes-pharma-aqua-science-et-societe\/","url":"https:\/\/asso.graie.org\/portail\/actes-pharma-aqua-science-et-societe\/","name":"Actes | S\u00e9minaire et soir\u00e9e Pharma Aqua | 9 mars 2022 | 19h00-21h30","isPartOf":{"@id":"https:\/\/asso.graie.org\/portail\/#website"},"datePublished":"2022-02-03T14:17:50+00:00","dateModified":"2023-04-27T13:53:48+00:00","description":"L'INRAE, le Graie et la Turbine organisent une soir\u00e9e Science et soci\u00e9t\u00e9 le mercredi 9 mars 2022 \u00e0 Annecy sur le th\u00e8me Antibior\u00e9sistance et Eau.","breadcrumb":{"@id":"https:\/\/asso.graie.org\/portail\/actes-pharma-aqua-science-et-societe\/#breadcrumb"},"inLanguage":"fr-FR","potentialAction":[{"@type":"ReadAction","target":["https:\/\/asso.graie.org\/portail\/actes-pharma-aqua-science-et-societe\/"]}]},{"@type":"BreadcrumbList","@id":"https:\/\/asso.graie.org\/portail\/actes-pharma-aqua-science-et-societe\/#breadcrumb","itemListElement":[{"@type":"ListItem","position":1,"name":"Accueil","item":"https:\/\/asso.graie.org\/portail\/"},{"@type":"ListItem","position":2,"name":"Actes | S\u00e9minaire et soir\u00e9e Pharma Aqua | 9 mars 2022 | 19h00-21h30"}]},{"@type":"WebSite","@id":"https:\/\/asso.graie.org\/portail\/#website","url":"https:\/\/asso.graie.org\/portail\/","name":"Graie","description":"P\u00f4le Eau et Territoires","publisher":{"@id":"https:\/\/asso.graie.org\/portail\/#organization"},"potentialAction":[{"@type":"SearchAction","target":{"@type":"EntryPoint","urlTemplate":"https:\/\/asso.graie.org\/portail\/?s={search_term_string}"},"query-input":"required name=search_term_string"}],"inLanguage":"fr-FR"},{"@type":"Organization","@id":"https:\/\/asso.graie.org\/portail\/#organization","name":"Le Graie","url":"https:\/\/asso.graie.org\/portail\/","logo":{"@type":"ImageObject","inLanguage":"fr-FR","@id":"https:\/\/asso.graie.org\/portail\/#\/schema\/logo\/image\/","url":"https:\/\/asso.graie.org\/portail\/wp-content\/uploads\/2021\/12\/Logotype-Graie.png","contentUrl":"https:\/\/asso.graie.org\/portail\/wp-content\/uploads\/2021\/12\/Logotype-Graie.png","width":1890,"height":1181,"caption":"Le Graie"},"image":{"@id":"https:\/\/asso.graie.org\/portail\/#\/schema\/logo\/image\/"},"sameAs":["https:\/\/fr.linkedin.com\/company\/graie?trk=top_nav_home","https:\/\/www.youtube.com\/channel\/UCZQk0Tt7upYwERYNdDIZqLQ","https:\/\/twitter.com\/asso_graie"]},{"@type":"Person","@id":"https:\/\/asso.graie.org\/portail\/#\/schema\/person\/486e14d091ff09d12f2b31bad560eb4f","name":"Maureen Carpentier","url":"https:\/\/asso.graie.org\/portail\/author\/juliettecasanova\/"}]}},"_links":{"self":[{"href":"https:\/\/asso.graie.org\/portail\/wp-json\/wp\/v2\/posts\/19698"}],"collection":[{"href":"https:\/\/asso.graie.org\/portail\/wp-json\/wp\/v2\/posts"}],"about":[{"href":"https:\/\/asso.graie.org\/portail\/wp-json\/wp\/v2\/types\/post"}],"author":[{"embeddable":true,"href":"https:\/\/asso.graie.org\/portail\/wp-json\/wp\/v2\/users\/16"}],"replies":[{"embeddable":true,"href":"https:\/\/asso.graie.org\/portail\/wp-json\/wp\/v2\/comments?post=19698"}],"version-history":[{"count":34,"href":"https:\/\/asso.graie.org\/portail\/wp-json\/wp\/v2\/posts\/19698\/revisions"}],"predecessor-version":[{"id":23264,"href":"https:\/\/asso.graie.org\/portail\/wp-json\/wp\/v2\/posts\/19698\/revisions\/23264"}],"wp:featuredmedia":[{"embeddable":true,"href":"https:\/\/asso.graie.org\/portail\/wp-json\/wp\/v2\/media\/19787"}],"wp:attachment":[{"href":"https:\/\/asso.graie.org\/portail\/wp-json\/wp\/v2\/media?parent=19698"}],"wp:term":[{"taxonomy":"category","embeddable":true,"href":"https:\/\/asso.graie.org\/portail\/wp-json\/wp\/v2\/categories?post=19698"},{"taxonomy":"post_tag","embeddable":true,"href":"https:\/\/asso.graie.org\/portail\/wp-json\/wp\/v2\/tags?post=19698"}],"curies":[{"name":"wp","href":"https:\/\/api.w.org\/{rel}","templated":true}]}}