{"id":19795,"date":"2022-02-12T14:47:15","date_gmt":"2022-02-12T13:47:15","guid":{"rendered":"https:\/\/asso.graie.org\/portail\/?p=19795"},"modified":"2023-02-17T12:57:22","modified_gmt":"2023-02-17T11:57:22","slug":"webinaire-france-quebec-ville-permeable-2","status":"publish","type":"post","link":"https:\/\/asso.graie.org\/portail\/webinaire-france-quebec-ville-permeable-2\/","title":{"rendered":"Actes et vid\u00e9os | Webinaire France-Qu\u00e9bec | RDV Ville Perm\u00e9able &#8211; Mars 2022"},"content":{"rendered":"\n<div style=\"height:26px\" aria-hidden=\"true\" class=\"wp-block-spacer\"><\/div>\n\n\n\n<p class=\"has-text-align-center\"><a href=\"http:\/\/www.graie.org\/graie\/graiedoc\/doc_telech\/actesyntheses\/ACTES-GRAIE_VillePermeable-arbres_en_ville_mars22-web.pdf\" class=\"shortc-button big blue \"><span class=\"fa \" aria-hidden=\"true\"><\/span> SUPPORTS D&rsquo;INTERVENTION<\/a>\n\n\n\n<p class=\"has-text-align-center\"><a href=\"\" class=\"shortc-button big pink \"><span class=\"fa \" aria-hidden=\"true\"><\/span> videos<\/a>\n\n\n\n<div style=\"height:26px\" aria-hidden=\"true\" class=\"wp-block-spacer\"><\/div>\n\n\n\n<h2 class=\"wp-block-heading\">Gestion des eaux pluviales et arbres en ville<\/h2>\n\n\n\n<p>Dans la continuit\u00e9 de la conf\u00e9rence \u00ab Ville perm\u00e9able \u00bb <a href=\"http:\/\/www.graie.org\/portail\/conference-ville-permeable-2\/\">novembre 2020<\/a> et des webinaires France-Qu\u00e9bec de <a href=\"https:\/\/asso.graie.org\/portail\/webinaire-france-quebec-ville-permeable\/\">novembre<\/a> et <a href=\"https:\/\/asso.graie.org\/portail\/webinaire-villepermeablefrca\/\">f\u00e9vrier 2021<\/a>, le Graie propose un nouveau rendez-vous, temps de pr\u00e9sentation et de discussion autour de retours d&rsquo;exp\u00e9riences de gestion des eaux pluviales, \u00e0 Montr\u00e9al, \u00e0 Qu\u00e9bec et \u00e0 Lyon.<\/p>\n\n\n\n<div style=\"height:31px\" aria-hidden=\"true\" class=\"wp-block-spacer\"><\/div>\n\n\n\n<h3 class=\"wp-block-heading\"><strong>Th\u00e9matique<\/strong><\/h3>\n\n\n\n<p>Les politiques de d\u00e9connexion des eaux pluviales et la d\u00e9simperm\u00e9abilisation en ville participent au renforcement de la pr\u00e9sence de nature dans le tissu urbain. Elles rendent de nombreux services aux syst\u00e8mes d&rsquo;assainissement, aux citadins (r\u00e9gulation des flux, ambiances, sant\u00e9\u2026) et globalement aux \u00e9cosyst\u00e8mes urbains en favorisant une biodiversit\u00e9 plus fonctionnelle et plus durable.<\/p>\n\n\n\n<div style=\"height:31px\" aria-hidden=\"true\" class=\"wp-block-spacer\"><\/div>\n\n\n\n<ul><li>Comment leurs donner une r\u00e9elle fonction dans la gestion des eaux pluviales urbaines ?<\/li><li>Comment les int\u00e9grer \u00e0 l&rsquo;espace urbain ?<\/li><li>Comment d\u00e9velopper un urbanisme plus \u00e9cologique ?<\/li><li>Comment coupler les enjeux de l&rsquo;eau et de la nature en ville autour de l&rsquo;arbre ?<\/li><\/ul>\n\n\n\n<p>Ces&nbsp;questions seront au c\u0153ur des \u00e9changes et retours d\u2019exp\u00e9rience de cette rencontre.<\/p>\n\n\n\n<div style=\"height:31px\" aria-hidden=\"true\" class=\"wp-block-spacer\"><\/div>\n\n\n\n<h3 class=\"wp-block-heading\"><strong>Programme<\/strong><\/h3>\n\n\n\n<p><strong>14h30<\/strong>&nbsp;&nbsp;&nbsp;&nbsp;&nbsp; Introduction et ouverture du webinaire | Elodie Brelot, GRAIE<\/p>\n\n\n\n<p><strong>14h45<\/strong>&nbsp;&nbsp;&nbsp;&nbsp;&nbsp;&nbsp;&nbsp; <strong>ARBRES DE PLUIE <\/strong>: des facilitateurs de la d\u00e9simperm\u00e9abilisation | Herv\u00e9 Caltran, Direction de l&rsquo;eau &amp; Fr\u00e9d\u00e9ric S\u00e9gur, unit\u00e9 Arbres et Paysage \u2013 M\u00e9tropole de Lyon<\/p>\n\n\n\n<p><strong>15h10<\/strong>&nbsp;&nbsp;&nbsp;&nbsp;&nbsp;&nbsp;&nbsp; La <strong>PLACE DE L&rsquo;ARBRE<\/strong> dans la gestion des eaux de ruissellement dans la communaut\u00e9 m\u00e9tropolitaine de Montr\u00e9al| Louise H\u00e9nault-Ethier, INRS Institut national de la recherche scientifique Canada<\/p>\n\n\n\n<p>Les arbres sont des \u00e9l\u00e9ments embl\u00e9matiques de la nature en ville : ils sont de plus en plus utilis\u00e9s comme vecteur pour dynamiser la strat\u00e9gie de gestion des eaux pluviales. Mais :<\/p>\n\n\n\n<p><strong>15h40<\/strong>&nbsp;&nbsp;&nbsp;&nbsp;&nbsp;&nbsp;&nbsp;&nbsp;Une <strong>APPROCHE MULTIDISCIPLINAIRE ET CONCERT\u00c9E<\/strong> pour une int\u00e9gration r\u00e9ussie des infrastructures vertes dans les quartiers centraux de Qu\u00e9bec | Ghislain Breton, Ville de Qu\u00e9bec<\/p>\n\n\n\n<p><strong>16h10<\/strong>&nbsp;&nbsp;&nbsp;&nbsp;&nbsp;&nbsp;&nbsp; L\u2019importance des <strong>ESPACES PRIV\u00c9S<\/strong> dans la gestion de la perm\u00e9abilit\u00e9 | Thomas Boutreux, Bernard Kaufmann \u2013 Universit\u00e9 Claude Bernard Lyon 1 LEHNA<\/p>\n\n\n\n<p><strong>16h40<\/strong>&nbsp;&nbsp;&nbsp;&nbsp;&nbsp;&nbsp;&nbsp; Synth\u00e8se \/ Conclusion | GRAIE<\/p>\n\n\n\n<p><strong>17h00<\/strong>&nbsp;&nbsp;&nbsp;&nbsp;&nbsp;&nbsp;&nbsp; Fin du webinaire<\/p>\n\n\n\n[ 9h30 &#8211; heure canada]\n\n\n\n<div style=\"height:31px\" aria-hidden=\"true\" class=\"wp-block-spacer\"><\/div>\n\n\n\n<h3 class=\"wp-block-heading\"><strong>Public Cible<\/strong><\/h3>\n\n\n\n<p>Tous les professionnels acteurs de la ville et du changement :<\/p>\n\n\n\n<ul><li>les agents des collectivit\u00e9s, fran\u00e7aises et qu\u00e9b\u00e9coises, des espaces publics (voiries, espaces verts), de l\u2019urbanisme et de la gestion de l\u2019eau<\/li><li>les am\u00e9nageurs, architectes, paysagistes et bureaux d\u2019\u00e9tude (urbanisme et infrastructures)<\/li><li>les chercheurs<\/li><\/ul>\n\n\n\n<div style=\"height:100px\" aria-hidden=\"true\" class=\"wp-block-spacer\"><\/div>\n\n\n\n<h3 class=\"wp-block-heading\"><strong>Vid\u00e9os<\/strong><\/h3>\n\n\n\n<figure class=\"wp-block-embed is-type-rich is-provider-prise-en-charge-des-contenus-embarques wp-block-embed-prise-en-charge-des-contenus-embarques wp-embed-aspect-16-9 wp-has-aspect-ratio\"><div class=\"wp-block-embed__wrapper\">\n<iframe loading=\"lazy\" title=\"Webinaire Ville Perm\u00e9able - Arbres en ville - Partie 1\" width=\"708\" height=\"398\" src=\"https:\/\/www.youtube.com\/embed\/MiafP6q-5-Y?feature=oembed\" frameborder=\"0\" allow=\"accelerometer; autoplay; clipboard-write; encrypted-media; gyroscope; picture-in-picture; web-share\" allowfullscreen><\/iframe>\n<\/div><\/figure>\n\n\n\n<figure class=\"wp-block-embed is-type-rich is-provider-prise-en-charge-des-contenus-embarques wp-block-embed-prise-en-charge-des-contenus-embarques wp-embed-aspect-16-9 wp-has-aspect-ratio\"><div class=\"wp-block-embed__wrapper\">\n<iframe loading=\"lazy\" title=\"Webinaire Ville Perm\u00e9able - Arbres en ville - Partie 2\" width=\"708\" height=\"398\" src=\"https:\/\/www.youtube.com\/embed\/S1cu423emkI?feature=oembed\" frameborder=\"0\" allow=\"accelerometer; autoplay; clipboard-write; encrypted-media; gyroscope; picture-in-picture; web-share\" allowfullscreen><\/iframe>\n<\/div><\/figure>\n\n\n\n<figure class=\"wp-block-embed is-type-rich is-provider-prise-en-charge-des-contenus-embarques wp-block-embed-prise-en-charge-des-contenus-embarques wp-embed-aspect-16-9 wp-has-aspect-ratio\"><div class=\"wp-block-embed__wrapper\">\n<iframe loading=\"lazy\" title=\"Webinaire Ville Perm\u00e9able - Arbres en ville - Partie 3\" width=\"708\" height=\"398\" src=\"https:\/\/www.youtube.com\/embed\/8wYaUZFma7A?feature=oembed\" frameborder=\"0\" allow=\"accelerometer; autoplay; clipboard-write; encrypted-media; gyroscope; picture-in-picture; web-share\" allowfullscreen><\/iframe>\n<\/div><\/figure>\n\n\n\n<div style=\"height:31px\" aria-hidden=\"true\" class=\"wp-block-spacer\"><\/div>\n\n\n\n<h3 class=\"wp-block-heading\"><strong>Les rendez-vous \u00ab&nbsp;Ville Perm\u00e9able&nbsp;\u00bb du Graie<\/strong><\/h3>\n\n\n\n<p>Ces rencontres sont des temps de conf\u00e9rences et d&rsquo;\u00e9changes permettant de partager des r\u00e9flexions prospectives, des r\u00e9sultats de recherche et des retours d&rsquo;exp\u00e9rience sur les cl\u00e9s et leviers mobilis\u00e9s pour un changement effectif des pratiques :<\/p>\n\n\n\n<ul><li>Le retour sur des op\u00e9rations \u00ab\u00a0banales\u00a0\u00bb ou embl\u00e9matiques, pour faire la d\u00e9monstration par l&rsquo;exemple.<\/li><li>Les approches transversales, multidisciplinaires et pluri-acteurs, tant dans l&rsquo;\u00e9laboration des strat\u00e9gies que dans la mise en \u0153uvre des op\u00e9rations d&rsquo;am\u00e9nagement.<\/li><li>L&rsquo;accompagnement du changement en appui sur cette cha\u00eene d&rsquo;acteurs vari\u00e9s, qui interviennent pour certains malgr\u00e9 eux sur la gestion de l&rsquo;eau.<\/li><\/ul>\n\n\n\n<p>Nous d\u00e9veloppons les \u00e9changes et collaborations France-Qu\u00e9bec autour de la ville perm\u00e9able, du fait de la richesse et de la compl\u00e9mentarit\u00e9 des approches sur les deux continents, en b\u00e9n\u00e9ficiant du partage de la langue fran\u00e7aise.<\/p>\n\n\n\n<div style=\"height:31px\" aria-hidden=\"true\" class=\"wp-block-spacer\"><\/div>\n\n\n\n<h3 class=\"wp-block-heading\"><strong>Partenaires<\/strong><\/h3>\n\n\n\n<p>Webinaire organis\u00e9 par le Graie<br>dans le cadre des partenariats France-Qu\u00e9bec sur les eaux pluviales, en collaboration avec la M\u00e9tropole de Lyon, la ville de Montr\u00e9al, la ville de Qu\u00e9bec et R\u00e9seau Environnement. #CoopFrCA<\/p>\n\n\n\n<p>L\u2019animation de la th\u00e9matique \u00ab\u00a0Eau dans la ville\u00a0\u00bb b\u00e9n\u00e9ficie par ailleurs du soutien des agences de l\u2019eau Rh\u00f4ne M\u00e9diterran\u00e9e Corse et Loire-Bretagne, du Minist\u00e8re de la Transition \u00c9cologique et de l&rsquo;association VAD \u00ab\u00a0Ville &amp; Am\u00e9nagement Durable\u00a0\u00bb .<\/p>\n\n\n\n<div style=\"height:31px\" aria-hidden=\"true\" class=\"wp-block-spacer\"><\/div>\n\n\n\n<div style=\"height:31px\" aria-hidden=\"true\" class=\"wp-block-spacer\"><\/div>\n\n\n\n<p><strong>Contact :<\/strong><\/p>\n\n\n\n<a class=\"lightbox-enabled\" href=\"https:\/\/asso.graie.org\/portail\/laetitia-bacot\/\" data-caption=\"\" title=\"\">La\u00ebtitia BACOT<\/a>.<\/p>\n\n\n\n<div style=\"height:31px\" aria-hidden=\"true\" class=\"wp-block-spacer\"><\/div>\n","protected":false},"excerpt":{"rendered":"<p>Gestion des eaux pluviales et arbres en ville Dans la continuit\u00e9 de la conf\u00e9rence \u00ab Ville perm\u00e9able \u00bb novembre 2020 et des webinaires France-Qu\u00e9bec de novembre et f\u00e9vrier 2021, le Graie propose un nouveau rendez-vous, temps de pr\u00e9sentation et de &hellip;<\/p>\n","protected":false},"author":9,"featured_media":19797,"comment_status":"closed","ping_status":"closed","sticky":false,"template":"","format":"standard","meta":{"_mi_skip_tracking":false,"footnotes":""},"categories":[26,32,589,29],"tags":[1724,1604,1629,1603,1723,228,1668,1725,1602],"acf":[],"yoast_head":"<!-- This site is optimized with the Yoast SEO plugin v19.13 - https:\/\/yoast.com\/wordpress\/plugins\/seo\/ -->\n<title>Webinaire France\/Qu\u00e9bec | Eaux pluviales et arbres | RDV ville perm\u00e9able<\/title>\n<meta name=\"description\" content=\"Participez au webinaire France\/Qu\u00e9bec pr\u00e9sentant des retours d&#039;exp\u00e9riences sur la gestion des eaux pluviales.\" \/>\n<meta name=\"robots\" content=\"index, follow, max-snippet:-1, max-image-preview:large, max-video-preview:-1\" \/>\n<link rel=\"canonical\" href=\"https:\/\/asso.graie.org\/portail\/webinaire-france-quebec-ville-permeable-2\/\" \/>\n<meta property=\"og:locale\" content=\"fr_FR\" \/>\n<meta property=\"og:type\" content=\"article\" \/>\n<meta property=\"og:title\" content=\"Webinaire France\/Qu\u00e9bec | Eaux pluviales et arbres | RDV ville perm\u00e9able\" \/>\n<meta property=\"og:description\" content=\"Participez au webinaire France\/Qu\u00e9bec pr\u00e9sentant des retours d&#039;exp\u00e9riences sur la gestion des eaux pluviales.\" \/>\n<meta property=\"og:url\" content=\"https:\/\/asso.graie.org\/portail\/webinaire-france-quebec-ville-permeable-2\/\" \/>\n<meta property=\"og:site_name\" content=\"Graie\" \/>\n<meta property=\"article:published_time\" content=\"2022-02-12T13:47:15+00:00\" \/>\n<meta property=\"article:modified_time\" content=\"2023-02-17T11:57:22+00:00\" \/>\n<meta property=\"og:image\" content=\"https:\/\/asso.graie.org\/portail\/wp-content\/uploads\/2022\/02\/IMG_E8549-scaled.jpg\" \/>\n\t<meta property=\"og:image:width\" content=\"2560\" \/>\n\t<meta property=\"og:image:height\" content=\"1920\" \/>\n\t<meta property=\"og:image:type\" content=\"image\/jpeg\" \/>\n<meta name=\"author\" content=\"Laetitia Bacot\" \/>\n<meta name=\"twitter:card\" content=\"summary_large_image\" \/>\n<meta name=\"twitter:creator\" content=\"@asso_graie\" \/>\n<meta name=\"twitter:site\" content=\"@asso_graie\" \/>\n<meta name=\"twitter:label1\" content=\"\u00c9crit par\" \/>\n\t<meta name=\"twitter:data1\" content=\"Laetitia Bacot\" \/>\n\t<meta name=\"twitter:label2\" content=\"Dur\u00e9e de lecture estim\u00e9e\" \/>\n\t<meta name=\"twitter:data2\" content=\"4 minutes\" \/>\n<script type=\"application\/ld+json\" class=\"yoast-schema-graph\">{\"@context\":\"https:\/\/schema.org\",\"@graph\":[{\"@type\":\"Article\",\"@id\":\"https:\/\/asso.graie.org\/portail\/webinaire-france-quebec-ville-permeable-2\/#article\",\"isPartOf\":{\"@id\":\"https:\/\/asso.graie.org\/portail\/webinaire-france-quebec-ville-permeable-2\/\"},\"author\":{\"name\":\"Laetitia Bacot\",\"@id\":\"https:\/\/asso.graie.org\/portail\/#\/schema\/person\/32d8e579e7571258fa5a8d6575f1da6b\"},\"headline\":\"Actes et vid\u00e9os | Webinaire France-Qu\u00e9bec | RDV Ville Perm\u00e9able &#8211; Mars 2022\",\"datePublished\":\"2022-02-12T13:47:15+00:00\",\"dateModified\":\"2023-02-17T11:57:22+00:00\",\"mainEntityOfPage\":{\"@id\":\"https:\/\/asso.graie.org\/portail\/webinaire-france-quebec-ville-permeable-2\/\"},\"wordCount\":801,\"publisher\":{\"@id\":\"https:\/\/asso.graie.org\/portail\/#organization\"},\"keywords\":[\"arbres\",\"CoopFrQc\",\"eau pluviale\",\"France-Quebec\",\"NBS\",\"pluvial\",\"Retours experiences\",\"v\u00e9g\u00e9talisation\",\"VILLE PERMEABLE\"],\"articleSection\":[\"Derni\u00e8res parutions\",\"Eaux pluviales et am\u00e9nagement\",\"Historique Agenda\",\"Productions\"],\"inLanguage\":\"fr-FR\"},{\"@type\":\"WebPage\",\"@id\":\"https:\/\/asso.graie.org\/portail\/webinaire-france-quebec-ville-permeable-2\/\",\"url\":\"https:\/\/asso.graie.org\/portail\/webinaire-france-quebec-ville-permeable-2\/\",\"name\":\"Webinaire France\/Qu\u00e9bec | Eaux pluviales et arbres | RDV ville perm\u00e9able\",\"isPartOf\":{\"@id\":\"https:\/\/asso.graie.org\/portail\/#website\"},\"datePublished\":\"2022-02-12T13:47:15+00:00\",\"dateModified\":\"2023-02-17T11:57:22+00:00\",\"description\":\"Participez au webinaire France\/Qu\u00e9bec pr\u00e9sentant des retours d'exp\u00e9riences sur la gestion des eaux pluviales.\",\"breadcrumb\":{\"@id\":\"https:\/\/asso.graie.org\/portail\/webinaire-france-quebec-ville-permeable-2\/#breadcrumb\"},\"inLanguage\":\"fr-FR\",\"potentialAction\":[{\"@type\":\"ReadAction\",\"target\":[\"https:\/\/asso.graie.org\/portail\/webinaire-france-quebec-ville-permeable-2\/\"]}]},{\"@type\":\"BreadcrumbList\",\"@id\":\"https:\/\/asso.graie.org\/portail\/webinaire-france-quebec-ville-permeable-2\/#breadcrumb\",\"itemListElement\":[{\"@type\":\"ListItem\",\"position\":1,\"name\":\"Accueil\",\"item\":\"https:\/\/asso.graie.org\/portail\/\"},{\"@type\":\"ListItem\",\"position\":2,\"name\":\"Actes et vid\u00e9os | Webinaire France-Qu\u00e9bec | RDV Ville Perm\u00e9able &#8211; Mars 2022\"}]},{\"@type\":\"WebSite\",\"@id\":\"https:\/\/asso.graie.org\/portail\/#website\",\"url\":\"https:\/\/asso.graie.org\/portail\/\",\"name\":\"Graie\",\"description\":\"P\u00f4le Eau et Territoires\",\"publisher\":{\"@id\":\"https:\/\/asso.graie.org\/portail\/#organization\"},\"potentialAction\":[{\"@type\":\"SearchAction\",\"target\":{\"@type\":\"EntryPoint\",\"urlTemplate\":\"https:\/\/asso.graie.org\/portail\/?s={search_term_string}\"},\"query-input\":\"required name=search_term_string\"}],\"inLanguage\":\"fr-FR\"},{\"@type\":\"Organization\",\"@id\":\"https:\/\/asso.graie.org\/portail\/#organization\",\"name\":\"Le Graie\",\"url\":\"https:\/\/asso.graie.org\/portail\/\",\"logo\":{\"@type\":\"ImageObject\",\"inLanguage\":\"fr-FR\",\"@id\":\"https:\/\/asso.graie.org\/portail\/#\/schema\/logo\/image\/\",\"url\":\"https:\/\/asso.graie.org\/portail\/wp-content\/uploads\/2021\/12\/Logotype-Graie.png\",\"contentUrl\":\"https:\/\/asso.graie.org\/portail\/wp-content\/uploads\/2021\/12\/Logotype-Graie.png\",\"width\":1890,\"height\":1181,\"caption\":\"Le Graie\"},\"image\":{\"@id\":\"https:\/\/asso.graie.org\/portail\/#\/schema\/logo\/image\/\"},\"sameAs\":[\"https:\/\/fr.linkedin.com\/company\/graie?trk=top_nav_home\",\"https:\/\/www.youtube.com\/channel\/UCZQk0Tt7upYwERYNdDIZqLQ\",\"https:\/\/twitter.com\/asso_graie\"]},{\"@type\":\"Person\",\"@id\":\"https:\/\/asso.graie.org\/portail\/#\/schema\/person\/32d8e579e7571258fa5a8d6575f1da6b\",\"name\":\"Laetitia Bacot\",\"url\":\"https:\/\/asso.graie.org\/portail\/author\/laetitiabacot\/\"}]}<\/script>\n<!-- \/ Yoast SEO plugin. -->","yoast_head_json":{"title":"Webinaire France\/Qu\u00e9bec | Eaux pluviales et arbres | RDV ville perm\u00e9able","description":"Participez au webinaire France\/Qu\u00e9bec pr\u00e9sentant des retours d'exp\u00e9riences sur la gestion des eaux pluviales.","robots":{"index":"index","follow":"follow","max-snippet":"max-snippet:-1","max-image-preview":"max-image-preview:large","max-video-preview":"max-video-preview:-1"},"canonical":"https:\/\/asso.graie.org\/portail\/webinaire-france-quebec-ville-permeable-2\/","og_locale":"fr_FR","og_type":"article","og_title":"Webinaire France\/Qu\u00e9bec | Eaux pluviales et arbres | RDV ville perm\u00e9able","og_description":"Participez au webinaire France\/Qu\u00e9bec pr\u00e9sentant des retours d'exp\u00e9riences sur la gestion des eaux pluviales.","og_url":"https:\/\/asso.graie.org\/portail\/webinaire-france-quebec-ville-permeable-2\/","og_site_name":"Graie","article_published_time":"2022-02-12T13:47:15+00:00","article_modified_time":"2023-02-17T11:57:22+00:00","og_image":[{"width":2560,"height":1920,"url":"https:\/\/asso.graie.org\/portail\/wp-content\/uploads\/2022\/02\/IMG_E8549-scaled.jpg","type":"image\/jpeg"}],"author":"Laetitia Bacot","twitter_card":"summary_large_image","twitter_creator":"@asso_graie","twitter_site":"@asso_graie","twitter_misc":{"\u00c9crit par":"Laetitia Bacot","Dur\u00e9e de lecture estim\u00e9e":"4 minutes"},"schema":{"@context":"https:\/\/schema.org","@graph":[{"@type":"Article","@id":"https:\/\/asso.graie.org\/portail\/webinaire-france-quebec-ville-permeable-2\/#article","isPartOf":{"@id":"https:\/\/asso.graie.org\/portail\/webinaire-france-quebec-ville-permeable-2\/"},"author":{"name":"Laetitia Bacot","@id":"https:\/\/asso.graie.org\/portail\/#\/schema\/person\/32d8e579e7571258fa5a8d6575f1da6b"},"headline":"Actes et vid\u00e9os | Webinaire France-Qu\u00e9bec | RDV Ville Perm\u00e9able &#8211; Mars 2022","datePublished":"2022-02-12T13:47:15+00:00","dateModified":"2023-02-17T11:57:22+00:00","mainEntityOfPage":{"@id":"https:\/\/asso.graie.org\/portail\/webinaire-france-quebec-ville-permeable-2\/"},"wordCount":801,"publisher":{"@id":"https:\/\/asso.graie.org\/portail\/#organization"},"keywords":["arbres","CoopFrQc","eau pluviale","France-Quebec","NBS","pluvial","Retours experiences","v\u00e9g\u00e9talisation","VILLE PERMEABLE"],"articleSection":["Derni\u00e8res parutions","Eaux pluviales et am\u00e9nagement","Historique Agenda","Productions"],"inLanguage":"fr-FR"},{"@type":"WebPage","@id":"https:\/\/asso.graie.org\/portail\/webinaire-france-quebec-ville-permeable-2\/","url":"https:\/\/asso.graie.org\/portail\/webinaire-france-quebec-ville-permeable-2\/","name":"Webinaire France\/Qu\u00e9bec | Eaux pluviales et arbres | RDV ville perm\u00e9able","isPartOf":{"@id":"https:\/\/asso.graie.org\/portail\/#website"},"datePublished":"2022-02-12T13:47:15+00:00","dateModified":"2023-02-17T11:57:22+00:00","description":"Participez au webinaire France\/Qu\u00e9bec pr\u00e9sentant des retours d'exp\u00e9riences sur la gestion des eaux pluviales.","breadcrumb":{"@id":"https:\/\/asso.graie.org\/portail\/webinaire-france-quebec-ville-permeable-2\/#breadcrumb"},"inLanguage":"fr-FR","potentialAction":[{"@type":"ReadAction","target":["https:\/\/asso.graie.org\/portail\/webinaire-france-quebec-ville-permeable-2\/"]}]},{"@type":"BreadcrumbList","@id":"https:\/\/asso.graie.org\/portail\/webinaire-france-quebec-ville-permeable-2\/#breadcrumb","itemListElement":[{"@type":"ListItem","position":1,"name":"Accueil","item":"https:\/\/asso.graie.org\/portail\/"},{"@type":"ListItem","position":2,"name":"Actes et vid\u00e9os | Webinaire France-Qu\u00e9bec | RDV Ville Perm\u00e9able &#8211; Mars 2022"}]},{"@type":"WebSite","@id":"https:\/\/asso.graie.org\/portail\/#website","url":"https:\/\/asso.graie.org\/portail\/","name":"Graie","description":"P\u00f4le Eau et Territoires","publisher":{"@id":"https:\/\/asso.graie.org\/portail\/#organization"},"potentialAction":[{"@type":"SearchAction","target":{"@type":"EntryPoint","urlTemplate":"https:\/\/asso.graie.org\/portail\/?s={search_term_string}"},"query-input":"required name=search_term_string"}],"inLanguage":"fr-FR"},{"@type":"Organization","@id":"https:\/\/asso.graie.org\/portail\/#organization","name":"Le Graie","url":"https:\/\/asso.graie.org\/portail\/","logo":{"@type":"ImageObject","inLanguage":"fr-FR","@id":"https:\/\/asso.graie.org\/portail\/#\/schema\/logo\/image\/","url":"https:\/\/asso.graie.org\/portail\/wp-content\/uploads\/2021\/12\/Logotype-Graie.png","contentUrl":"https:\/\/asso.graie.org\/portail\/wp-content\/uploads\/2021\/12\/Logotype-Graie.png","width":1890,"height":1181,"caption":"Le Graie"},"image":{"@id":"https:\/\/asso.graie.org\/portail\/#\/schema\/logo\/image\/"},"sameAs":["https:\/\/fr.linkedin.com\/company\/graie?trk=top_nav_home","https:\/\/www.youtube.com\/channel\/UCZQk0Tt7upYwERYNdDIZqLQ","https:\/\/twitter.com\/asso_graie"]},{"@type":"Person","@id":"https:\/\/asso.graie.org\/portail\/#\/schema\/person\/32d8e579e7571258fa5a8d6575f1da6b","name":"Laetitia Bacot","url":"https:\/\/asso.graie.org\/portail\/author\/laetitiabacot\/"}]}},"_links":{"self":[{"href":"https:\/\/asso.graie.org\/portail\/wp-json\/wp\/v2\/posts\/19795"}],"collection":[{"href":"https:\/\/asso.graie.org\/portail\/wp-json\/wp\/v2\/posts"}],"about":[{"href":"https:\/\/asso.graie.org\/portail\/wp-json\/wp\/v2\/types\/post"}],"author":[{"embeddable":true,"href":"https:\/\/asso.graie.org\/portail\/wp-json\/wp\/v2\/users\/9"}],"replies":[{"embeddable":true,"href":"https:\/\/asso.graie.org\/portail\/wp-json\/wp\/v2\/comments?post=19795"}],"version-history":[{"count":57,"href":"https:\/\/asso.graie.org\/portail\/wp-json\/wp\/v2\/posts\/19795\/revisions"}],"predecessor-version":[{"id":22866,"href":"https:\/\/asso.graie.org\/portail\/wp-json\/wp\/v2\/posts\/19795\/revisions\/22866"}],"wp:featuredmedia":[{"embeddable":true,"href":"https:\/\/asso.graie.org\/portail\/wp-json\/wp\/v2\/media\/19797"}],"wp:attachment":[{"href":"https:\/\/asso.graie.org\/portail\/wp-json\/wp\/v2\/media?parent=19795"}],"wp:term":[{"taxonomy":"category","embeddable":true,"href":"https:\/\/asso.graie.org\/portail\/wp-json\/wp\/v2\/categories?post=19795"},{"taxonomy":"post_tag","embeddable":true,"href":"https:\/\/asso.graie.org\/portail\/wp-json\/wp\/v2\/tags?post=19795"}],"curies":[{"name":"wp","href":"https:\/\/api.w.org\/{rel}","templated":true}]}}