{"id":19871,"date":"2022-02-28T17:05:36","date_gmt":"2022-02-28T16:05:36","guid":{"rendered":"https:\/\/asso.graie.org\/portail\/?p=19871"},"modified":"2023-02-14T09:58:30","modified_gmt":"2023-02-14T08:58:30","slug":"lancement-defis-berges-2022-cluster-ems","status":"publish","type":"post","link":"https:\/\/asso.graie.org\/portail\/lancement-defis-berges-2022-cluster-ems\/","title":{"rendered":"Cluster EMS | Lancement des D\u00e9fis Berges 2022"},"content":{"rendered":"<p style=\"text-align: center;\"><img decoding=\"async\" loading=\"lazy\" class=\"alignnone size-full wp-image-19872\" src=\"https:\/\/asso.graie.org\/portail\/wp-content\/uploads\/2022\/02\/clustereaumilieuxsols.png\" alt=\"\" width=\"161\" height=\"215\" \/><\/p>\n<h3><\/h3>\n<h3>Le Cluster Eau Milieux Sols lance la deuxi\u00e8me \u00e9dition des D\u00e9fis Berges sur la ville de Villeneuve-Saint-Georges !<\/h3>\n<h4><\/h4>\n<h4>Les candidatures sont ouvertes jusqu&rsquo;au 25 mars 2022.<\/h4>\n<p style=\"text-align: center;\"><a href=\"https:\/\/clusterems.org\/les-defis-innovation-eau-milieux-sols-editions-berges-seine-amont-2022\/\" class=\"shortc-button medium blue \"><span class=\"fa \" aria-hidden=\"true\"><\/span> En savoir plus<\/a>\n<p class=\"text-build-content\" data-testid=\"N6TSiNjre\">Dans un contexte de changement climatique, les D\u00e9fis Innovation Eau-Milieux-Sols Berges Seine Amont, r\u00e9pondent aux nouveaux enjeux et besoins li\u00e9s aux usages des berges et \u00e0 la qualit\u00e9 des milieux naturels.<\/p>\n<p class=\"text-build-content\" data-testid=\"N6TSiNjre\">Suite aux \u00e9tudes men\u00e9es sur les berges de Seine dont celle de l\u2019EPA ORSA et ses partenaires, ces D\u00e9fis ont pour objectifs op\u00e9rationnels d\u2019inspirer les futurs am\u00e9nagements des berges de la Seine-Amont dans le Val de Marne et de ses affluents, avec l\u2019ensemble des acteurs concern\u00e9s.<\/p>\n<p>Le but de ces d\u00e9fis est de proposer sur des zones d&rsquo;exp\u00e9rimentation d\u00e9j\u00e0 identifi\u00e9es des projets innovants autour des th\u00e9matiques de l&rsquo;environnement et de l&rsquo;am\u00e9nagement.<\/p>\n<p>Les laur\u00e9ats se verront attribuer une dotation pouvant aller jusqu&rsquo;\u00e0 5000\u20ac !<\/p>\n<h3><strong>Les sujets de cette \u00e9dition<br \/>\n<\/strong><\/h3>\n<ul>\n<li>Gestion incitative des d\u00e9chets pour cr\u00e9er un lieu de vie agr\u00e9able.<\/li>\n<li>Mise en place d&rsquo;une r\u00e9serve de biodiversit\u00e9 au niveau de la confluence.<\/li>\n<li>Gestion des Macrod\u00e9chets pour pr\u00e9server le milieu des pollutions urbaines.<\/li>\n<li>Gestion\/traitement des esp\u00e8ces invasives et mobilit\u00e9.<\/li>\n<li>Cr\u00e9ation d&rsquo;une zone humide.<\/li>\n<\/ul>\n<h3><strong>Dates cl\u00e9s<br \/>\n<\/strong><\/h3>\n<ul>\n<li>Du 24 janvier au 25 mars 2022 \u00e0 23h : envoi des candidatures<\/li>\n<li>D\u00e9but avril 2022 : Primo jury de s\u00e9lection des projets<\/li>\n<li>15 avril 2022 : Jury de s\u00e9lection<\/li>\n<li>21 avril 2022 : annonce des laur\u00e9ats lros du Forum Eau<\/li>\n<\/ul>\n<h3><\/h3>\n<h3><strong>A gagner pour les laur\u00e9ats<br \/>\n<\/strong><\/h3>\n<ul>\n<li class=\"text-build-content\" data-testid=\"N6TSiNjre\">Un lieu d\u2019exp\u00e9rimentation<\/li>\n<li class=\"text-build-content\" data-testid=\"N6TSiNjre\">Un co-financement sous forme d\u2019une dotation<\/li>\n<li class=\"text-build-content\" data-testid=\"N6TSiNjre\">Une communication et l\u2019opportunit\u00e9 de nouveaux partenariats<\/li>\n<\/ul>\n<p><strong>&gt; Plus d&rsquo;informations sur le <a href=\"https:\/\/www.clusterems.org\/\">site clusterems.org<\/a>.<\/strong><\/p>\n","protected":false},"excerpt":{"rendered":"<p>Le Cluster Eau Milieux Sols lance la deuxi\u00e8me \u00e9dition des D\u00e9fis Berges sur la ville de Villeneuve-Saint-Georges ! Les candidatures sont ouvertes jusqu&rsquo;au 25 mars 2022. Dans un contexte de changement climatique, les D\u00e9fis Innovation Eau-Milieux-Sols Berges Seine Amont, r\u00e9pondent &hellip;<\/p>\n","protected":false},"author":16,"featured_media":19963,"comment_status":"closed","ping_status":"closed","sticky":false,"template":"","format":"standard","meta":{"_mi_skip_tracking":false,"footnotes":""},"categories":[27,28],"tags":[1639,88,1726,1730,1728,1729,1727,186,1543],"acf":[],"yoast_head":"<!-- This site is optimized with the Yoast SEO plugin v19.13 - https:\/\/yoast.com\/wordpress\/plugins\/seo\/ -->\n<title>Lancement des D\u00e9fis Berges 2022 | Actualit\u00e9s partenaires | Le Graie<\/title>\n<meta name=\"description\" content=\"Le Cluster Eau Milieux Sols lance la deuxi\u00e8me \u00e9dition des D\u00e9fis Berges sur la ville de Villeneuve-Saint-Georges !\" \/>\n<meta name=\"robots\" content=\"index, follow, max-snippet:-1, max-image-preview:large, max-video-preview:-1\" \/>\n<link rel=\"canonical\" href=\"https:\/\/asso.graie.org\/portail\/lancement-defis-berges-2022-cluster-ems\/\" \/>\n<meta property=\"og:locale\" content=\"fr_FR\" \/>\n<meta property=\"og:type\" content=\"article\" \/>\n<meta property=\"og:title\" content=\"Lancement des D\u00e9fis Berges 2022 | Actualit\u00e9s partenaires | Le Graie\" \/>\n<meta property=\"og:description\" content=\"Le Cluster Eau Milieux Sols lance la deuxi\u00e8me \u00e9dition des D\u00e9fis Berges sur la ville de Villeneuve-Saint-Georges !\" \/>\n<meta property=\"og:url\" content=\"https:\/\/asso.graie.org\/portail\/lancement-defis-berges-2022-cluster-ems\/\" \/>\n<meta property=\"og:site_name\" content=\"Graie\" \/>\n<meta property=\"article:published_time\" content=\"2022-02-28T16:05:36+00:00\" \/>\n<meta property=\"article:modified_time\" content=\"2023-02-14T08:58:30+00:00\" \/>\n<meta property=\"og:image\" content=\"https:\/\/asso.graie.org\/portail\/wp-content\/uploads\/2022\/02\/Actus-partenaires.png\" \/>\n\t<meta property=\"og:image:width\" content=\"800\" \/>\n\t<meta property=\"og:image:height\" content=\"500\" \/>\n\t<meta property=\"og:image:type\" content=\"image\/png\" \/>\n<meta name=\"author\" content=\"Maureen Carpentier\" \/>\n<meta name=\"twitter:card\" content=\"summary_large_image\" \/>\n<meta name=\"twitter:creator\" content=\"@asso_graie\" \/>\n<meta name=\"twitter:site\" content=\"@asso_graie\" \/>\n<meta name=\"twitter:label1\" content=\"\u00c9crit par\" \/>\n\t<meta name=\"twitter:data1\" content=\"Maureen Carpentier\" \/>\n\t<meta name=\"twitter:label2\" content=\"Dur\u00e9e de lecture estim\u00e9e\" \/>\n\t<meta name=\"twitter:data2\" content=\"2 minutes\" \/>\n<script type=\"application\/ld+json\" class=\"yoast-schema-graph\">{\"@context\":\"https:\/\/schema.org\",\"@graph\":[{\"@type\":\"Article\",\"@id\":\"https:\/\/asso.graie.org\/portail\/lancement-defis-berges-2022-cluster-ems\/#article\",\"isPartOf\":{\"@id\":\"https:\/\/asso.graie.org\/portail\/lancement-defis-berges-2022-cluster-ems\/\"},\"author\":{\"name\":\"Maureen Carpentier\",\"@id\":\"https:\/\/asso.graie.org\/portail\/#\/schema\/person\/486e14d091ff09d12f2b31bad560eb4f\"},\"headline\":\"Cluster EMS | Lancement des D\u00e9fis Berges 2022\",\"datePublished\":\"2022-02-28T16:05:36+00:00\",\"dateModified\":\"2023-02-14T08:58:30+00:00\",\"mainEntityOfPage\":{\"@id\":\"https:\/\/asso.graie.org\/portail\/lancement-defis-berges-2022-cluster-ems\/\"},\"wordCount\":306,\"publisher\":{\"@id\":\"https:\/\/asso.graie.org\/portail\/#organization\"},\"keywords\":[\"actualit\u00e9 partenaire\",\"am\u00e9nagement\",\"cluster\",\"concours\",\"d\u00e9fis\",\"d\u00e9fis berges\",\"eau milieux sols\",\"environnement\",\"innovation\"],\"articleSection\":[\"Actualit\u00e9s partenaires\",\"Toute l'actualit\u00e9\"],\"inLanguage\":\"fr-FR\"},{\"@type\":\"WebPage\",\"@id\":\"https:\/\/asso.graie.org\/portail\/lancement-defis-berges-2022-cluster-ems\/\",\"url\":\"https:\/\/asso.graie.org\/portail\/lancement-defis-berges-2022-cluster-ems\/\",\"name\":\"Lancement des D\u00e9fis Berges 2022 | Actualit\u00e9s partenaires | Le Graie\",\"isPartOf\":{\"@id\":\"https:\/\/asso.graie.org\/portail\/#website\"},\"datePublished\":\"2022-02-28T16:05:36+00:00\",\"dateModified\":\"2023-02-14T08:58:30+00:00\",\"description\":\"Le Cluster Eau Milieux Sols lance la deuxi\u00e8me \u00e9dition des D\u00e9fis Berges sur la ville de Villeneuve-Saint-Georges !\",\"breadcrumb\":{\"@id\":\"https:\/\/asso.graie.org\/portail\/lancement-defis-berges-2022-cluster-ems\/#breadcrumb\"},\"inLanguage\":\"fr-FR\",\"potentialAction\":[{\"@type\":\"ReadAction\",\"target\":[\"https:\/\/asso.graie.org\/portail\/lancement-defis-berges-2022-cluster-ems\/\"]}]},{\"@type\":\"BreadcrumbList\",\"@id\":\"https:\/\/asso.graie.org\/portail\/lancement-defis-berges-2022-cluster-ems\/#breadcrumb\",\"itemListElement\":[{\"@type\":\"ListItem\",\"position\":1,\"name\":\"Accueil\",\"item\":\"https:\/\/asso.graie.org\/portail\/\"},{\"@type\":\"ListItem\",\"position\":2,\"name\":\"Cluster EMS | Lancement des D\u00e9fis Berges 2022\"}]},{\"@type\":\"WebSite\",\"@id\":\"https:\/\/asso.graie.org\/portail\/#website\",\"url\":\"https:\/\/asso.graie.org\/portail\/\",\"name\":\"Graie\",\"description\":\"P\u00f4le Eau et Territoires\",\"publisher\":{\"@id\":\"https:\/\/asso.graie.org\/portail\/#organization\"},\"potentialAction\":[{\"@type\":\"SearchAction\",\"target\":{\"@type\":\"EntryPoint\",\"urlTemplate\":\"https:\/\/asso.graie.org\/portail\/?s={search_term_string}\"},\"query-input\":\"required name=search_term_string\"}],\"inLanguage\":\"fr-FR\"},{\"@type\":\"Organization\",\"@id\":\"https:\/\/asso.graie.org\/portail\/#organization\",\"name\":\"Le Graie\",\"url\":\"https:\/\/asso.graie.org\/portail\/\",\"logo\":{\"@type\":\"ImageObject\",\"inLanguage\":\"fr-FR\",\"@id\":\"https:\/\/asso.graie.org\/portail\/#\/schema\/logo\/image\/\",\"url\":\"https:\/\/asso.graie.org\/portail\/wp-content\/uploads\/2021\/12\/Logotype-Graie.png\",\"contentUrl\":\"https:\/\/asso.graie.org\/portail\/wp-content\/uploads\/2021\/12\/Logotype-Graie.png\",\"width\":1890,\"height\":1181,\"caption\":\"Le Graie\"},\"image\":{\"@id\":\"https:\/\/asso.graie.org\/portail\/#\/schema\/logo\/image\/\"},\"sameAs\":[\"https:\/\/fr.linkedin.com\/company\/graie?trk=top_nav_home\",\"https:\/\/www.youtube.com\/channel\/UCZQk0Tt7upYwERYNdDIZqLQ\",\"https:\/\/twitter.com\/asso_graie\"]},{\"@type\":\"Person\",\"@id\":\"https:\/\/asso.graie.org\/portail\/#\/schema\/person\/486e14d091ff09d12f2b31bad560eb4f\",\"name\":\"Maureen Carpentier\",\"url\":\"https:\/\/asso.graie.org\/portail\/author\/juliettecasanova\/\"}]}<\/script>\n<!-- \/ Yoast SEO plugin. -->","yoast_head_json":{"title":"Lancement des D\u00e9fis Berges 2022 | Actualit\u00e9s partenaires | Le Graie","description":"Le Cluster Eau Milieux Sols lance la deuxi\u00e8me \u00e9dition des D\u00e9fis Berges sur la ville de Villeneuve-Saint-Georges !","robots":{"index":"index","follow":"follow","max-snippet":"max-snippet:-1","max-image-preview":"max-image-preview:large","max-video-preview":"max-video-preview:-1"},"canonical":"https:\/\/asso.graie.org\/portail\/lancement-defis-berges-2022-cluster-ems\/","og_locale":"fr_FR","og_type":"article","og_title":"Lancement des D\u00e9fis Berges 2022 | Actualit\u00e9s partenaires | Le Graie","og_description":"Le Cluster Eau Milieux Sols lance la deuxi\u00e8me \u00e9dition des D\u00e9fis Berges sur la ville de Villeneuve-Saint-Georges !","og_url":"https:\/\/asso.graie.org\/portail\/lancement-defis-berges-2022-cluster-ems\/","og_site_name":"Graie","article_published_time":"2022-02-28T16:05:36+00:00","article_modified_time":"2023-02-14T08:58:30+00:00","og_image":[{"width":800,"height":500,"url":"https:\/\/asso.graie.org\/portail\/wp-content\/uploads\/2022\/02\/Actus-partenaires.png","type":"image\/png"}],"author":"Maureen Carpentier","twitter_card":"summary_large_image","twitter_creator":"@asso_graie","twitter_site":"@asso_graie","twitter_misc":{"\u00c9crit par":"Maureen Carpentier","Dur\u00e9e de lecture estim\u00e9e":"2 minutes"},"schema":{"@context":"https:\/\/schema.org","@graph":[{"@type":"Article","@id":"https:\/\/asso.graie.org\/portail\/lancement-defis-berges-2022-cluster-ems\/#article","isPartOf":{"@id":"https:\/\/asso.graie.org\/portail\/lancement-defis-berges-2022-cluster-ems\/"},"author":{"name":"Maureen Carpentier","@id":"https:\/\/asso.graie.org\/portail\/#\/schema\/person\/486e14d091ff09d12f2b31bad560eb4f"},"headline":"Cluster EMS | Lancement des D\u00e9fis Berges 2022","datePublished":"2022-02-28T16:05:36+00:00","dateModified":"2023-02-14T08:58:30+00:00","mainEntityOfPage":{"@id":"https:\/\/asso.graie.org\/portail\/lancement-defis-berges-2022-cluster-ems\/"},"wordCount":306,"publisher":{"@id":"https:\/\/asso.graie.org\/portail\/#organization"},"keywords":["actualit\u00e9 partenaire","am\u00e9nagement","cluster","concours","d\u00e9fis","d\u00e9fis berges","eau milieux sols","environnement","innovation"],"articleSection":["Actualit\u00e9s partenaires","Toute l'actualit\u00e9"],"inLanguage":"fr-FR"},{"@type":"WebPage","@id":"https:\/\/asso.graie.org\/portail\/lancement-defis-berges-2022-cluster-ems\/","url":"https:\/\/asso.graie.org\/portail\/lancement-defis-berges-2022-cluster-ems\/","name":"Lancement des D\u00e9fis Berges 2022 | Actualit\u00e9s partenaires | Le Graie","isPartOf":{"@id":"https:\/\/asso.graie.org\/portail\/#website"},"datePublished":"2022-02-28T16:05:36+00:00","dateModified":"2023-02-14T08:58:30+00:00","description":"Le Cluster Eau Milieux Sols lance la deuxi\u00e8me \u00e9dition des D\u00e9fis Berges sur la ville de Villeneuve-Saint-Georges !","breadcrumb":{"@id":"https:\/\/asso.graie.org\/portail\/lancement-defis-berges-2022-cluster-ems\/#breadcrumb"},"inLanguage":"fr-FR","potentialAction":[{"@type":"ReadAction","target":["https:\/\/asso.graie.org\/portail\/lancement-defis-berges-2022-cluster-ems\/"]}]},{"@type":"BreadcrumbList","@id":"https:\/\/asso.graie.org\/portail\/lancement-defis-berges-2022-cluster-ems\/#breadcrumb","itemListElement":[{"@type":"ListItem","position":1,"name":"Accueil","item":"https:\/\/asso.graie.org\/portail\/"},{"@type":"ListItem","position":2,"name":"Cluster EMS | Lancement des D\u00e9fis Berges 2022"}]},{"@type":"WebSite","@id":"https:\/\/asso.graie.org\/portail\/#website","url":"https:\/\/asso.graie.org\/portail\/","name":"Graie","description":"P\u00f4le Eau et Territoires","publisher":{"@id":"https:\/\/asso.graie.org\/portail\/#organization"},"potentialAction":[{"@type":"SearchAction","target":{"@type":"EntryPoint","urlTemplate":"https:\/\/asso.graie.org\/portail\/?s={search_term_string}"},"query-input":"required name=search_term_string"}],"inLanguage":"fr-FR"},{"@type":"Organization","@id":"https:\/\/asso.graie.org\/portail\/#organization","name":"Le Graie","url":"https:\/\/asso.graie.org\/portail\/","logo":{"@type":"ImageObject","inLanguage":"fr-FR","@id":"https:\/\/asso.graie.org\/portail\/#\/schema\/logo\/image\/","url":"https:\/\/asso.graie.org\/portail\/wp-content\/uploads\/2021\/12\/Logotype-Graie.png","contentUrl":"https:\/\/asso.graie.org\/portail\/wp-content\/uploads\/2021\/12\/Logotype-Graie.png","width":1890,"height":1181,"caption":"Le Graie"},"image":{"@id":"https:\/\/asso.graie.org\/portail\/#\/schema\/logo\/image\/"},"sameAs":["https:\/\/fr.linkedin.com\/company\/graie?trk=top_nav_home","https:\/\/www.youtube.com\/channel\/UCZQk0Tt7upYwERYNdDIZqLQ","https:\/\/twitter.com\/asso_graie"]},{"@type":"Person","@id":"https:\/\/asso.graie.org\/portail\/#\/schema\/person\/486e14d091ff09d12f2b31bad560eb4f","name":"Maureen Carpentier","url":"https:\/\/asso.graie.org\/portail\/author\/juliettecasanova\/"}]}},"_links":{"self":[{"href":"https:\/\/asso.graie.org\/portail\/wp-json\/wp\/v2\/posts\/19871"}],"collection":[{"href":"https:\/\/asso.graie.org\/portail\/wp-json\/wp\/v2\/posts"}],"about":[{"href":"https:\/\/asso.graie.org\/portail\/wp-json\/wp\/v2\/types\/post"}],"author":[{"embeddable":true,"href":"https:\/\/asso.graie.org\/portail\/wp-json\/wp\/v2\/users\/16"}],"replies":[{"embeddable":true,"href":"https:\/\/asso.graie.org\/portail\/wp-json\/wp\/v2\/comments?post=19871"}],"version-history":[{"count":12,"href":"https:\/\/asso.graie.org\/portail\/wp-json\/wp\/v2\/posts\/19871\/revisions"}],"predecessor-version":[{"id":22812,"href":"https:\/\/asso.graie.org\/portail\/wp-json\/wp\/v2\/posts\/19871\/revisions\/22812"}],"wp:featuredmedia":[{"embeddable":true,"href":"https:\/\/asso.graie.org\/portail\/wp-json\/wp\/v2\/media\/19963"}],"wp:attachment":[{"href":"https:\/\/asso.graie.org\/portail\/wp-json\/wp\/v2\/media?parent=19871"}],"wp:term":[{"taxonomy":"category","embeddable":true,"href":"https:\/\/asso.graie.org\/portail\/wp-json\/wp\/v2\/categories?post=19871"},{"taxonomy":"post_tag","embeddable":true,"href":"https:\/\/asso.graie.org\/portail\/wp-json\/wp\/v2\/tags?post=19871"}],"curies":[{"name":"wp","href":"https:\/\/api.w.org\/{rel}","templated":true}]}}