{"id":20016,"date":"2022-03-25T16:41:47","date_gmt":"2022-03-25T15:41:47","guid":{"rendered":"https:\/\/asso.graie.org\/portail\/?p=20016"},"modified":"2022-07-25T14:06:15","modified_gmt":"2022-07-25T12:06:15","slug":"carrefour-de-l-eau","status":"publish","type":"post","link":"https:\/\/asso.graie.org\/portail\/carrefour-de-l-eau\/","title":{"rendered":"Co-UdLabs au Carrefour des Gestions Locales de l&rsquo;Eau"},"content":{"rendered":"<h2><\/h2>\n<p><img decoding=\"async\" loading=\"lazy\" class=\"size-medium wp-image-17634 aligncenter\" src=\"https:\/\/asso.graie.org\/portail\/wp-content\/uploads\/2021\/06\/CoUDLabs-1-300x300.png\" alt=\"\" width=\"300\" height=\"300\" srcset=\"https:\/\/asso.graie.org\/portail\/wp-content\/uploads\/2021\/06\/CoUDLabs-1-300x300.png 300w, https:\/\/asso.graie.org\/portail\/wp-content\/uploads\/2021\/06\/CoUDLabs-1-1024x1024.png 1024w, https:\/\/asso.graie.org\/portail\/wp-content\/uploads\/2021\/06\/CoUDLabs-1-150x150.png 150w, https:\/\/asso.graie.org\/portail\/wp-content\/uploads\/2021\/06\/CoUDLabs-1-768x768.png 768w, https:\/\/asso.graie.org\/portail\/wp-content\/uploads\/2021\/06\/CoUDLabs-1.png 1312w\" sizes=\"(max-width: 300px) 100vw, 300px\" \/><\/p>\n<h2>Le Graie interviendra au Carrefour\u00a0des Gestions Locales de l&rsquo;Eau organis\u00e9 par Ideal&rsquo;Co du 29 au 30 juin 2022 au Parc des Expositions de Rennes (35).<\/h2>\n<p>&nbsp;<\/p>\n<p>&nbsp;<\/p>\n<p>&nbsp;<\/p>\n<p>&nbsp;<\/p>\n<div>\n<p class=\"v1text-build-content\" style=\"text-align: center;\"><b>Cette ann\u00e9e, l&rsquo;\u00e9v\u00e9nement sera hybride : \u00e0 la fois en pr\u00e9sentiel et en digital.<br \/>\n<\/b><\/p>\n<p>&nbsp;<\/p>\n<h4 class=\"v1text-build-content\" style=\"text-align: center;\">&#x1f4c6;<i> Rendez-vous le<\/i><i> mercredi 29 juin 2022 <\/i><i>de <\/i><i>17h \u00e0 18h <\/i><\/h4>\n<h4 class=\"v1text-build-content\" style=\"text-align: center;\"><em>pour un temps collaboratif propos\u00e9 par le Graie en pr\u00e9sentiel <\/em><\/h4>\n<p style=\"text-align: center;\">Th\u00e8me : Renforcer les liens entre scientifiques et praticiens pour acc\u00e9l\u00e9rer la transition vers une gestion intelligente et durable des eaux pluviales urbaines et pr\u00e9sentation du projet Co-UDLabs<\/p>\n<\/div>\n<div>\n<p>&nbsp;<\/p>\n<p style=\"text-align: center;\"><a href=\"https:\/\/www.idealco.fr\/evenements\/carrefour-des-gestions-locales-de-l-eau-2i22-178\/conferences\" class=\"shortc-button medium blue \"><span class=\"fa \" aria-hidden=\"true\"><\/span> Je d\u00e9couvre le programme<\/a>\n<\/div>\n<p>&nbsp;<\/p>\n<h3>A quoi s&rsquo;attendre ?<\/h3>\n<p>L&rsquo;\u00e9v\u00e9nement rassemblera 450 exposants et 130 conf\u00e9rences, pour plus de 10.000 participants attendus.<\/p>\n<p>Le Graie y pr\u00e9sentera le projet Co-UDLabs et son objectif de regrouper 7 infrastructures de recherche en hydrologie urbaine et leurs scientifiques, \u00e0 la pointe de la recherche au niveau europ\u00e9en, afin de mieux r\u00e9pondre aux besoins des praticiens et des l\u00e9gislateurs.<\/p>\n<p>Ensuite, il s&rsquo;agira d&rsquo;une discussion ouverte avec les participants autour des questions suivantes :<\/p>\n<p>Quelles comp\u00e9tences et quelles activit\u00e9s de recherche et de formation sont propos\u00e9es par le Graie ?<br \/>\nQuels sont vos besoins aujourd&rsquo;hui en termes de connaissances, de recherche, de technologies et de formation pour am\u00e9liorer la gestion des eaux pluviales urbaines ?<\/p>\n<p>&nbsp;<\/p>\n<h3>Les th\u00e9matiques 2022 :<\/h3>\n<div><\/div>\n<div>GEMAPI, NATURE &amp; BIODIVERSIT\u00c9\u00a0 &#8211; \u00a0 QUALIT\u00c9, SANT\u00c9\u00a0 &#8211; AM\u00c9NAGEMENT DU TERRITOIRE &amp; PLUVIAL\u00a0 &#8211; INNOVATION\u00a0 &#8211; SCIENCES &amp; D\u00c9CISIONS PUBLIQUES\u00a0 &#8211;\u00a0 CAPTAGE, EAU POTABLE\u00a0 &#8211;\u00a0 PROTECTION DE LA RESSOURCE &amp; \u00c9CONOMIES D&rsquo;EAU\u00a0 &#8211; FINANCES, ACHATS &amp; COMMANDES PUBLICS\u00a0 &#8211;\u00a0 INTERNATIONAL &amp; CLIMAT\u00a0 &#8211;\u00a0 GOUVERNANCE, ORGANISATION, MANAGEMENT\u00a0 &#8211;\u00a0 \u00c9QUIPEMENTS, MESURES, \u00c9TUDES &amp; ANALYSES\u00a0 &#8211;\u00a0 EXPLOITATION &amp; MAINTENANCE\u00a0 &#8211;\u00a0 TRAITEMENT &amp; D\u00c9POLLUTION\u00a0 &#8211; ASSAINISSEMENT NON COLLECTIF\u00a0 &#8211;\u00a0\u00a0 GESTION DES EAUX A LA SOURCE\/PARCELLE\u00a0 &#8211;\u00a0 R\u00c9SEAUX &amp; CANALISATIONS\u00a0 &#8211;\u00a0 OUVRAGES &amp; INFRASTRUCTURES\u00a0 &#8211;\u00a0 SOLUTION B\u00c9TON\u00a0 &#8211; EAU, D\u00c9CHETS &amp; \u00c9CONOMIE CIRCULAIRE\u00a0 &#8211;\u00a0 RELATIONS USAGERS &amp; ACC\u00c8S \u00c0 L&rsquo;EAU &#8211; PARCOURS DES ACAD\u00c9MICIENS<\/div>\n<h4><\/h4>\n<h4><\/h4>\n<p>&nbsp;<\/p>\n<h3>Inscriptions<\/h3>\n<ul>\n<li>\n<h5><a href=\"https:\/\/cgle0122.site.calypso-event.net\/visiteur.htm\">S&rsquo;inscrire au Carrefour de l&rsquo;Eau<\/a><\/h5>\n<\/li>\n<\/ul>\n<p>&nbsp;<\/p>\n","protected":false},"excerpt":{"rendered":"<p>Le Graie interviendra au Carrefour\u00a0des Gestions Locales de l&rsquo;Eau organis\u00e9 par Ideal&rsquo;Co du 29 au 30 juin 2022 au Parc des Expositions de Rennes (35). &nbsp; &nbsp; &nbsp; &nbsp; Cette ann\u00e9e, l&rsquo;\u00e9v\u00e9nement sera hybride : \u00e0 la fois en pr\u00e9sentiel &hellip;<\/p>\n","protected":false},"author":16,"featured_media":20017,"comment_status":"closed","ping_status":"closed","sticky":false,"template":"","format":"standard","meta":{"_mi_skip_tracking":false,"footnotes":""},"categories":[589],"tags":[1739,1738,83,1618,1720,1740],"acf":[],"yoast_head":"<!-- This site is optimized with the Yoast SEO plugin v19.13 - https:\/\/yoast.com\/wordpress\/plugins\/seo\/ -->\n<title>Carrefour de l&#039;Eau 2022 | Actualit\u00e9s | Graie<\/title>\n<meta name=\"description\" content=\"Rendez-vous le mercredi 29 juin 2022 de 17h \u00e0 18h pour un temps collaboratif propos\u00e9 par le Graie en pr\u00e9sentiel au CGLE.\" \/>\n<meta name=\"robots\" content=\"index, follow, max-snippet:-1, max-image-preview:large, max-video-preview:-1\" \/>\n<link rel=\"canonical\" href=\"https:\/\/asso.graie.org\/portail\/carrefour-de-l-eau\/\" \/>\n<meta property=\"og:locale\" content=\"fr_FR\" \/>\n<meta property=\"og:type\" content=\"article\" \/>\n<meta property=\"og:title\" content=\"Carrefour de l&#039;Eau 2022 | Actualit\u00e9s | Graie\" \/>\n<meta property=\"og:description\" content=\"Rendez-vous le mercredi 29 juin 2022 de 17h \u00e0 18h pour un temps collaboratif propos\u00e9 par le Graie en pr\u00e9sentiel au CGLE.\" \/>\n<meta property=\"og:url\" content=\"https:\/\/asso.graie.org\/portail\/carrefour-de-l-eau\/\" \/>\n<meta property=\"og:site_name\" content=\"Graie\" \/>\n<meta property=\"article:published_time\" content=\"2022-03-25T15:41:47+00:00\" \/>\n<meta property=\"article:modified_time\" content=\"2022-07-25T12:06:15+00:00\" \/>\n<meta property=\"og:image\" content=\"https:\/\/asso.graie.org\/portail\/wp-content\/uploads\/2022\/03\/Banniere_CGLE.png\" \/>\n\t<meta property=\"og:image:width\" content=\"800\" \/>\n\t<meta property=\"og:image:height\" content=\"500\" \/>\n\t<meta property=\"og:image:type\" content=\"image\/png\" \/>\n<meta name=\"author\" content=\"Maureen Carpentier\" \/>\n<meta name=\"twitter:card\" content=\"summary_large_image\" \/>\n<meta name=\"twitter:creator\" content=\"@asso_graie\" \/>\n<meta name=\"twitter:site\" content=\"@asso_graie\" \/>\n<meta name=\"twitter:label1\" content=\"\u00c9crit par\" \/>\n\t<meta name=\"twitter:data1\" content=\"Maureen Carpentier\" \/>\n\t<meta name=\"twitter:label2\" content=\"Dur\u00e9e de lecture estim\u00e9e\" \/>\n\t<meta name=\"twitter:data2\" content=\"2 minutes\" \/>\n<script type=\"application\/ld+json\" class=\"yoast-schema-graph\">{\"@context\":\"https:\/\/schema.org\",\"@graph\":[{\"@type\":\"Article\",\"@id\":\"https:\/\/asso.graie.org\/portail\/carrefour-de-l-eau\/#article\",\"isPartOf\":{\"@id\":\"https:\/\/asso.graie.org\/portail\/carrefour-de-l-eau\/\"},\"author\":{\"name\":\"Maureen Carpentier\",\"@id\":\"https:\/\/asso.graie.org\/portail\/#\/schema\/person\/486e14d091ff09d12f2b31bad560eb4f\"},\"headline\":\"Co-UdLabs au Carrefour des Gestions Locales de l&rsquo;Eau\",\"datePublished\":\"2022-03-25T15:41:47+00:00\",\"dateModified\":\"2022-07-25T12:06:15+00:00\",\"mainEntityOfPage\":{\"@id\":\"https:\/\/asso.graie.org\/portail\/carrefour-de-l-eau\/\"},\"wordCount\":366,\"publisher\":{\"@id\":\"https:\/\/asso.graie.org\/portail\/#organization\"},\"keywords\":[\"carrefour\",\"CGLE\",\"eau\",\"\u00e9v\u00e9nement\",\"GRAIE\",\"ideal'co\"],\"articleSection\":[\"Historique Agenda\"],\"inLanguage\":\"fr-FR\"},{\"@type\":\"WebPage\",\"@id\":\"https:\/\/asso.graie.org\/portail\/carrefour-de-l-eau\/\",\"url\":\"https:\/\/asso.graie.org\/portail\/carrefour-de-l-eau\/\",\"name\":\"Carrefour de l'Eau 2022 | Actualit\u00e9s | Graie\",\"isPartOf\":{\"@id\":\"https:\/\/asso.graie.org\/portail\/#website\"},\"datePublished\":\"2022-03-25T15:41:47+00:00\",\"dateModified\":\"2022-07-25T12:06:15+00:00\",\"description\":\"Rendez-vous le mercredi 29 juin 2022 de 17h \u00e0 18h pour un temps collaboratif propos\u00e9 par le Graie en pr\u00e9sentiel au CGLE.\",\"breadcrumb\":{\"@id\":\"https:\/\/asso.graie.org\/portail\/carrefour-de-l-eau\/#breadcrumb\"},\"inLanguage\":\"fr-FR\",\"potentialAction\":[{\"@type\":\"ReadAction\",\"target\":[\"https:\/\/asso.graie.org\/portail\/carrefour-de-l-eau\/\"]}]},{\"@type\":\"BreadcrumbList\",\"@id\":\"https:\/\/asso.graie.org\/portail\/carrefour-de-l-eau\/#breadcrumb\",\"itemListElement\":[{\"@type\":\"ListItem\",\"position\":1,\"name\":\"Accueil\",\"item\":\"https:\/\/asso.graie.org\/portail\/\"},{\"@type\":\"ListItem\",\"position\":2,\"name\":\"Co-UdLabs au Carrefour des Gestions Locales de l&rsquo;Eau\"}]},{\"@type\":\"WebSite\",\"@id\":\"https:\/\/asso.graie.org\/portail\/#website\",\"url\":\"https:\/\/asso.graie.org\/portail\/\",\"name\":\"Graie\",\"description\":\"P\u00f4le Eau et Territoires\",\"publisher\":{\"@id\":\"https:\/\/asso.graie.org\/portail\/#organization\"},\"potentialAction\":[{\"@type\":\"SearchAction\",\"target\":{\"@type\":\"EntryPoint\",\"urlTemplate\":\"https:\/\/asso.graie.org\/portail\/?s={search_term_string}\"},\"query-input\":\"required name=search_term_string\"}],\"inLanguage\":\"fr-FR\"},{\"@type\":\"Organization\",\"@id\":\"https:\/\/asso.graie.org\/portail\/#organization\",\"name\":\"Le Graie\",\"url\":\"https:\/\/asso.graie.org\/portail\/\",\"logo\":{\"@type\":\"ImageObject\",\"inLanguage\":\"fr-FR\",\"@id\":\"https:\/\/asso.graie.org\/portail\/#\/schema\/logo\/image\/\",\"url\":\"https:\/\/asso.graie.org\/portail\/wp-content\/uploads\/2021\/12\/Logotype-Graie.png\",\"contentUrl\":\"https:\/\/asso.graie.org\/portail\/wp-content\/uploads\/2021\/12\/Logotype-Graie.png\",\"width\":1890,\"height\":1181,\"caption\":\"Le Graie\"},\"image\":{\"@id\":\"https:\/\/asso.graie.org\/portail\/#\/schema\/logo\/image\/\"},\"sameAs\":[\"https:\/\/fr.linkedin.com\/company\/graie?trk=top_nav_home\",\"https:\/\/www.youtube.com\/channel\/UCZQk0Tt7upYwERYNdDIZqLQ\",\"https:\/\/twitter.com\/asso_graie\"]},{\"@type\":\"Person\",\"@id\":\"https:\/\/asso.graie.org\/portail\/#\/schema\/person\/486e14d091ff09d12f2b31bad560eb4f\",\"name\":\"Maureen Carpentier\",\"url\":\"https:\/\/asso.graie.org\/portail\/author\/juliettecasanova\/\"}]}<\/script>\n<!-- \/ Yoast SEO plugin. -->","yoast_head_json":{"title":"Carrefour de l'Eau 2022 | Actualit\u00e9s | Graie","description":"Rendez-vous le mercredi 29 juin 2022 de 17h \u00e0 18h pour un temps collaboratif propos\u00e9 par le Graie en pr\u00e9sentiel au CGLE.","robots":{"index":"index","follow":"follow","max-snippet":"max-snippet:-1","max-image-preview":"max-image-preview:large","max-video-preview":"max-video-preview:-1"},"canonical":"https:\/\/asso.graie.org\/portail\/carrefour-de-l-eau\/","og_locale":"fr_FR","og_type":"article","og_title":"Carrefour de l'Eau 2022 | Actualit\u00e9s | Graie","og_description":"Rendez-vous le mercredi 29 juin 2022 de 17h \u00e0 18h pour un temps collaboratif propos\u00e9 par le Graie en pr\u00e9sentiel au CGLE.","og_url":"https:\/\/asso.graie.org\/portail\/carrefour-de-l-eau\/","og_site_name":"Graie","article_published_time":"2022-03-25T15:41:47+00:00","article_modified_time":"2022-07-25T12:06:15+00:00","og_image":[{"width":800,"height":500,"url":"https:\/\/asso.graie.org\/portail\/wp-content\/uploads\/2022\/03\/Banniere_CGLE.png","type":"image\/png"}],"author":"Maureen Carpentier","twitter_card":"summary_large_image","twitter_creator":"@asso_graie","twitter_site":"@asso_graie","twitter_misc":{"\u00c9crit par":"Maureen Carpentier","Dur\u00e9e de lecture estim\u00e9e":"2 minutes"},"schema":{"@context":"https:\/\/schema.org","@graph":[{"@type":"Article","@id":"https:\/\/asso.graie.org\/portail\/carrefour-de-l-eau\/#article","isPartOf":{"@id":"https:\/\/asso.graie.org\/portail\/carrefour-de-l-eau\/"},"author":{"name":"Maureen Carpentier","@id":"https:\/\/asso.graie.org\/portail\/#\/schema\/person\/486e14d091ff09d12f2b31bad560eb4f"},"headline":"Co-UdLabs au Carrefour des Gestions Locales de l&rsquo;Eau","datePublished":"2022-03-25T15:41:47+00:00","dateModified":"2022-07-25T12:06:15+00:00","mainEntityOfPage":{"@id":"https:\/\/asso.graie.org\/portail\/carrefour-de-l-eau\/"},"wordCount":366,"publisher":{"@id":"https:\/\/asso.graie.org\/portail\/#organization"},"keywords":["carrefour","CGLE","eau","\u00e9v\u00e9nement","GRAIE","ideal'co"],"articleSection":["Historique Agenda"],"inLanguage":"fr-FR"},{"@type":"WebPage","@id":"https:\/\/asso.graie.org\/portail\/carrefour-de-l-eau\/","url":"https:\/\/asso.graie.org\/portail\/carrefour-de-l-eau\/","name":"Carrefour de l'Eau 2022 | Actualit\u00e9s | Graie","isPartOf":{"@id":"https:\/\/asso.graie.org\/portail\/#website"},"datePublished":"2022-03-25T15:41:47+00:00","dateModified":"2022-07-25T12:06:15+00:00","description":"Rendez-vous le mercredi 29 juin 2022 de 17h \u00e0 18h pour un temps collaboratif propos\u00e9 par le Graie en pr\u00e9sentiel au CGLE.","breadcrumb":{"@id":"https:\/\/asso.graie.org\/portail\/carrefour-de-l-eau\/#breadcrumb"},"inLanguage":"fr-FR","potentialAction":[{"@type":"ReadAction","target":["https:\/\/asso.graie.org\/portail\/carrefour-de-l-eau\/"]}]},{"@type":"BreadcrumbList","@id":"https:\/\/asso.graie.org\/portail\/carrefour-de-l-eau\/#breadcrumb","itemListElement":[{"@type":"ListItem","position":1,"name":"Accueil","item":"https:\/\/asso.graie.org\/portail\/"},{"@type":"ListItem","position":2,"name":"Co-UdLabs au Carrefour des Gestions Locales de l&rsquo;Eau"}]},{"@type":"WebSite","@id":"https:\/\/asso.graie.org\/portail\/#website","url":"https:\/\/asso.graie.org\/portail\/","name":"Graie","description":"P\u00f4le Eau et Territoires","publisher":{"@id":"https:\/\/asso.graie.org\/portail\/#organization"},"potentialAction":[{"@type":"SearchAction","target":{"@type":"EntryPoint","urlTemplate":"https:\/\/asso.graie.org\/portail\/?s={search_term_string}"},"query-input":"required name=search_term_string"}],"inLanguage":"fr-FR"},{"@type":"Organization","@id":"https:\/\/asso.graie.org\/portail\/#organization","name":"Le Graie","url":"https:\/\/asso.graie.org\/portail\/","logo":{"@type":"ImageObject","inLanguage":"fr-FR","@id":"https:\/\/asso.graie.org\/portail\/#\/schema\/logo\/image\/","url":"https:\/\/asso.graie.org\/portail\/wp-content\/uploads\/2021\/12\/Logotype-Graie.png","contentUrl":"https:\/\/asso.graie.org\/portail\/wp-content\/uploads\/2021\/12\/Logotype-Graie.png","width":1890,"height":1181,"caption":"Le Graie"},"image":{"@id":"https:\/\/asso.graie.org\/portail\/#\/schema\/logo\/image\/"},"sameAs":["https:\/\/fr.linkedin.com\/company\/graie?trk=top_nav_home","https:\/\/www.youtube.com\/channel\/UCZQk0Tt7upYwERYNdDIZqLQ","https:\/\/twitter.com\/asso_graie"]},{"@type":"Person","@id":"https:\/\/asso.graie.org\/portail\/#\/schema\/person\/486e14d091ff09d12f2b31bad560eb4f","name":"Maureen Carpentier","url":"https:\/\/asso.graie.org\/portail\/author\/juliettecasanova\/"}]}},"_links":{"self":[{"href":"https:\/\/asso.graie.org\/portail\/wp-json\/wp\/v2\/posts\/20016"}],"collection":[{"href":"https:\/\/asso.graie.org\/portail\/wp-json\/wp\/v2\/posts"}],"about":[{"href":"https:\/\/asso.graie.org\/portail\/wp-json\/wp\/v2\/types\/post"}],"author":[{"embeddable":true,"href":"https:\/\/asso.graie.org\/portail\/wp-json\/wp\/v2\/users\/16"}],"replies":[{"embeddable":true,"href":"https:\/\/asso.graie.org\/portail\/wp-json\/wp\/v2\/comments?post=20016"}],"version-history":[{"count":19,"href":"https:\/\/asso.graie.org\/portail\/wp-json\/wp\/v2\/posts\/20016\/revisions"}],"predecessor-version":[{"id":20235,"href":"https:\/\/asso.graie.org\/portail\/wp-json\/wp\/v2\/posts\/20016\/revisions\/20235"}],"wp:featuredmedia":[{"embeddable":true,"href":"https:\/\/asso.graie.org\/portail\/wp-json\/wp\/v2\/media\/20017"}],"wp:attachment":[{"href":"https:\/\/asso.graie.org\/portail\/wp-json\/wp\/v2\/media?parent=20016"}],"wp:term":[{"taxonomy":"category","embeddable":true,"href":"https:\/\/asso.graie.org\/portail\/wp-json\/wp\/v2\/categories?post=20016"},{"taxonomy":"post_tag","embeddable":true,"href":"https:\/\/asso.graie.org\/portail\/wp-json\/wp\/v2\/tags?post=20016"}],"curies":[{"name":"wp","href":"https:\/\/api.w.org\/{rel}","templated":true}]}}