{"id":20143,"date":"2022-04-12T16:48:28","date_gmt":"2022-04-12T14:48:28","guid":{"rendered":"https:\/\/asso.graie.org\/portail\/?p=20143"},"modified":"2022-04-26T09:37:00","modified_gmt":"2022-04-26T07:37:00","slug":"colloque-analyse-environnement","status":"publish","type":"post","link":"https:\/\/asso.graie.org\/portail\/colloque-analyse-environnement\/","title":{"rendered":"Colloque Analyse &#038; Environnement"},"content":{"rendered":"<h2><img decoding=\"async\" loading=\"lazy\" class=\"wp-image-20144 size-full aligncenter\" src=\"https:\/\/asso.graie.org\/portail\/wp-content\/uploads\/2022\/04\/analyse_et_environnement.png\" alt=\"\" width=\"1225\" height=\"256\" srcset=\"https:\/\/asso.graie.org\/portail\/wp-content\/uploads\/2022\/04\/analyse_et_environnement.png 1225w, https:\/\/asso.graie.org\/portail\/wp-content\/uploads\/2022\/04\/analyse_et_environnement-300x63.png 300w, https:\/\/asso.graie.org\/portail\/wp-content\/uploads\/2022\/04\/analyse_et_environnement-1024x214.png 1024w, https:\/\/asso.graie.org\/portail\/wp-content\/uploads\/2022\/04\/analyse_et_environnement-768x160.png 768w\" sizes=\"(max-width: 1225px) 100vw, 1225px\" \/><\/h2>\n<h2><\/h2>\n<h2>La Soci\u00e9t\u00e9 Chimique de France, le Club Microcapteurs Chimiques et l\u2019Institut des Sciences Analytiques vous invitent \u00e0 participer au colloque Analyse et Environnement : air, eaux, sols, co-produits.<\/h2>\n<p>&nbsp;<\/p>\n<div>\n<p class=\"v1text-build-content\" style=\"text-align: center;\"><b>Ce colloque est hybride : \u00e0 la fois en pr\u00e9sentiel et en digital.<br \/>\n<\/b><\/p>\n<p>&nbsp;<\/p>\n<h4 class=\"v1text-build-content\" style=\"text-align: center;\">&#x1f4c6;<i> Rendez-vous les<\/i><i> lundi et mardi 30 et 31 mai 2022 \u00e0 Villeurbanne<\/i><\/h4>\n<p style=\"text-align: center;\">\n<\/div>\n<p>&nbsp;<\/p>\n<div>\n<p>&nbsp;<\/p>\n<p style=\"text-align: center;\"><a href=\"https:\/\/analyse-enviro.sciencesconf.org\/\" class=\"shortc-button medium blue \"><span class=\"fa \" aria-hidden=\"true\"><\/span> En savoir plus<\/a>\n<\/div>\n<p>&nbsp;<\/p>\n<h3>A quoi s&rsquo;attendre ?<\/h3>\n<p>Lors de ces deux journ\u00e9es Recherche &amp; Industrie, les derni\u00e8res avanc\u00e9es en recherche, les nouvelles probl\u00e9matiques, notamment industrielles, et l\u2019offre instrumentale dans le domaine de l&rsquo;analyse pour l&rsquo;environnement seront abord\u00e9es.<\/p>\n<p>&nbsp;<\/p>\n<p>Des conf\u00e9rences pl\u00e9ni\u00e8res seront donn\u00e9es par Khalifa AGUIR (IM2NP Aix-Marseile Universit\u00e9), Nathalie GUIGUES (Laboratoire National de m\u00e9trologie et d\u2019essais), Thomas RICOUR (NIR industry) et\u00a0Lorenzo SPADINI (Universit\u00e9 de Grenoble).<\/p>\n<p>&nbsp;<\/p>\n<p>&nbsp;<\/p>\n<h3>D\u00e9poser une communication<\/h3>\n<p>Les sp\u00e9cialistes de l&rsquo;analyse physico-chimique environnementale (air, eaux, sols : caract\u00e9risation du milieu, analyse de compos\u00e9s majeurs, suivi isotopique, analyse de contaminants et\/ou co-produits) peuvent proposer leur communication avant le 22 avril 2022 \u00e0 12h (<a href=\"https:\/\/analyse-enviro.sciencesconf.org\/data\/pages\/Communication_Analyse_Environnement_30_31_mai.pdf\">formulaire<\/a>\u00a0&#8211;\u00a0<a href=\"https:\/\/analyse-enviro.sciencesconf.org\/resource\/page\/id\/1\" class=\"broken_link\">plus d&rsquo;informations<\/a>)<\/p>\n<p>&nbsp;<\/p>\n<p>&nbsp;<\/p>\n<h3>Inscriptions et acc\u00e8s<\/h3>\n<h4>-&gt; L\u2019acc\u00e8s \u00e0 la manifestation est gratuit avec\u00a0<a href=\"https:\/\/analyse-enviro.sciencesconf.org\/registration\" class=\"broken_link\">inscription obligatoire<\/a>.<\/h4>\n<p>&nbsp;<\/p>\n<div><\/div>\n<p>Le colloque aura lieu \u00e0 l&rsquo;Institut des Sciences Analytiques (ISA), \u00e0 proximit\u00e9 du campus Lyon-Tech-LaDoua \u00e0 Villeurbanne. Vous devrez vous pr\u00e9senter \u00e0 l&rsquo;accueil et serez orient\u00e9-e vers la salle de conf\u00e9rences.<\/p>\n<p>&nbsp;<\/p>\n","protected":false},"excerpt":{"rendered":"<p>La Soci\u00e9t\u00e9 Chimique de France, le Club Microcapteurs Chimiques et l\u2019Institut des Sciences Analytiques vous invitent \u00e0 participer au colloque Analyse et Environnement : air, eaux, sols, co-produits. &nbsp; Ce colloque est hybride : \u00e0 la fois en pr\u00e9sentiel et &hellip;<\/p>\n","protected":false},"author":16,"featured_media":20144,"comment_status":"closed","ping_status":"closed","sticky":false,"template":"","format":"standard","meta":{"_mi_skip_tracking":false,"footnotes":""},"categories":[27,28],"tags":[1675,955,180,186,1743,1736,1744,1745],"acf":[],"yoast_head":"<!-- This site is optimized with the Yoast SEO plugin v19.13 - https:\/\/yoast.com\/wordpress\/plugins\/seo\/ -->\n<title>Colloque Analyse &amp; Environnement | Actualit\u00e9s partenaires | Graie<\/title>\n<meta name=\"description\" content=\"L\u2019Institut des Sciences Analytiques vous invitent \u00e0 participer au colloque Analyse et Environnement : air, eaux, sols, co-produits les 30 et 31 mai prochains.\" \/>\n<meta name=\"robots\" content=\"index, follow, max-snippet:-1, max-image-preview:large, max-video-preview:-1\" \/>\n<link rel=\"canonical\" href=\"https:\/\/asso.graie.org\/portail\/colloque-analyse-environnement\/\" \/>\n<meta property=\"og:locale\" content=\"fr_FR\" \/>\n<meta property=\"og:type\" content=\"article\" \/>\n<meta property=\"og:title\" content=\"Colloque Analyse &amp; Environnement | Actualit\u00e9s partenaires | Graie\" \/>\n<meta property=\"og:description\" content=\"L\u2019Institut des Sciences Analytiques vous invitent \u00e0 participer au colloque Analyse et Environnement : air, eaux, sols, co-produits les 30 et 31 mai prochains.\" \/>\n<meta property=\"og:url\" content=\"https:\/\/asso.graie.org\/portail\/colloque-analyse-environnement\/\" \/>\n<meta property=\"og:site_name\" content=\"Graie\" \/>\n<meta property=\"article:published_time\" content=\"2022-04-12T14:48:28+00:00\" \/>\n<meta property=\"article:modified_time\" content=\"2022-04-26T07:37:00+00:00\" \/>\n<meta property=\"og:image\" content=\"https:\/\/asso.graie.org\/portail\/wp-content\/uploads\/2022\/04\/analyse_et_environnement.png\" \/>\n\t<meta property=\"og:image:width\" content=\"1225\" \/>\n\t<meta property=\"og:image:height\" content=\"256\" \/>\n\t<meta property=\"og:image:type\" content=\"image\/png\" \/>\n<meta name=\"author\" content=\"Maureen Carpentier\" \/>\n<meta name=\"twitter:card\" content=\"summary_large_image\" \/>\n<meta name=\"twitter:creator\" content=\"@asso_graie\" \/>\n<meta name=\"twitter:site\" content=\"@asso_graie\" \/>\n<meta name=\"twitter:label1\" content=\"\u00c9crit par\" \/>\n\t<meta name=\"twitter:data1\" content=\"Maureen Carpentier\" \/>\n\t<meta name=\"twitter:label2\" content=\"Dur\u00e9e de lecture estim\u00e9e\" \/>\n\t<meta name=\"twitter:data2\" content=\"3 minutes\" \/>\n<script type=\"application\/ld+json\" class=\"yoast-schema-graph\">{\"@context\":\"https:\/\/schema.org\",\"@graph\":[{\"@type\":\"Article\",\"@id\":\"https:\/\/asso.graie.org\/portail\/colloque-analyse-environnement\/#article\",\"isPartOf\":{\"@id\":\"https:\/\/asso.graie.org\/portail\/colloque-analyse-environnement\/\"},\"author\":{\"name\":\"Maureen Carpentier\",\"@id\":\"https:\/\/asso.graie.org\/portail\/#\/schema\/person\/486e14d091ff09d12f2b31bad560eb4f\"},\"headline\":\"Colloque Analyse &#038; Environnement\",\"datePublished\":\"2022-04-12T14:48:28+00:00\",\"dateModified\":\"2022-04-26T07:37:00+00:00\",\"mainEntityOfPage\":{\"@id\":\"https:\/\/asso.graie.org\/portail\/colloque-analyse-environnement\/\"},\"wordCount\":249,\"publisher\":{\"@id\":\"https:\/\/asso.graie.org\/portail\/#organization\"},\"keywords\":[\"actualit\u00e9\",\"analyse\",\"Doua\",\"environnement\",\"lyon 1\",\"partenaires\",\"sciences analytiques\",\"villeurbanne\"],\"articleSection\":[\"Actualit\u00e9s partenaires\",\"Toute l'actualit\u00e9\"],\"inLanguage\":\"fr-FR\"},{\"@type\":\"WebPage\",\"@id\":\"https:\/\/asso.graie.org\/portail\/colloque-analyse-environnement\/\",\"url\":\"https:\/\/asso.graie.org\/portail\/colloque-analyse-environnement\/\",\"name\":\"Colloque Analyse & Environnement | Actualit\u00e9s partenaires | Graie\",\"isPartOf\":{\"@id\":\"https:\/\/asso.graie.org\/portail\/#website\"},\"datePublished\":\"2022-04-12T14:48:28+00:00\",\"dateModified\":\"2022-04-26T07:37:00+00:00\",\"description\":\"L\u2019Institut des Sciences Analytiques vous invitent \u00e0 participer au colloque Analyse et Environnement : air, eaux, sols, co-produits les 30 et 31 mai prochains.\",\"breadcrumb\":{\"@id\":\"https:\/\/asso.graie.org\/portail\/colloque-analyse-environnement\/#breadcrumb\"},\"inLanguage\":\"fr-FR\",\"potentialAction\":[{\"@type\":\"ReadAction\",\"target\":[\"https:\/\/asso.graie.org\/portail\/colloque-analyse-environnement\/\"]}]},{\"@type\":\"BreadcrumbList\",\"@id\":\"https:\/\/asso.graie.org\/portail\/colloque-analyse-environnement\/#breadcrumb\",\"itemListElement\":[{\"@type\":\"ListItem\",\"position\":1,\"name\":\"Accueil\",\"item\":\"https:\/\/asso.graie.org\/portail\/\"},{\"@type\":\"ListItem\",\"position\":2,\"name\":\"Colloque Analyse &#038; Environnement\"}]},{\"@type\":\"WebSite\",\"@id\":\"https:\/\/asso.graie.org\/portail\/#website\",\"url\":\"https:\/\/asso.graie.org\/portail\/\",\"name\":\"Graie\",\"description\":\"P\u00f4le Eau et Territoires\",\"publisher\":{\"@id\":\"https:\/\/asso.graie.org\/portail\/#organization\"},\"potentialAction\":[{\"@type\":\"SearchAction\",\"target\":{\"@type\":\"EntryPoint\",\"urlTemplate\":\"https:\/\/asso.graie.org\/portail\/?s={search_term_string}\"},\"query-input\":\"required name=search_term_string\"}],\"inLanguage\":\"fr-FR\"},{\"@type\":\"Organization\",\"@id\":\"https:\/\/asso.graie.org\/portail\/#organization\",\"name\":\"Le Graie\",\"url\":\"https:\/\/asso.graie.org\/portail\/\",\"logo\":{\"@type\":\"ImageObject\",\"inLanguage\":\"fr-FR\",\"@id\":\"https:\/\/asso.graie.org\/portail\/#\/schema\/logo\/image\/\",\"url\":\"https:\/\/asso.graie.org\/portail\/wp-content\/uploads\/2021\/12\/Logotype-Graie.png\",\"contentUrl\":\"https:\/\/asso.graie.org\/portail\/wp-content\/uploads\/2021\/12\/Logotype-Graie.png\",\"width\":1890,\"height\":1181,\"caption\":\"Le Graie\"},\"image\":{\"@id\":\"https:\/\/asso.graie.org\/portail\/#\/schema\/logo\/image\/\"},\"sameAs\":[\"https:\/\/fr.linkedin.com\/company\/graie?trk=top_nav_home\",\"https:\/\/www.youtube.com\/channel\/UCZQk0Tt7upYwERYNdDIZqLQ\",\"https:\/\/twitter.com\/asso_graie\"]},{\"@type\":\"Person\",\"@id\":\"https:\/\/asso.graie.org\/portail\/#\/schema\/person\/486e14d091ff09d12f2b31bad560eb4f\",\"name\":\"Maureen Carpentier\",\"url\":\"https:\/\/asso.graie.org\/portail\/author\/juliettecasanova\/\"}]}<\/script>\n<!-- \/ Yoast SEO plugin. -->","yoast_head_json":{"title":"Colloque Analyse & Environnement | Actualit\u00e9s partenaires | Graie","description":"L\u2019Institut des Sciences Analytiques vous invitent \u00e0 participer au colloque Analyse et Environnement : air, eaux, sols, co-produits les 30 et 31 mai prochains.","robots":{"index":"index","follow":"follow","max-snippet":"max-snippet:-1","max-image-preview":"max-image-preview:large","max-video-preview":"max-video-preview:-1"},"canonical":"https:\/\/asso.graie.org\/portail\/colloque-analyse-environnement\/","og_locale":"fr_FR","og_type":"article","og_title":"Colloque Analyse & Environnement | Actualit\u00e9s partenaires | Graie","og_description":"L\u2019Institut des Sciences Analytiques vous invitent \u00e0 participer au colloque Analyse et Environnement : air, eaux, sols, co-produits les 30 et 31 mai prochains.","og_url":"https:\/\/asso.graie.org\/portail\/colloque-analyse-environnement\/","og_site_name":"Graie","article_published_time":"2022-04-12T14:48:28+00:00","article_modified_time":"2022-04-26T07:37:00+00:00","og_image":[{"width":1225,"height":256,"url":"https:\/\/asso.graie.org\/portail\/wp-content\/uploads\/2022\/04\/analyse_et_environnement.png","type":"image\/png"}],"author":"Maureen Carpentier","twitter_card":"summary_large_image","twitter_creator":"@asso_graie","twitter_site":"@asso_graie","twitter_misc":{"\u00c9crit par":"Maureen Carpentier","Dur\u00e9e de lecture estim\u00e9e":"3 minutes"},"schema":{"@context":"https:\/\/schema.org","@graph":[{"@type":"Article","@id":"https:\/\/asso.graie.org\/portail\/colloque-analyse-environnement\/#article","isPartOf":{"@id":"https:\/\/asso.graie.org\/portail\/colloque-analyse-environnement\/"},"author":{"name":"Maureen Carpentier","@id":"https:\/\/asso.graie.org\/portail\/#\/schema\/person\/486e14d091ff09d12f2b31bad560eb4f"},"headline":"Colloque Analyse &#038; Environnement","datePublished":"2022-04-12T14:48:28+00:00","dateModified":"2022-04-26T07:37:00+00:00","mainEntityOfPage":{"@id":"https:\/\/asso.graie.org\/portail\/colloque-analyse-environnement\/"},"wordCount":249,"publisher":{"@id":"https:\/\/asso.graie.org\/portail\/#organization"},"keywords":["actualit\u00e9","analyse","Doua","environnement","lyon 1","partenaires","sciences analytiques","villeurbanne"],"articleSection":["Actualit\u00e9s partenaires","Toute l'actualit\u00e9"],"inLanguage":"fr-FR"},{"@type":"WebPage","@id":"https:\/\/asso.graie.org\/portail\/colloque-analyse-environnement\/","url":"https:\/\/asso.graie.org\/portail\/colloque-analyse-environnement\/","name":"Colloque Analyse & Environnement | Actualit\u00e9s partenaires | Graie","isPartOf":{"@id":"https:\/\/asso.graie.org\/portail\/#website"},"datePublished":"2022-04-12T14:48:28+00:00","dateModified":"2022-04-26T07:37:00+00:00","description":"L\u2019Institut des Sciences Analytiques vous invitent \u00e0 participer au colloque Analyse et Environnement : air, eaux, sols, co-produits les 30 et 31 mai prochains.","breadcrumb":{"@id":"https:\/\/asso.graie.org\/portail\/colloque-analyse-environnement\/#breadcrumb"},"inLanguage":"fr-FR","potentialAction":[{"@type":"ReadAction","target":["https:\/\/asso.graie.org\/portail\/colloque-analyse-environnement\/"]}]},{"@type":"BreadcrumbList","@id":"https:\/\/asso.graie.org\/portail\/colloque-analyse-environnement\/#breadcrumb","itemListElement":[{"@type":"ListItem","position":1,"name":"Accueil","item":"https:\/\/asso.graie.org\/portail\/"},{"@type":"ListItem","position":2,"name":"Colloque Analyse &#038; Environnement"}]},{"@type":"WebSite","@id":"https:\/\/asso.graie.org\/portail\/#website","url":"https:\/\/asso.graie.org\/portail\/","name":"Graie","description":"P\u00f4le Eau et Territoires","publisher":{"@id":"https:\/\/asso.graie.org\/portail\/#organization"},"potentialAction":[{"@type":"SearchAction","target":{"@type":"EntryPoint","urlTemplate":"https:\/\/asso.graie.org\/portail\/?s={search_term_string}"},"query-input":"required name=search_term_string"}],"inLanguage":"fr-FR"},{"@type":"Organization","@id":"https:\/\/asso.graie.org\/portail\/#organization","name":"Le Graie","url":"https:\/\/asso.graie.org\/portail\/","logo":{"@type":"ImageObject","inLanguage":"fr-FR","@id":"https:\/\/asso.graie.org\/portail\/#\/schema\/logo\/image\/","url":"https:\/\/asso.graie.org\/portail\/wp-content\/uploads\/2021\/12\/Logotype-Graie.png","contentUrl":"https:\/\/asso.graie.org\/portail\/wp-content\/uploads\/2021\/12\/Logotype-Graie.png","width":1890,"height":1181,"caption":"Le Graie"},"image":{"@id":"https:\/\/asso.graie.org\/portail\/#\/schema\/logo\/image\/"},"sameAs":["https:\/\/fr.linkedin.com\/company\/graie?trk=top_nav_home","https:\/\/www.youtube.com\/channel\/UCZQk0Tt7upYwERYNdDIZqLQ","https:\/\/twitter.com\/asso_graie"]},{"@type":"Person","@id":"https:\/\/asso.graie.org\/portail\/#\/schema\/person\/486e14d091ff09d12f2b31bad560eb4f","name":"Maureen Carpentier","url":"https:\/\/asso.graie.org\/portail\/author\/juliettecasanova\/"}]}},"_links":{"self":[{"href":"https:\/\/asso.graie.org\/portail\/wp-json\/wp\/v2\/posts\/20143"}],"collection":[{"href":"https:\/\/asso.graie.org\/portail\/wp-json\/wp\/v2\/posts"}],"about":[{"href":"https:\/\/asso.graie.org\/portail\/wp-json\/wp\/v2\/types\/post"}],"author":[{"embeddable":true,"href":"https:\/\/asso.graie.org\/portail\/wp-json\/wp\/v2\/users\/16"}],"replies":[{"embeddable":true,"href":"https:\/\/asso.graie.org\/portail\/wp-json\/wp\/v2\/comments?post=20143"}],"version-history":[{"count":3,"href":"https:\/\/asso.graie.org\/portail\/wp-json\/wp\/v2\/posts\/20143\/revisions"}],"predecessor-version":[{"id":20147,"href":"https:\/\/asso.graie.org\/portail\/wp-json\/wp\/v2\/posts\/20143\/revisions\/20147"}],"wp:featuredmedia":[{"embeddable":true,"href":"https:\/\/asso.graie.org\/portail\/wp-json\/wp\/v2\/media\/20144"}],"wp:attachment":[{"href":"https:\/\/asso.graie.org\/portail\/wp-json\/wp\/v2\/media?parent=20143"}],"wp:term":[{"taxonomy":"category","embeddable":true,"href":"https:\/\/asso.graie.org\/portail\/wp-json\/wp\/v2\/categories?post=20143"},{"taxonomy":"post_tag","embeddable":true,"href":"https:\/\/asso.graie.org\/portail\/wp-json\/wp\/v2\/tags?post=20143"}],"curies":[{"name":"wp","href":"https:\/\/api.w.org\/{rel}","templated":true}]}}