{"id":20357,"date":"2022-05-05T17:04:53","date_gmt":"2022-05-05T15:04:53","guid":{"rendered":"https:\/\/asso.graie.org\/portail\/?p=20357"},"modified":"2022-07-25T13:51:24","modified_gmt":"2022-07-25T11:51:24","slug":"assemblee-generale-2022","status":"publish","type":"post","link":"https:\/\/asso.graie.org\/portail\/assemblee-generale-2022\/","title":{"rendered":"Assembl\u00e9e G\u00e9n\u00e9rale du Graie 2022"},"content":{"rendered":"<p>&nbsp;<\/p>\n<p>L&rsquo;agence de l&rsquo;eau Rh\u00f4ne M\u00e9diterran\u00e9e Corse accueille le Graie, ses membres et ses partenaires le temps d&rsquo;un apr\u00e8s-midi d&rsquo;\u00e9changes, de retours et de perspectives autour de l&rsquo;activit\u00e9 de l&rsquo;association.<\/p>\n<div>\n<p>&nbsp;<\/p>\n<h4 class=\"v1text-build-content\" style=\"text-align: center;\">&#x1f4c6;<i> Mercredi 1er juin<\/i><i>\u00a02022 <\/i><i>de <\/i><i>13h30 \u00e0 18h<\/i><i><b><br \/>\n<\/b><\/i><\/h4>\n<p style=\"text-align: center;\"><a href=\"http:\/\/www.graie.org\/survey2\/index.php\/768168?lang=fr\" class=\"shortc-button medium blue \"><span class=\"fa \" aria-hidden=\"true\"><\/span> Inscriptions<\/a>\n<p>&nbsp;<\/p>\n<p style=\"text-align: center;\"><span style=\"color: #993300;\"><em>En raison de la r\u00e9serve \u00e9lectorale qui s\u2019applique au 1er juin 2022 avant les \u00e9lections l\u00e9gislatives, cette apr\u00e8s-midi est r\u00e9serv\u00e9e aux membres du Graie et \u00e0 ses partenaires.<\/em><\/span><\/p>\n<\/div>\n<p>&nbsp;<\/p>\n<p>L&rsquo;assembl\u00e9e g\u00e9n\u00e9rale permet de<strong> rassembler les membres et partenaires de l\u2019association<\/strong>, d&rsquo;avoir un aper\u00e7u (et de se positionner) sur le <strong>bilan<\/strong> et le programme et de discuter des <strong>perspectives<\/strong>.<br \/>\nElle a aussi comme objectif d&rsquo;\u00e9lire ses repr\u00e9sentants au conseil d&rsquo;administration.<\/p>\n<p>&nbsp;<\/p>\n<h3>Au programme<\/h3>\n<p><strong><img decoding=\"async\" loading=\"lazy\" class=\"wp-image-20368 size-full alignleft\" src=\"https:\/\/asso.graie.org\/portail\/wp-content\/uploads\/2022\/05\/ouvrage_othu-203x300.png\" alt=\"\" width=\"116\" height=\"171\" srcset=\"https:\/\/asso.graie.org\/portail\/wp-content\/uploads\/2022\/05\/ouvrage_othu-203x300.png 203w, https:\/\/asso.graie.org\/portail\/wp-content\/uploads\/2022\/05\/ouvrage_othu.png 223w\" sizes=\"(max-width: 116px) 100vw, 116px\" \/> En avant-premi\u00e8re : d\u00e9couverte de l&rsquo;ouvrage OTHU<\/strong><br \/>\nApr\u00e8s une courte introduction, cette journ\u00e9e sera l\u2019occasion de vous pr\u00e9senter en avant-premi\u00e8re l\u2019ouvrage collectif de l\u2019OTHU &#8211; <strong><em>Gestion des eaux pluviales en ville,<\/em> 20 ans de recherche au service de l\u2019action<\/strong>, r\u00e9dig\u00e9 sous la direction de La\u00ebtitia Bacot &#8211; Graie, Sylvie Barraud et Gislain Lipeme Kouyi.<\/p>\n<p>&nbsp;<\/p>\n<p>&nbsp;<\/p>\n<p class=\"text-build-content\" data-testid=\"p_7Z-Gt44\">Nous pr\u00e9senterons ensuite le <strong>bilan 2021<\/strong> et les <strong>perspectives 2022<\/strong> pour l&rsquo;ensemble de l&rsquo;activit\u00e9 du Graie.<\/p>\n<p data-testid=\"p_7Z-Gt44\">Enfin, la journ\u00e9e se terminera par un moment convivial autour d&rsquo;un verre.<\/p>\n<p>&nbsp;<\/p>\n<p style=\"text-align: center;\"><a href=\"http:\/\/www.graie.org\/graie\/graiedoc\/AG\/Programme_AG_Graie_2022.pdf\" class=\"shortc-button medium blue \"><span class=\"fa \" aria-hidden=\"true\"><\/span> Voir le programme d\u00e9taill\u00e9<\/a>\n<p>&nbsp;<\/p>\n<h3>Informations pratiques<\/h3>\n<h5>=&gt; COMMENT VENIR ?<\/h5>\n<p>Agence de l\u2019Eau Rh\u00f4ne M\u00e9diterran\u00e9e Corse<br \/>\n14 rue Jonas Salk &#8211; 69007 LYON<\/p>\n<ul>\n<li>M\u00e9tro : ligne B, station Stade de Gerland, puis 8 mn \u00e0 pied.<\/li>\n<li>Tram : ligne T1 (Debourg \u2013 IUT-Feyssine), arr\u00eat Halle Tony Garnier<\/li>\n<\/ul>\n<p>&nbsp;<\/p>\n<p>&nbsp;<\/p>\n","protected":false},"excerpt":{"rendered":"<p>&nbsp; L&rsquo;agence de l&rsquo;eau Rh\u00f4ne M\u00e9diterran\u00e9e Corse accueille le Graie, ses membres et ses partenaires le temps d&rsquo;un apr\u00e8s-midi d&rsquo;\u00e9changes, de retours et de perspectives autour de l&rsquo;activit\u00e9 de l&rsquo;association. &nbsp; &#x1f4c6; Mercredi 1er juin\u00a02022 de 13h30 \u00e0 18h &nbsp; &hellip;<\/p>\n","protected":false},"author":16,"featured_media":17239,"comment_status":"closed","ping_status":"closed","sticky":false,"template":"","format":"standard","meta":{"_mi_skip_tracking":false,"footnotes":""},"categories":[589],"tags":[1753,1754,1565,193],"acf":[],"yoast_head":"<!-- This site is optimized with the Yoast SEO plugin v19.13 - https:\/\/yoast.com\/wordpress\/plugins\/seo\/ -->\n<title>Assembl\u00e9e G\u00e9n\u00e9rale du Graie 2022 | Graie<\/title>\n<meta name=\"description\" content=\"L&#039;agence de l&#039;eau RMC accueille le Graie, ses membres et ses partenaires pour un temps d&#039;\u00e9changes lors de l&#039;assembl\u00e9e g\u00e9n\u00e9rale 2022.\" \/>\n<meta name=\"robots\" content=\"index, follow, max-snippet:-1, max-image-preview:large, max-video-preview:-1\" \/>\n<link rel=\"canonical\" href=\"https:\/\/asso.graie.org\/portail\/assemblee-generale-2022\/\" \/>\n<meta property=\"og:locale\" content=\"fr_FR\" \/>\n<meta property=\"og:type\" content=\"article\" \/>\n<meta property=\"og:title\" content=\"Assembl\u00e9e G\u00e9n\u00e9rale du Graie 2022 | Graie\" \/>\n<meta property=\"og:description\" content=\"L&#039;agence de l&#039;eau RMC accueille le Graie, ses membres et ses partenaires pour un temps d&#039;\u00e9changes lors de l&#039;assembl\u00e9e g\u00e9n\u00e9rale 2022.\" \/>\n<meta property=\"og:url\" content=\"https:\/\/asso.graie.org\/portail\/assemblee-generale-2022\/\" \/>\n<meta property=\"og:site_name\" content=\"Graie\" \/>\n<meta property=\"article:published_time\" content=\"2022-05-05T15:04:53+00:00\" \/>\n<meta property=\"article:modified_time\" content=\"2022-07-25T11:51:24+00:00\" \/>\n<meta property=\"og:image\" content=\"https:\/\/asso.graie.org\/portail\/wp-content\/uploads\/2021\/03\/ville_schuiten.jpg\" \/>\n\t<meta property=\"og:image:width\" content=\"1000\" \/>\n\t<meta property=\"og:image:height\" content=\"225\" \/>\n\t<meta property=\"og:image:type\" content=\"image\/jpeg\" \/>\n<meta name=\"author\" content=\"Maureen Carpentier\" \/>\n<meta name=\"twitter:card\" content=\"summary_large_image\" \/>\n<meta name=\"twitter:creator\" content=\"@asso_graie\" \/>\n<meta name=\"twitter:site\" content=\"@asso_graie\" \/>\n<meta name=\"twitter:label1\" content=\"\u00c9crit par\" \/>\n\t<meta name=\"twitter:data1\" content=\"Maureen Carpentier\" \/>\n\t<meta name=\"twitter:label2\" content=\"Dur\u00e9e de lecture estim\u00e9e\" \/>\n\t<meta name=\"twitter:data2\" content=\"2 minutes\" \/>\n<script type=\"application\/ld+json\" class=\"yoast-schema-graph\">{\"@context\":\"https:\/\/schema.org\",\"@graph\":[{\"@type\":\"Article\",\"@id\":\"https:\/\/asso.graie.org\/portail\/assemblee-generale-2022\/#article\",\"isPartOf\":{\"@id\":\"https:\/\/asso.graie.org\/portail\/assemblee-generale-2022\/\"},\"author\":{\"name\":\"Maureen Carpentier\",\"@id\":\"https:\/\/asso.graie.org\/portail\/#\/schema\/person\/486e14d091ff09d12f2b31bad560eb4f\"},\"headline\":\"Assembl\u00e9e G\u00e9n\u00e9rale du Graie 2022\",\"datePublished\":\"2022-05-05T15:04:53+00:00\",\"dateModified\":\"2022-07-25T11:51:24+00:00\",\"mainEntityOfPage\":{\"@id\":\"https:\/\/asso.graie.org\/portail\/assemblee-generale-2022\/\"},\"wordCount\":325,\"publisher\":{\"@id\":\"https:\/\/asso.graie.org\/portail\/#organization\"},\"keywords\":[\"2022\",\"AG\",\"Assembl\u00e9e G\u00e9n\u00e9rale\",\"OTHU\"],\"articleSection\":[\"Historique Agenda\"],\"inLanguage\":\"fr-FR\"},{\"@type\":\"WebPage\",\"@id\":\"https:\/\/asso.graie.org\/portail\/assemblee-generale-2022\/\",\"url\":\"https:\/\/asso.graie.org\/portail\/assemblee-generale-2022\/\",\"name\":\"Assembl\u00e9e G\u00e9n\u00e9rale du Graie 2022 | Graie\",\"isPartOf\":{\"@id\":\"https:\/\/asso.graie.org\/portail\/#website\"},\"datePublished\":\"2022-05-05T15:04:53+00:00\",\"dateModified\":\"2022-07-25T11:51:24+00:00\",\"description\":\"L'agence de l'eau RMC accueille le Graie, ses membres et ses partenaires pour un temps d'\u00e9changes lors de l'assembl\u00e9e g\u00e9n\u00e9rale 2022.\",\"breadcrumb\":{\"@id\":\"https:\/\/asso.graie.org\/portail\/assemblee-generale-2022\/#breadcrumb\"},\"inLanguage\":\"fr-FR\",\"potentialAction\":[{\"@type\":\"ReadAction\",\"target\":[\"https:\/\/asso.graie.org\/portail\/assemblee-generale-2022\/\"]}]},{\"@type\":\"BreadcrumbList\",\"@id\":\"https:\/\/asso.graie.org\/portail\/assemblee-generale-2022\/#breadcrumb\",\"itemListElement\":[{\"@type\":\"ListItem\",\"position\":1,\"name\":\"Accueil\",\"item\":\"https:\/\/asso.graie.org\/portail\/\"},{\"@type\":\"ListItem\",\"position\":2,\"name\":\"Assembl\u00e9e G\u00e9n\u00e9rale du Graie 2022\"}]},{\"@type\":\"WebSite\",\"@id\":\"https:\/\/asso.graie.org\/portail\/#website\",\"url\":\"https:\/\/asso.graie.org\/portail\/\",\"name\":\"Graie\",\"description\":\"P\u00f4le Eau et Territoires\",\"publisher\":{\"@id\":\"https:\/\/asso.graie.org\/portail\/#organization\"},\"potentialAction\":[{\"@type\":\"SearchAction\",\"target\":{\"@type\":\"EntryPoint\",\"urlTemplate\":\"https:\/\/asso.graie.org\/portail\/?s={search_term_string}\"},\"query-input\":\"required name=search_term_string\"}],\"inLanguage\":\"fr-FR\"},{\"@type\":\"Organization\",\"@id\":\"https:\/\/asso.graie.org\/portail\/#organization\",\"name\":\"Le Graie\",\"url\":\"https:\/\/asso.graie.org\/portail\/\",\"logo\":{\"@type\":\"ImageObject\",\"inLanguage\":\"fr-FR\",\"@id\":\"https:\/\/asso.graie.org\/portail\/#\/schema\/logo\/image\/\",\"url\":\"https:\/\/asso.graie.org\/portail\/wp-content\/uploads\/2021\/12\/Logotype-Graie.png\",\"contentUrl\":\"https:\/\/asso.graie.org\/portail\/wp-content\/uploads\/2021\/12\/Logotype-Graie.png\",\"width\":1890,\"height\":1181,\"caption\":\"Le Graie\"},\"image\":{\"@id\":\"https:\/\/asso.graie.org\/portail\/#\/schema\/logo\/image\/\"},\"sameAs\":[\"https:\/\/fr.linkedin.com\/company\/graie?trk=top_nav_home\",\"https:\/\/www.youtube.com\/channel\/UCZQk0Tt7upYwERYNdDIZqLQ\",\"https:\/\/twitter.com\/asso_graie\"]},{\"@type\":\"Person\",\"@id\":\"https:\/\/asso.graie.org\/portail\/#\/schema\/person\/486e14d091ff09d12f2b31bad560eb4f\",\"name\":\"Maureen Carpentier\",\"url\":\"https:\/\/asso.graie.org\/portail\/author\/juliettecasanova\/\"}]}<\/script>\n<!-- \/ Yoast SEO plugin. -->","yoast_head_json":{"title":"Assembl\u00e9e G\u00e9n\u00e9rale du Graie 2022 | Graie","description":"L'agence de l'eau RMC accueille le Graie, ses membres et ses partenaires pour un temps d'\u00e9changes lors de l'assembl\u00e9e g\u00e9n\u00e9rale 2022.","robots":{"index":"index","follow":"follow","max-snippet":"max-snippet:-1","max-image-preview":"max-image-preview:large","max-video-preview":"max-video-preview:-1"},"canonical":"https:\/\/asso.graie.org\/portail\/assemblee-generale-2022\/","og_locale":"fr_FR","og_type":"article","og_title":"Assembl\u00e9e G\u00e9n\u00e9rale du Graie 2022 | Graie","og_description":"L'agence de l'eau RMC accueille le Graie, ses membres et ses partenaires pour un temps d'\u00e9changes lors de l'assembl\u00e9e g\u00e9n\u00e9rale 2022.","og_url":"https:\/\/asso.graie.org\/portail\/assemblee-generale-2022\/","og_site_name":"Graie","article_published_time":"2022-05-05T15:04:53+00:00","article_modified_time":"2022-07-25T11:51:24+00:00","og_image":[{"width":1000,"height":225,"url":"https:\/\/asso.graie.org\/portail\/wp-content\/uploads\/2021\/03\/ville_schuiten.jpg","type":"image\/jpeg"}],"author":"Maureen Carpentier","twitter_card":"summary_large_image","twitter_creator":"@asso_graie","twitter_site":"@asso_graie","twitter_misc":{"\u00c9crit par":"Maureen Carpentier","Dur\u00e9e de lecture estim\u00e9e":"2 minutes"},"schema":{"@context":"https:\/\/schema.org","@graph":[{"@type":"Article","@id":"https:\/\/asso.graie.org\/portail\/assemblee-generale-2022\/#article","isPartOf":{"@id":"https:\/\/asso.graie.org\/portail\/assemblee-generale-2022\/"},"author":{"name":"Maureen Carpentier","@id":"https:\/\/asso.graie.org\/portail\/#\/schema\/person\/486e14d091ff09d12f2b31bad560eb4f"},"headline":"Assembl\u00e9e G\u00e9n\u00e9rale du Graie 2022","datePublished":"2022-05-05T15:04:53+00:00","dateModified":"2022-07-25T11:51:24+00:00","mainEntityOfPage":{"@id":"https:\/\/asso.graie.org\/portail\/assemblee-generale-2022\/"},"wordCount":325,"publisher":{"@id":"https:\/\/asso.graie.org\/portail\/#organization"},"keywords":["2022","AG","Assembl\u00e9e G\u00e9n\u00e9rale","OTHU"],"articleSection":["Historique Agenda"],"inLanguage":"fr-FR"},{"@type":"WebPage","@id":"https:\/\/asso.graie.org\/portail\/assemblee-generale-2022\/","url":"https:\/\/asso.graie.org\/portail\/assemblee-generale-2022\/","name":"Assembl\u00e9e G\u00e9n\u00e9rale du Graie 2022 | Graie","isPartOf":{"@id":"https:\/\/asso.graie.org\/portail\/#website"},"datePublished":"2022-05-05T15:04:53+00:00","dateModified":"2022-07-25T11:51:24+00:00","description":"L'agence de l'eau RMC accueille le Graie, ses membres et ses partenaires pour un temps d'\u00e9changes lors de l'assembl\u00e9e g\u00e9n\u00e9rale 2022.","breadcrumb":{"@id":"https:\/\/asso.graie.org\/portail\/assemblee-generale-2022\/#breadcrumb"},"inLanguage":"fr-FR","potentialAction":[{"@type":"ReadAction","target":["https:\/\/asso.graie.org\/portail\/assemblee-generale-2022\/"]}]},{"@type":"BreadcrumbList","@id":"https:\/\/asso.graie.org\/portail\/assemblee-generale-2022\/#breadcrumb","itemListElement":[{"@type":"ListItem","position":1,"name":"Accueil","item":"https:\/\/asso.graie.org\/portail\/"},{"@type":"ListItem","position":2,"name":"Assembl\u00e9e G\u00e9n\u00e9rale du Graie 2022"}]},{"@type":"WebSite","@id":"https:\/\/asso.graie.org\/portail\/#website","url":"https:\/\/asso.graie.org\/portail\/","name":"Graie","description":"P\u00f4le Eau et Territoires","publisher":{"@id":"https:\/\/asso.graie.org\/portail\/#organization"},"potentialAction":[{"@type":"SearchAction","target":{"@type":"EntryPoint","urlTemplate":"https:\/\/asso.graie.org\/portail\/?s={search_term_string}"},"query-input":"required name=search_term_string"}],"inLanguage":"fr-FR"},{"@type":"Organization","@id":"https:\/\/asso.graie.org\/portail\/#organization","name":"Le Graie","url":"https:\/\/asso.graie.org\/portail\/","logo":{"@type":"ImageObject","inLanguage":"fr-FR","@id":"https:\/\/asso.graie.org\/portail\/#\/schema\/logo\/image\/","url":"https:\/\/asso.graie.org\/portail\/wp-content\/uploads\/2021\/12\/Logotype-Graie.png","contentUrl":"https:\/\/asso.graie.org\/portail\/wp-content\/uploads\/2021\/12\/Logotype-Graie.png","width":1890,"height":1181,"caption":"Le Graie"},"image":{"@id":"https:\/\/asso.graie.org\/portail\/#\/schema\/logo\/image\/"},"sameAs":["https:\/\/fr.linkedin.com\/company\/graie?trk=top_nav_home","https:\/\/www.youtube.com\/channel\/UCZQk0Tt7upYwERYNdDIZqLQ","https:\/\/twitter.com\/asso_graie"]},{"@type":"Person","@id":"https:\/\/asso.graie.org\/portail\/#\/schema\/person\/486e14d091ff09d12f2b31bad560eb4f","name":"Maureen Carpentier","url":"https:\/\/asso.graie.org\/portail\/author\/juliettecasanova\/"}]}},"_links":{"self":[{"href":"https:\/\/asso.graie.org\/portail\/wp-json\/wp\/v2\/posts\/20357"}],"collection":[{"href":"https:\/\/asso.graie.org\/portail\/wp-json\/wp\/v2\/posts"}],"about":[{"href":"https:\/\/asso.graie.org\/portail\/wp-json\/wp\/v2\/types\/post"}],"author":[{"embeddable":true,"href":"https:\/\/asso.graie.org\/portail\/wp-json\/wp\/v2\/users\/16"}],"replies":[{"embeddable":true,"href":"https:\/\/asso.graie.org\/portail\/wp-json\/wp\/v2\/comments?post=20357"}],"version-history":[{"count":18,"href":"https:\/\/asso.graie.org\/portail\/wp-json\/wp\/v2\/posts\/20357\/revisions"}],"predecessor-version":[{"id":20396,"href":"https:\/\/asso.graie.org\/portail\/wp-json\/wp\/v2\/posts\/20357\/revisions\/20396"}],"wp:featuredmedia":[{"embeddable":true,"href":"https:\/\/asso.graie.org\/portail\/wp-json\/wp\/v2\/media\/17239"}],"wp:attachment":[{"href":"https:\/\/asso.graie.org\/portail\/wp-json\/wp\/v2\/media?parent=20357"}],"wp:term":[{"taxonomy":"category","embeddable":true,"href":"https:\/\/asso.graie.org\/portail\/wp-json\/wp\/v2\/categories?post=20357"},{"taxonomy":"post_tag","embeddable":true,"href":"https:\/\/asso.graie.org\/portail\/wp-json\/wp\/v2\/tags?post=20357"}],"curies":[{"name":"wp","href":"https:\/\/api.w.org\/{rel}","templated":true}]}}