{"id":20452,"date":"2023-07-08T09:40:00","date_gmt":"2023-07-08T07:40:00","guid":{"rendered":"https:\/\/asso.graie.org\/portail\/?p=20452"},"modified":"2025-12-18T16:55:01","modified_gmt":"2025-12-18T15:55:01","slug":"formation-continue_eaux_pluviales_et_amenagement","status":"publish","type":"post","link":"https:\/\/asso.graie.org\/portail\/formation-continue_eaux_pluviales_et_amenagement\/","title":{"rendered":"Formation Continue | La gestion int\u00e9gr\u00e9e des eaux pluviales : du projet d\u2019am\u00e9nagement \u00e0 la strat\u00e9gie territoriale"},"content":{"rendered":"\n<div style=\"height:33px\" aria-hidden=\"true\" class=\"wp-block-spacer\"><\/div>\n\n\n\n<h2 class=\"wp-block-heading\">Formation organis\u00e9e les 20 et 21 nov. par le <a href=\"https:\/\/asso.graie.org\/portail\/\">Graie<\/a>, en partenariat avec <a href=\"https:\/\/www.insavalor.fr\/\">INSAVALOR<\/a>, organisme de formation continue.<\/h2>\n\n\n\n<div style=\"height:22px\" aria-hidden=\"true\" class=\"wp-block-spacer\"><\/div>\n\n\n\n<h3 class=\"wp-block-heading\">Interventions de sp\u00e9cialistes de l\u2019<a href=\"https:\/\/deep.insa-lyon.fr\/\">INSA de Lyon<\/a>, la <a href=\"https:\/\/www.roannaise-de-leau.fr\/\">Roannaise de l\u2019Eau<\/a>, Burgeap, l\u2019architecte paysagiste Fr\u00e9d\u00e9ric Dellinger, le bureau d\u2019\u00e9tudes en gestion environnementale <a href=\"http:\/\/www.iaosenn.fr\/\">Iao Senn<\/a> et le Graie.<\/h3>\n\n\n\n<div style=\"height:33px\" aria-hidden=\"true\" class=\"wp-block-spacer\"><\/div>\n\n\n\n<h2 class=\"wp-block-heading\">Dates : <strong>20 &amp; 21 novembre 2025 &#8211; Lyon Villeurbanne (69)<\/strong><\/h2>\n\n\n\n<div style=\"height:17px\" aria-hidden=\"true\" class=\"wp-block-spacer\"><\/div>\n\n\n\n<p>Les derni\u00e8res formations : <\/p>\n\n\n\n<ul>\n<li>Novembre 2024 &#8211; <a href=\"https:\/\/asso.graie.org\/portail\/wp-content\/uploads\/2024\/03\/Programme-formation-gestion-EP-source-nov24.pdf\">PROGRAMME 2024<\/a><\/li>\n\n\n\n<li>Novembre 2023 &#8211; <a href=\"https:\/\/asso.graie.org\/portail\/wp-content\/uploads\/2023\/07\/Programme-formation-gestion-EP-source-nov23.pdf\">PROGRAMME 2023<\/a><\/li>\n\n\n\n<li>Novembre 2022 &#8211; <a href=\"https:\/\/asso.graie.org\/portail\/wp-content\/uploads\/2022\/10\/Programme-formation-gestion-EP-source-nov22_v3.pdf\">PROGRAMME 2022<\/a><\/li>\n<\/ul>\n\n\n\n<div style=\"height:33px\" aria-hidden=\"true\" class=\"wp-block-spacer\"><\/div>\n\n\n\n<h2 class=\"wp-block-heading\">Objectifs p\u00e9dagogiques<\/h2>\n\n\n\n<div style=\"height:17px\" aria-hidden=\"true\" class=\"wp-block-spacer\"><\/div>\n\n\n\n<p>A l\u2019issue de cette formation, vous serez capable&nbsp;:<\/p>\n\n\n\n<ul>\n<li>d\u2019identifier les leviers et points de vigilance pour am\u00e9liorer la prise en compte des eaux pluviales dans les projets d\u2019am\u00e9nagement&nbsp;;<\/li>\n\n\n\n<li>d\u2019analyser les avantages et inconv\u00e9nients des diff\u00e9rentes solutions pour la gestion des eaux pluviales \u00e0 la source&nbsp;;<\/li>\n\n\n\n<li>d\u2019\u00e9valuer les enjeux r\u00e9els en termes de pollution des eaux pluviales&nbsp;;<\/li>\n\n\n\n<li>d\u2019articuler r\u00e9glementation, strat\u00e9gie de gestion des eaux pluviales et conception des projets urbains&nbsp;;<\/li>\n\n\n\n<li>de lier conception locale et enjeux de gestion de l\u2019eau \u00e0 l\u2019\u00e9chelle du bassin versant&nbsp;;<\/li>\n\n\n\n<li>de d\u00e9ployer des arguments pour faire de l\u2019eau pluviale une ressource dans vos projets d\u2019am\u00e9nagement&nbsp;;<\/li>\n\n\n\n<li>d\u2019int\u00e9grer une r\u00e9flexion sur l\u2019entretien des ouvrages \u00e0 vos projets de gestion \u00e0 la source.<\/li>\n<\/ul>\n\n\n\n<div style=\"height:33px\" aria-hidden=\"true\" class=\"wp-block-spacer\"><\/div>\n\n\n\n<h2 class=\"wp-block-heading\">Public<\/h2>\n\n\n\n<div style=\"height:17px\" aria-hidden=\"true\" class=\"wp-block-spacer\"><\/div>\n\n\n\n<p>Les agents des collectivit\u00e9s (tous services concern\u00e9s par la gestion des eaux pluviales, de pr\u00e8s ou de loin : service eau et assainissement, am\u00e9nagement, voirie, espaces verts\u2026), les bureaux d\u2019\u00e9tudes qui les accompagnent (VRD, urbanisme, am\u00e9nagement\u2026) et les paysagistes, urbanistes ou architectes souhaitant investir ou mieux ma\u00eetriser ce sujet.<\/p>\n\n\n\n<div style=\"height:33px\" aria-hidden=\"true\" class=\"wp-block-spacer\"><\/div>\n\n\n\n<h2 class=\"wp-block-heading\">M\u00e9thodes p\u00e9dagogiques<\/h2>\n\n\n\n<div style=\"height:17px\" aria-hidden=\"true\" class=\"wp-block-spacer\"><\/div>\n\n\n\n<p>Cette formation s\u2019appuie sur les travaux des r\u00e9seaux d\u2019acteurs scientifiques, de collectivit\u00e9s et de ma\u00eetres d\u2019\u0153uvre du Graie, qui \u0153uvrent depuis plus de 30 ans pour mieux comprendre et mieux g\u00e9rer les eaux pluviales en milieu urbain.<\/p>\n\n\n\n<p>Des experts reconnus du domaine vous pr\u00e9sentent les bases scientifiques, techniques, juridiques, environnementales et paysag\u00e8res de la gestion \u00e0 la source et des strat\u00e9gies territoriales : chercheur de l\u2019INSA de Lyon, ma\u00eetres d\u2019\u0153uvre sp\u00e9cialis\u00e9s, syndicat de gestion de l\u2019eau exp\u00e9riment\u00e9 dans le domaine et charg\u00e9 de mission du Graie.<\/p>\n\n\n\n<p>Les approches th\u00e9oriques sont compl\u00e9t\u00e9es, illustr\u00e9es voire d\u00e9pass\u00e9es par des \u00e9tudes de cas et des retours d\u2019exp\u00e9rience, ainsi qu\u2019une visite comment\u00e9e des ouvrages mis en place depuis une quarantaine d\u2019ann\u00e9e sur le campus de la Doua, \u00e0 Villeurbanne.<\/p>\n\n\n\n<div style=\"height:33px\" aria-hidden=\"true\" class=\"wp-block-spacer\"><\/div>\n\n\n\n<h2 class=\"wp-block-heading\">Contacts<\/h2>\n\n\n\n<a class=\"lightbox-enabled\" href=\"https:\/\/asso.graie.org\/portail\/elodie-brelot\/\" data-caption=\"\" title=\"\">\u00c9lodie BRELOT<\/a>, <a class=\"lightbox-enabled\" href=\"https:\/\/asso.graie.org\/portail\/laetitia-bacot\/\" data-caption=\"\" title=\"\">La\u00ebtitia BACOT<\/a>\n\n\n\n<div style=\"height:33px\" aria-hidden=\"true\" class=\"wp-block-spacer\"><\/div>\n\n\n\n<h3 class=\"wp-block-heading\">Autres formations<\/h3>\n\n\n\n<p><strong>-&gt; <a href=\"https:\/\/asso.graie.org\/portail\/formation-eaux-pluviales-concevoir-et-dimensionner\/\">Gestion des eaux pluviales \u00e0 la source : concevoir et dimensionner<\/a><\/strong><\/p>\n\n\n\n<div style=\"height:33px\" aria-hidden=\"true\" class=\"wp-block-spacer\"><\/div>\n","protected":false},"excerpt":{"rendered":"<p>Formation organis\u00e9e les 20 et 21 nov. par le Graie, en partenariat avec INSAVALOR, organisme de formation continue. Interventions de sp\u00e9cialistes de l\u2019INSA de Lyon, la Roannaise de l\u2019Eau, Burgeap, l\u2019architecte paysagiste Fr\u00e9d\u00e9ric Dellinger, le bureau d\u2019\u00e9tudes en gestion environnementale &hellip;<\/p>\n","protected":false},"author":9,"featured_media":20791,"comment_status":"closed","ping_status":"closed","sticky":false,"template":"","format":"standard","meta":{"_mi_skip_tracking":false,"footnotes":""},"categories":[569,32,587,589],"tags":[88,87,1711,1719,109,1761,1102],"acf":[],"yoast_head":"<!-- This site is optimized with the Yoast SEO plugin v19.13 - https:\/\/yoast.com\/wordpress\/plugins\/seo\/ -->\n<title>Formation Continue | La gestion int\u00e9gr\u00e9e des eaux pluviales : du projet d\u2019am\u00e9nagement \u00e0 la strat\u00e9gie territoriale | Graie<\/title>\n<meta name=\"description\" content=\"Participez \u00e0 cette formation eaux pluviales et am\u00e9nagement du Graie sur la gestion \u00e0 la source : du projet d\u2019am\u00e9nagement \u00e0 la strat\u00e9gie territoriale.\" \/>\n<meta name=\"robots\" content=\"index, follow, max-snippet:-1, max-image-preview:large, max-video-preview:-1\" \/>\n<link rel=\"canonical\" href=\"https:\/\/asso.graie.org\/portail\/formation-continue_eaux_pluviales_et_amenagement\/\" \/>\n<meta property=\"og:locale\" content=\"fr_FR\" \/>\n<meta property=\"og:type\" content=\"article\" \/>\n<meta property=\"og:title\" content=\"Formation Continue | La gestion int\u00e9gr\u00e9e des eaux pluviales : du projet d\u2019am\u00e9nagement \u00e0 la strat\u00e9gie territoriale | Graie\" \/>\n<meta property=\"og:description\" content=\"Participez \u00e0 cette formation eaux pluviales et am\u00e9nagement du Graie sur la gestion \u00e0 la source : du projet d\u2019am\u00e9nagement \u00e0 la strat\u00e9gie territoriale.\" \/>\n<meta property=\"og:url\" content=\"https:\/\/asso.graie.org\/portail\/formation-continue_eaux_pluviales_et_amenagement\/\" \/>\n<meta property=\"og:site_name\" content=\"Graie\" \/>\n<meta property=\"article:published_time\" content=\"2023-07-08T07:40:00+00:00\" \/>\n<meta property=\"article:modified_time\" content=\"2025-12-18T15:55:01+00:00\" \/>\n<meta property=\"og:image\" content=\"https:\/\/asso.graie.org\/portail\/wp-content\/uploads\/2022\/08\/cnfpt_ville_perm_colloque.jpg\" \/>\n\t<meta property=\"og:image:width\" content=\"860\" \/>\n\t<meta property=\"og:image:height\" content=\"436\" \/>\n\t<meta property=\"og:image:type\" content=\"image\/jpeg\" \/>\n<meta name=\"author\" content=\"Laetitia Bacot\" \/>\n<meta name=\"twitter:card\" content=\"summary_large_image\" \/>\n<meta name=\"twitter:creator\" content=\"@asso_graie\" \/>\n<meta name=\"twitter:site\" content=\"@asso_graie\" \/>\n<meta name=\"twitter:label1\" content=\"\u00c9crit par\" \/>\n\t<meta name=\"twitter:data1\" content=\"Laetitia Bacot\" \/>\n\t<meta name=\"twitter:label2\" content=\"Dur\u00e9e de lecture estim\u00e9e\" \/>\n\t<meta name=\"twitter:data2\" content=\"2 minutes\" \/>\n<script type=\"application\/ld+json\" class=\"yoast-schema-graph\">{\"@context\":\"https:\/\/schema.org\",\"@graph\":[{\"@type\":\"Article\",\"@id\":\"https:\/\/asso.graie.org\/portail\/formation-continue_eaux_pluviales_et_amenagement\/#article\",\"isPartOf\":{\"@id\":\"https:\/\/asso.graie.org\/portail\/formation-continue_eaux_pluviales_et_amenagement\/\"},\"author\":{\"name\":\"Laetitia Bacot\",\"@id\":\"https:\/\/asso.graie.org\/portail\/#\/schema\/person\/32d8e579e7571258fa5a8d6575f1da6b\"},\"headline\":\"Formation Continue | La gestion int\u00e9gr\u00e9e des eaux pluviales : du projet d\u2019am\u00e9nagement \u00e0 la strat\u00e9gie territoriale\",\"datePublished\":\"2023-07-08T07:40:00+00:00\",\"dateModified\":\"2025-12-18T15:55:01+00:00\",\"mainEntityOfPage\":{\"@id\":\"https:\/\/asso.graie.org\/portail\/formation-continue_eaux_pluviales_et_amenagement\/\"},\"wordCount\":480,\"publisher\":{\"@id\":\"https:\/\/asso.graie.org\/portail\/#organization\"},\"keywords\":[\"am\u00e9nagement\",\"eaux pluviales\",\"formation\",\"formation continue\",\"gestion\",\"gestion \u00e0 la source\",\"source\"],\"articleSection\":[\"Eaux pluviales\",\"Eaux pluviales et am\u00e9nagement\",\"Formation\",\"Historique Agenda\"],\"inLanguage\":\"fr-FR\"},{\"@type\":\"WebPage\",\"@id\":\"https:\/\/asso.graie.org\/portail\/formation-continue_eaux_pluviales_et_amenagement\/\",\"url\":\"https:\/\/asso.graie.org\/portail\/formation-continue_eaux_pluviales_et_amenagement\/\",\"name\":\"Formation Continue | La gestion int\u00e9gr\u00e9e des eaux pluviales : du projet d\u2019am\u00e9nagement \u00e0 la strat\u00e9gie territoriale | Graie\",\"isPartOf\":{\"@id\":\"https:\/\/asso.graie.org\/portail\/#website\"},\"datePublished\":\"2023-07-08T07:40:00+00:00\",\"dateModified\":\"2025-12-18T15:55:01+00:00\",\"description\":\"Participez \u00e0 cette formation eaux pluviales et am\u00e9nagement du Graie sur la gestion \u00e0 la source : du projet d\u2019am\u00e9nagement \u00e0 la strat\u00e9gie territoriale.\",\"breadcrumb\":{\"@id\":\"https:\/\/asso.graie.org\/portail\/formation-continue_eaux_pluviales_et_amenagement\/#breadcrumb\"},\"inLanguage\":\"fr-FR\",\"potentialAction\":[{\"@type\":\"ReadAction\",\"target\":[\"https:\/\/asso.graie.org\/portail\/formation-continue_eaux_pluviales_et_amenagement\/\"]}]},{\"@type\":\"BreadcrumbList\",\"@id\":\"https:\/\/asso.graie.org\/portail\/formation-continue_eaux_pluviales_et_amenagement\/#breadcrumb\",\"itemListElement\":[{\"@type\":\"ListItem\",\"position\":1,\"name\":\"Accueil\",\"item\":\"https:\/\/asso.graie.org\/portail\/\"},{\"@type\":\"ListItem\",\"position\":2,\"name\":\"Formation Continue | La gestion int\u00e9gr\u00e9e des eaux pluviales : du projet d\u2019am\u00e9nagement \u00e0 la strat\u00e9gie territoriale\"}]},{\"@type\":\"WebSite\",\"@id\":\"https:\/\/asso.graie.org\/portail\/#website\",\"url\":\"https:\/\/asso.graie.org\/portail\/\",\"name\":\"Graie\",\"description\":\"P\u00f4le Eau et Territoires\",\"publisher\":{\"@id\":\"https:\/\/asso.graie.org\/portail\/#organization\"},\"potentialAction\":[{\"@type\":\"SearchAction\",\"target\":{\"@type\":\"EntryPoint\",\"urlTemplate\":\"https:\/\/asso.graie.org\/portail\/?s={search_term_string}\"},\"query-input\":\"required name=search_term_string\"}],\"inLanguage\":\"fr-FR\"},{\"@type\":\"Organization\",\"@id\":\"https:\/\/asso.graie.org\/portail\/#organization\",\"name\":\"Le Graie\",\"url\":\"https:\/\/asso.graie.org\/portail\/\",\"logo\":{\"@type\":\"ImageObject\",\"inLanguage\":\"fr-FR\",\"@id\":\"https:\/\/asso.graie.org\/portail\/#\/schema\/logo\/image\/\",\"url\":\"https:\/\/asso.graie.org\/portail\/wp-content\/uploads\/2021\/12\/Logotype-Graie.png\",\"contentUrl\":\"https:\/\/asso.graie.org\/portail\/wp-content\/uploads\/2021\/12\/Logotype-Graie.png\",\"width\":1890,\"height\":1181,\"caption\":\"Le Graie\"},\"image\":{\"@id\":\"https:\/\/asso.graie.org\/portail\/#\/schema\/logo\/image\/\"},\"sameAs\":[\"https:\/\/fr.linkedin.com\/company\/graie?trk=top_nav_home\",\"https:\/\/www.youtube.com\/channel\/UCZQk0Tt7upYwERYNdDIZqLQ\",\"https:\/\/twitter.com\/asso_graie\"]},{\"@type\":\"Person\",\"@id\":\"https:\/\/asso.graie.org\/portail\/#\/schema\/person\/32d8e579e7571258fa5a8d6575f1da6b\",\"name\":\"Laetitia Bacot\",\"url\":\"https:\/\/asso.graie.org\/portail\/author\/laetitiabacot\/\"}]}<\/script>\n<!-- \/ Yoast SEO plugin. -->","yoast_head_json":{"title":"Formation Continue | La gestion int\u00e9gr\u00e9e des eaux pluviales : du projet d\u2019am\u00e9nagement \u00e0 la strat\u00e9gie territoriale | Graie","description":"Participez \u00e0 cette formation eaux pluviales et am\u00e9nagement du Graie sur la gestion \u00e0 la source : du projet d\u2019am\u00e9nagement \u00e0 la strat\u00e9gie territoriale.","robots":{"index":"index","follow":"follow","max-snippet":"max-snippet:-1","max-image-preview":"max-image-preview:large","max-video-preview":"max-video-preview:-1"},"canonical":"https:\/\/asso.graie.org\/portail\/formation-continue_eaux_pluviales_et_amenagement\/","og_locale":"fr_FR","og_type":"article","og_title":"Formation Continue | La gestion int\u00e9gr\u00e9e des eaux pluviales : du projet d\u2019am\u00e9nagement \u00e0 la strat\u00e9gie territoriale | Graie","og_description":"Participez \u00e0 cette formation eaux pluviales et am\u00e9nagement du Graie sur la gestion \u00e0 la source : du projet d\u2019am\u00e9nagement \u00e0 la strat\u00e9gie territoriale.","og_url":"https:\/\/asso.graie.org\/portail\/formation-continue_eaux_pluviales_et_amenagement\/","og_site_name":"Graie","article_published_time":"2023-07-08T07:40:00+00:00","article_modified_time":"2025-12-18T15:55:01+00:00","og_image":[{"width":860,"height":436,"url":"https:\/\/asso.graie.org\/portail\/wp-content\/uploads\/2022\/08\/cnfpt_ville_perm_colloque.jpg","type":"image\/jpeg"}],"author":"Laetitia Bacot","twitter_card":"summary_large_image","twitter_creator":"@asso_graie","twitter_site":"@asso_graie","twitter_misc":{"\u00c9crit par":"Laetitia Bacot","Dur\u00e9e de lecture estim\u00e9e":"2 minutes"},"schema":{"@context":"https:\/\/schema.org","@graph":[{"@type":"Article","@id":"https:\/\/asso.graie.org\/portail\/formation-continue_eaux_pluviales_et_amenagement\/#article","isPartOf":{"@id":"https:\/\/asso.graie.org\/portail\/formation-continue_eaux_pluviales_et_amenagement\/"},"author":{"name":"Laetitia Bacot","@id":"https:\/\/asso.graie.org\/portail\/#\/schema\/person\/32d8e579e7571258fa5a8d6575f1da6b"},"headline":"Formation Continue | La gestion int\u00e9gr\u00e9e des eaux pluviales : du projet d\u2019am\u00e9nagement \u00e0 la strat\u00e9gie territoriale","datePublished":"2023-07-08T07:40:00+00:00","dateModified":"2025-12-18T15:55:01+00:00","mainEntityOfPage":{"@id":"https:\/\/asso.graie.org\/portail\/formation-continue_eaux_pluviales_et_amenagement\/"},"wordCount":480,"publisher":{"@id":"https:\/\/asso.graie.org\/portail\/#organization"},"keywords":["am\u00e9nagement","eaux pluviales","formation","formation continue","gestion","gestion \u00e0 la source","source"],"articleSection":["Eaux pluviales","Eaux pluviales et am\u00e9nagement","Formation","Historique Agenda"],"inLanguage":"fr-FR"},{"@type":"WebPage","@id":"https:\/\/asso.graie.org\/portail\/formation-continue_eaux_pluviales_et_amenagement\/","url":"https:\/\/asso.graie.org\/portail\/formation-continue_eaux_pluviales_et_amenagement\/","name":"Formation Continue | La gestion int\u00e9gr\u00e9e des eaux pluviales : du projet d\u2019am\u00e9nagement \u00e0 la strat\u00e9gie territoriale | Graie","isPartOf":{"@id":"https:\/\/asso.graie.org\/portail\/#website"},"datePublished":"2023-07-08T07:40:00+00:00","dateModified":"2025-12-18T15:55:01+00:00","description":"Participez \u00e0 cette formation eaux pluviales et am\u00e9nagement du Graie sur la gestion \u00e0 la source : du projet d\u2019am\u00e9nagement \u00e0 la strat\u00e9gie territoriale.","breadcrumb":{"@id":"https:\/\/asso.graie.org\/portail\/formation-continue_eaux_pluviales_et_amenagement\/#breadcrumb"},"inLanguage":"fr-FR","potentialAction":[{"@type":"ReadAction","target":["https:\/\/asso.graie.org\/portail\/formation-continue_eaux_pluviales_et_amenagement\/"]}]},{"@type":"BreadcrumbList","@id":"https:\/\/asso.graie.org\/portail\/formation-continue_eaux_pluviales_et_amenagement\/#breadcrumb","itemListElement":[{"@type":"ListItem","position":1,"name":"Accueil","item":"https:\/\/asso.graie.org\/portail\/"},{"@type":"ListItem","position":2,"name":"Formation Continue | La gestion int\u00e9gr\u00e9e des eaux pluviales : du projet d\u2019am\u00e9nagement \u00e0 la strat\u00e9gie territoriale"}]},{"@type":"WebSite","@id":"https:\/\/asso.graie.org\/portail\/#website","url":"https:\/\/asso.graie.org\/portail\/","name":"Graie","description":"P\u00f4le Eau et Territoires","publisher":{"@id":"https:\/\/asso.graie.org\/portail\/#organization"},"potentialAction":[{"@type":"SearchAction","target":{"@type":"EntryPoint","urlTemplate":"https:\/\/asso.graie.org\/portail\/?s={search_term_string}"},"query-input":"required name=search_term_string"}],"inLanguage":"fr-FR"},{"@type":"Organization","@id":"https:\/\/asso.graie.org\/portail\/#organization","name":"Le Graie","url":"https:\/\/asso.graie.org\/portail\/","logo":{"@type":"ImageObject","inLanguage":"fr-FR","@id":"https:\/\/asso.graie.org\/portail\/#\/schema\/logo\/image\/","url":"https:\/\/asso.graie.org\/portail\/wp-content\/uploads\/2021\/12\/Logotype-Graie.png","contentUrl":"https:\/\/asso.graie.org\/portail\/wp-content\/uploads\/2021\/12\/Logotype-Graie.png","width":1890,"height":1181,"caption":"Le Graie"},"image":{"@id":"https:\/\/asso.graie.org\/portail\/#\/schema\/logo\/image\/"},"sameAs":["https:\/\/fr.linkedin.com\/company\/graie?trk=top_nav_home","https:\/\/www.youtube.com\/channel\/UCZQk0Tt7upYwERYNdDIZqLQ","https:\/\/twitter.com\/asso_graie"]},{"@type":"Person","@id":"https:\/\/asso.graie.org\/portail\/#\/schema\/person\/32d8e579e7571258fa5a8d6575f1da6b","name":"Laetitia Bacot","url":"https:\/\/asso.graie.org\/portail\/author\/laetitiabacot\/"}]}},"_links":{"self":[{"href":"https:\/\/asso.graie.org\/portail\/wp-json\/wp\/v2\/posts\/20452"}],"collection":[{"href":"https:\/\/asso.graie.org\/portail\/wp-json\/wp\/v2\/posts"}],"about":[{"href":"https:\/\/asso.graie.org\/portail\/wp-json\/wp\/v2\/types\/post"}],"author":[{"embeddable":true,"href":"https:\/\/asso.graie.org\/portail\/wp-json\/wp\/v2\/users\/9"}],"replies":[{"embeddable":true,"href":"https:\/\/asso.graie.org\/portail\/wp-json\/wp\/v2\/comments?post=20452"}],"version-history":[{"count":49,"href":"https:\/\/asso.graie.org\/portail\/wp-json\/wp\/v2\/posts\/20452\/revisions"}],"predecessor-version":[{"id":30264,"href":"https:\/\/asso.graie.org\/portail\/wp-json\/wp\/v2\/posts\/20452\/revisions\/30264"}],"wp:featuredmedia":[{"embeddable":true,"href":"https:\/\/asso.graie.org\/portail\/wp-json\/wp\/v2\/media\/20791"}],"wp:attachment":[{"href":"https:\/\/asso.graie.org\/portail\/wp-json\/wp\/v2\/media?parent=20452"}],"wp:term":[{"taxonomy":"category","embeddable":true,"href":"https:\/\/asso.graie.org\/portail\/wp-json\/wp\/v2\/categories?post=20452"},{"taxonomy":"post_tag","embeddable":true,"href":"https:\/\/asso.graie.org\/portail\/wp-json\/wp\/v2\/tags?post=20452"}],"curies":[{"name":"wp","href":"https:\/\/api.w.org\/{rel}","templated":true}]}}