{"id":20613,"date":"2022-09-07T05:28:26","date_gmt":"2022-09-07T03:28:26","guid":{"rendered":"https:\/\/asso.graie.org\/portail\/?p=20613"},"modified":"2024-10-01T10:24:53","modified_gmt":"2024-10-01T08:24:53","slug":"seminaire-ohm-crepieux-charmy-2022","status":"publish","type":"post","link":"https:\/\/asso.graie.org\/portail\/seminaire-ohm-crepieux-charmy-2022\/","title":{"rendered":"S\u00e9minaire | Champ captant de Cr\u00e9pieux-Charmy"},"content":{"rendered":"\n<h2 class=\"wp-block-heading\"><strong>Le s\u00e9minaire de la Plateforme de Recherche du Champ captant de Cr\u00e9pieux-charmy aura lieu le 6 octobre 2022 \u00e0 l&rsquo;ENTPE (Vaulx-en-Velin)<\/strong> <strong>de 13h30 \u00e0 17h30.<\/strong><\/h2>\n\n\n\n<div style=\"height:18px\" aria-hidden=\"true\" class=\"wp-block-spacer\"><\/div>\n\n\n\n<h3 class=\"wp-block-heading\">Des outils et des connaissances pour am\u00e9liorer la gestion et la p\u00e9rennisation de la principale ressource en eau de\u00a0la M\u00e9tropole de Lyon.<\/h3>\n\n\n\n<div style=\"height:44px\" aria-hidden=\"true\" class=\"wp-block-spacer\"><\/div>\n\n\n\n<div class=\"wp-block-columns is-layout-flex wp-container-2 wp-block-columns-is-layout-flex\">\n<div class=\"wp-block-column is-layout-flow wp-block-column-is-layout-flow\"><\/div>\n<\/div>\n\n\n\n<div style=\"height:45px\" aria-hidden=\"true\" class=\"wp-block-spacer\"><\/div>\n\n\n\n<p>Depuis 2010, des scientifiques et des gestionnaires collaborent au sein de la Plateforme de Recherche de Cr\u00e9pieux-Charmy dans le but d\u2019optimiser la gestion qualitative et quantitative de la ressource en eau de la M\u00e9tropole de Lyon. Face aux changements globaux, cette plateforme permet de d\u00e9velopper des outils et des connaissances afin de p\u00e9renniser et de s\u00e9curiser l\u2019alimentation en eau potable.<\/p>\n\n\n\n<div style=\"height:18px\" aria-hidden=\"true\" class=\"wp-block-spacer\"><\/div>\n\n\n\n<h3 class=\"wp-block-heading\">Objectifs<\/h3>\n\n\n\n<p>Ce s\u00e9minaire a pour objectif de pr\u00e9senter le champ captant, les enjeux de sa gestion et les activit\u00e9s de recherche associ\u00e9es. Les scientifiques pr\u00e9senteront les r\u00e9sultats marquants sur la mod\u00e9lisation du cheminement des eaux souterraines et des \u00e9changes avec les eaux de surface ; sur la qualit\u00e9 chimique et microbiologique des eaux souterraines ; sur les probl\u00e9matiques de colmatage des bassins d\u2019infiltration con\u00e7us pour prot\u00e9ger et recharger la nappe.<\/p>\n\n\n\n<div style=\"height:18px\" aria-hidden=\"true\" class=\"wp-block-spacer\"><\/div>\n\n\n\n<h3 class=\"wp-block-heading\">Public<\/h3>\n\n\n\n<p>Ce s\u00e9minaire gratuit s\u2019adresse aux acteurs de l\u2019eau (\u00e9lus, gestionnaires, services de l\u2019\u00c9tat, bureaux d\u2019\u00e9tudes et scientifiques) intervenant sur territoire de la M\u00e9tropole. Il est \u00e9galement ouvert \u00e0 tous les acteurs int\u00e9ress\u00e9s par la gestion des eaux souterraines \u00e0 l\u2019\u00e9chelle de la vall\u00e9e du Rh\u00f4ne.<\/p>\n\n\n\n<div style=\"height:40px\" aria-hidden=\"true\" class=\"wp-block-spacer\"><\/div>\n\n\n<div class=\"wp-block-image\">\n<figure class=\"aligncenter size-large is-resized\"><img decoding=\"async\" loading=\"lazy\" width=\"1024\" height=\"165\" src=\"https:\/\/asso.graie.org\/portail\/wp-content\/uploads\/2022\/08\/2022-10-06_Seminaire_Crepieux_footer-1024x165.png\" alt=\"\" class=\"wp-image-20841\" style=\"width:908px;height:146px\" srcset=\"https:\/\/asso.graie.org\/portail\/wp-content\/uploads\/2022\/08\/2022-10-06_Seminaire_Crepieux_footer-1024x165.png 1024w, https:\/\/asso.graie.org\/portail\/wp-content\/uploads\/2022\/08\/2022-10-06_Seminaire_Crepieux_footer-300x48.png 300w, https:\/\/asso.graie.org\/portail\/wp-content\/uploads\/2022\/08\/2022-10-06_Seminaire_Crepieux_footer-768x124.png 768w, https:\/\/asso.graie.org\/portail\/wp-content\/uploads\/2022\/08\/2022-10-06_Seminaire_Crepieux_footer-1536x247.png 1536w, https:\/\/asso.graie.org\/portail\/wp-content\/uploads\/2022\/08\/2022-10-06_Seminaire_Crepieux_footer-2048x330.png 2048w\" sizes=\"(max-width: 1024px) 100vw, 1024px\" \/><\/figure><\/div>\n\n\n<h3 class=\"wp-block-heading\">&nbsp;<\/h3>\n\n\n\n<h3 class=\"wp-block-heading\">&nbsp;<\/h3>\n\n\n\n<h2 class=\"wp-block-heading\">&nbsp;<\/h2>\n\n\n\n<p><\/p>\n","protected":false},"excerpt":{"rendered":"<p>Le s\u00e9minaire de la Plateforme de Recherche du Champ captant de Cr\u00e9pieux-charmy aura lieu le 6 octobre 2022 \u00e0 l&rsquo;ENTPE (Vaulx-en-Velin) de 13h30 \u00e0 17h30. Des outils et des connaissances pour am\u00e9liorer la gestion et la p\u00e9rennisation de la principale &hellip;<\/p>\n","protected":false},"author":16,"featured_media":20842,"comment_status":"closed","ping_status":"closed","sticky":false,"template":"","format":"standard","meta":{"_mi_skip_tracking":false,"footnotes":""},"categories":[24,589,74,33,28],"tags":[1766,1767,124,307,1112,113,1628],"acf":[],"yoast_head":"<!-- This site is optimized with the Yoast SEO plugin v19.13 - https:\/\/yoast.com\/wordpress\/plugins\/seo\/ -->\n<title>S\u00e9minaire OHM Cr\u00e9pieux-Charmy | Actualit\u00e9s | Le Graie<\/title>\n<meta name=\"description\" content=\".Le s\u00e9minaire de la plateforme de recherche du Champ captant de Cr\u00e9pieux-charmy aura lieu le 6 octobre 2022 \u00e0 l&#039;ENTPE (Vaulx-en-Velin).\" \/>\n<meta name=\"robots\" content=\"index, follow, max-snippet:-1, max-image-preview:large, max-video-preview:-1\" \/>\n<link rel=\"canonical\" href=\"https:\/\/asso.graie.org\/portail\/seminaire-ohm-crepieux-charmy-2022\/\" \/>\n<meta property=\"og:locale\" content=\"fr_FR\" \/>\n<meta property=\"og:type\" content=\"article\" \/>\n<meta property=\"og:title\" content=\"S\u00e9minaire OHM Cr\u00e9pieux-Charmy | Actualit\u00e9s | Le Graie\" \/>\n<meta property=\"og:description\" content=\".Le s\u00e9minaire de la plateforme de recherche du Champ captant de Cr\u00e9pieux-charmy aura lieu le 6 octobre 2022 \u00e0 l&#039;ENTPE (Vaulx-en-Velin).\" \/>\n<meta property=\"og:url\" content=\"https:\/\/asso.graie.org\/portail\/seminaire-ohm-crepieux-charmy-2022\/\" \/>\n<meta property=\"og:site_name\" content=\"Graie\" \/>\n<meta property=\"article:published_time\" content=\"2022-09-07T03:28:26+00:00\" \/>\n<meta property=\"article:modified_time\" content=\"2024-10-01T08:24:53+00:00\" \/>\n<meta property=\"og:image\" content=\"https:\/\/asso.graie.org\/portail\/wp-content\/uploads\/2022\/07\/stationalerte-scaled.jpg\" \/>\n\t<meta property=\"og:image:width\" content=\"2560\" \/>\n\t<meta property=\"og:image:height\" content=\"1920\" \/>\n\t<meta property=\"og:image:type\" content=\"image\/jpeg\" \/>\n<meta name=\"author\" content=\"Maureen Carpentier\" \/>\n<meta name=\"twitter:card\" content=\"summary_large_image\" \/>\n<meta name=\"twitter:creator\" content=\"@asso_graie\" \/>\n<meta name=\"twitter:site\" content=\"@asso_graie\" \/>\n<meta name=\"twitter:label1\" content=\"\u00c9crit par\" \/>\n\t<meta name=\"twitter:data1\" content=\"Maureen Carpentier\" \/>\n\t<meta name=\"twitter:label2\" content=\"Dur\u00e9e de lecture estim\u00e9e\" \/>\n\t<meta name=\"twitter:data2\" content=\"2 minutes\" \/>\n<script type=\"application\/ld+json\" class=\"yoast-schema-graph\">{\"@context\":\"https:\/\/schema.org\",\"@graph\":[{\"@type\":\"Article\",\"@id\":\"https:\/\/asso.graie.org\/portail\/seminaire-ohm-crepieux-charmy-2022\/#article\",\"isPartOf\":{\"@id\":\"https:\/\/asso.graie.org\/portail\/seminaire-ohm-crepieux-charmy-2022\/\"},\"author\":{\"name\":\"Maureen Carpentier\",\"@id\":\"https:\/\/asso.graie.org\/portail\/#\/schema\/person\/486e14d091ff09d12f2b31bad560eb4f\"},\"headline\":\"S\u00e9minaire | Champ captant de Cr\u00e9pieux-Charmy\",\"datePublished\":\"2022-09-07T03:28:26+00:00\",\"dateModified\":\"2024-10-01T08:24:53+00:00\",\"mainEntityOfPage\":{\"@id\":\"https:\/\/asso.graie.org\/portail\/seminaire-ohm-crepieux-charmy-2022\/\"},\"wordCount\":259,\"publisher\":{\"@id\":\"https:\/\/asso.graie.org\/portail\/#organization\"},\"keywords\":[\"champ captant\",\"cr\u00e9pieux-charmy\",\"observatoire\",\"OHM\",\"plateforme\",\"recherche\",\"s\u00e9minaire\"],\"articleSection\":[\"Actu Graie\",\"Historique Agenda\",\"Milieux aquatiques\",\"Milieux aquatiques - Bassins versants\",\"Toute l'actualit\u00e9\"],\"inLanguage\":\"fr-FR\"},{\"@type\":\"WebPage\",\"@id\":\"https:\/\/asso.graie.org\/portail\/seminaire-ohm-crepieux-charmy-2022\/\",\"url\":\"https:\/\/asso.graie.org\/portail\/seminaire-ohm-crepieux-charmy-2022\/\",\"name\":\"S\u00e9minaire OHM Cr\u00e9pieux-Charmy | Actualit\u00e9s | Le Graie\",\"isPartOf\":{\"@id\":\"https:\/\/asso.graie.org\/portail\/#website\"},\"datePublished\":\"2022-09-07T03:28:26+00:00\",\"dateModified\":\"2024-10-01T08:24:53+00:00\",\"description\":\".Le s\u00e9minaire de la plateforme de recherche du Champ captant de Cr\u00e9pieux-charmy aura lieu le 6 octobre 2022 \u00e0 l'ENTPE (Vaulx-en-Velin).\",\"breadcrumb\":{\"@id\":\"https:\/\/asso.graie.org\/portail\/seminaire-ohm-crepieux-charmy-2022\/#breadcrumb\"},\"inLanguage\":\"fr-FR\",\"potentialAction\":[{\"@type\":\"ReadAction\",\"target\":[\"https:\/\/asso.graie.org\/portail\/seminaire-ohm-crepieux-charmy-2022\/\"]}]},{\"@type\":\"BreadcrumbList\",\"@id\":\"https:\/\/asso.graie.org\/portail\/seminaire-ohm-crepieux-charmy-2022\/#breadcrumb\",\"itemListElement\":[{\"@type\":\"ListItem\",\"position\":1,\"name\":\"Accueil\",\"item\":\"https:\/\/asso.graie.org\/portail\/\"},{\"@type\":\"ListItem\",\"position\":2,\"name\":\"S\u00e9minaire | Champ captant de Cr\u00e9pieux-Charmy\"}]},{\"@type\":\"WebSite\",\"@id\":\"https:\/\/asso.graie.org\/portail\/#website\",\"url\":\"https:\/\/asso.graie.org\/portail\/\",\"name\":\"Graie\",\"description\":\"P\u00f4le Eau et Territoires\",\"publisher\":{\"@id\":\"https:\/\/asso.graie.org\/portail\/#organization\"},\"potentialAction\":[{\"@type\":\"SearchAction\",\"target\":{\"@type\":\"EntryPoint\",\"urlTemplate\":\"https:\/\/asso.graie.org\/portail\/?s={search_term_string}\"},\"query-input\":\"required name=search_term_string\"}],\"inLanguage\":\"fr-FR\"},{\"@type\":\"Organization\",\"@id\":\"https:\/\/asso.graie.org\/portail\/#organization\",\"name\":\"Le Graie\",\"url\":\"https:\/\/asso.graie.org\/portail\/\",\"logo\":{\"@type\":\"ImageObject\",\"inLanguage\":\"fr-FR\",\"@id\":\"https:\/\/asso.graie.org\/portail\/#\/schema\/logo\/image\/\",\"url\":\"https:\/\/asso.graie.org\/portail\/wp-content\/uploads\/2021\/12\/Logotype-Graie.png\",\"contentUrl\":\"https:\/\/asso.graie.org\/portail\/wp-content\/uploads\/2021\/12\/Logotype-Graie.png\",\"width\":1890,\"height\":1181,\"caption\":\"Le Graie\"},\"image\":{\"@id\":\"https:\/\/asso.graie.org\/portail\/#\/schema\/logo\/image\/\"},\"sameAs\":[\"https:\/\/fr.linkedin.com\/company\/graie?trk=top_nav_home\",\"https:\/\/www.youtube.com\/channel\/UCZQk0Tt7upYwERYNdDIZqLQ\",\"https:\/\/twitter.com\/asso_graie\"]},{\"@type\":\"Person\",\"@id\":\"https:\/\/asso.graie.org\/portail\/#\/schema\/person\/486e14d091ff09d12f2b31bad560eb4f\",\"name\":\"Maureen Carpentier\",\"url\":\"https:\/\/asso.graie.org\/portail\/author\/juliettecasanova\/\"}]}<\/script>\n<!-- \/ Yoast SEO plugin. -->","yoast_head_json":{"title":"S\u00e9minaire OHM Cr\u00e9pieux-Charmy | Actualit\u00e9s | Le Graie","description":".Le s\u00e9minaire de la plateforme de recherche du Champ captant de Cr\u00e9pieux-charmy aura lieu le 6 octobre 2022 \u00e0 l'ENTPE (Vaulx-en-Velin).","robots":{"index":"index","follow":"follow","max-snippet":"max-snippet:-1","max-image-preview":"max-image-preview:large","max-video-preview":"max-video-preview:-1"},"canonical":"https:\/\/asso.graie.org\/portail\/seminaire-ohm-crepieux-charmy-2022\/","og_locale":"fr_FR","og_type":"article","og_title":"S\u00e9minaire OHM Cr\u00e9pieux-Charmy | Actualit\u00e9s | Le Graie","og_description":".Le s\u00e9minaire de la plateforme de recherche du Champ captant de Cr\u00e9pieux-charmy aura lieu le 6 octobre 2022 \u00e0 l'ENTPE (Vaulx-en-Velin).","og_url":"https:\/\/asso.graie.org\/portail\/seminaire-ohm-crepieux-charmy-2022\/","og_site_name":"Graie","article_published_time":"2022-09-07T03:28:26+00:00","article_modified_time":"2024-10-01T08:24:53+00:00","og_image":[{"width":2560,"height":1920,"url":"https:\/\/asso.graie.org\/portail\/wp-content\/uploads\/2022\/07\/stationalerte-scaled.jpg","type":"image\/jpeg"}],"author":"Maureen Carpentier","twitter_card":"summary_large_image","twitter_creator":"@asso_graie","twitter_site":"@asso_graie","twitter_misc":{"\u00c9crit par":"Maureen Carpentier","Dur\u00e9e de lecture estim\u00e9e":"2 minutes"},"schema":{"@context":"https:\/\/schema.org","@graph":[{"@type":"Article","@id":"https:\/\/asso.graie.org\/portail\/seminaire-ohm-crepieux-charmy-2022\/#article","isPartOf":{"@id":"https:\/\/asso.graie.org\/portail\/seminaire-ohm-crepieux-charmy-2022\/"},"author":{"name":"Maureen Carpentier","@id":"https:\/\/asso.graie.org\/portail\/#\/schema\/person\/486e14d091ff09d12f2b31bad560eb4f"},"headline":"S\u00e9minaire | Champ captant de Cr\u00e9pieux-Charmy","datePublished":"2022-09-07T03:28:26+00:00","dateModified":"2024-10-01T08:24:53+00:00","mainEntityOfPage":{"@id":"https:\/\/asso.graie.org\/portail\/seminaire-ohm-crepieux-charmy-2022\/"},"wordCount":259,"publisher":{"@id":"https:\/\/asso.graie.org\/portail\/#organization"},"keywords":["champ captant","cr\u00e9pieux-charmy","observatoire","OHM","plateforme","recherche","s\u00e9minaire"],"articleSection":["Actu Graie","Historique Agenda","Milieux aquatiques","Milieux aquatiques - Bassins versants","Toute l'actualit\u00e9"],"inLanguage":"fr-FR"},{"@type":"WebPage","@id":"https:\/\/asso.graie.org\/portail\/seminaire-ohm-crepieux-charmy-2022\/","url":"https:\/\/asso.graie.org\/portail\/seminaire-ohm-crepieux-charmy-2022\/","name":"S\u00e9minaire OHM Cr\u00e9pieux-Charmy | Actualit\u00e9s | Le Graie","isPartOf":{"@id":"https:\/\/asso.graie.org\/portail\/#website"},"datePublished":"2022-09-07T03:28:26+00:00","dateModified":"2024-10-01T08:24:53+00:00","description":".Le s\u00e9minaire de la plateforme de recherche du Champ captant de Cr\u00e9pieux-charmy aura lieu le 6 octobre 2022 \u00e0 l'ENTPE (Vaulx-en-Velin).","breadcrumb":{"@id":"https:\/\/asso.graie.org\/portail\/seminaire-ohm-crepieux-charmy-2022\/#breadcrumb"},"inLanguage":"fr-FR","potentialAction":[{"@type":"ReadAction","target":["https:\/\/asso.graie.org\/portail\/seminaire-ohm-crepieux-charmy-2022\/"]}]},{"@type":"BreadcrumbList","@id":"https:\/\/asso.graie.org\/portail\/seminaire-ohm-crepieux-charmy-2022\/#breadcrumb","itemListElement":[{"@type":"ListItem","position":1,"name":"Accueil","item":"https:\/\/asso.graie.org\/portail\/"},{"@type":"ListItem","position":2,"name":"S\u00e9minaire | Champ captant de Cr\u00e9pieux-Charmy"}]},{"@type":"WebSite","@id":"https:\/\/asso.graie.org\/portail\/#website","url":"https:\/\/asso.graie.org\/portail\/","name":"Graie","description":"P\u00f4le Eau et Territoires","publisher":{"@id":"https:\/\/asso.graie.org\/portail\/#organization"},"potentialAction":[{"@type":"SearchAction","target":{"@type":"EntryPoint","urlTemplate":"https:\/\/asso.graie.org\/portail\/?s={search_term_string}"},"query-input":"required name=search_term_string"}],"inLanguage":"fr-FR"},{"@type":"Organization","@id":"https:\/\/asso.graie.org\/portail\/#organization","name":"Le Graie","url":"https:\/\/asso.graie.org\/portail\/","logo":{"@type":"ImageObject","inLanguage":"fr-FR","@id":"https:\/\/asso.graie.org\/portail\/#\/schema\/logo\/image\/","url":"https:\/\/asso.graie.org\/portail\/wp-content\/uploads\/2021\/12\/Logotype-Graie.png","contentUrl":"https:\/\/asso.graie.org\/portail\/wp-content\/uploads\/2021\/12\/Logotype-Graie.png","width":1890,"height":1181,"caption":"Le Graie"},"image":{"@id":"https:\/\/asso.graie.org\/portail\/#\/schema\/logo\/image\/"},"sameAs":["https:\/\/fr.linkedin.com\/company\/graie?trk=top_nav_home","https:\/\/www.youtube.com\/channel\/UCZQk0Tt7upYwERYNdDIZqLQ","https:\/\/twitter.com\/asso_graie"]},{"@type":"Person","@id":"https:\/\/asso.graie.org\/portail\/#\/schema\/person\/486e14d091ff09d12f2b31bad560eb4f","name":"Maureen Carpentier","url":"https:\/\/asso.graie.org\/portail\/author\/juliettecasanova\/"}]}},"_links":{"self":[{"href":"https:\/\/asso.graie.org\/portail\/wp-json\/wp\/v2\/posts\/20613"}],"collection":[{"href":"https:\/\/asso.graie.org\/portail\/wp-json\/wp\/v2\/posts"}],"about":[{"href":"https:\/\/asso.graie.org\/portail\/wp-json\/wp\/v2\/types\/post"}],"author":[{"embeddable":true,"href":"https:\/\/asso.graie.org\/portail\/wp-json\/wp\/v2\/users\/16"}],"replies":[{"embeddable":true,"href":"https:\/\/asso.graie.org\/portail\/wp-json\/wp\/v2\/comments?post=20613"}],"version-history":[{"count":15,"href":"https:\/\/asso.graie.org\/portail\/wp-json\/wp\/v2\/posts\/20613\/revisions"}],"predecessor-version":[{"id":26664,"href":"https:\/\/asso.graie.org\/portail\/wp-json\/wp\/v2\/posts\/20613\/revisions\/26664"}],"wp:featuredmedia":[{"embeddable":true,"href":"https:\/\/asso.graie.org\/portail\/wp-json\/wp\/v2\/media\/20842"}],"wp:attachment":[{"href":"https:\/\/asso.graie.org\/portail\/wp-json\/wp\/v2\/media?parent=20613"}],"wp:term":[{"taxonomy":"category","embeddable":true,"href":"https:\/\/asso.graie.org\/portail\/wp-json\/wp\/v2\/categories?post=20613"},{"taxonomy":"post_tag","embeddable":true,"href":"https:\/\/asso.graie.org\/portail\/wp-json\/wp\/v2\/tags?post=20613"}],"curies":[{"name":"wp","href":"https:\/\/api.w.org\/{rel}","templated":true}]}}