{"id":20788,"date":"2022-08-29T11:17:28","date_gmt":"2022-08-29T09:17:28","guid":{"rendered":"https:\/\/asso.graie.org\/portail\/?p=20788"},"modified":"2022-08-29T11:17:29","modified_gmt":"2022-08-29T09:17:29","slug":"cnfpt-colloque-ville-permeablecnfpt-colloque-ville-permeable","status":"publish","type":"post","link":"https:\/\/asso.graie.org\/portail\/cnfpt-colloque-ville-permeablecnfpt-colloque-ville-permeable\/","title":{"rendered":"CNFPT | Colloque Ville Perm\u00e9able"},"content":{"rendered":"\n<div class=\"wp-block-image\"><figure class=\"aligncenter size-large is-resized\"><img decoding=\"async\" loading=\"lazy\" src=\"https:\/\/asso.graie.org\/portail\/wp-content\/uploads\/2022\/08\/cnfpt-1024x822.png\" alt=\"\" class=\"wp-image-20790\" width=\"434\" height=\"348\" srcset=\"https:\/\/asso.graie.org\/portail\/wp-content\/uploads\/2022\/08\/cnfpt-1024x822.png 1024w, https:\/\/asso.graie.org\/portail\/wp-content\/uploads\/2022\/08\/cnfpt-300x241.png 300w, https:\/\/asso.graie.org\/portail\/wp-content\/uploads\/2022\/08\/cnfpt-768x617.png 768w, https:\/\/asso.graie.org\/portail\/wp-content\/uploads\/2022\/08\/cnfpt-1536x1233.png 1536w, https:\/\/asso.graie.org\/portail\/wp-content\/uploads\/2022\/08\/cnfpt-2048x1644.png 2048w\" sizes=\"(max-width: 434px) 100vw, 434px\" \/><\/figure><\/div>\n\n\n\n<div style=\"height:25px\" aria-hidden=\"true\" class=\"wp-block-spacer\"><\/div>\n\n\n\n<h3 class=\"wp-block-heading\"><strong>Le colloque \u00ab\u00a0Vers une ville perm\u00e9able, r\u00e9siliente et vivante\u00a0\u00bb organis\u00e9 par la CNFPT aura lieu le 25 novembre 2022 \u00e0 Lyon<\/strong>.<\/h3>\n\n\n\n<div style=\"height:20px\" aria-hidden=\"true\" class=\"wp-block-spacer\"><\/div>\n\n\n\n<h2 class=\"wp-block-heading\">Objectifs de l&rsquo;\u00e9v\u00e9nement<\/h2>\n\n\n\n<ul><li>D\u00e9cliner les applications r\u00e8glementaires de la loi Biodiversit\u00e9 volet Compensations \u00e9cologiques et ERC (Eviter-R\u00e9duire-Compenser), la loi Climat et r\u00e9silience d\u2019ao\u00fbt 2021, volet Z\u00e9ro Artificialisation Nette et le Plan National d\u2019Action sur la Gestion des Eaux Pluviales de novembre 2021.<\/li><\/ul>\n\n\n\n<ul><li>Identifier les enjeux et les strat\u00e9gies de d\u00e9simperm\u00e9abilisation et de renaturation des villes : pr\u00e9servation des sols, biodiversit\u00e9 et ressources en eau, rafra\u00eechissement des \u00eelots de chaleur urbains, r\u00e9silience \u00e9cologique des territoires urbains, d\u00e9veloppement de Solutions Fond\u00e9es sur la Nature.<\/li><\/ul>\n\n\n\n<ul><li>Partager et profiter des exp\u00e9riences de gestion durable des eaux pluviales, de d\u00e9simperm\u00e9abilisation et restauration de sols min\u00e9raux \u00e0 travers des illustrations de conception, requalification, gestion de quartiers environnementaux exemplaires en Europe : t\u00e9moignages et visites M\u00e9tropole,<\/li><\/ul>\n\n\n\n<ul><li>T\u00e9moigner, identifier des pistes de coop\u00e9ration entre services Voirie, Eau, biodiversit\u00e9 des m\u00e9tropoles et villes moyennes en lien avec les partenaires pour atteindre ces objectifs.<\/li><\/ul>\n\n\n\n<div style=\"height:23px\" aria-hidden=\"true\" class=\"wp-block-spacer\"><\/div>\n\n\n\n<h3 class=\"wp-block-heading\">Public<\/h3>\n\n\n\n<p>DGST et DST, cadres et responsables de services espaces verts, espaces naturels, eau\/assainissement, voirie, propret\u00e9, espaces publics, transition \u00e9cologique, climat.\u00a0<\/p>\n\n\n\n<div style=\"height:22px\" aria-hidden=\"true\" class=\"wp-block-spacer\"><\/div>\n\n\n\n<h2 class=\"wp-block-heading\">> <a href=\"https:\/\/www.cnfpt.fr\/se-former\/trouver-evenement\/ville-permeable-resiliente-vivante\/inset-montpellier\">Informations et inscriptions<\/a><\/h2>\n\n\n\n<h2 class=\"wp-block-heading\">&nbsp;<\/h2>\n","protected":false},"excerpt":{"rendered":"<p>Le colloque \u00ab\u00a0Vers une ville perm\u00e9able, r\u00e9siliente et vivante\u00a0\u00bb organis\u00e9 par la CNFPT aura lieu le 25 novembre 2022 \u00e0 Lyon. Objectifs de l&rsquo;\u00e9v\u00e9nement D\u00e9cliner les applications r\u00e8glementaires de la loi Biodiversit\u00e9 volet Compensations \u00e9cologiques et ERC (Eviter-R\u00e9duire-Compenser), la loi &hellip;<\/p>\n","protected":false},"author":16,"featured_media":20791,"comment_status":"closed","ping_status":"closed","sticky":false,"template":"","format":"standard","meta":{"_mi_skip_tracking":false,"footnotes":""},"categories":[27,28],"tags":[1675,1774,1701,1673,1773],"acf":[],"yoast_head":"<!-- This site is optimized with the Yoast SEO plugin v19.13 - https:\/\/yoast.com\/wordpress\/plugins\/seo\/ -->\n<title>CNFPT | Colloque Ville Perm\u00e9able | Actualit\u00e9 Partenaire | Graie<\/title>\n<meta name=\"description\" content=\"Le colloque &quot;Vers une ville perm\u00e9able, r\u00e9siliente et vivante&quot; organis\u00e9 par la CNFPT aura lieu le 25 novembre 2022 \u00e0 Lyon.\" \/>\n<meta name=\"robots\" content=\"index, follow, max-snippet:-1, max-image-preview:large, max-video-preview:-1\" \/>\n<link rel=\"canonical\" href=\"https:\/\/asso.graie.org\/portail\/cnfpt-colloque-ville-permeablecnfpt-colloque-ville-permeable\/\" \/>\n<meta property=\"og:locale\" content=\"fr_FR\" \/>\n<meta property=\"og:type\" content=\"article\" \/>\n<meta property=\"og:title\" content=\"CNFPT | Colloque Ville Perm\u00e9able | Actualit\u00e9 Partenaire | Graie\" \/>\n<meta property=\"og:description\" content=\"Le colloque &quot;Vers une ville perm\u00e9able, r\u00e9siliente et vivante&quot; organis\u00e9 par la CNFPT aura lieu le 25 novembre 2022 \u00e0 Lyon.\" \/>\n<meta property=\"og:url\" content=\"https:\/\/asso.graie.org\/portail\/cnfpt-colloque-ville-permeablecnfpt-colloque-ville-permeable\/\" \/>\n<meta property=\"og:site_name\" content=\"Graie\" \/>\n<meta property=\"article:published_time\" content=\"2022-08-29T09:17:28+00:00\" \/>\n<meta property=\"article:modified_time\" content=\"2022-08-29T09:17:29+00:00\" \/>\n<meta property=\"og:image\" content=\"https:\/\/asso.graie.org\/portail\/wp-content\/uploads\/2022\/08\/cnfpt_ville_perm_colloque.jpg\" \/>\n\t<meta property=\"og:image:width\" content=\"860\" \/>\n\t<meta property=\"og:image:height\" content=\"436\" \/>\n\t<meta property=\"og:image:type\" content=\"image\/jpeg\" \/>\n<meta name=\"author\" content=\"Maureen Carpentier\" \/>\n<meta name=\"twitter:card\" content=\"summary_large_image\" \/>\n<meta name=\"twitter:creator\" content=\"@asso_graie\" \/>\n<meta name=\"twitter:site\" content=\"@asso_graie\" \/>\n<meta name=\"twitter:label1\" content=\"\u00c9crit par\" \/>\n\t<meta name=\"twitter:data1\" content=\"Maureen Carpentier\" \/>\n\t<meta name=\"twitter:label2\" content=\"Dur\u00e9e de lecture estim\u00e9e\" \/>\n\t<meta name=\"twitter:data2\" content=\"2 minutes\" \/>\n<script type=\"application\/ld+json\" class=\"yoast-schema-graph\">{\"@context\":\"https:\/\/schema.org\",\"@graph\":[{\"@type\":\"Article\",\"@id\":\"https:\/\/asso.graie.org\/portail\/cnfpt-colloque-ville-permeablecnfpt-colloque-ville-permeable\/#article\",\"isPartOf\":{\"@id\":\"https:\/\/asso.graie.org\/portail\/cnfpt-colloque-ville-permeablecnfpt-colloque-ville-permeable\/\"},\"author\":{\"name\":\"Maureen Carpentier\",\"@id\":\"https:\/\/asso.graie.org\/portail\/#\/schema\/person\/486e14d091ff09d12f2b31bad560eb4f\"},\"headline\":\"CNFPT | Colloque Ville Perm\u00e9able\",\"datePublished\":\"2022-08-29T09:17:28+00:00\",\"dateModified\":\"2022-08-29T09:17:29+00:00\",\"mainEntityOfPage\":{\"@id\":\"https:\/\/asso.graie.org\/portail\/cnfpt-colloque-ville-permeablecnfpt-colloque-ville-permeable\/\"},\"wordCount\":217,\"publisher\":{\"@id\":\"https:\/\/asso.graie.org\/portail\/#organization\"},\"keywords\":[\"actualit\u00e9\",\"cnfpt\",\"colloque\",\"partenaire\",\"ville perm\u00e9able\"],\"articleSection\":[\"Actualit\u00e9s partenaires\",\"Toute l'actualit\u00e9\"],\"inLanguage\":\"fr-FR\"},{\"@type\":\"WebPage\",\"@id\":\"https:\/\/asso.graie.org\/portail\/cnfpt-colloque-ville-permeablecnfpt-colloque-ville-permeable\/\",\"url\":\"https:\/\/asso.graie.org\/portail\/cnfpt-colloque-ville-permeablecnfpt-colloque-ville-permeable\/\",\"name\":\"CNFPT | Colloque Ville Perm\u00e9able | Actualit\u00e9 Partenaire | Graie\",\"isPartOf\":{\"@id\":\"https:\/\/asso.graie.org\/portail\/#website\"},\"datePublished\":\"2022-08-29T09:17:28+00:00\",\"dateModified\":\"2022-08-29T09:17:29+00:00\",\"description\":\"Le colloque \\\"Vers une ville perm\u00e9able, r\u00e9siliente et vivante\\\" organis\u00e9 par la CNFPT aura lieu le 25 novembre 2022 \u00e0 Lyon.\",\"breadcrumb\":{\"@id\":\"https:\/\/asso.graie.org\/portail\/cnfpt-colloque-ville-permeablecnfpt-colloque-ville-permeable\/#breadcrumb\"},\"inLanguage\":\"fr-FR\",\"potentialAction\":[{\"@type\":\"ReadAction\",\"target\":[\"https:\/\/asso.graie.org\/portail\/cnfpt-colloque-ville-permeablecnfpt-colloque-ville-permeable\/\"]}]},{\"@type\":\"BreadcrumbList\",\"@id\":\"https:\/\/asso.graie.org\/portail\/cnfpt-colloque-ville-permeablecnfpt-colloque-ville-permeable\/#breadcrumb\",\"itemListElement\":[{\"@type\":\"ListItem\",\"position\":1,\"name\":\"Accueil\",\"item\":\"https:\/\/asso.graie.org\/portail\/\"},{\"@type\":\"ListItem\",\"position\":2,\"name\":\"CNFPT | Colloque Ville Perm\u00e9able\"}]},{\"@type\":\"WebSite\",\"@id\":\"https:\/\/asso.graie.org\/portail\/#website\",\"url\":\"https:\/\/asso.graie.org\/portail\/\",\"name\":\"Graie\",\"description\":\"P\u00f4le Eau et Territoires\",\"publisher\":{\"@id\":\"https:\/\/asso.graie.org\/portail\/#organization\"},\"potentialAction\":[{\"@type\":\"SearchAction\",\"target\":{\"@type\":\"EntryPoint\",\"urlTemplate\":\"https:\/\/asso.graie.org\/portail\/?s={search_term_string}\"},\"query-input\":\"required name=search_term_string\"}],\"inLanguage\":\"fr-FR\"},{\"@type\":\"Organization\",\"@id\":\"https:\/\/asso.graie.org\/portail\/#organization\",\"name\":\"Le Graie\",\"url\":\"https:\/\/asso.graie.org\/portail\/\",\"logo\":{\"@type\":\"ImageObject\",\"inLanguage\":\"fr-FR\",\"@id\":\"https:\/\/asso.graie.org\/portail\/#\/schema\/logo\/image\/\",\"url\":\"https:\/\/asso.graie.org\/portail\/wp-content\/uploads\/2021\/12\/Logotype-Graie.png\",\"contentUrl\":\"https:\/\/asso.graie.org\/portail\/wp-content\/uploads\/2021\/12\/Logotype-Graie.png\",\"width\":1890,\"height\":1181,\"caption\":\"Le Graie\"},\"image\":{\"@id\":\"https:\/\/asso.graie.org\/portail\/#\/schema\/logo\/image\/\"},\"sameAs\":[\"https:\/\/fr.linkedin.com\/company\/graie?trk=top_nav_home\",\"https:\/\/www.youtube.com\/channel\/UCZQk0Tt7upYwERYNdDIZqLQ\",\"https:\/\/twitter.com\/asso_graie\"]},{\"@type\":\"Person\",\"@id\":\"https:\/\/asso.graie.org\/portail\/#\/schema\/person\/486e14d091ff09d12f2b31bad560eb4f\",\"name\":\"Maureen Carpentier\",\"url\":\"https:\/\/asso.graie.org\/portail\/author\/juliettecasanova\/\"}]}<\/script>\n<!-- \/ Yoast SEO plugin. -->","yoast_head_json":{"title":"CNFPT | Colloque Ville Perm\u00e9able | Actualit\u00e9 Partenaire | Graie","description":"Le colloque \"Vers une ville perm\u00e9able, r\u00e9siliente et vivante\" organis\u00e9 par la CNFPT aura lieu le 25 novembre 2022 \u00e0 Lyon.","robots":{"index":"index","follow":"follow","max-snippet":"max-snippet:-1","max-image-preview":"max-image-preview:large","max-video-preview":"max-video-preview:-1"},"canonical":"https:\/\/asso.graie.org\/portail\/cnfpt-colloque-ville-permeablecnfpt-colloque-ville-permeable\/","og_locale":"fr_FR","og_type":"article","og_title":"CNFPT | Colloque Ville Perm\u00e9able | Actualit\u00e9 Partenaire | Graie","og_description":"Le colloque \"Vers une ville perm\u00e9able, r\u00e9siliente et vivante\" organis\u00e9 par la CNFPT aura lieu le 25 novembre 2022 \u00e0 Lyon.","og_url":"https:\/\/asso.graie.org\/portail\/cnfpt-colloque-ville-permeablecnfpt-colloque-ville-permeable\/","og_site_name":"Graie","article_published_time":"2022-08-29T09:17:28+00:00","article_modified_time":"2022-08-29T09:17:29+00:00","og_image":[{"width":860,"height":436,"url":"https:\/\/asso.graie.org\/portail\/wp-content\/uploads\/2022\/08\/cnfpt_ville_perm_colloque.jpg","type":"image\/jpeg"}],"author":"Maureen Carpentier","twitter_card":"summary_large_image","twitter_creator":"@asso_graie","twitter_site":"@asso_graie","twitter_misc":{"\u00c9crit par":"Maureen Carpentier","Dur\u00e9e de lecture estim\u00e9e":"2 minutes"},"schema":{"@context":"https:\/\/schema.org","@graph":[{"@type":"Article","@id":"https:\/\/asso.graie.org\/portail\/cnfpt-colloque-ville-permeablecnfpt-colloque-ville-permeable\/#article","isPartOf":{"@id":"https:\/\/asso.graie.org\/portail\/cnfpt-colloque-ville-permeablecnfpt-colloque-ville-permeable\/"},"author":{"name":"Maureen Carpentier","@id":"https:\/\/asso.graie.org\/portail\/#\/schema\/person\/486e14d091ff09d12f2b31bad560eb4f"},"headline":"CNFPT | Colloque Ville Perm\u00e9able","datePublished":"2022-08-29T09:17:28+00:00","dateModified":"2022-08-29T09:17:29+00:00","mainEntityOfPage":{"@id":"https:\/\/asso.graie.org\/portail\/cnfpt-colloque-ville-permeablecnfpt-colloque-ville-permeable\/"},"wordCount":217,"publisher":{"@id":"https:\/\/asso.graie.org\/portail\/#organization"},"keywords":["actualit\u00e9","cnfpt","colloque","partenaire","ville perm\u00e9able"],"articleSection":["Actualit\u00e9s partenaires","Toute l'actualit\u00e9"],"inLanguage":"fr-FR"},{"@type":"WebPage","@id":"https:\/\/asso.graie.org\/portail\/cnfpt-colloque-ville-permeablecnfpt-colloque-ville-permeable\/","url":"https:\/\/asso.graie.org\/portail\/cnfpt-colloque-ville-permeablecnfpt-colloque-ville-permeable\/","name":"CNFPT | Colloque Ville Perm\u00e9able | Actualit\u00e9 Partenaire | Graie","isPartOf":{"@id":"https:\/\/asso.graie.org\/portail\/#website"},"datePublished":"2022-08-29T09:17:28+00:00","dateModified":"2022-08-29T09:17:29+00:00","description":"Le colloque \"Vers une ville perm\u00e9able, r\u00e9siliente et vivante\" organis\u00e9 par la CNFPT aura lieu le 25 novembre 2022 \u00e0 Lyon.","breadcrumb":{"@id":"https:\/\/asso.graie.org\/portail\/cnfpt-colloque-ville-permeablecnfpt-colloque-ville-permeable\/#breadcrumb"},"inLanguage":"fr-FR","potentialAction":[{"@type":"ReadAction","target":["https:\/\/asso.graie.org\/portail\/cnfpt-colloque-ville-permeablecnfpt-colloque-ville-permeable\/"]}]},{"@type":"BreadcrumbList","@id":"https:\/\/asso.graie.org\/portail\/cnfpt-colloque-ville-permeablecnfpt-colloque-ville-permeable\/#breadcrumb","itemListElement":[{"@type":"ListItem","position":1,"name":"Accueil","item":"https:\/\/asso.graie.org\/portail\/"},{"@type":"ListItem","position":2,"name":"CNFPT | Colloque Ville Perm\u00e9able"}]},{"@type":"WebSite","@id":"https:\/\/asso.graie.org\/portail\/#website","url":"https:\/\/asso.graie.org\/portail\/","name":"Graie","description":"P\u00f4le Eau et Territoires","publisher":{"@id":"https:\/\/asso.graie.org\/portail\/#organization"},"potentialAction":[{"@type":"SearchAction","target":{"@type":"EntryPoint","urlTemplate":"https:\/\/asso.graie.org\/portail\/?s={search_term_string}"},"query-input":"required name=search_term_string"}],"inLanguage":"fr-FR"},{"@type":"Organization","@id":"https:\/\/asso.graie.org\/portail\/#organization","name":"Le Graie","url":"https:\/\/asso.graie.org\/portail\/","logo":{"@type":"ImageObject","inLanguage":"fr-FR","@id":"https:\/\/asso.graie.org\/portail\/#\/schema\/logo\/image\/","url":"https:\/\/asso.graie.org\/portail\/wp-content\/uploads\/2021\/12\/Logotype-Graie.png","contentUrl":"https:\/\/asso.graie.org\/portail\/wp-content\/uploads\/2021\/12\/Logotype-Graie.png","width":1890,"height":1181,"caption":"Le Graie"},"image":{"@id":"https:\/\/asso.graie.org\/portail\/#\/schema\/logo\/image\/"},"sameAs":["https:\/\/fr.linkedin.com\/company\/graie?trk=top_nav_home","https:\/\/www.youtube.com\/channel\/UCZQk0Tt7upYwERYNdDIZqLQ","https:\/\/twitter.com\/asso_graie"]},{"@type":"Person","@id":"https:\/\/asso.graie.org\/portail\/#\/schema\/person\/486e14d091ff09d12f2b31bad560eb4f","name":"Maureen Carpentier","url":"https:\/\/asso.graie.org\/portail\/author\/juliettecasanova\/"}]}},"_links":{"self":[{"href":"https:\/\/asso.graie.org\/portail\/wp-json\/wp\/v2\/posts\/20788"}],"collection":[{"href":"https:\/\/asso.graie.org\/portail\/wp-json\/wp\/v2\/posts"}],"about":[{"href":"https:\/\/asso.graie.org\/portail\/wp-json\/wp\/v2\/types\/post"}],"author":[{"embeddable":true,"href":"https:\/\/asso.graie.org\/portail\/wp-json\/wp\/v2\/users\/16"}],"replies":[{"embeddable":true,"href":"https:\/\/asso.graie.org\/portail\/wp-json\/wp\/v2\/comments?post=20788"}],"version-history":[{"count":2,"href":"https:\/\/asso.graie.org\/portail\/wp-json\/wp\/v2\/posts\/20788\/revisions"}],"predecessor-version":[{"id":20796,"href":"https:\/\/asso.graie.org\/portail\/wp-json\/wp\/v2\/posts\/20788\/revisions\/20796"}],"wp:featuredmedia":[{"embeddable":true,"href":"https:\/\/asso.graie.org\/portail\/wp-json\/wp\/v2\/media\/20791"}],"wp:attachment":[{"href":"https:\/\/asso.graie.org\/portail\/wp-json\/wp\/v2\/media?parent=20788"}],"wp:term":[{"taxonomy":"category","embeddable":true,"href":"https:\/\/asso.graie.org\/portail\/wp-json\/wp\/v2\/categories?post=20788"},{"taxonomy":"post_tag","embeddable":true,"href":"https:\/\/asso.graie.org\/portail\/wp-json\/wp\/v2\/tags?post=20788"}],"curies":[{"name":"wp","href":"https:\/\/api.w.org\/{rel}","templated":true}]}}