{"id":21807,"date":"2022-10-11T16:04:03","date_gmt":"2022-10-11T14:04:03","guid":{"rendered":"https:\/\/asso.graie.org\/portail\/?p=21807"},"modified":"2022-10-11T16:04:05","modified_gmt":"2022-10-11T14:04:05","slug":"partenaire-apports-biomarqueurs-surveillance-masses-deau-cotieres","status":"publish","type":"post","link":"https:\/\/asso.graie.org\/portail\/partenaire-apports-biomarqueurs-surveillance-masses-deau-cotieres\/","title":{"rendered":"Journ\u00e9e Partenaire | Apports des biomarqueurs pour la surveillance des masses d&rsquo;eau c\u00f4ti\u00e8res"},"content":{"rendered":"\n<div style=\"height:23px\" aria-hidden=\"true\" class=\"wp-block-spacer\"><\/div>\n\n\n\n<div class=\"wp-block-image\"><figure class=\"aligncenter size-large\"><img decoding=\"async\" loading=\"lazy\" width=\"1024\" height=\"341\" src=\"https:\/\/asso.graie.org\/portail\/wp-content\/uploads\/2022\/10\/biomarqueurs_partenaire-1024x341.jpg\" alt=\"\" class=\"wp-image-21808\" srcset=\"https:\/\/asso.graie.org\/portail\/wp-content\/uploads\/2022\/10\/biomarqueurs_partenaire-1024x341.jpg 1024w, https:\/\/asso.graie.org\/portail\/wp-content\/uploads\/2022\/10\/biomarqueurs_partenaire-300x100.jpg 300w, https:\/\/asso.graie.org\/portail\/wp-content\/uploads\/2022\/10\/biomarqueurs_partenaire-768x256.jpg 768w, https:\/\/asso.graie.org\/portail\/wp-content\/uploads\/2022\/10\/biomarqueurs_partenaire-1536x512.jpg 1536w, https:\/\/asso.graie.org\/portail\/wp-content\/uploads\/2022\/10\/biomarqueurs_partenaire-2048x683.jpg 2048w\" sizes=\"(max-width: 1024px) 100vw, 1024px\" \/><\/figure><\/div>\n\n\n\n<div style=\"height:23px\" aria-hidden=\"true\" class=\"wp-block-spacer\"><\/div>\n\n\n\n<hr class=\"wp-block-separator\"\/>\n\n\n\n<div style=\"height:28px\" aria-hidden=\"true\" class=\"wp-block-spacer\"><\/div>\n\n\n\n<h2 class=\"has-text-align-center wp-block-heading\">Le mardi 29 novembre 2022<\/h2>\n\n\n\n<div style=\"height:16px\" aria-hidden=\"true\" class=\"wp-block-spacer\"><\/div>\n\n\n\n<h3 class=\"has-text-align-center wp-block-heading\">Pavillon des transitions H2O \u00e0 Rouen<\/h3>\n\n\n\n<div style=\"height:28px\" aria-hidden=\"true\" class=\"wp-block-spacer\"><\/div>\n\n\n\n<hr class=\"wp-block-separator\"\/>\n\n\n\n<div style=\"height:24px\" aria-hidden=\"true\" class=\"wp-block-spacer\"><\/div>\n\n\n\n<div style=\"height:39px\" aria-hidden=\"true\" class=\"wp-block-spacer\"><\/div>\n\n\n\n<h3 class=\"wp-block-heading\">La journ\u00e9e<\/h3>\n\n\n\n<p>Cet \u00e9v\u00e8nement partenaire vise \u00e0 pr\u00e9senter es outils biologiques se d\u00e9veloppent pour mesurer les effets toxiques subis par les organismes aquatiques afin de r\u00e9pondre \u00e0 la question de l\u2019impact de la pollution sur les milieux aquatiques et compl\u00e9ter les diagnostics bas\u00e9s sur la chimie.\u00a0<\/p>\n\n\n\n<p>La journ\u00e9e s&rsquo;appuie sur le <a href=\"https:\/\/www.seine-aval.fr\/projet\/biosurveillance\/\">projet BIOSURVEILLANCE<\/a> qui a op\u00e9r\u00e9 un suivi de 2 ans pour mesurer des biomarqueurs sur un ensemble d\u2019organismes encag\u00e9s sur les continuums Seine, Orne et Vire. Des retours d\u2019exp\u00e9rience compl\u00e9mentaires et une table ronde permettront d\u2019\u00e9changer sur les perspectives d\u2019utilisation de ces biomarqueurs dans le cadre d\u2019un suivi p\u00e9renne des masses d\u2019eau c\u00f4ti\u00e8res, de transition et continentales.<\/p>\n\n\n\n<div style=\"height:20px\" aria-hidden=\"true\" class=\"wp-block-spacer\"><\/div>\n\n\n\n<h3 class=\"wp-block-heading\">Programme<\/h3>\n\n\n\n<p>Accueil : 8h45 &#8211; 9h30<\/p>\n\n\n\n<p>Pr\u00e9sentation du projet Biosurveillance : 9h45 &#8211; 12h30<\/p>\n\n\n\n<p>Pause : 12h30 &#8211; 14h<\/p>\n\n\n\n<p>D\u00e9ploiement de biomarqueurs dans un contexte de suivi de milieux aquatiques : retours d&rsquo;exp\u00e9riences et table ronde : 14h &#8211; 16h30<\/p>\n\n\n\n<div style=\"height:31px\" aria-hidden=\"true\" class=\"wp-block-spacer\"><\/div>\n\n\n\n<h3 class=\"wp-block-heading\">Inscriptions<\/h3>\n\n\n\n<div class=\"wp-block-buttons is-content-justification-center is-layout-flex wp-container-1 wp-block-buttons-is-layout-flex\">\n<div class=\"wp-block-button\"><a class=\"wp-block-button__link has-white-color has-vivid-green-cyan-background-color has-text-color has-background broken_link\" href=\"https:\/\/framaforms.org\/journee-biosurveillance-29-novembre-2022-1662636354\"><strong>S&rsquo;INSCRIRE<\/strong><\/a><\/div>\n<\/div>\n\n\n\n<div style=\"height:36px\" aria-hidden=\"true\" class=\"wp-block-spacer\"><\/div>\n\n\n\n<div style=\"height:65px\" aria-hidden=\"true\" class=\"wp-block-spacer\"><\/div>\n","protected":false},"excerpt":{"rendered":"<p>Le mardi 29 novembre 2022 Pavillon des transitions H2O \u00e0 Rouen La journ\u00e9e Cet \u00e9v\u00e8nement partenaire vise \u00e0 pr\u00e9senter es outils biologiques se d\u00e9veloppent pour mesurer les effets toxiques subis par les organismes aquatiques afin de r\u00e9pondre \u00e0 la question &hellip;<\/p>\n","protected":false},"author":16,"featured_media":21808,"comment_status":"closed","ping_status":"closed","sticky":false,"template":"","format":"standard","meta":{"_mi_skip_tracking":false,"footnotes":""},"categories":[27,28],"tags":[1781,1782,83,441,138,1783,1784,1626],"acf":[],"yoast_head":"<!-- This site is optimized with the Yoast SEO plugin v19.13 - https:\/\/yoast.com\/wordpress\/plugins\/seo\/ -->\n<title>Journ\u00e9e Biomarqueurs | Actualit\u00e9 Partenaire | Graie<\/title>\n<meta name=\"description\" content=\"Cet \u00e9v\u00e9nement partenaire d\u00e9di\u00e9e aux apports des biomarqueurs pour la surveillance des masses d&#039;eau c\u00f4ti\u00e8res aura lieu le 29 nov 2022 \u00e0 Rouen.\" \/>\n<meta name=\"robots\" content=\"index, follow, max-snippet:-1, max-image-preview:large, max-video-preview:-1\" \/>\n<link rel=\"canonical\" href=\"https:\/\/asso.graie.org\/portail\/partenaire-apports-biomarqueurs-surveillance-masses-deau-cotieres\/\" \/>\n<meta property=\"og:locale\" content=\"fr_FR\" \/>\n<meta property=\"og:type\" content=\"article\" \/>\n<meta property=\"og:title\" content=\"Journ\u00e9e Biomarqueurs | Actualit\u00e9 Partenaire | Graie\" \/>\n<meta property=\"og:description\" content=\"Cet \u00e9v\u00e9nement partenaire d\u00e9di\u00e9e aux apports des biomarqueurs pour la surveillance des masses d&#039;eau c\u00f4ti\u00e8res aura lieu le 29 nov 2022 \u00e0 Rouen.\" \/>\n<meta property=\"og:url\" content=\"https:\/\/asso.graie.org\/portail\/partenaire-apports-biomarqueurs-surveillance-masses-deau-cotieres\/\" \/>\n<meta property=\"og:site_name\" content=\"Graie\" \/>\n<meta property=\"article:published_time\" content=\"2022-10-11T14:04:03+00:00\" \/>\n<meta property=\"article:modified_time\" content=\"2022-10-11T14:04:05+00:00\" \/>\n<meta property=\"og:image\" content=\"https:\/\/asso.graie.org\/portail\/wp-content\/uploads\/2022\/10\/biomarqueurs_partenaire-scaled.jpg\" \/>\n\t<meta property=\"og:image:width\" content=\"2560\" \/>\n\t<meta property=\"og:image:height\" content=\"853\" \/>\n\t<meta property=\"og:image:type\" content=\"image\/jpeg\" \/>\n<meta name=\"author\" content=\"Maureen Carpentier\" \/>\n<meta name=\"twitter:card\" content=\"summary_large_image\" \/>\n<meta name=\"twitter:creator\" content=\"@asso_graie\" \/>\n<meta name=\"twitter:site\" content=\"@asso_graie\" \/>\n<meta name=\"twitter:label1\" content=\"\u00c9crit par\" \/>\n\t<meta name=\"twitter:data1\" content=\"Maureen Carpentier\" \/>\n\t<meta name=\"twitter:label2\" content=\"Dur\u00e9e de lecture estim\u00e9e\" \/>\n\t<meta name=\"twitter:data2\" content=\"1 minute\" \/>\n<script type=\"application\/ld+json\" class=\"yoast-schema-graph\">{\"@context\":\"https:\/\/schema.org\",\"@graph\":[{\"@type\":\"Article\",\"@id\":\"https:\/\/asso.graie.org\/portail\/partenaire-apports-biomarqueurs-surveillance-masses-deau-cotieres\/#article\",\"isPartOf\":{\"@id\":\"https:\/\/asso.graie.org\/portail\/partenaire-apports-biomarqueurs-surveillance-masses-deau-cotieres\/\"},\"author\":{\"name\":\"Maureen Carpentier\",\"@id\":\"https:\/\/asso.graie.org\/portail\/#\/schema\/person\/486e14d091ff09d12f2b31bad560eb4f\"},\"headline\":\"Journ\u00e9e Partenaire | Apports des biomarqueurs pour la surveillance des masses d&rsquo;eau c\u00f4ti\u00e8res\",\"datePublished\":\"2022-10-11T14:04:03+00:00\",\"dateModified\":\"2022-10-11T14:04:05+00:00\",\"mainEntityOfPage\":{\"@id\":\"https:\/\/asso.graie.org\/portail\/partenaire-apports-biomarqueurs-surveillance-masses-deau-cotieres\/\"},\"wordCount\":191,\"publisher\":{\"@id\":\"https:\/\/asso.graie.org\/portail\/#organization\"},\"keywords\":[\"doctorant\",\"doctorants\",\"eau\",\"hydrologie\",\"hydrologie urbaine\",\"insa\",\"JDHU\",\"journ\u00e9e\"],\"articleSection\":[\"Actualit\u00e9s partenaires\",\"Toute l'actualit\u00e9\"],\"inLanguage\":\"fr-FR\"},{\"@type\":\"WebPage\",\"@id\":\"https:\/\/asso.graie.org\/portail\/partenaire-apports-biomarqueurs-surveillance-masses-deau-cotieres\/\",\"url\":\"https:\/\/asso.graie.org\/portail\/partenaire-apports-biomarqueurs-surveillance-masses-deau-cotieres\/\",\"name\":\"Journ\u00e9e Biomarqueurs | Actualit\u00e9 Partenaire | Graie\",\"isPartOf\":{\"@id\":\"https:\/\/asso.graie.org\/portail\/#website\"},\"datePublished\":\"2022-10-11T14:04:03+00:00\",\"dateModified\":\"2022-10-11T14:04:05+00:00\",\"description\":\"Cet \u00e9v\u00e9nement partenaire d\u00e9di\u00e9e aux apports des biomarqueurs pour la surveillance des masses d'eau c\u00f4ti\u00e8res aura lieu le 29 nov 2022 \u00e0 Rouen.\",\"breadcrumb\":{\"@id\":\"https:\/\/asso.graie.org\/portail\/partenaire-apports-biomarqueurs-surveillance-masses-deau-cotieres\/#breadcrumb\"},\"inLanguage\":\"fr-FR\",\"potentialAction\":[{\"@type\":\"ReadAction\",\"target\":[\"https:\/\/asso.graie.org\/portail\/partenaire-apports-biomarqueurs-surveillance-masses-deau-cotieres\/\"]}]},{\"@type\":\"BreadcrumbList\",\"@id\":\"https:\/\/asso.graie.org\/portail\/partenaire-apports-biomarqueurs-surveillance-masses-deau-cotieres\/#breadcrumb\",\"itemListElement\":[{\"@type\":\"ListItem\",\"position\":1,\"name\":\"Accueil\",\"item\":\"https:\/\/asso.graie.org\/portail\/\"},{\"@type\":\"ListItem\",\"position\":2,\"name\":\"Journ\u00e9e Partenaire | Apports des biomarqueurs pour la surveillance des masses d&rsquo;eau c\u00f4ti\u00e8res\"}]},{\"@type\":\"WebSite\",\"@id\":\"https:\/\/asso.graie.org\/portail\/#website\",\"url\":\"https:\/\/asso.graie.org\/portail\/\",\"name\":\"Graie\",\"description\":\"P\u00f4le Eau et Territoires\",\"publisher\":{\"@id\":\"https:\/\/asso.graie.org\/portail\/#organization\"},\"potentialAction\":[{\"@type\":\"SearchAction\",\"target\":{\"@type\":\"EntryPoint\",\"urlTemplate\":\"https:\/\/asso.graie.org\/portail\/?s={search_term_string}\"},\"query-input\":\"required name=search_term_string\"}],\"inLanguage\":\"fr-FR\"},{\"@type\":\"Organization\",\"@id\":\"https:\/\/asso.graie.org\/portail\/#organization\",\"name\":\"Le Graie\",\"url\":\"https:\/\/asso.graie.org\/portail\/\",\"logo\":{\"@type\":\"ImageObject\",\"inLanguage\":\"fr-FR\",\"@id\":\"https:\/\/asso.graie.org\/portail\/#\/schema\/logo\/image\/\",\"url\":\"https:\/\/asso.graie.org\/portail\/wp-content\/uploads\/2021\/12\/Logotype-Graie.png\",\"contentUrl\":\"https:\/\/asso.graie.org\/portail\/wp-content\/uploads\/2021\/12\/Logotype-Graie.png\",\"width\":1890,\"height\":1181,\"caption\":\"Le Graie\"},\"image\":{\"@id\":\"https:\/\/asso.graie.org\/portail\/#\/schema\/logo\/image\/\"},\"sameAs\":[\"https:\/\/fr.linkedin.com\/company\/graie?trk=top_nav_home\",\"https:\/\/www.youtube.com\/channel\/UCZQk0Tt7upYwERYNdDIZqLQ\",\"https:\/\/twitter.com\/asso_graie\"]},{\"@type\":\"Person\",\"@id\":\"https:\/\/asso.graie.org\/portail\/#\/schema\/person\/486e14d091ff09d12f2b31bad560eb4f\",\"name\":\"Maureen Carpentier\",\"url\":\"https:\/\/asso.graie.org\/portail\/author\/juliettecasanova\/\"}]}<\/script>\n<!-- \/ Yoast SEO plugin. -->","yoast_head_json":{"title":"Journ\u00e9e Biomarqueurs | Actualit\u00e9 Partenaire | Graie","description":"Cet \u00e9v\u00e9nement partenaire d\u00e9di\u00e9e aux apports des biomarqueurs pour la surveillance des masses d'eau c\u00f4ti\u00e8res aura lieu le 29 nov 2022 \u00e0 Rouen.","robots":{"index":"index","follow":"follow","max-snippet":"max-snippet:-1","max-image-preview":"max-image-preview:large","max-video-preview":"max-video-preview:-1"},"canonical":"https:\/\/asso.graie.org\/portail\/partenaire-apports-biomarqueurs-surveillance-masses-deau-cotieres\/","og_locale":"fr_FR","og_type":"article","og_title":"Journ\u00e9e Biomarqueurs | Actualit\u00e9 Partenaire | Graie","og_description":"Cet \u00e9v\u00e9nement partenaire d\u00e9di\u00e9e aux apports des biomarqueurs pour la surveillance des masses d'eau c\u00f4ti\u00e8res aura lieu le 29 nov 2022 \u00e0 Rouen.","og_url":"https:\/\/asso.graie.org\/portail\/partenaire-apports-biomarqueurs-surveillance-masses-deau-cotieres\/","og_site_name":"Graie","article_published_time":"2022-10-11T14:04:03+00:00","article_modified_time":"2022-10-11T14:04:05+00:00","og_image":[{"width":2560,"height":853,"url":"https:\/\/asso.graie.org\/portail\/wp-content\/uploads\/2022\/10\/biomarqueurs_partenaire-scaled.jpg","type":"image\/jpeg"}],"author":"Maureen Carpentier","twitter_card":"summary_large_image","twitter_creator":"@asso_graie","twitter_site":"@asso_graie","twitter_misc":{"\u00c9crit par":"Maureen Carpentier","Dur\u00e9e de lecture estim\u00e9e":"1 minute"},"schema":{"@context":"https:\/\/schema.org","@graph":[{"@type":"Article","@id":"https:\/\/asso.graie.org\/portail\/partenaire-apports-biomarqueurs-surveillance-masses-deau-cotieres\/#article","isPartOf":{"@id":"https:\/\/asso.graie.org\/portail\/partenaire-apports-biomarqueurs-surveillance-masses-deau-cotieres\/"},"author":{"name":"Maureen Carpentier","@id":"https:\/\/asso.graie.org\/portail\/#\/schema\/person\/486e14d091ff09d12f2b31bad560eb4f"},"headline":"Journ\u00e9e Partenaire | Apports des biomarqueurs pour la surveillance des masses d&rsquo;eau c\u00f4ti\u00e8res","datePublished":"2022-10-11T14:04:03+00:00","dateModified":"2022-10-11T14:04:05+00:00","mainEntityOfPage":{"@id":"https:\/\/asso.graie.org\/portail\/partenaire-apports-biomarqueurs-surveillance-masses-deau-cotieres\/"},"wordCount":191,"publisher":{"@id":"https:\/\/asso.graie.org\/portail\/#organization"},"keywords":["doctorant","doctorants","eau","hydrologie","hydrologie urbaine","insa","JDHU","journ\u00e9e"],"articleSection":["Actualit\u00e9s partenaires","Toute l'actualit\u00e9"],"inLanguage":"fr-FR"},{"@type":"WebPage","@id":"https:\/\/asso.graie.org\/portail\/partenaire-apports-biomarqueurs-surveillance-masses-deau-cotieres\/","url":"https:\/\/asso.graie.org\/portail\/partenaire-apports-biomarqueurs-surveillance-masses-deau-cotieres\/","name":"Journ\u00e9e Biomarqueurs | Actualit\u00e9 Partenaire | Graie","isPartOf":{"@id":"https:\/\/asso.graie.org\/portail\/#website"},"datePublished":"2022-10-11T14:04:03+00:00","dateModified":"2022-10-11T14:04:05+00:00","description":"Cet \u00e9v\u00e9nement partenaire d\u00e9di\u00e9e aux apports des biomarqueurs pour la surveillance des masses d'eau c\u00f4ti\u00e8res aura lieu le 29 nov 2022 \u00e0 Rouen.","breadcrumb":{"@id":"https:\/\/asso.graie.org\/portail\/partenaire-apports-biomarqueurs-surveillance-masses-deau-cotieres\/#breadcrumb"},"inLanguage":"fr-FR","potentialAction":[{"@type":"ReadAction","target":["https:\/\/asso.graie.org\/portail\/partenaire-apports-biomarqueurs-surveillance-masses-deau-cotieres\/"]}]},{"@type":"BreadcrumbList","@id":"https:\/\/asso.graie.org\/portail\/partenaire-apports-biomarqueurs-surveillance-masses-deau-cotieres\/#breadcrumb","itemListElement":[{"@type":"ListItem","position":1,"name":"Accueil","item":"https:\/\/asso.graie.org\/portail\/"},{"@type":"ListItem","position":2,"name":"Journ\u00e9e Partenaire | Apports des biomarqueurs pour la surveillance des masses d&rsquo;eau c\u00f4ti\u00e8res"}]},{"@type":"WebSite","@id":"https:\/\/asso.graie.org\/portail\/#website","url":"https:\/\/asso.graie.org\/portail\/","name":"Graie","description":"P\u00f4le Eau et Territoires","publisher":{"@id":"https:\/\/asso.graie.org\/portail\/#organization"},"potentialAction":[{"@type":"SearchAction","target":{"@type":"EntryPoint","urlTemplate":"https:\/\/asso.graie.org\/portail\/?s={search_term_string}"},"query-input":"required name=search_term_string"}],"inLanguage":"fr-FR"},{"@type":"Organization","@id":"https:\/\/asso.graie.org\/portail\/#organization","name":"Le Graie","url":"https:\/\/asso.graie.org\/portail\/","logo":{"@type":"ImageObject","inLanguage":"fr-FR","@id":"https:\/\/asso.graie.org\/portail\/#\/schema\/logo\/image\/","url":"https:\/\/asso.graie.org\/portail\/wp-content\/uploads\/2021\/12\/Logotype-Graie.png","contentUrl":"https:\/\/asso.graie.org\/portail\/wp-content\/uploads\/2021\/12\/Logotype-Graie.png","width":1890,"height":1181,"caption":"Le Graie"},"image":{"@id":"https:\/\/asso.graie.org\/portail\/#\/schema\/logo\/image\/"},"sameAs":["https:\/\/fr.linkedin.com\/company\/graie?trk=top_nav_home","https:\/\/www.youtube.com\/channel\/UCZQk0Tt7upYwERYNdDIZqLQ","https:\/\/twitter.com\/asso_graie"]},{"@type":"Person","@id":"https:\/\/asso.graie.org\/portail\/#\/schema\/person\/486e14d091ff09d12f2b31bad560eb4f","name":"Maureen Carpentier","url":"https:\/\/asso.graie.org\/portail\/author\/juliettecasanova\/"}]}},"_links":{"self":[{"href":"https:\/\/asso.graie.org\/portail\/wp-json\/wp\/v2\/posts\/21807"}],"collection":[{"href":"https:\/\/asso.graie.org\/portail\/wp-json\/wp\/v2\/posts"}],"about":[{"href":"https:\/\/asso.graie.org\/portail\/wp-json\/wp\/v2\/types\/post"}],"author":[{"embeddable":true,"href":"https:\/\/asso.graie.org\/portail\/wp-json\/wp\/v2\/users\/16"}],"replies":[{"embeddable":true,"href":"https:\/\/asso.graie.org\/portail\/wp-json\/wp\/v2\/comments?post=21807"}],"version-history":[{"count":3,"href":"https:\/\/asso.graie.org\/portail\/wp-json\/wp\/v2\/posts\/21807\/revisions"}],"predecessor-version":[{"id":21811,"href":"https:\/\/asso.graie.org\/portail\/wp-json\/wp\/v2\/posts\/21807\/revisions\/21811"}],"wp:featuredmedia":[{"embeddable":true,"href":"https:\/\/asso.graie.org\/portail\/wp-json\/wp\/v2\/media\/21808"}],"wp:attachment":[{"href":"https:\/\/asso.graie.org\/portail\/wp-json\/wp\/v2\/media?parent=21807"}],"wp:term":[{"taxonomy":"category","embeddable":true,"href":"https:\/\/asso.graie.org\/portail\/wp-json\/wp\/v2\/categories?post=21807"},{"taxonomy":"post_tag","embeddable":true,"href":"https:\/\/asso.graie.org\/portail\/wp-json\/wp\/v2\/tags?post=21807"}],"curies":[{"name":"wp","href":"https:\/\/api.w.org\/{rel}","templated":true}]}}