{"id":21895,"date":"2022-10-18T17:30:34","date_gmt":"2022-10-18T15:30:34","guid":{"rendered":"https:\/\/asso.graie.org\/portail\/?p=21895"},"modified":"2024-02-26T09:21:03","modified_gmt":"2024-02-26T08:21:03","slug":"rencontres-rhone-saone","status":"publish","type":"post","link":"https:\/\/asso.graie.org\/portail\/rencontres-rhone-saone\/","title":{"rendered":"Rencontres Partenaire | R\u00e9seau espaces naturels Rh\u00f4ne &#038; Sa\u00f4ne"},"content":{"rendered":"\n<div style=\"height:23px\" aria-hidden=\"true\" class=\"wp-block-spacer\"><\/div>\n\n\n<div class=\"wp-block-image\">\n<figure class=\"aligncenter size-full is-resized\"><img decoding=\"async\" loading=\"lazy\" width=\"716\" height=\"297\" src=\"https:\/\/asso.graie.org\/portail\/wp-content\/uploads\/2022\/10\/reseau_rhone_saone.png\" alt=\"\" class=\"wp-image-21896\" style=\"width:608px;height:252px\" srcset=\"https:\/\/asso.graie.org\/portail\/wp-content\/uploads\/2022\/10\/reseau_rhone_saone.png 716w, https:\/\/asso.graie.org\/portail\/wp-content\/uploads\/2022\/10\/reseau_rhone_saone-300x124.png 300w\" sizes=\"(max-width: 716px) 100vw, 716px\" \/><\/figure><\/div>\n\n\n<div style=\"height:23px\" aria-hidden=\"true\" class=\"wp-block-spacer\"><\/div>\n\n\n\n<hr class=\"wp-block-separator has-css-opacity\"\/>\n\n\n\n<div style=\"height:28px\" aria-hidden=\"true\" class=\"wp-block-spacer\"><\/div>\n\n\n\n<h2 class=\"wp-block-heading has-text-align-center\">Les 24 et 25 novembre 2022<\/h2>\n\n\n\n<div style=\"height:16px\" aria-hidden=\"true\" class=\"wp-block-spacer\"><\/div>\n\n\n\n<h3 class=\"wp-block-heading has-text-align-center\">N\u00eemes<\/h3>\n\n\n\n<div style=\"height:28px\" aria-hidden=\"true\" class=\"wp-block-spacer\"><\/div>\n\n\n\n<hr class=\"wp-block-separator has-css-opacity\"\/>\n\n\n\n<div style=\"height:39px\" aria-hidden=\"true\" class=\"wp-block-spacer\"><\/div>\n\n\n\n<h3 class=\"wp-block-heading\">Les 8es rencontres du r\u00e9seau<\/h3>\n\n\n\n<p>Le Conservatoire d\u2019espaces naturels d&rsquo;Occitanie et la F\u00e9d\u00e9ration des Conservatoires d&rsquo;espaces naturels vous invitent \u00e0 venir partager et \u00e9changer au s\u00e9minaire des <strong>8<sup>es<\/sup> rencontres du r\u00e9seau Rh\u00f4ne &amp; Sa\u00f4ne<\/strong>, les <strong>24 et 25 novembre \u00e0 N\u00eemes<\/strong>, autour de la th\u00e9matique <em><strong>zones humides et changement climatique<\/strong><\/em>. Ce th\u00e8me sera abord\u00e9 selon les axes suivants :<\/p>\n\n\n\n<p><br>&#8211; les impacts du changement climatique sur les zones humides et leur gestion<br>&#8211; les zones humides, des atouts face au changement climatique et ses cons\u00e9quences.<\/p>\n\n\n\n<div style=\"height:20px\" aria-hidden=\"true\" class=\"wp-block-spacer\"><\/div>\n\n\n\n<h3 class=\"wp-block-heading\">Au programme<\/h3>\n\n\n\n<p>Au programme&nbsp;: des pr\u00e9sentations, une table ronde, des temps d\u2019\u00e9changes, une exposition (<em>Soyons \u00ab&nbsp;SAGE&nbsp;\u00bb&nbsp;: pr\u00e9servons l\u2019eau et les zones humides<\/em>), une soir\u00e9e conviviale et des sorties terrain&nbsp;!<\/p>\n\n\n\n<div style=\"height:35px\" aria-hidden=\"true\" class=\"wp-block-spacer\"><\/div>\n\n\n\n<h3 class=\"wp-block-heading\">Inscriptions : plus que quelques jours pour s&rsquo;inscrire !<\/h3>\n\n\n\n<div class=\"wp-block-buttons is-content-justification-left is-layout-flex wp-container-1 wp-block-buttons-is-layout-flex\">\n<div class=\"wp-block-button\"><a class=\"wp-block-button__link has-white-color has-vivid-green-cyan-background-color has-text-color has-background wp-element-button\" href=\"https:\/\/docs.google.com\/forms\/d\/e\/1FAIpQLSfJzfFmad9T0E0LhKyR7TcGacGaGFPjuENjyjzEKxpNmJyrxQ\/viewform\"><strong>S&rsquo;INSCRIRE<\/strong><\/a><\/div>\n<\/div>\n\n\n\n<div style=\"height:36px\" aria-hidden=\"true\" class=\"wp-block-spacer\"><\/div>\n\n\n\n<div style=\"height:65px\" aria-hidden=\"true\" class=\"wp-block-spacer\"><\/div>\n","protected":false},"excerpt":{"rendered":"<p>Les 24 et 25 novembre 2022 N\u00eemes Les 8es rencontres du r\u00e9seau Le Conservatoire d\u2019espaces naturels d&rsquo;Occitanie et la F\u00e9d\u00e9ration des Conservatoires d&rsquo;espaces naturels vous invitent \u00e0 venir partager et \u00e9changer au s\u00e9minaire des 8es rencontres du r\u00e9seau Rh\u00f4ne &amp; &hellip;<\/p>\n","protected":false},"author":16,"featured_media":21896,"comment_status":"closed","ping_status":"closed","sticky":false,"template":"","format":"standard","meta":{"_mi_skip_tracking":false,"footnotes":""},"categories":[27],"tags":[550,1797,1086,1673,965,1651,1794,414,296,1795,554,1796],"acf":[],"yoast_head":"<!-- This site is optimized with the Yoast SEO plugin v19.13 - https:\/\/yoast.com\/wordpress\/plugins\/seo\/ -->\n<title>Rencontres Rh\u00f4ne &amp; Sa\u00f4ne | Actualit\u00e9s partenaires | Graie<\/title>\n<meta name=\"description\" content=\"8es rencontres du r\u00e9seau Rh\u00f4ne &amp; Sa\u00f4ne, les 24 et 25 novembre \u00e0 N\u00eemes, autour de la th\u00e9matique zones humides et changement climatique.\" \/>\n<meta name=\"robots\" content=\"index, follow, max-snippet:-1, max-image-preview:large, max-video-preview:-1\" \/>\n<link rel=\"canonical\" href=\"https:\/\/asso.graie.org\/portail\/rencontres-rhone-saone\/\" \/>\n<meta property=\"og:locale\" content=\"fr_FR\" \/>\n<meta property=\"og:type\" content=\"article\" \/>\n<meta property=\"og:title\" content=\"Rencontres Rh\u00f4ne &amp; Sa\u00f4ne | Actualit\u00e9s partenaires | Graie\" \/>\n<meta property=\"og:description\" content=\"8es rencontres du r\u00e9seau Rh\u00f4ne &amp; Sa\u00f4ne, les 24 et 25 novembre \u00e0 N\u00eemes, autour de la th\u00e9matique zones humides et changement climatique.\" \/>\n<meta property=\"og:url\" content=\"https:\/\/asso.graie.org\/portail\/rencontres-rhone-saone\/\" \/>\n<meta property=\"og:site_name\" content=\"Graie\" \/>\n<meta property=\"article:published_time\" content=\"2022-10-18T15:30:34+00:00\" \/>\n<meta property=\"article:modified_time\" content=\"2024-02-26T08:21:03+00:00\" \/>\n<meta property=\"og:image\" content=\"https:\/\/asso.graie.org\/portail\/wp-content\/uploads\/2022\/10\/reseau_rhone_saone.png\" \/>\n\t<meta property=\"og:image:width\" content=\"716\" \/>\n\t<meta property=\"og:image:height\" content=\"297\" \/>\n\t<meta property=\"og:image:type\" content=\"image\/png\" \/>\n<meta name=\"author\" content=\"Maureen Carpentier\" \/>\n<meta name=\"twitter:card\" content=\"summary_large_image\" \/>\n<meta name=\"twitter:creator\" content=\"@asso_graie\" \/>\n<meta name=\"twitter:site\" content=\"@asso_graie\" \/>\n<meta name=\"twitter:label1\" content=\"\u00c9crit par\" \/>\n\t<meta name=\"twitter:data1\" content=\"Maureen Carpentier\" \/>\n\t<meta name=\"twitter:label2\" content=\"Dur\u00e9e de lecture estim\u00e9e\" \/>\n\t<meta name=\"twitter:data2\" content=\"1 minute\" \/>\n<script type=\"application\/ld+json\" class=\"yoast-schema-graph\">{\"@context\":\"https:\/\/schema.org\",\"@graph\":[{\"@type\":\"Article\",\"@id\":\"https:\/\/asso.graie.org\/portail\/rencontres-rhone-saone\/#article\",\"isPartOf\":{\"@id\":\"https:\/\/asso.graie.org\/portail\/rencontres-rhone-saone\/\"},\"author\":{\"name\":\"Maureen Carpentier\",\"@id\":\"https:\/\/asso.graie.org\/portail\/#\/schema\/person\/486e14d091ff09d12f2b31bad560eb4f\"},\"headline\":\"Rencontres Partenaire | R\u00e9seau espaces naturels Rh\u00f4ne &#038; Sa\u00f4ne\",\"datePublished\":\"2022-10-18T15:30:34+00:00\",\"dateModified\":\"2024-02-26T08:21:03+00:00\",\"mainEntityOfPage\":{\"@id\":\"https:\/\/asso.graie.org\/portail\/rencontres-rhone-saone\/\"},\"wordCount\":153,\"publisher\":{\"@id\":\"https:\/\/asso.graie.org\/portail\/#organization\"},\"keywords\":[\"acteurs\",\"conservatoires\",\"espaces naturels\",\"partenaire\",\"plan\",\"rencontre\",\"rencontres\",\"r\u00e9seau\",\"Rh\u00f4ne\",\"Rhone\",\"Sa\u00f4ne\",\"Saone\"],\"articleSection\":[\"Actualit\u00e9s partenaires\"],\"inLanguage\":\"fr-FR\"},{\"@type\":\"WebPage\",\"@id\":\"https:\/\/asso.graie.org\/portail\/rencontres-rhone-saone\/\",\"url\":\"https:\/\/asso.graie.org\/portail\/rencontres-rhone-saone\/\",\"name\":\"Rencontres Rh\u00f4ne & Sa\u00f4ne | Actualit\u00e9s partenaires | Graie\",\"isPartOf\":{\"@id\":\"https:\/\/asso.graie.org\/portail\/#website\"},\"datePublished\":\"2022-10-18T15:30:34+00:00\",\"dateModified\":\"2024-02-26T08:21:03+00:00\",\"description\":\"8es rencontres du r\u00e9seau Rh\u00f4ne & Sa\u00f4ne, les 24 et 25 novembre \u00e0 N\u00eemes, autour de la th\u00e9matique zones humides et changement climatique.\",\"breadcrumb\":{\"@id\":\"https:\/\/asso.graie.org\/portail\/rencontres-rhone-saone\/#breadcrumb\"},\"inLanguage\":\"fr-FR\",\"potentialAction\":[{\"@type\":\"ReadAction\",\"target\":[\"https:\/\/asso.graie.org\/portail\/rencontres-rhone-saone\/\"]}]},{\"@type\":\"BreadcrumbList\",\"@id\":\"https:\/\/asso.graie.org\/portail\/rencontres-rhone-saone\/#breadcrumb\",\"itemListElement\":[{\"@type\":\"ListItem\",\"position\":1,\"name\":\"Accueil\",\"item\":\"https:\/\/asso.graie.org\/portail\/\"},{\"@type\":\"ListItem\",\"position\":2,\"name\":\"Rencontres Partenaire | R\u00e9seau espaces naturels Rh\u00f4ne &#038; Sa\u00f4ne\"}]},{\"@type\":\"WebSite\",\"@id\":\"https:\/\/asso.graie.org\/portail\/#website\",\"url\":\"https:\/\/asso.graie.org\/portail\/\",\"name\":\"Graie\",\"description\":\"P\u00f4le Eau et Territoires\",\"publisher\":{\"@id\":\"https:\/\/asso.graie.org\/portail\/#organization\"},\"potentialAction\":[{\"@type\":\"SearchAction\",\"target\":{\"@type\":\"EntryPoint\",\"urlTemplate\":\"https:\/\/asso.graie.org\/portail\/?s={search_term_string}\"},\"query-input\":\"required name=search_term_string\"}],\"inLanguage\":\"fr-FR\"},{\"@type\":\"Organization\",\"@id\":\"https:\/\/asso.graie.org\/portail\/#organization\",\"name\":\"Le Graie\",\"url\":\"https:\/\/asso.graie.org\/portail\/\",\"logo\":{\"@type\":\"ImageObject\",\"inLanguage\":\"fr-FR\",\"@id\":\"https:\/\/asso.graie.org\/portail\/#\/schema\/logo\/image\/\",\"url\":\"https:\/\/asso.graie.org\/portail\/wp-content\/uploads\/2021\/12\/Logotype-Graie.png\",\"contentUrl\":\"https:\/\/asso.graie.org\/portail\/wp-content\/uploads\/2021\/12\/Logotype-Graie.png\",\"width\":1890,\"height\":1181,\"caption\":\"Le Graie\"},\"image\":{\"@id\":\"https:\/\/asso.graie.org\/portail\/#\/schema\/logo\/image\/\"},\"sameAs\":[\"https:\/\/fr.linkedin.com\/company\/graie?trk=top_nav_home\",\"https:\/\/www.youtube.com\/channel\/UCZQk0Tt7upYwERYNdDIZqLQ\",\"https:\/\/twitter.com\/asso_graie\"]},{\"@type\":\"Person\",\"@id\":\"https:\/\/asso.graie.org\/portail\/#\/schema\/person\/486e14d091ff09d12f2b31bad560eb4f\",\"name\":\"Maureen Carpentier\",\"url\":\"https:\/\/asso.graie.org\/portail\/author\/juliettecasanova\/\"}]}<\/script>\n<!-- \/ Yoast SEO plugin. -->","yoast_head_json":{"title":"Rencontres Rh\u00f4ne & Sa\u00f4ne | Actualit\u00e9s partenaires | Graie","description":"8es rencontres du r\u00e9seau Rh\u00f4ne & Sa\u00f4ne, les 24 et 25 novembre \u00e0 N\u00eemes, autour de la th\u00e9matique zones humides et changement climatique.","robots":{"index":"index","follow":"follow","max-snippet":"max-snippet:-1","max-image-preview":"max-image-preview:large","max-video-preview":"max-video-preview:-1"},"canonical":"https:\/\/asso.graie.org\/portail\/rencontres-rhone-saone\/","og_locale":"fr_FR","og_type":"article","og_title":"Rencontres Rh\u00f4ne & Sa\u00f4ne | Actualit\u00e9s partenaires | Graie","og_description":"8es rencontres du r\u00e9seau Rh\u00f4ne & Sa\u00f4ne, les 24 et 25 novembre \u00e0 N\u00eemes, autour de la th\u00e9matique zones humides et changement climatique.","og_url":"https:\/\/asso.graie.org\/portail\/rencontres-rhone-saone\/","og_site_name":"Graie","article_published_time":"2022-10-18T15:30:34+00:00","article_modified_time":"2024-02-26T08:21:03+00:00","og_image":[{"width":716,"height":297,"url":"https:\/\/asso.graie.org\/portail\/wp-content\/uploads\/2022\/10\/reseau_rhone_saone.png","type":"image\/png"}],"author":"Maureen Carpentier","twitter_card":"summary_large_image","twitter_creator":"@asso_graie","twitter_site":"@asso_graie","twitter_misc":{"\u00c9crit par":"Maureen Carpentier","Dur\u00e9e de lecture estim\u00e9e":"1 minute"},"schema":{"@context":"https:\/\/schema.org","@graph":[{"@type":"Article","@id":"https:\/\/asso.graie.org\/portail\/rencontres-rhone-saone\/#article","isPartOf":{"@id":"https:\/\/asso.graie.org\/portail\/rencontres-rhone-saone\/"},"author":{"name":"Maureen Carpentier","@id":"https:\/\/asso.graie.org\/portail\/#\/schema\/person\/486e14d091ff09d12f2b31bad560eb4f"},"headline":"Rencontres Partenaire | R\u00e9seau espaces naturels Rh\u00f4ne &#038; Sa\u00f4ne","datePublished":"2022-10-18T15:30:34+00:00","dateModified":"2024-02-26T08:21:03+00:00","mainEntityOfPage":{"@id":"https:\/\/asso.graie.org\/portail\/rencontres-rhone-saone\/"},"wordCount":153,"publisher":{"@id":"https:\/\/asso.graie.org\/portail\/#organization"},"keywords":["acteurs","conservatoires","espaces naturels","partenaire","plan","rencontre","rencontres","r\u00e9seau","Rh\u00f4ne","Rhone","Sa\u00f4ne","Saone"],"articleSection":["Actualit\u00e9s partenaires"],"inLanguage":"fr-FR"},{"@type":"WebPage","@id":"https:\/\/asso.graie.org\/portail\/rencontres-rhone-saone\/","url":"https:\/\/asso.graie.org\/portail\/rencontres-rhone-saone\/","name":"Rencontres Rh\u00f4ne & Sa\u00f4ne | Actualit\u00e9s partenaires | Graie","isPartOf":{"@id":"https:\/\/asso.graie.org\/portail\/#website"},"datePublished":"2022-10-18T15:30:34+00:00","dateModified":"2024-02-26T08:21:03+00:00","description":"8es rencontres du r\u00e9seau Rh\u00f4ne & Sa\u00f4ne, les 24 et 25 novembre \u00e0 N\u00eemes, autour de la th\u00e9matique zones humides et changement climatique.","breadcrumb":{"@id":"https:\/\/asso.graie.org\/portail\/rencontres-rhone-saone\/#breadcrumb"},"inLanguage":"fr-FR","potentialAction":[{"@type":"ReadAction","target":["https:\/\/asso.graie.org\/portail\/rencontres-rhone-saone\/"]}]},{"@type":"BreadcrumbList","@id":"https:\/\/asso.graie.org\/portail\/rencontres-rhone-saone\/#breadcrumb","itemListElement":[{"@type":"ListItem","position":1,"name":"Accueil","item":"https:\/\/asso.graie.org\/portail\/"},{"@type":"ListItem","position":2,"name":"Rencontres Partenaire | R\u00e9seau espaces naturels Rh\u00f4ne &#038; Sa\u00f4ne"}]},{"@type":"WebSite","@id":"https:\/\/asso.graie.org\/portail\/#website","url":"https:\/\/asso.graie.org\/portail\/","name":"Graie","description":"P\u00f4le Eau et Territoires","publisher":{"@id":"https:\/\/asso.graie.org\/portail\/#organization"},"potentialAction":[{"@type":"SearchAction","target":{"@type":"EntryPoint","urlTemplate":"https:\/\/asso.graie.org\/portail\/?s={search_term_string}"},"query-input":"required name=search_term_string"}],"inLanguage":"fr-FR"},{"@type":"Organization","@id":"https:\/\/asso.graie.org\/portail\/#organization","name":"Le Graie","url":"https:\/\/asso.graie.org\/portail\/","logo":{"@type":"ImageObject","inLanguage":"fr-FR","@id":"https:\/\/asso.graie.org\/portail\/#\/schema\/logo\/image\/","url":"https:\/\/asso.graie.org\/portail\/wp-content\/uploads\/2021\/12\/Logotype-Graie.png","contentUrl":"https:\/\/asso.graie.org\/portail\/wp-content\/uploads\/2021\/12\/Logotype-Graie.png","width":1890,"height":1181,"caption":"Le Graie"},"image":{"@id":"https:\/\/asso.graie.org\/portail\/#\/schema\/logo\/image\/"},"sameAs":["https:\/\/fr.linkedin.com\/company\/graie?trk=top_nav_home","https:\/\/www.youtube.com\/channel\/UCZQk0Tt7upYwERYNdDIZqLQ","https:\/\/twitter.com\/asso_graie"]},{"@type":"Person","@id":"https:\/\/asso.graie.org\/portail\/#\/schema\/person\/486e14d091ff09d12f2b31bad560eb4f","name":"Maureen Carpentier","url":"https:\/\/asso.graie.org\/portail\/author\/juliettecasanova\/"}]}},"_links":{"self":[{"href":"https:\/\/asso.graie.org\/portail\/wp-json\/wp\/v2\/posts\/21895"}],"collection":[{"href":"https:\/\/asso.graie.org\/portail\/wp-json\/wp\/v2\/posts"}],"about":[{"href":"https:\/\/asso.graie.org\/portail\/wp-json\/wp\/v2\/types\/post"}],"author":[{"embeddable":true,"href":"https:\/\/asso.graie.org\/portail\/wp-json\/wp\/v2\/users\/16"}],"replies":[{"embeddable":true,"href":"https:\/\/asso.graie.org\/portail\/wp-json\/wp\/v2\/comments?post=21895"}],"version-history":[{"count":7,"href":"https:\/\/asso.graie.org\/portail\/wp-json\/wp\/v2\/posts\/21895\/revisions"}],"predecessor-version":[{"id":25503,"href":"https:\/\/asso.graie.org\/portail\/wp-json\/wp\/v2\/posts\/21895\/revisions\/25503"}],"wp:featuredmedia":[{"embeddable":true,"href":"https:\/\/asso.graie.org\/portail\/wp-json\/wp\/v2\/media\/21896"}],"wp:attachment":[{"href":"https:\/\/asso.graie.org\/portail\/wp-json\/wp\/v2\/media?parent=21895"}],"wp:term":[{"taxonomy":"category","embeddable":true,"href":"https:\/\/asso.graie.org\/portail\/wp-json\/wp\/v2\/categories?post=21895"},{"taxonomy":"post_tag","embeddable":true,"href":"https:\/\/asso.graie.org\/portail\/wp-json\/wp\/v2\/tags?post=21895"}],"curies":[{"name":"wp","href":"https:\/\/api.w.org\/{rel}","templated":true}]}}