{"id":22286,"date":"2022-06-04T10:56:00","date_gmt":"2022-06-04T08:56:00","guid":{"rendered":"https:\/\/asso.graie.org\/portail\/?p=22286"},"modified":"2023-02-27T15:13:35","modified_gmt":"2023-02-27T14:13:35","slug":"journee-step-2023","status":"publish","type":"post","link":"https:\/\/asso.graie.org\/portail\/journee-step-2023\/","title":{"rendered":"Actes | Conf\u00e9rence Graie-INRAE sur l&rsquo;exploitation des Stations d&rsquo;\u00e9puration"},"content":{"rendered":"\n<h2 class=\"wp-block-heading\">&nbsp;<\/h2>\n\n\n\n<h2 class=\"wp-block-heading\">Optimisation de l\u2019exploitation des Stations d&rsquo;\u00e9puration \u2013 Pratiques actuelles et \u00e9volutions<\/h2>\n\n\n\n<div style=\"height:40px\" aria-hidden=\"true\" class=\"wp-block-spacer\"><\/div>\n\n\n\n<hr class=\"wp-block-separator\"\/>\n\n\n\n<div style=\"height:24px\" aria-hidden=\"true\" class=\"wp-block-spacer\"><\/div>\n\n\n\n<h2 class=\"has-text-align-center wp-block-heading\">Le jeudi 2 f\u00e9vrier 2023<\/h2>\n\n\n\n<p class=\"has-text-align-center\">INSA Lyon, Amphith\u00e9\u00e2tre Gaston Berger &#8211; Villeurbanne (69)<\/p>\n\n\n\n<div style=\"height:22px\" aria-hidden=\"true\" class=\"wp-block-spacer\"><\/div>\n\n\n\n<div class=\"wp-block-buttons is-content-justification-center is-layout-flex wp-container-1 wp-block-buttons-is-layout-flex\">\n<div class=\"wp-block-button\"><a class=\"wp-block-button__link has-white-color has-vivid-cyan-blue-background-color has-text-color has-background\" href=\"http:\/\/www.graie.org\/graie\/graiedoc\/doc_telech\/actesyntheses\/ACTES-GRAIE-INRAE-CONFexploitantsSTEP-2023-web.pdf\"><strong>T\u00c9L\u00c9CHARGEZ LES ACTES<\/strong><\/a><\/div>\n<\/div>\n\n\n\n<div style=\"height:27px\" aria-hidden=\"true\" class=\"wp-block-spacer\"><\/div>\n\n\n\n<hr class=\"wp-block-separator\"\/>\n\n\n\n<h2 class=\"wp-block-heading\"><br>Contexte \u2013 Th\u00e9matique<\/h2>\n\n\n\n<p>Adapter les syst\u00e8mes d\u2019assainissement dans un contexte de changement climatique, d\u2019\u00e9conomie d\u2019\u00e9nergie, et de r\u00e9silience des syst\u00e8mes est une question de plus en plus pr\u00e9gnante pour les collectivit\u00e9s. <strong>Les stations d&rsquo;\u00e9puration doivent \u00e9voluer et s&rsquo;adapter ; l\u2019exploitation fait partie int\u00e9grante de cette adaptation.&nbsp;<\/strong> Cela soul\u00e8ve de nombreuses questions et n\u00e9cessite des choix strat\u00e9giques, m\u00e9thodologiques, techniques et financiers.&nbsp;<\/p>\n\n\n\n<div style=\"height:51px\" aria-hidden=\"true\" class=\"wp-block-spacer\"><\/div>\n\n\n\n<h2 class=\"wp-block-heading\">Objectifs<\/h2>\n\n\n\n<p>Nous vous proposons d\u2019\u00e9changer sur les <strong>pratiques actuelles et futures en mati\u00e8re d\u2019exploitation technique des stations d\u2019\u00e9puration <\/strong>de relativement grande taille (&gt; 10 000 EH ). Sur la base d\u2019expos\u00e9s scientifiques, techniques, didactiques, de retours d\u2019exp\u00e9riences et de discussions.<\/p>\n\n\n\n<p><\/p>\n\n\n\n<div style=\"height:50px\" aria-hidden=\"true\" class=\"wp-block-spacer\"><\/div>\n\n\n\n<h2 class=\"wp-block-heading\">Au programme<\/h2>\n\n\n\n<p>Le programme est disponible . Il est notamment ax\u00e9 sur des questions de pilotage de proc\u00e9d\u00e9s et de leur optimisation \u00e9nerg\u00e9tique.<br><br><strong>&#x25b6; Les TH\u00c8MES<\/strong><span style=\"color: #3a2d87;\"> :  Exploitation et proc\u00e9d\u00e9s, Exploitation et \u00e9nergie, Et demain&nbsp;?<br><\/span><\/p>\n\n\n\n<div class=\"wp-block-buttons is-content-justification-center is-layout-flex wp-container-2 wp-block-buttons-is-layout-flex\">\n<div class=\"wp-block-button\"><a class=\"wp-block-button__link\" href=\"https:\/\/asso.graie.org\/portail\/wp-content\/uploads\/2022\/06\/GRAIE-STEP23-programme-2fev23-webenligne.pdf\" target=\"_blank\" rel=\"noreferrer noopener\">PROGRAMME<\/a><\/div>\n<\/div>\n\n\n\n<div style=\"height:50px\" aria-hidden=\"true\" class=\"wp-block-spacer\"><\/div>\n\n\n\n<h2 class=\"wp-block-heading\">Public<\/h2>\n\n\n\n<p>Cette journ\u00e9e<strong> <\/strong>s\u2019adresse aux services techniques des collectivit\u00e9s, en charge de l\u2019assainissement,<br>\u00e0 leurs prestataires (exploitants et bureaux d\u2019\u00e9tudes) et \u00e0 leurs partenaires.<\/p>\n\n\n\n<div style=\"height:52px\" aria-hidden=\"true\" class=\"wp-block-spacer\"><\/div>\n\n\n\n<h2 class=\"wp-block-heading\">Partenariat<\/h2>\n\n\n\n<div style=\"height:14px\" aria-hidden=\"true\" class=\"wp-block-spacer\"><\/div>\n\n\n\n<h3 class=\"wp-block-heading\">Comit\u00e9 de programme : <\/h3>\n\n\n\n<div style=\"height:14px\" aria-hidden=\"true\" class=\"wp-block-spacer\"><\/div>\n\n\n\n<p><strong>Agence de l\u2019eau Rh\u00f4ne M\u00e9diterran\u00e9e Corse<\/strong> : Camille Arnault ; <strong>INRAE Lyon&nbsp;Reversaal<\/strong>: Sylvie Gillot, <strong>Insa Lyon Deep<\/strong> : Pierre Buffiere ; <strong>V\u00e9olia Eau<\/strong> : Fr\u00e9d\u00e9ric Gogien;&nbsp; <strong>M\u00e9tropole de Lyon <\/strong>: S\u00e9bastien Riello; <strong>Amorce<\/strong> : Baptiste Julien ; <strong>Graie<\/strong> : La\u00ebtitia Bacot &#8211; en appui sur le groupe de travail exploitants de STEP du Graie.<\/p>\n\n\n\n<div style=\"height:26px\" aria-hidden=\"true\" class=\"wp-block-spacer\"><\/div>\n\n\n\n<h3 class=\"wp-block-heading\">Partenaires<\/h3>\n\n\n\n<div style=\"height:14px\" aria-hidden=\"true\" class=\"wp-block-spacer\"><\/div>\n\n\n\n<p>\u00c9v\u00e8nement co-organis\u00e9 par le Graie et INRAE, en appui sur le r\u00e9seau des \u00ab&nbsp;exploitants de Step &nbsp;\u00bb du Graie.<br>En partenariat avec l&rsquo;INSA de Lyon &amp; AMORCE.<\/p>\n\n\n\n<p>Avec le soutien de l\u2019Agence de l\u2019Eau RMC et du Minist\u00e8re MTE.<br>L\u2019animation des r\u00e9seaux r\u00e9gionaux b\u00e9n\u00e9ficie par ailleurs du soutien de la M\u00e9tropole de Lyon.<\/p>\n\n\n\n<div style=\"height:50px\" aria-hidden=\"true\" class=\"wp-block-spacer\"><\/div>\n\n\n\n<h2 class=\"wp-block-heading\">Plus d&rsquo;informations:<\/h2>\n\n\n\n<p>Prenez contact avec <a class=\"lightbox-enabled\" title=\"\" href=\"https:\/\/asso.graie.org\/portail\/laetitia-bacot\/\"><strong>La\u00ebtitia BACOT<\/strong><\/a><\/p>\n","protected":false},"excerpt":{"rendered":"<p>&nbsp; Optimisation de l\u2019exploitation des Stations d&rsquo;\u00e9puration \u2013 Pratiques actuelles et \u00e9volutions Le jeudi 2 f\u00e9vrier 2023 INSA Lyon, Amphith\u00e9\u00e2tre Gaston Berger &#8211; Villeurbanne (69) T\u00c9L\u00c9CHARGEZ LES ACTES Contexte \u2013 Th\u00e9matique Adapter les syst\u00e8mes d\u2019assainissement dans un contexte de changement &hellip;<\/p>\n","protected":false},"author":16,"featured_media":21130,"comment_status":"closed","ping_status":"closed","sticky":false,"template":"","format":"standard","meta":{"_mi_skip_tracking":false,"footnotes":""},"categories":[24,34,66,589,29,55,579,28],"tags":[1523,1522,1626,1815,704,1816],"acf":[],"yoast_head":"<!-- This site is optimized with the Yoast SEO plugin v19.13 - https:\/\/yoast.com\/wordpress\/plugins\/seo\/ -->\n<title>Actes | Conf\u00e9rence Graie-INRAE sur l&#039;exploitation des Stations d&#039;\u00e9puration | Graie<\/title>\n<meta name=\"description\" content=\"La journ\u00e9e d&#039;\u00e9changes sur l&#039;exploitation des stations d&#039;\u00e9puration aura lieu le 2 f\u00e9vrier 2023.\" \/>\n<meta name=\"robots\" content=\"index, follow, max-snippet:-1, max-image-preview:large, max-video-preview:-1\" \/>\n<link rel=\"canonical\" href=\"https:\/\/asso.graie.org\/portail\/journee-step-2023\/\" \/>\n<meta property=\"og:locale\" content=\"fr_FR\" \/>\n<meta property=\"og:type\" content=\"article\" \/>\n<meta property=\"og:title\" content=\"Actes | Conf\u00e9rence Graie-INRAE sur l&#039;exploitation des Stations d&#039;\u00e9puration | Graie\" \/>\n<meta property=\"og:description\" content=\"La journ\u00e9e d&#039;\u00e9changes sur l&#039;exploitation des stations d&#039;\u00e9puration aura lieu le 2 f\u00e9vrier 2023.\" \/>\n<meta property=\"og:url\" content=\"https:\/\/asso.graie.org\/portail\/journee-step-2023\/\" \/>\n<meta property=\"og:site_name\" content=\"Graie\" \/>\n<meta property=\"article:published_time\" content=\"2022-06-04T08:56:00+00:00\" \/>\n<meta property=\"article:modified_time\" content=\"2023-02-27T14:13:35+00:00\" \/>\n<meta property=\"og:image\" content=\"https:\/\/asso.graie.org\/portail\/wp-content\/uploads\/2022\/09\/STEP_GT-depotage-1024x768.jpg\" \/>\n\t<meta property=\"og:image:width\" content=\"1024\" \/>\n\t<meta property=\"og:image:height\" content=\"768\" \/>\n\t<meta property=\"og:image:type\" content=\"image\/jpeg\" \/>\n<meta name=\"author\" content=\"Maureen Carpentier\" \/>\n<meta name=\"twitter:card\" content=\"summary_large_image\" \/>\n<meta name=\"twitter:creator\" content=\"@asso_graie\" \/>\n<meta name=\"twitter:site\" content=\"@asso_graie\" \/>\n<meta name=\"twitter:label1\" content=\"\u00c9crit par\" \/>\n\t<meta name=\"twitter:data1\" content=\"Maureen Carpentier\" \/>\n\t<meta name=\"twitter:label2\" content=\"Dur\u00e9e de lecture estim\u00e9e\" \/>\n\t<meta name=\"twitter:data2\" content=\"2 minutes\" \/>\n<script type=\"application\/ld+json\" class=\"yoast-schema-graph\">{\"@context\":\"https:\/\/schema.org\",\"@graph\":[{\"@type\":\"Article\",\"@id\":\"https:\/\/asso.graie.org\/portail\/journee-step-2023\/#article\",\"isPartOf\":{\"@id\":\"https:\/\/asso.graie.org\/portail\/journee-step-2023\/\"},\"author\":{\"name\":\"Maureen Carpentier\",\"@id\":\"https:\/\/asso.graie.org\/portail\/#\/schema\/person\/486e14d091ff09d12f2b31bad560eb4f\"},\"headline\":\"Actes | Conf\u00e9rence Graie-INRAE sur l&rsquo;exploitation des Stations d&rsquo;\u00e9puration\",\"datePublished\":\"2022-06-04T08:56:00+00:00\",\"dateModified\":\"2023-02-27T14:13:35+00:00\",\"mainEntityOfPage\":{\"@id\":\"https:\/\/asso.graie.org\/portail\/journee-step-2023\/\"},\"wordCount\":366,\"publisher\":{\"@id\":\"https:\/\/asso.graie.org\/portail\/#organization\"},\"keywords\":[\"conf\u00e9rence\",\"\u00e9changes\",\"journ\u00e9e\",\"stations d&#039;\u00e9puration\",\"STEP\",\"steps\"],\"articleSection\":[\"Actu Graie\",\"Eau et sant\u00e9\",\"Eau et sant\u00e9\",\"Historique Agenda\",\"Productions\",\"Station d'\u00e9puration\",\"Stations d'\u00e9puration\",\"Toute l'actualit\u00e9\"],\"inLanguage\":\"fr-FR\"},{\"@type\":\"WebPage\",\"@id\":\"https:\/\/asso.graie.org\/portail\/journee-step-2023\/\",\"url\":\"https:\/\/asso.graie.org\/portail\/journee-step-2023\/\",\"name\":\"Actes | Conf\u00e9rence Graie-INRAE sur l'exploitation des Stations d'\u00e9puration | Graie\",\"isPartOf\":{\"@id\":\"https:\/\/asso.graie.org\/portail\/#website\"},\"datePublished\":\"2022-06-04T08:56:00+00:00\",\"dateModified\":\"2023-02-27T14:13:35+00:00\",\"description\":\"La journ\u00e9e d'\u00e9changes sur l'exploitation des stations d'\u00e9puration aura lieu le 2 f\u00e9vrier 2023.\",\"breadcrumb\":{\"@id\":\"https:\/\/asso.graie.org\/portail\/journee-step-2023\/#breadcrumb\"},\"inLanguage\":\"fr-FR\",\"potentialAction\":[{\"@type\":\"ReadAction\",\"target\":[\"https:\/\/asso.graie.org\/portail\/journee-step-2023\/\"]}]},{\"@type\":\"BreadcrumbList\",\"@id\":\"https:\/\/asso.graie.org\/portail\/journee-step-2023\/#breadcrumb\",\"itemListElement\":[{\"@type\":\"ListItem\",\"position\":1,\"name\":\"Accueil\",\"item\":\"https:\/\/asso.graie.org\/portail\/\"},{\"@type\":\"ListItem\",\"position\":2,\"name\":\"Actes | Conf\u00e9rence Graie-INRAE sur l&rsquo;exploitation des Stations d&rsquo;\u00e9puration\"}]},{\"@type\":\"WebSite\",\"@id\":\"https:\/\/asso.graie.org\/portail\/#website\",\"url\":\"https:\/\/asso.graie.org\/portail\/\",\"name\":\"Graie\",\"description\":\"P\u00f4le Eau et Territoires\",\"publisher\":{\"@id\":\"https:\/\/asso.graie.org\/portail\/#organization\"},\"potentialAction\":[{\"@type\":\"SearchAction\",\"target\":{\"@type\":\"EntryPoint\",\"urlTemplate\":\"https:\/\/asso.graie.org\/portail\/?s={search_term_string}\"},\"query-input\":\"required name=search_term_string\"}],\"inLanguage\":\"fr-FR\"},{\"@type\":\"Organization\",\"@id\":\"https:\/\/asso.graie.org\/portail\/#organization\",\"name\":\"Le Graie\",\"url\":\"https:\/\/asso.graie.org\/portail\/\",\"logo\":{\"@type\":\"ImageObject\",\"inLanguage\":\"fr-FR\",\"@id\":\"https:\/\/asso.graie.org\/portail\/#\/schema\/logo\/image\/\",\"url\":\"https:\/\/asso.graie.org\/portail\/wp-content\/uploads\/2021\/12\/Logotype-Graie.png\",\"contentUrl\":\"https:\/\/asso.graie.org\/portail\/wp-content\/uploads\/2021\/12\/Logotype-Graie.png\",\"width\":1890,\"height\":1181,\"caption\":\"Le Graie\"},\"image\":{\"@id\":\"https:\/\/asso.graie.org\/portail\/#\/schema\/logo\/image\/\"},\"sameAs\":[\"https:\/\/fr.linkedin.com\/company\/graie?trk=top_nav_home\",\"https:\/\/www.youtube.com\/channel\/UCZQk0Tt7upYwERYNdDIZqLQ\",\"https:\/\/twitter.com\/asso_graie\"]},{\"@type\":\"Person\",\"@id\":\"https:\/\/asso.graie.org\/portail\/#\/schema\/person\/486e14d091ff09d12f2b31bad560eb4f\",\"name\":\"Maureen Carpentier\",\"url\":\"https:\/\/asso.graie.org\/portail\/author\/juliettecasanova\/\"}]}<\/script>\n<!-- \/ Yoast SEO plugin. -->","yoast_head_json":{"title":"Actes | Conf\u00e9rence Graie-INRAE sur l'exploitation des Stations d'\u00e9puration | Graie","description":"La journ\u00e9e d'\u00e9changes sur l'exploitation des stations d'\u00e9puration aura lieu le 2 f\u00e9vrier 2023.","robots":{"index":"index","follow":"follow","max-snippet":"max-snippet:-1","max-image-preview":"max-image-preview:large","max-video-preview":"max-video-preview:-1"},"canonical":"https:\/\/asso.graie.org\/portail\/journee-step-2023\/","og_locale":"fr_FR","og_type":"article","og_title":"Actes | Conf\u00e9rence Graie-INRAE sur l'exploitation des Stations d'\u00e9puration | Graie","og_description":"La journ\u00e9e d'\u00e9changes sur l'exploitation des stations d'\u00e9puration aura lieu le 2 f\u00e9vrier 2023.","og_url":"https:\/\/asso.graie.org\/portail\/journee-step-2023\/","og_site_name":"Graie","article_published_time":"2022-06-04T08:56:00+00:00","article_modified_time":"2023-02-27T14:13:35+00:00","og_image":[{"width":1024,"height":768,"url":"https:\/\/asso.graie.org\/portail\/wp-content\/uploads\/2022\/09\/STEP_GT-depotage-1024x768.jpg","type":"image\/jpeg"}],"author":"Maureen Carpentier","twitter_card":"summary_large_image","twitter_creator":"@asso_graie","twitter_site":"@asso_graie","twitter_misc":{"\u00c9crit par":"Maureen Carpentier","Dur\u00e9e de lecture estim\u00e9e":"2 minutes"},"schema":{"@context":"https:\/\/schema.org","@graph":[{"@type":"Article","@id":"https:\/\/asso.graie.org\/portail\/journee-step-2023\/#article","isPartOf":{"@id":"https:\/\/asso.graie.org\/portail\/journee-step-2023\/"},"author":{"name":"Maureen Carpentier","@id":"https:\/\/asso.graie.org\/portail\/#\/schema\/person\/486e14d091ff09d12f2b31bad560eb4f"},"headline":"Actes | Conf\u00e9rence Graie-INRAE sur l&rsquo;exploitation des Stations d&rsquo;\u00e9puration","datePublished":"2022-06-04T08:56:00+00:00","dateModified":"2023-02-27T14:13:35+00:00","mainEntityOfPage":{"@id":"https:\/\/asso.graie.org\/portail\/journee-step-2023\/"},"wordCount":366,"publisher":{"@id":"https:\/\/asso.graie.org\/portail\/#organization"},"keywords":["conf\u00e9rence","\u00e9changes","journ\u00e9e","stations d&#039;\u00e9puration","STEP","steps"],"articleSection":["Actu Graie","Eau et sant\u00e9","Eau et sant\u00e9","Historique Agenda","Productions","Station d'\u00e9puration","Stations d'\u00e9puration","Toute l'actualit\u00e9"],"inLanguage":"fr-FR"},{"@type":"WebPage","@id":"https:\/\/asso.graie.org\/portail\/journee-step-2023\/","url":"https:\/\/asso.graie.org\/portail\/journee-step-2023\/","name":"Actes | Conf\u00e9rence Graie-INRAE sur l'exploitation des Stations d'\u00e9puration | Graie","isPartOf":{"@id":"https:\/\/asso.graie.org\/portail\/#website"},"datePublished":"2022-06-04T08:56:00+00:00","dateModified":"2023-02-27T14:13:35+00:00","description":"La journ\u00e9e d'\u00e9changes sur l'exploitation des stations d'\u00e9puration aura lieu le 2 f\u00e9vrier 2023.","breadcrumb":{"@id":"https:\/\/asso.graie.org\/portail\/journee-step-2023\/#breadcrumb"},"inLanguage":"fr-FR","potentialAction":[{"@type":"ReadAction","target":["https:\/\/asso.graie.org\/portail\/journee-step-2023\/"]}]},{"@type":"BreadcrumbList","@id":"https:\/\/asso.graie.org\/portail\/journee-step-2023\/#breadcrumb","itemListElement":[{"@type":"ListItem","position":1,"name":"Accueil","item":"https:\/\/asso.graie.org\/portail\/"},{"@type":"ListItem","position":2,"name":"Actes | Conf\u00e9rence Graie-INRAE sur l&rsquo;exploitation des Stations d&rsquo;\u00e9puration"}]},{"@type":"WebSite","@id":"https:\/\/asso.graie.org\/portail\/#website","url":"https:\/\/asso.graie.org\/portail\/","name":"Graie","description":"P\u00f4le Eau et Territoires","publisher":{"@id":"https:\/\/asso.graie.org\/portail\/#organization"},"potentialAction":[{"@type":"SearchAction","target":{"@type":"EntryPoint","urlTemplate":"https:\/\/asso.graie.org\/portail\/?s={search_term_string}"},"query-input":"required name=search_term_string"}],"inLanguage":"fr-FR"},{"@type":"Organization","@id":"https:\/\/asso.graie.org\/portail\/#organization","name":"Le Graie","url":"https:\/\/asso.graie.org\/portail\/","logo":{"@type":"ImageObject","inLanguage":"fr-FR","@id":"https:\/\/asso.graie.org\/portail\/#\/schema\/logo\/image\/","url":"https:\/\/asso.graie.org\/portail\/wp-content\/uploads\/2021\/12\/Logotype-Graie.png","contentUrl":"https:\/\/asso.graie.org\/portail\/wp-content\/uploads\/2021\/12\/Logotype-Graie.png","width":1890,"height":1181,"caption":"Le Graie"},"image":{"@id":"https:\/\/asso.graie.org\/portail\/#\/schema\/logo\/image\/"},"sameAs":["https:\/\/fr.linkedin.com\/company\/graie?trk=top_nav_home","https:\/\/www.youtube.com\/channel\/UCZQk0Tt7upYwERYNdDIZqLQ","https:\/\/twitter.com\/asso_graie"]},{"@type":"Person","@id":"https:\/\/asso.graie.org\/portail\/#\/schema\/person\/486e14d091ff09d12f2b31bad560eb4f","name":"Maureen Carpentier","url":"https:\/\/asso.graie.org\/portail\/author\/juliettecasanova\/"}]}},"_links":{"self":[{"href":"https:\/\/asso.graie.org\/portail\/wp-json\/wp\/v2\/posts\/22286"}],"collection":[{"href":"https:\/\/asso.graie.org\/portail\/wp-json\/wp\/v2\/posts"}],"about":[{"href":"https:\/\/asso.graie.org\/portail\/wp-json\/wp\/v2\/types\/post"}],"author":[{"embeddable":true,"href":"https:\/\/asso.graie.org\/portail\/wp-json\/wp\/v2\/users\/16"}],"replies":[{"embeddable":true,"href":"https:\/\/asso.graie.org\/portail\/wp-json\/wp\/v2\/comments?post=22286"}],"version-history":[{"count":40,"href":"https:\/\/asso.graie.org\/portail\/wp-json\/wp\/v2\/posts\/22286\/revisions"}],"predecessor-version":[{"id":22718,"href":"https:\/\/asso.graie.org\/portail\/wp-json\/wp\/v2\/posts\/22286\/revisions\/22718"}],"wp:featuredmedia":[{"embeddable":true,"href":"https:\/\/asso.graie.org\/portail\/wp-json\/wp\/v2\/media\/21130"}],"wp:attachment":[{"href":"https:\/\/asso.graie.org\/portail\/wp-json\/wp\/v2\/media?parent=22286"}],"wp:term":[{"taxonomy":"category","embeddable":true,"href":"https:\/\/asso.graie.org\/portail\/wp-json\/wp\/v2\/categories?post=22286"},{"taxonomy":"post_tag","embeddable":true,"href":"https:\/\/asso.graie.org\/portail\/wp-json\/wp\/v2\/tags?post=22286"}],"curies":[{"name":"wp","href":"https:\/\/api.w.org\/{rel}","templated":true}]}}