{"id":22348,"date":"2022-12-15T12:44:25","date_gmt":"2022-12-15T11:44:25","guid":{"rendered":"https:\/\/asso.graie.org\/portail\/?p=22348"},"modified":"2023-01-09T16:59:41","modified_gmt":"2023-01-09T15:59:41","slug":"elodie-brelot-presidente-section-territoriale-ara-de-lastee","status":"publish","type":"post","link":"https:\/\/asso.graie.org\/portail\/elodie-brelot-presidente-section-territoriale-ara-de-lastee\/","title":{"rendered":"Elodie Brelot \u00e9lue pr\u00e9sidente de la section territoriale ARA de l&rsquo;ASTEE"},"content":{"rendered":"\n<div class=\"wp-block-image\"><figure class=\"aligncenter size-large is-resized\"><img decoding=\"async\" loading=\"lazy\" src=\"https:\/\/asso.graie.org\/portail\/wp-content\/uploads\/2022\/12\/Elodie_ASTEE-1024x1024.png\" alt=\"\" class=\"wp-image-22349\" width=\"532\" height=\"532\" srcset=\"https:\/\/asso.graie.org\/portail\/wp-content\/uploads\/2022\/12\/Elodie_ASTEE-1024x1024.png 1024w, https:\/\/asso.graie.org\/portail\/wp-content\/uploads\/2022\/12\/Elodie_ASTEE-300x300.png 300w, https:\/\/asso.graie.org\/portail\/wp-content\/uploads\/2022\/12\/Elodie_ASTEE-150x150.png 150w, https:\/\/asso.graie.org\/portail\/wp-content\/uploads\/2022\/12\/Elodie_ASTEE-768x768.png 768w, https:\/\/asso.graie.org\/portail\/wp-content\/uploads\/2022\/12\/Elodie_ASTEE.png 1200w\" sizes=\"(max-width: 532px) 100vw, 532px\" \/><\/figure><\/div>\n\n\n\n<div style=\"height:44px\" aria-hidden=\"true\" class=\"wp-block-spacer\"><\/div>\n\n\n\n<p><strong>\u00c9lodie Brelot, directrice du Graie<\/strong>, a repris la pr\u00e9sidence de la <strong>section territoriale Auvergne-Rh\u00f4ne-Alpes de l\u2019ASTEE<\/strong>, avec l\u2019approbation du conseil d\u2019administration de l\u2019ASTEE du 8 d\u00e9cembre 2022.<\/p>\n\n\n\n<p><br>Elle succ\u00e8de \u00e0 Nicolas Chantepy, directeur adjoint de l\u2019Agence de l\u2019eau RMC, qui a assur\u00e9 la pr\u00e9sidence et l\u2019animation du bureau de cette section plus de 10 ans, qui restera un membre actif de cette instance.<\/p>\n\n\n\n<div style=\"height:46px\" aria-hidden=\"true\" class=\"wp-block-spacer\"><\/div>\n\n\n\n<h3 class=\"wp-block-heading\">Quels sont les objectifs de la section ?<\/h3>\n\n\n\n<div style=\"height:12px\" aria-hidden=\"true\" class=\"wp-block-spacer\"><\/div>\n\n\n\n<p>Le bureau rassemble une douzaine de membres de l\u2019ASTEE, repr\u00e9sentatifs de la constitution de l\u2019association : repr\u00e9sentants des entreprises, des collectivit\u00e9s, des organismes de recherche et des acteurs institutionnels de l\u2019eau et des d\u00e9chets. L\u2019objectif du bureau est de renforcer l\u2019animation r\u00e9gionale, notamment sur l\u2019Auvergne, territoire aujourd\u2019hui en manque d\u2019animation technique sur ces sujets de l\u2019eau, de l\u2019assainissement et des d\u00e9chets. Jean-Pierre Morvan, directeur de la d\u00e9l\u00e9gation Allier Loire amont, a d\u2019ailleurs rejoint le bureau de la section avec cet objectif.<\/p>\n\n\n\n<div style=\"height:44px\" aria-hidden=\"true\" class=\"wp-block-spacer\"><\/div>\n\n\n\n<h3 class=\"wp-block-heading\">R\u00e9union de la section<\/h3>\n\n\n\n<div style=\"height:12px\" aria-hidden=\"true\" class=\"wp-block-spacer\"><\/div>\n\n\n\n<p>Afin de lancer cette nouvelle dynamique, Roannaise de l\u2019eau (Daniel Fr\u00e9chet, son pr\u00e9sident et Pascal Petit, son directeur technique) a accueilli une r\u00e9union de la section ce <strong>mardi 13 d\u00e9cembre<\/strong>.<br>Plus de 20 personnes de collectivit\u00e9s, entreprises, institutions et services de l&rsquo;\u00e9tat voisin.e.s du haut bassin de la Loire, ont brav\u00e9 la neige \u00e0 cette occasion.<\/p>\n\n\n\n<p><br>Ils ont \u00e9chang\u00e9 sur leurs <strong>envies et besoins<\/strong> : partage d&rsquo;exp\u00e9rience, lien avec les travaux des commissions et groupes de travail nationaux, et renforcement des liens avec le comit\u00e9 de la recherche de l&rsquo;ASTEE.<br>Pascal Petit a pr\u00e9sent\u00e9 Roannaise de l&rsquo;eau, les grands enjeux par comp\u00e9tences et les grands projets, avant de nous inviter \u00e0 <strong>visiter le chantier de l&rsquo;unit\u00e9 de m\u00e9thanisation<\/strong>. Il s&rsquo;agit d&rsquo;un projet de 20 millions d&rsquo;euros, dans le cadre d&rsquo;un contrat concessif entre Roannais Agglom\u00e9ration et Roanne BioEnergie (regroupant Suez, Engie et BM-Environnement).<\/p>\n\n\n\n<p><br>Accueillis par Gilles Cadet-Paris, les participants ont pu prendre la mesure de ce chantier et des installations. Le chantier a d\u00e9but\u00e9 en octobre 2020, avec des <strong>probl\u00e9matiques de sol pollu\u00e9s et \u00e9tanch\u00e9ification du bassin<\/strong>. Il s&rsquo;agit de deux files parall\u00e8les : une pour les b<strong>oues d&rsquo;\u00e9puration<\/strong> (45 000 m3) et une pour les <strong>biod\u00e9chets <\/strong>(15 000 m3). Elles devraient produire 2 millions m3 de biom\u00e9thane par an, r\u00e9inject\u00e9 dans le r\u00e9seau, soit l&rsquo;\u00e9quivalent de la consommation de 2100 m\u00e9nages, et 27 000 tonnes d&rsquo;engrais.<br>Cette visite vivifiante a convaincu les participants de renouveler ce type de rencontres&nbsp;! <\/p>\n\n\n\n<div style=\"height:26px\" aria-hidden=\"true\" class=\"wp-block-spacer\"><\/div>\n\n\n\n<p><strong>La prochaine r\u00e9union sera probablement accueillie par Clermont Auvergne M\u00e9tropole en mars-avril 2023, autour de la question de l&rsquo;anticipation des crises !<\/strong><\/p>\n\n\n\n<div style=\"height:31px\" aria-hidden=\"true\" class=\"wp-block-spacer\"><\/div>\n","protected":false},"excerpt":{"rendered":"<p>\u00c9lodie Brelot, directrice du Graie, a repris la pr\u00e9sidence de la section territoriale Auvergne-Rh\u00f4ne-Alpes de l\u2019ASTEE, avec l\u2019approbation du conseil d\u2019administration de l\u2019ASTEE du 8 d\u00e9cembre 2022. Elle succ\u00e8de \u00e0 Nicolas Chantepy, directeur adjoint de l\u2019Agence de l\u2019eau RMC, qui &hellip;<\/p>\n","protected":false},"author":16,"featured_media":22349,"comment_status":"closed","ping_status":"closed","sticky":false,"template":"","format":"standard","meta":{"_mi_skip_tracking":false,"footnotes":""},"categories":[24,28],"tags":[1823,1493,1820,772,1821,1822,1824,1817,1818,1819,1825],"acf":[],"yoast_head":"<!-- This site is optimized with the Yoast SEO plugin v19.13 - https:\/\/yoast.com\/wordpress\/plugins\/seo\/ -->\n<title>Elodie Brelot, pr\u00e9sidente de la section territoriale ARA de l&#039;ASTEE | Graie<\/title>\n<meta name=\"description\" content=\"\u00c9lodie Brelot, directrice du Graie, a repris la pr\u00e9sidence de la section territoriale Auvergne-Rh\u00f4ne-Alpes de l\u2019ASTEE, avec l\u2019approbation du conseil d\u2019administration de l\u2019ASTEE du 8 d\u00e9cembre 2022.\" \/>\n<meta name=\"robots\" content=\"index, follow, max-snippet:-1, max-image-preview:large, max-video-preview:-1\" \/>\n<link rel=\"canonical\" href=\"https:\/\/asso.graie.org\/portail\/elodie-brelot-presidente-section-territoriale-ara-de-lastee\/\" \/>\n<meta property=\"og:locale\" content=\"fr_FR\" \/>\n<meta property=\"og:type\" content=\"article\" \/>\n<meta property=\"og:title\" content=\"Elodie Brelot, pr\u00e9sidente de la section territoriale ARA de l&#039;ASTEE | Graie\" \/>\n<meta property=\"og:description\" content=\"\u00c9lodie Brelot, directrice du Graie, a repris la pr\u00e9sidence de la section territoriale Auvergne-Rh\u00f4ne-Alpes de l\u2019ASTEE, avec l\u2019approbation du conseil d\u2019administration de l\u2019ASTEE du 8 d\u00e9cembre 2022.\" \/>\n<meta property=\"og:url\" content=\"https:\/\/asso.graie.org\/portail\/elodie-brelot-presidente-section-territoriale-ara-de-lastee\/\" \/>\n<meta property=\"og:site_name\" content=\"Graie\" \/>\n<meta property=\"article:published_time\" content=\"2022-12-15T11:44:25+00:00\" \/>\n<meta property=\"article:modified_time\" content=\"2023-01-09T15:59:41+00:00\" \/>\n<meta property=\"og:image\" content=\"https:\/\/asso.graie.org\/portail\/wp-content\/uploads\/2022\/12\/Elodie_ASTEE.png\" \/>\n\t<meta property=\"og:image:width\" content=\"1200\" \/>\n\t<meta property=\"og:image:height\" content=\"1200\" \/>\n\t<meta property=\"og:image:type\" content=\"image\/png\" \/>\n<meta name=\"author\" content=\"Maureen Carpentier\" \/>\n<meta name=\"twitter:card\" content=\"summary_large_image\" \/>\n<meta name=\"twitter:creator\" content=\"@asso_graie\" \/>\n<meta name=\"twitter:site\" content=\"@asso_graie\" \/>\n<meta name=\"twitter:label1\" content=\"\u00c9crit par\" \/>\n\t<meta name=\"twitter:data1\" content=\"Maureen Carpentier\" \/>\n\t<meta name=\"twitter:label2\" content=\"Dur\u00e9e de lecture estim\u00e9e\" \/>\n\t<meta name=\"twitter:data2\" content=\"3 minutes\" \/>\n<script type=\"application\/ld+json\" class=\"yoast-schema-graph\">{\"@context\":\"https:\/\/schema.org\",\"@graph\":[{\"@type\":\"Article\",\"@id\":\"https:\/\/asso.graie.org\/portail\/elodie-brelot-presidente-section-territoriale-ara-de-lastee\/#article\",\"isPartOf\":{\"@id\":\"https:\/\/asso.graie.org\/portail\/elodie-brelot-presidente-section-territoriale-ara-de-lastee\/\"},\"author\":{\"name\":\"Maureen Carpentier\",\"@id\":\"https:\/\/asso.graie.org\/portail\/#\/schema\/person\/486e14d091ff09d12f2b31bad560eb4f\"},\"headline\":\"Elodie Brelot \u00e9lue pr\u00e9sidente de la section territoriale ARA de l&rsquo;ASTEE\",\"datePublished\":\"2022-12-15T11:44:25+00:00\",\"dateModified\":\"2023-01-09T15:59:41+00:00\",\"mainEntityOfPage\":{\"@id\":\"https:\/\/asso.graie.org\/portail\/elodie-brelot-presidente-section-territoriale-ara-de-lastee\/\"},\"wordCount\":467,\"publisher\":{\"@id\":\"https:\/\/asso.graie.org\/portail\/#organization\"},\"keywords\":[\"ARA\",\"ASTEE\",\"directrice\",\"m\u00e9thanisation\",\"pr\u00e9sidence\",\"pr\u00e9sidente\",\"r\u00e9union\",\"section\",\"section territoriale\",\"territoriale\",\"visite\"],\"articleSection\":[\"Actu Graie\",\"Toute l'actualit\u00e9\"],\"inLanguage\":\"fr-FR\"},{\"@type\":\"WebPage\",\"@id\":\"https:\/\/asso.graie.org\/portail\/elodie-brelot-presidente-section-territoriale-ara-de-lastee\/\",\"url\":\"https:\/\/asso.graie.org\/portail\/elodie-brelot-presidente-section-territoriale-ara-de-lastee\/\",\"name\":\"Elodie Brelot, pr\u00e9sidente de la section territoriale ARA de l'ASTEE | Graie\",\"isPartOf\":{\"@id\":\"https:\/\/asso.graie.org\/portail\/#website\"},\"datePublished\":\"2022-12-15T11:44:25+00:00\",\"dateModified\":\"2023-01-09T15:59:41+00:00\",\"description\":\"\u00c9lodie Brelot, directrice du Graie, a repris la pr\u00e9sidence de la section territoriale Auvergne-Rh\u00f4ne-Alpes de l\u2019ASTEE, avec l\u2019approbation du conseil d\u2019administration de l\u2019ASTEE du 8 d\u00e9cembre 2022.\",\"breadcrumb\":{\"@id\":\"https:\/\/asso.graie.org\/portail\/elodie-brelot-presidente-section-territoriale-ara-de-lastee\/#breadcrumb\"},\"inLanguage\":\"fr-FR\",\"potentialAction\":[{\"@type\":\"ReadAction\",\"target\":[\"https:\/\/asso.graie.org\/portail\/elodie-brelot-presidente-section-territoriale-ara-de-lastee\/\"]}]},{\"@type\":\"BreadcrumbList\",\"@id\":\"https:\/\/asso.graie.org\/portail\/elodie-brelot-presidente-section-territoriale-ara-de-lastee\/#breadcrumb\",\"itemListElement\":[{\"@type\":\"ListItem\",\"position\":1,\"name\":\"Accueil\",\"item\":\"https:\/\/asso.graie.org\/portail\/\"},{\"@type\":\"ListItem\",\"position\":2,\"name\":\"Elodie Brelot \u00e9lue pr\u00e9sidente de la section territoriale ARA de l&rsquo;ASTEE\"}]},{\"@type\":\"WebSite\",\"@id\":\"https:\/\/asso.graie.org\/portail\/#website\",\"url\":\"https:\/\/asso.graie.org\/portail\/\",\"name\":\"Graie\",\"description\":\"P\u00f4le Eau et Territoires\",\"publisher\":{\"@id\":\"https:\/\/asso.graie.org\/portail\/#organization\"},\"potentialAction\":[{\"@type\":\"SearchAction\",\"target\":{\"@type\":\"EntryPoint\",\"urlTemplate\":\"https:\/\/asso.graie.org\/portail\/?s={search_term_string}\"},\"query-input\":\"required name=search_term_string\"}],\"inLanguage\":\"fr-FR\"},{\"@type\":\"Organization\",\"@id\":\"https:\/\/asso.graie.org\/portail\/#organization\",\"name\":\"Le Graie\",\"url\":\"https:\/\/asso.graie.org\/portail\/\",\"logo\":{\"@type\":\"ImageObject\",\"inLanguage\":\"fr-FR\",\"@id\":\"https:\/\/asso.graie.org\/portail\/#\/schema\/logo\/image\/\",\"url\":\"https:\/\/asso.graie.org\/portail\/wp-content\/uploads\/2021\/12\/Logotype-Graie.png\",\"contentUrl\":\"https:\/\/asso.graie.org\/portail\/wp-content\/uploads\/2021\/12\/Logotype-Graie.png\",\"width\":1890,\"height\":1181,\"caption\":\"Le Graie\"},\"image\":{\"@id\":\"https:\/\/asso.graie.org\/portail\/#\/schema\/logo\/image\/\"},\"sameAs\":[\"https:\/\/fr.linkedin.com\/company\/graie?trk=top_nav_home\",\"https:\/\/www.youtube.com\/channel\/UCZQk0Tt7upYwERYNdDIZqLQ\",\"https:\/\/twitter.com\/asso_graie\"]},{\"@type\":\"Person\",\"@id\":\"https:\/\/asso.graie.org\/portail\/#\/schema\/person\/486e14d091ff09d12f2b31bad560eb4f\",\"name\":\"Maureen Carpentier\",\"url\":\"https:\/\/asso.graie.org\/portail\/author\/juliettecasanova\/\"}]}<\/script>\n<!-- \/ Yoast SEO plugin. -->","yoast_head_json":{"title":"Elodie Brelot, pr\u00e9sidente de la section territoriale ARA de l'ASTEE | Graie","description":"\u00c9lodie Brelot, directrice du Graie, a repris la pr\u00e9sidence de la section territoriale Auvergne-Rh\u00f4ne-Alpes de l\u2019ASTEE, avec l\u2019approbation du conseil d\u2019administration de l\u2019ASTEE du 8 d\u00e9cembre 2022.","robots":{"index":"index","follow":"follow","max-snippet":"max-snippet:-1","max-image-preview":"max-image-preview:large","max-video-preview":"max-video-preview:-1"},"canonical":"https:\/\/asso.graie.org\/portail\/elodie-brelot-presidente-section-territoriale-ara-de-lastee\/","og_locale":"fr_FR","og_type":"article","og_title":"Elodie Brelot, pr\u00e9sidente de la section territoriale ARA de l'ASTEE | Graie","og_description":"\u00c9lodie Brelot, directrice du Graie, a repris la pr\u00e9sidence de la section territoriale Auvergne-Rh\u00f4ne-Alpes de l\u2019ASTEE, avec l\u2019approbation du conseil d\u2019administration de l\u2019ASTEE du 8 d\u00e9cembre 2022.","og_url":"https:\/\/asso.graie.org\/portail\/elodie-brelot-presidente-section-territoriale-ara-de-lastee\/","og_site_name":"Graie","article_published_time":"2022-12-15T11:44:25+00:00","article_modified_time":"2023-01-09T15:59:41+00:00","og_image":[{"width":1200,"height":1200,"url":"https:\/\/asso.graie.org\/portail\/wp-content\/uploads\/2022\/12\/Elodie_ASTEE.png","type":"image\/png"}],"author":"Maureen Carpentier","twitter_card":"summary_large_image","twitter_creator":"@asso_graie","twitter_site":"@asso_graie","twitter_misc":{"\u00c9crit par":"Maureen Carpentier","Dur\u00e9e de lecture estim\u00e9e":"3 minutes"},"schema":{"@context":"https:\/\/schema.org","@graph":[{"@type":"Article","@id":"https:\/\/asso.graie.org\/portail\/elodie-brelot-presidente-section-territoriale-ara-de-lastee\/#article","isPartOf":{"@id":"https:\/\/asso.graie.org\/portail\/elodie-brelot-presidente-section-territoriale-ara-de-lastee\/"},"author":{"name":"Maureen Carpentier","@id":"https:\/\/asso.graie.org\/portail\/#\/schema\/person\/486e14d091ff09d12f2b31bad560eb4f"},"headline":"Elodie Brelot \u00e9lue pr\u00e9sidente de la section territoriale ARA de l&rsquo;ASTEE","datePublished":"2022-12-15T11:44:25+00:00","dateModified":"2023-01-09T15:59:41+00:00","mainEntityOfPage":{"@id":"https:\/\/asso.graie.org\/portail\/elodie-brelot-presidente-section-territoriale-ara-de-lastee\/"},"wordCount":467,"publisher":{"@id":"https:\/\/asso.graie.org\/portail\/#organization"},"keywords":["ARA","ASTEE","directrice","m\u00e9thanisation","pr\u00e9sidence","pr\u00e9sidente","r\u00e9union","section","section territoriale","territoriale","visite"],"articleSection":["Actu Graie","Toute l'actualit\u00e9"],"inLanguage":"fr-FR"},{"@type":"WebPage","@id":"https:\/\/asso.graie.org\/portail\/elodie-brelot-presidente-section-territoriale-ara-de-lastee\/","url":"https:\/\/asso.graie.org\/portail\/elodie-brelot-presidente-section-territoriale-ara-de-lastee\/","name":"Elodie Brelot, pr\u00e9sidente de la section territoriale ARA de l'ASTEE | Graie","isPartOf":{"@id":"https:\/\/asso.graie.org\/portail\/#website"},"datePublished":"2022-12-15T11:44:25+00:00","dateModified":"2023-01-09T15:59:41+00:00","description":"\u00c9lodie Brelot, directrice du Graie, a repris la pr\u00e9sidence de la section territoriale Auvergne-Rh\u00f4ne-Alpes de l\u2019ASTEE, avec l\u2019approbation du conseil d\u2019administration de l\u2019ASTEE du 8 d\u00e9cembre 2022.","breadcrumb":{"@id":"https:\/\/asso.graie.org\/portail\/elodie-brelot-presidente-section-territoriale-ara-de-lastee\/#breadcrumb"},"inLanguage":"fr-FR","potentialAction":[{"@type":"ReadAction","target":["https:\/\/asso.graie.org\/portail\/elodie-brelot-presidente-section-territoriale-ara-de-lastee\/"]}]},{"@type":"BreadcrumbList","@id":"https:\/\/asso.graie.org\/portail\/elodie-brelot-presidente-section-territoriale-ara-de-lastee\/#breadcrumb","itemListElement":[{"@type":"ListItem","position":1,"name":"Accueil","item":"https:\/\/asso.graie.org\/portail\/"},{"@type":"ListItem","position":2,"name":"Elodie Brelot \u00e9lue pr\u00e9sidente de la section territoriale ARA de l&rsquo;ASTEE"}]},{"@type":"WebSite","@id":"https:\/\/asso.graie.org\/portail\/#website","url":"https:\/\/asso.graie.org\/portail\/","name":"Graie","description":"P\u00f4le Eau et Territoires","publisher":{"@id":"https:\/\/asso.graie.org\/portail\/#organization"},"potentialAction":[{"@type":"SearchAction","target":{"@type":"EntryPoint","urlTemplate":"https:\/\/asso.graie.org\/portail\/?s={search_term_string}"},"query-input":"required name=search_term_string"}],"inLanguage":"fr-FR"},{"@type":"Organization","@id":"https:\/\/asso.graie.org\/portail\/#organization","name":"Le Graie","url":"https:\/\/asso.graie.org\/portail\/","logo":{"@type":"ImageObject","inLanguage":"fr-FR","@id":"https:\/\/asso.graie.org\/portail\/#\/schema\/logo\/image\/","url":"https:\/\/asso.graie.org\/portail\/wp-content\/uploads\/2021\/12\/Logotype-Graie.png","contentUrl":"https:\/\/asso.graie.org\/portail\/wp-content\/uploads\/2021\/12\/Logotype-Graie.png","width":1890,"height":1181,"caption":"Le Graie"},"image":{"@id":"https:\/\/asso.graie.org\/portail\/#\/schema\/logo\/image\/"},"sameAs":["https:\/\/fr.linkedin.com\/company\/graie?trk=top_nav_home","https:\/\/www.youtube.com\/channel\/UCZQk0Tt7upYwERYNdDIZqLQ","https:\/\/twitter.com\/asso_graie"]},{"@type":"Person","@id":"https:\/\/asso.graie.org\/portail\/#\/schema\/person\/486e14d091ff09d12f2b31bad560eb4f","name":"Maureen Carpentier","url":"https:\/\/asso.graie.org\/portail\/author\/juliettecasanova\/"}]}},"_links":{"self":[{"href":"https:\/\/asso.graie.org\/portail\/wp-json\/wp\/v2\/posts\/22348"}],"collection":[{"href":"https:\/\/asso.graie.org\/portail\/wp-json\/wp\/v2\/posts"}],"about":[{"href":"https:\/\/asso.graie.org\/portail\/wp-json\/wp\/v2\/types\/post"}],"author":[{"embeddable":true,"href":"https:\/\/asso.graie.org\/portail\/wp-json\/wp\/v2\/users\/16"}],"replies":[{"embeddable":true,"href":"https:\/\/asso.graie.org\/portail\/wp-json\/wp\/v2\/comments?post=22348"}],"version-history":[{"count":4,"href":"https:\/\/asso.graie.org\/portail\/wp-json\/wp\/v2\/posts\/22348\/revisions"}],"predecessor-version":[{"id":22353,"href":"https:\/\/asso.graie.org\/portail\/wp-json\/wp\/v2\/posts\/22348\/revisions\/22353"}],"wp:featuredmedia":[{"embeddable":true,"href":"https:\/\/asso.graie.org\/portail\/wp-json\/wp\/v2\/media\/22349"}],"wp:attachment":[{"href":"https:\/\/asso.graie.org\/portail\/wp-json\/wp\/v2\/media?parent=22348"}],"wp:term":[{"taxonomy":"category","embeddable":true,"href":"https:\/\/asso.graie.org\/portail\/wp-json\/wp\/v2\/categories?post=22348"},{"taxonomy":"post_tag","embeddable":true,"href":"https:\/\/asso.graie.org\/portail\/wp-json\/wp\/v2\/tags?post=22348"}],"curies":[{"name":"wp","href":"https:\/\/api.w.org\/{rel}","templated":true}]}}