{"id":22414,"date":"2022-06-06T10:50:00","date_gmt":"2022-06-06T08:50:00","guid":{"rendered":"https:\/\/asso.graie.org\/portail\/?p=22414"},"modified":"2023-02-06T09:01:02","modified_gmt":"2023-02-06T08:01:02","slug":"journee-echanges-cnr-graie-ohm","status":"publish","type":"post","link":"https:\/\/asso.graie.org\/portail\/journee-echanges-cnr-graie-ohm\/","title":{"rendered":"Journ\u00e9e d&rsquo;\u00e9changes | Suivi op\u00e9rationnel du Plan de Restauration du Rh\u00f4ne"},"content":{"rendered":"\n<div class=\"wp-block-columns is-layout-flex wp-container-2 wp-block-columns-is-layout-flex\">\n<div class=\"wp-block-column is-layout-flow wp-block-column-is-layout-flow\">\n<div style=\"height:28px\" aria-hidden=\"true\" class=\"wp-block-spacer\"><\/div>\n<\/div>\n<\/div>\n\n\n\n<div class=\"wp-block-columns is-layout-flex wp-container-6 wp-block-columns-is-layout-flex\">\n<div class=\"wp-block-column is-layout-flow wp-block-column-is-layout-flow\">\n<div style=\"height:20px\" aria-hidden=\"true\" class=\"wp-block-spacer\"><\/div>\n\n\n\n<div class=\"wp-block-image\"><figure class=\"aligncenter size-full\"><img decoding=\"async\" loading=\"lazy\" width=\"983\" height=\"266\" src=\"https:\/\/asso.graie.org\/portail\/wp-content\/uploads\/2022\/12\/CNR.png\" alt=\"\" class=\"wp-image-22415\" srcset=\"https:\/\/asso.graie.org\/portail\/wp-content\/uploads\/2022\/12\/CNR.png 983w, https:\/\/asso.graie.org\/portail\/wp-content\/uploads\/2022\/12\/CNR-300x81.png 300w, https:\/\/asso.graie.org\/portail\/wp-content\/uploads\/2022\/12\/CNR-768x208.png 768w\" sizes=\"(max-width: 983px) 100vw, 983px\" \/><\/figure><\/div>\n<\/div>\n\n\n\n<div class=\"wp-block-column is-layout-flow wp-block-column-is-layout-flow\">\n<figure class=\"wp-block-image size-large\"><img decoding=\"async\" loading=\"lazy\" width=\"1024\" height=\"640\" src=\"https:\/\/asso.graie.org\/portail\/wp-content\/uploads\/2021\/12\/Logotype-Graie-1024x640.png\" alt=\"\" class=\"wp-image-19433\" srcset=\"https:\/\/asso.graie.org\/portail\/wp-content\/uploads\/2021\/12\/Logotype-Graie-1024x640.png 1024w, https:\/\/asso.graie.org\/portail\/wp-content\/uploads\/2021\/12\/Logotype-Graie-300x187.png 300w, https:\/\/asso.graie.org\/portail\/wp-content\/uploads\/2021\/12\/Logotype-Graie-768x480.png 768w, https:\/\/asso.graie.org\/portail\/wp-content\/uploads\/2021\/12\/Logotype-Graie-1536x960.png 1536w, https:\/\/asso.graie.org\/portail\/wp-content\/uploads\/2021\/12\/Logotype-Graie-600x375.png 600w, https:\/\/asso.graie.org\/portail\/wp-content\/uploads\/2021\/12\/Logotype-Graie.png 1890w\" sizes=\"(max-width: 1024px) 100vw, 1024px\" \/><\/figure>\n<\/div>\n\n\n\n<div class=\"wp-block-column is-layout-flow wp-block-column-is-layout-flow\">\n<figure class=\"wp-block-image size-full\"><img decoding=\"async\" loading=\"lazy\" width=\"497\" height=\"355\" src=\"https:\/\/asso.graie.org\/portail\/wp-content\/uploads\/2022\/07\/OHM_logo_01_Couleurs.png\" alt=\"\" class=\"wp-image-20614\" srcset=\"https:\/\/asso.graie.org\/portail\/wp-content\/uploads\/2022\/07\/OHM_logo_01_Couleurs.png 497w, https:\/\/asso.graie.org\/portail\/wp-content\/uploads\/2022\/07\/OHM_logo_01_Couleurs-300x214.png 300w\" sizes=\"(max-width: 497px) 100vw, 497px\" \/><\/figure>\n<\/div>\n<\/div>\n\n\n\n<hr class=\"wp-block-separator\"\/>\n\n\n\n<div style=\"height:19px\" aria-hidden=\"true\" class=\"wp-block-spacer\"><\/div>\n\n\n\n<h2 class=\"has-text-align-center wp-block-heading\">Journ\u00e9e d&rsquo;\u00e9changes sur le suivi op\u00e9rationnel de la restauration du Rh\u00f4ne<\/h2>\n\n\n\n<div style=\"height:22px\" aria-hidden=\"true\" class=\"wp-block-spacer\"><\/div>\n\n\n\n<h3 class=\"has-text-align-center wp-block-heading\">26 janvier 2023<\/h3>\n\n\n\n<div style=\"height:23px\" aria-hidden=\"true\" class=\"wp-block-spacer\"><\/div>\n\n\n\n<h3 class=\"has-text-align-center wp-block-heading\">Irigny &#8211; Vernaison<\/h3>\n\n\n\n<div style=\"height:24px\" aria-hidden=\"true\" class=\"wp-block-spacer\"><\/div>\n\n\n\n<hr class=\"wp-block-separator\"\/>\n\n\n\n<div style=\"height:42px\" aria-hidden=\"true\" class=\"wp-block-spacer\"><\/div>\n\n\n\n<p>La journ\u00e9e s&rsquo;inscrit dans le cadre d&rsquo;une r\u00e9flexion engag\u00e9e en 2015 au sein de l&rsquo;OHM Vall\u00e9e du Rh\u00f4ne qui a permis d&rsquo;identifier la redynamisation des marges alluviales comme une d\u00e9marche pertinente pour la restauration environnementale du Rh\u00f4ne.<\/p>\n\n\n\n<div style=\"height:30px\" aria-hidden=\"true\" class=\"wp-block-spacer\"><\/div>\n\n\n\n<h3 class=\"wp-block-heading\">Programme<\/h3>\n\n\n\n<ul><li><strong><strong>une visite de terrain le matin<\/strong><\/strong>, qui permettra de pr\u00e9senter les actions de r\u00e9activations des marges en projet sur le territoire du SMIRIL&nbsp;<\/li><li><strong><strong>l&rsquo;apr\u00e8s-midi en salle <\/strong><\/strong>sera consacr\u00e9e \u00e0 des <strong><strong>pr\u00e9sentations et des \u00e9changes pour l&rsquo;\u00e9laboration du suivi op\u00e9rationnel de la restauration du Rh\u00f4ne<\/strong>.<\/strong><\/li><\/ul>\n\n\n\n<div style=\"height:30px\" aria-hidden=\"true\" class=\"wp-block-spacer\"><\/div>\n\n\n\n<h3 class=\"wp-block-heading\">Inscriptions<\/h3>\n\n\n\n<p>Les inscriptions pour cette journ\u00e9e gratuite sur invitation ouvriront d\u00e9but janvier.<\/p>\n\n\n\n<div style=\"height:34px\" aria-hidden=\"true\" class=\"wp-block-spacer\"><\/div>\n\n\n\n<h3 class=\"wp-block-heading\">Contact<\/h3>\n\n\n\n<p>Bertrand Morandi &gt; bertrand.morandi@graie.org<\/p>\n\n\n\n<div style=\"height:49px\" aria-hidden=\"true\" class=\"wp-block-spacer\"><\/div>\n\n\n\n<h2 class=\"has-text-align-center has-vivid-purple-color has-text-color wp-block-heading\"><a href=\"https:\/\/asso.graie.org\/portail\/recherche\/ohm-vr\/\">En savoir plus sur l&rsquo;OHM VR<\/a><\/h2>\n\n\n\n<div style=\"height:33px\" aria-hidden=\"true\" class=\"wp-block-spacer\"><\/div>\n","protected":false},"excerpt":{"rendered":"<p>Journ\u00e9e d&rsquo;\u00e9changes sur le suivi op\u00e9rationnel de la restauration du Rh\u00f4ne 26 janvier 2023 Irigny &#8211; Vernaison La journ\u00e9e s&rsquo;inscrit dans le cadre d&rsquo;une r\u00e9flexion engag\u00e9e en 2015 au sein de l&rsquo;OHM Vall\u00e9e du Rh\u00f4ne qui a permis d&rsquo;identifier la &hellip;<\/p>\n","protected":false},"author":16,"featured_media":22251,"comment_status":"closed","ping_status":"closed","sticky":false,"template":"","format":"standard","meta":{"_mi_skip_tracking":false,"footnotes":""},"categories":[24,589,74,28],"tags":[626,1522,1626,1631,307,287,1827,296,155,1826],"acf":[],"yoast_head":"<!-- This site is optimized with the Yoast SEO plugin v19.13 - https:\/\/yoast.com\/wordpress\/plugins\/seo\/ -->\n<title>Journ\u00e9e d&#039;\u00e9changes CNR - Graie | Actualit\u00e9s | Graie<\/title>\n<meta name=\"description\" content=\"La journ\u00e9e d&#039;\u00e9changes sur le suivi op\u00e9rationnel de la restauration du Rh\u00f4ne organis\u00e9e par la CNR, le Graie et l&#039;OHM aura lieu le 26 janvier 2023.\" \/>\n<meta name=\"robots\" content=\"index, follow, max-snippet:-1, max-image-preview:large, max-video-preview:-1\" \/>\n<link rel=\"canonical\" href=\"https:\/\/asso.graie.org\/portail\/journee-echanges-cnr-graie-ohm\/\" \/>\n<meta property=\"og:locale\" content=\"fr_FR\" \/>\n<meta property=\"og:type\" content=\"article\" \/>\n<meta property=\"og:title\" content=\"Journ\u00e9e d&#039;\u00e9changes CNR - Graie | Actualit\u00e9s | Graie\" \/>\n<meta property=\"og:description\" content=\"La journ\u00e9e d&#039;\u00e9changes sur le suivi op\u00e9rationnel de la restauration du Rh\u00f4ne organis\u00e9e par la CNR, le Graie et l&#039;OHM aura lieu le 26 janvier 2023.\" \/>\n<meta property=\"og:url\" content=\"https:\/\/asso.graie.org\/portail\/journee-echanges-cnr-graie-ohm\/\" \/>\n<meta property=\"og:site_name\" content=\"Graie\" \/>\n<meta property=\"article:published_time\" content=\"2022-06-06T08:50:00+00:00\" \/>\n<meta property=\"article:modified_time\" content=\"2023-02-06T08:01:02+00:00\" \/>\n<meta property=\"og:image\" content=\"https:\/\/asso.graie.org\/portail\/wp-content\/uploads\/2022\/12\/20211123_153430-scaled.jpg\" \/>\n\t<meta property=\"og:image:width\" content=\"1920\" \/>\n\t<meta property=\"og:image:height\" content=\"2560\" \/>\n\t<meta property=\"og:image:type\" content=\"image\/jpeg\" \/>\n<meta name=\"author\" content=\"Maureen Carpentier\" \/>\n<meta name=\"twitter:card\" content=\"summary_large_image\" \/>\n<meta name=\"twitter:creator\" content=\"@asso_graie\" \/>\n<meta name=\"twitter:site\" content=\"@asso_graie\" \/>\n<meta name=\"twitter:label1\" content=\"\u00c9crit par\" \/>\n\t<meta name=\"twitter:data1\" content=\"Maureen Carpentier\" \/>\n\t<meta name=\"twitter:label2\" content=\"Dur\u00e9e de lecture estim\u00e9e\" \/>\n\t<meta name=\"twitter:data2\" content=\"2 minutes\" \/>\n<script type=\"application\/ld+json\" class=\"yoast-schema-graph\">{\"@context\":\"https:\/\/schema.org\",\"@graph\":[{\"@type\":\"Article\",\"@id\":\"https:\/\/asso.graie.org\/portail\/journee-echanges-cnr-graie-ohm\/#article\",\"isPartOf\":{\"@id\":\"https:\/\/asso.graie.org\/portail\/journee-echanges-cnr-graie-ohm\/\"},\"author\":{\"name\":\"Maureen Carpentier\",\"@id\":\"https:\/\/asso.graie.org\/portail\/#\/schema\/person\/486e14d091ff09d12f2b31bad560eb4f\"},\"headline\":\"Journ\u00e9e d&rsquo;\u00e9changes | Suivi op\u00e9rationnel du Plan de Restauration du Rh\u00f4ne\",\"datePublished\":\"2022-06-06T08:50:00+00:00\",\"dateModified\":\"2023-02-06T08:01:02+00:00\",\"mainEntityOfPage\":{\"@id\":\"https:\/\/asso.graie.org\/portail\/journee-echanges-cnr-graie-ohm\/\"},\"wordCount\":157,\"publisher\":{\"@id\":\"https:\/\/asso.graie.org\/portail\/#organization\"},\"keywords\":[\"CNR\",\"\u00e9changes\",\"journ\u00e9e\",\"journ\u00e9e d'\u00e9changes\",\"OHM\",\"Restauration\",\"restauration du rh\u00f4ne\",\"Rh\u00f4ne\",\"suivi\",\"suivi op\u00e9rationnel\"],\"articleSection\":[\"Actu Graie\",\"Historique Agenda\",\"Milieux aquatiques\",\"Toute l'actualit\u00e9\"],\"inLanguage\":\"fr-FR\"},{\"@type\":\"WebPage\",\"@id\":\"https:\/\/asso.graie.org\/portail\/journee-echanges-cnr-graie-ohm\/\",\"url\":\"https:\/\/asso.graie.org\/portail\/journee-echanges-cnr-graie-ohm\/\",\"name\":\"Journ\u00e9e d'\u00e9changes CNR - Graie | Actualit\u00e9s | Graie\",\"isPartOf\":{\"@id\":\"https:\/\/asso.graie.org\/portail\/#website\"},\"datePublished\":\"2022-06-06T08:50:00+00:00\",\"dateModified\":\"2023-02-06T08:01:02+00:00\",\"description\":\"La journ\u00e9e d'\u00e9changes sur le suivi op\u00e9rationnel de la restauration du Rh\u00f4ne organis\u00e9e par la CNR, le Graie et l'OHM aura lieu le 26 janvier 2023.\",\"breadcrumb\":{\"@id\":\"https:\/\/asso.graie.org\/portail\/journee-echanges-cnr-graie-ohm\/#breadcrumb\"},\"inLanguage\":\"fr-FR\",\"potentialAction\":[{\"@type\":\"ReadAction\",\"target\":[\"https:\/\/asso.graie.org\/portail\/journee-echanges-cnr-graie-ohm\/\"]}]},{\"@type\":\"BreadcrumbList\",\"@id\":\"https:\/\/asso.graie.org\/portail\/journee-echanges-cnr-graie-ohm\/#breadcrumb\",\"itemListElement\":[{\"@type\":\"ListItem\",\"position\":1,\"name\":\"Accueil\",\"item\":\"https:\/\/asso.graie.org\/portail\/\"},{\"@type\":\"ListItem\",\"position\":2,\"name\":\"Journ\u00e9e d&rsquo;\u00e9changes | Suivi op\u00e9rationnel du Plan de Restauration du Rh\u00f4ne\"}]},{\"@type\":\"WebSite\",\"@id\":\"https:\/\/asso.graie.org\/portail\/#website\",\"url\":\"https:\/\/asso.graie.org\/portail\/\",\"name\":\"Graie\",\"description\":\"P\u00f4le Eau et Territoires\",\"publisher\":{\"@id\":\"https:\/\/asso.graie.org\/portail\/#organization\"},\"potentialAction\":[{\"@type\":\"SearchAction\",\"target\":{\"@type\":\"EntryPoint\",\"urlTemplate\":\"https:\/\/asso.graie.org\/portail\/?s={search_term_string}\"},\"query-input\":\"required name=search_term_string\"}],\"inLanguage\":\"fr-FR\"},{\"@type\":\"Organization\",\"@id\":\"https:\/\/asso.graie.org\/portail\/#organization\",\"name\":\"Le Graie\",\"url\":\"https:\/\/asso.graie.org\/portail\/\",\"logo\":{\"@type\":\"ImageObject\",\"inLanguage\":\"fr-FR\",\"@id\":\"https:\/\/asso.graie.org\/portail\/#\/schema\/logo\/image\/\",\"url\":\"https:\/\/asso.graie.org\/portail\/wp-content\/uploads\/2021\/12\/Logotype-Graie.png\",\"contentUrl\":\"https:\/\/asso.graie.org\/portail\/wp-content\/uploads\/2021\/12\/Logotype-Graie.png\",\"width\":1890,\"height\":1181,\"caption\":\"Le Graie\"},\"image\":{\"@id\":\"https:\/\/asso.graie.org\/portail\/#\/schema\/logo\/image\/\"},\"sameAs\":[\"https:\/\/fr.linkedin.com\/company\/graie?trk=top_nav_home\",\"https:\/\/www.youtube.com\/channel\/UCZQk0Tt7upYwERYNdDIZqLQ\",\"https:\/\/twitter.com\/asso_graie\"]},{\"@type\":\"Person\",\"@id\":\"https:\/\/asso.graie.org\/portail\/#\/schema\/person\/486e14d091ff09d12f2b31bad560eb4f\",\"name\":\"Maureen Carpentier\",\"url\":\"https:\/\/asso.graie.org\/portail\/author\/juliettecasanova\/\"}]}<\/script>\n<!-- \/ Yoast SEO plugin. -->","yoast_head_json":{"title":"Journ\u00e9e d'\u00e9changes CNR - Graie | Actualit\u00e9s | Graie","description":"La journ\u00e9e d'\u00e9changes sur le suivi op\u00e9rationnel de la restauration du Rh\u00f4ne organis\u00e9e par la CNR, le Graie et l'OHM aura lieu le 26 janvier 2023.","robots":{"index":"index","follow":"follow","max-snippet":"max-snippet:-1","max-image-preview":"max-image-preview:large","max-video-preview":"max-video-preview:-1"},"canonical":"https:\/\/asso.graie.org\/portail\/journee-echanges-cnr-graie-ohm\/","og_locale":"fr_FR","og_type":"article","og_title":"Journ\u00e9e d'\u00e9changes CNR - Graie | Actualit\u00e9s | Graie","og_description":"La journ\u00e9e d'\u00e9changes sur le suivi op\u00e9rationnel de la restauration du Rh\u00f4ne organis\u00e9e par la CNR, le Graie et l'OHM aura lieu le 26 janvier 2023.","og_url":"https:\/\/asso.graie.org\/portail\/journee-echanges-cnr-graie-ohm\/","og_site_name":"Graie","article_published_time":"2022-06-06T08:50:00+00:00","article_modified_time":"2023-02-06T08:01:02+00:00","og_image":[{"width":1920,"height":2560,"url":"https:\/\/asso.graie.org\/portail\/wp-content\/uploads\/2022\/12\/20211123_153430-scaled.jpg","type":"image\/jpeg"}],"author":"Maureen Carpentier","twitter_card":"summary_large_image","twitter_creator":"@asso_graie","twitter_site":"@asso_graie","twitter_misc":{"\u00c9crit par":"Maureen Carpentier","Dur\u00e9e de lecture estim\u00e9e":"2 minutes"},"schema":{"@context":"https:\/\/schema.org","@graph":[{"@type":"Article","@id":"https:\/\/asso.graie.org\/portail\/journee-echanges-cnr-graie-ohm\/#article","isPartOf":{"@id":"https:\/\/asso.graie.org\/portail\/journee-echanges-cnr-graie-ohm\/"},"author":{"name":"Maureen Carpentier","@id":"https:\/\/asso.graie.org\/portail\/#\/schema\/person\/486e14d091ff09d12f2b31bad560eb4f"},"headline":"Journ\u00e9e d&rsquo;\u00e9changes | Suivi op\u00e9rationnel du Plan de Restauration du Rh\u00f4ne","datePublished":"2022-06-06T08:50:00+00:00","dateModified":"2023-02-06T08:01:02+00:00","mainEntityOfPage":{"@id":"https:\/\/asso.graie.org\/portail\/journee-echanges-cnr-graie-ohm\/"},"wordCount":157,"publisher":{"@id":"https:\/\/asso.graie.org\/portail\/#organization"},"keywords":["CNR","\u00e9changes","journ\u00e9e","journ\u00e9e d'\u00e9changes","OHM","Restauration","restauration du rh\u00f4ne","Rh\u00f4ne","suivi","suivi op\u00e9rationnel"],"articleSection":["Actu Graie","Historique Agenda","Milieux aquatiques","Toute l'actualit\u00e9"],"inLanguage":"fr-FR"},{"@type":"WebPage","@id":"https:\/\/asso.graie.org\/portail\/journee-echanges-cnr-graie-ohm\/","url":"https:\/\/asso.graie.org\/portail\/journee-echanges-cnr-graie-ohm\/","name":"Journ\u00e9e d'\u00e9changes CNR - Graie | Actualit\u00e9s | Graie","isPartOf":{"@id":"https:\/\/asso.graie.org\/portail\/#website"},"datePublished":"2022-06-06T08:50:00+00:00","dateModified":"2023-02-06T08:01:02+00:00","description":"La journ\u00e9e d'\u00e9changes sur le suivi op\u00e9rationnel de la restauration du Rh\u00f4ne organis\u00e9e par la CNR, le Graie et l'OHM aura lieu le 26 janvier 2023.","breadcrumb":{"@id":"https:\/\/asso.graie.org\/portail\/journee-echanges-cnr-graie-ohm\/#breadcrumb"},"inLanguage":"fr-FR","potentialAction":[{"@type":"ReadAction","target":["https:\/\/asso.graie.org\/portail\/journee-echanges-cnr-graie-ohm\/"]}]},{"@type":"BreadcrumbList","@id":"https:\/\/asso.graie.org\/portail\/journee-echanges-cnr-graie-ohm\/#breadcrumb","itemListElement":[{"@type":"ListItem","position":1,"name":"Accueil","item":"https:\/\/asso.graie.org\/portail\/"},{"@type":"ListItem","position":2,"name":"Journ\u00e9e d&rsquo;\u00e9changes | Suivi op\u00e9rationnel du Plan de Restauration du Rh\u00f4ne"}]},{"@type":"WebSite","@id":"https:\/\/asso.graie.org\/portail\/#website","url":"https:\/\/asso.graie.org\/portail\/","name":"Graie","description":"P\u00f4le Eau et Territoires","publisher":{"@id":"https:\/\/asso.graie.org\/portail\/#organization"},"potentialAction":[{"@type":"SearchAction","target":{"@type":"EntryPoint","urlTemplate":"https:\/\/asso.graie.org\/portail\/?s={search_term_string}"},"query-input":"required name=search_term_string"}],"inLanguage":"fr-FR"},{"@type":"Organization","@id":"https:\/\/asso.graie.org\/portail\/#organization","name":"Le Graie","url":"https:\/\/asso.graie.org\/portail\/","logo":{"@type":"ImageObject","inLanguage":"fr-FR","@id":"https:\/\/asso.graie.org\/portail\/#\/schema\/logo\/image\/","url":"https:\/\/asso.graie.org\/portail\/wp-content\/uploads\/2021\/12\/Logotype-Graie.png","contentUrl":"https:\/\/asso.graie.org\/portail\/wp-content\/uploads\/2021\/12\/Logotype-Graie.png","width":1890,"height":1181,"caption":"Le Graie"},"image":{"@id":"https:\/\/asso.graie.org\/portail\/#\/schema\/logo\/image\/"},"sameAs":["https:\/\/fr.linkedin.com\/company\/graie?trk=top_nav_home","https:\/\/www.youtube.com\/channel\/UCZQk0Tt7upYwERYNdDIZqLQ","https:\/\/twitter.com\/asso_graie"]},{"@type":"Person","@id":"https:\/\/asso.graie.org\/portail\/#\/schema\/person\/486e14d091ff09d12f2b31bad560eb4f","name":"Maureen Carpentier","url":"https:\/\/asso.graie.org\/portail\/author\/juliettecasanova\/"}]}},"_links":{"self":[{"href":"https:\/\/asso.graie.org\/portail\/wp-json\/wp\/v2\/posts\/22414"}],"collection":[{"href":"https:\/\/asso.graie.org\/portail\/wp-json\/wp\/v2\/posts"}],"about":[{"href":"https:\/\/asso.graie.org\/portail\/wp-json\/wp\/v2\/types\/post"}],"author":[{"embeddable":true,"href":"https:\/\/asso.graie.org\/portail\/wp-json\/wp\/v2\/users\/16"}],"replies":[{"embeddable":true,"href":"https:\/\/asso.graie.org\/portail\/wp-json\/wp\/v2\/comments?post=22414"}],"version-history":[{"count":7,"href":"https:\/\/asso.graie.org\/portail\/wp-json\/wp\/v2\/posts\/22414\/revisions"}],"predecessor-version":[{"id":22423,"href":"https:\/\/asso.graie.org\/portail\/wp-json\/wp\/v2\/posts\/22414\/revisions\/22423"}],"wp:featuredmedia":[{"embeddable":true,"href":"https:\/\/asso.graie.org\/portail\/wp-json\/wp\/v2\/media\/22251"}],"wp:attachment":[{"href":"https:\/\/asso.graie.org\/portail\/wp-json\/wp\/v2\/media?parent=22414"}],"wp:term":[{"taxonomy":"category","embeddable":true,"href":"https:\/\/asso.graie.org\/portail\/wp-json\/wp\/v2\/categories?post=22414"},{"taxonomy":"post_tag","embeddable":true,"href":"https:\/\/asso.graie.org\/portail\/wp-json\/wp\/v2\/tags?post=22414"}],"curies":[{"name":"wp","href":"https:\/\/api.w.org\/{rel}","templated":true}]}}