{"id":22523,"date":"2023-01-09T16:50:38","date_gmt":"2023-01-09T15:50:38","guid":{"rendered":"https:\/\/asso.graie.org\/portail\/?p=22523"},"modified":"2023-01-25T09:05:45","modified_gmt":"2023-01-25T08:05:45","slug":"le-graie-recherche-un-e-charge-e-de-mission-animation-eau-dans-la-ville","status":"publish","type":"post","link":"https:\/\/asso.graie.org\/portail\/le-graie-recherche-un-e-charge-e-de-mission-animation-eau-dans-la-ville\/","title":{"rendered":"Le Graie recherche un.e charg\u00e9.e de mission Animation eau dans la ville"},"content":{"rendered":"\n<h3 class=\"wp-block-heading\">Objectif g\u00e9n\u00e9ral du poste<\/h3>\n\n\n\n<p>La th\u00e9matique principale de ce poste est la strat\u00e9gie de gestion des eaux pluviales en ville, le lien avec l&rsquo;urbanisme et l&rsquo;\u00e9volution des connaissances et des pratiques pour une gestion plus durable et int\u00e9gr\u00e9e.<\/p>\n\n\n\n<p>L&rsquo;ambition de ce poste est de d\u00e9velopper 4 axes de l&rsquo;activit\u00e9 du Graie :<\/p>\n\n\n\n<ol type=\"1\"><li>La m\u00e9diation et le transfert des connaissances \u00e0 destinations des acteurs techniques de la construction de la ville<\/li><li>Le d\u00e9veloppement de l&rsquo;offre de formations, souvent partenariale et parfois en intra<\/li><li>Le renforcement de la dimension internationale dans les activit\u00e9s r\u00e9gionales<\/li><li>Le lien avec la recherche et la diffusion des connaissances issues de la recherche<\/li><\/ol>\n\n\n\n<p>Retrouvez toutes les informations sur ce poste dans l&rsquo;<a href=\"https:\/\/asso.graie.org\/portail\/wp-content\/uploads\/2023\/01\/Graie_Offre_poste_EPl_mediation.pdf\">offre \u00e0 t\u00e9l\u00e9charger ici. <\/a><\/p>\n\n\n\n<p><strong>Envoyer lettre de motivation et CV au plus tard le 31 janvier \u00e0 :<\/strong><br>Elodie Brelot \u2013 asso@graie.org<\/p>\n","protected":false},"excerpt":{"rendered":"<p>Objectif g\u00e9n\u00e9ral du poste La th\u00e9matique principale de ce poste est la strat\u00e9gie de gestion des eaux pluviales en ville, le lien avec l&rsquo;urbanisme et l&rsquo;\u00e9volution des connaissances et des pratiques pour une gestion plus durable et int\u00e9gr\u00e9e. L&rsquo;ambition de &hellip;<\/p>\n","protected":false},"author":3,"featured_media":22524,"comment_status":"closed","ping_status":"closed","sticky":false,"template":"","format":"standard","meta":{"_mi_skip_tracking":false,"footnotes":""},"categories":[1],"tags":[87],"acf":[],"yoast_head":"<!-- This site is optimized with the Yoast SEO plugin v19.13 - https:\/\/yoast.com\/wordpress\/plugins\/seo\/ -->\n<title>Le Graie recherche un.e charg\u00e9.e de mission Animation eau dans la ville | Graie<\/title>\n<meta name=\"robots\" content=\"index, follow, max-snippet:-1, max-image-preview:large, max-video-preview:-1\" \/>\n<link rel=\"canonical\" href=\"https:\/\/asso.graie.org\/portail\/le-graie-recherche-un-e-charge-e-de-mission-animation-eau-dans-la-ville\/\" \/>\n<meta property=\"og:locale\" content=\"fr_FR\" \/>\n<meta property=\"og:type\" content=\"article\" \/>\n<meta property=\"og:title\" content=\"Le Graie recherche un.e charg\u00e9.e de mission Animation eau dans la ville | Graie\" \/>\n<meta property=\"og:description\" content=\"Objectif g\u00e9n\u00e9ral du poste La th\u00e9matique principale de ce poste est la strat\u00e9gie de gestion des eaux pluviales en ville, le lien avec l&rsquo;urbanisme et l&rsquo;\u00e9volution des connaissances et des pratiques pour une gestion plus durable et int\u00e9gr\u00e9e. L&rsquo;ambition de &hellip;\" \/>\n<meta property=\"og:url\" content=\"https:\/\/asso.graie.org\/portail\/le-graie-recherche-un-e-charge-e-de-mission-animation-eau-dans-la-ville\/\" \/>\n<meta property=\"og:site_name\" content=\"Graie\" \/>\n<meta property=\"article:published_time\" content=\"2023-01-09T15:50:38+00:00\" \/>\n<meta property=\"article:modified_time\" content=\"2023-01-25T08:05:45+00:00\" \/>\n<meta property=\"og:image\" content=\"https:\/\/asso.graie.org\/portail\/wp-content\/uploads\/2023\/01\/recrutement.png\" \/>\n\t<meta property=\"og:image:width\" content=\"1667\" \/>\n\t<meta property=\"og:image:height\" content=\"1042\" \/>\n\t<meta property=\"og:image:type\" content=\"image\/png\" \/>\n<meta name=\"author\" content=\"Laure Dumonte\" \/>\n<meta name=\"twitter:card\" content=\"summary_large_image\" \/>\n<meta name=\"twitter:creator\" content=\"@asso_graie\" \/>\n<meta name=\"twitter:site\" content=\"@asso_graie\" \/>\n<meta name=\"twitter:label1\" content=\"\u00c9crit par\" \/>\n\t<meta name=\"twitter:data1\" content=\"Laure Dumonte\" \/>\n\t<meta name=\"twitter:label2\" content=\"Dur\u00e9e de lecture estim\u00e9e\" \/>\n\t<meta name=\"twitter:data2\" content=\"1 minute\" \/>\n<script type=\"application\/ld+json\" class=\"yoast-schema-graph\">{\"@context\":\"https:\/\/schema.org\",\"@graph\":[{\"@type\":\"Article\",\"@id\":\"https:\/\/asso.graie.org\/portail\/le-graie-recherche-un-e-charge-e-de-mission-animation-eau-dans-la-ville\/#article\",\"isPartOf\":{\"@id\":\"https:\/\/asso.graie.org\/portail\/le-graie-recherche-un-e-charge-e-de-mission-animation-eau-dans-la-ville\/\"},\"author\":{\"name\":\"Laure Dumonte\",\"@id\":\"https:\/\/asso.graie.org\/portail\/#\/schema\/person\/b7fb559684005d59490969faaa8fc42f\"},\"headline\":\"Le Graie recherche un.e charg\u00e9.e de mission Animation eau dans la ville\",\"datePublished\":\"2023-01-09T15:50:38+00:00\",\"dateModified\":\"2023-01-25T08:05:45+00:00\",\"mainEntityOfPage\":{\"@id\":\"https:\/\/asso.graie.org\/portail\/le-graie-recherche-un-e-charge-e-de-mission-animation-eau-dans-la-ville\/\"},\"wordCount\":158,\"publisher\":{\"@id\":\"https:\/\/asso.graie.org\/portail\/#organization\"},\"keywords\":[\"eaux pluviales\"],\"inLanguage\":\"fr-FR\"},{\"@type\":\"WebPage\",\"@id\":\"https:\/\/asso.graie.org\/portail\/le-graie-recherche-un-e-charge-e-de-mission-animation-eau-dans-la-ville\/\",\"url\":\"https:\/\/asso.graie.org\/portail\/le-graie-recherche-un-e-charge-e-de-mission-animation-eau-dans-la-ville\/\",\"name\":\"Le Graie recherche un.e charg\u00e9.e de mission Animation eau dans la ville | Graie\",\"isPartOf\":{\"@id\":\"https:\/\/asso.graie.org\/portail\/#website\"},\"datePublished\":\"2023-01-09T15:50:38+00:00\",\"dateModified\":\"2023-01-25T08:05:45+00:00\",\"breadcrumb\":{\"@id\":\"https:\/\/asso.graie.org\/portail\/le-graie-recherche-un-e-charge-e-de-mission-animation-eau-dans-la-ville\/#breadcrumb\"},\"inLanguage\":\"fr-FR\",\"potentialAction\":[{\"@type\":\"ReadAction\",\"target\":[\"https:\/\/asso.graie.org\/portail\/le-graie-recherche-un-e-charge-e-de-mission-animation-eau-dans-la-ville\/\"]}]},{\"@type\":\"BreadcrumbList\",\"@id\":\"https:\/\/asso.graie.org\/portail\/le-graie-recherche-un-e-charge-e-de-mission-animation-eau-dans-la-ville\/#breadcrumb\",\"itemListElement\":[{\"@type\":\"ListItem\",\"position\":1,\"name\":\"Accueil\",\"item\":\"https:\/\/asso.graie.org\/portail\/\"},{\"@type\":\"ListItem\",\"position\":2,\"name\":\"Le Graie recherche un.e charg\u00e9.e de mission Animation eau dans la ville\"}]},{\"@type\":\"WebSite\",\"@id\":\"https:\/\/asso.graie.org\/portail\/#website\",\"url\":\"https:\/\/asso.graie.org\/portail\/\",\"name\":\"Graie\",\"description\":\"P\u00f4le Eau et Territoires\",\"publisher\":{\"@id\":\"https:\/\/asso.graie.org\/portail\/#organization\"},\"potentialAction\":[{\"@type\":\"SearchAction\",\"target\":{\"@type\":\"EntryPoint\",\"urlTemplate\":\"https:\/\/asso.graie.org\/portail\/?s={search_term_string}\"},\"query-input\":\"required name=search_term_string\"}],\"inLanguage\":\"fr-FR\"},{\"@type\":\"Organization\",\"@id\":\"https:\/\/asso.graie.org\/portail\/#organization\",\"name\":\"Le Graie\",\"url\":\"https:\/\/asso.graie.org\/portail\/\",\"logo\":{\"@type\":\"ImageObject\",\"inLanguage\":\"fr-FR\",\"@id\":\"https:\/\/asso.graie.org\/portail\/#\/schema\/logo\/image\/\",\"url\":\"https:\/\/asso.graie.org\/portail\/wp-content\/uploads\/2021\/12\/Logotype-Graie.png\",\"contentUrl\":\"https:\/\/asso.graie.org\/portail\/wp-content\/uploads\/2021\/12\/Logotype-Graie.png\",\"width\":1890,\"height\":1181,\"caption\":\"Le Graie\"},\"image\":{\"@id\":\"https:\/\/asso.graie.org\/portail\/#\/schema\/logo\/image\/\"},\"sameAs\":[\"https:\/\/fr.linkedin.com\/company\/graie?trk=top_nav_home\",\"https:\/\/www.youtube.com\/channel\/UCZQk0Tt7upYwERYNdDIZqLQ\",\"https:\/\/twitter.com\/asso_graie\"]},{\"@type\":\"Person\",\"@id\":\"https:\/\/asso.graie.org\/portail\/#\/schema\/person\/b7fb559684005d59490969faaa8fc42f\",\"name\":\"Laure Dumonte\",\"url\":\"https:\/\/asso.graie.org\/portail\/author\/sarahscarrott\/\"}]}<\/script>\n<!-- \/ Yoast SEO plugin. -->","yoast_head_json":{"title":"Le Graie recherche un.e charg\u00e9.e de mission Animation eau dans la ville | Graie","robots":{"index":"index","follow":"follow","max-snippet":"max-snippet:-1","max-image-preview":"max-image-preview:large","max-video-preview":"max-video-preview:-1"},"canonical":"https:\/\/asso.graie.org\/portail\/le-graie-recherche-un-e-charge-e-de-mission-animation-eau-dans-la-ville\/","og_locale":"fr_FR","og_type":"article","og_title":"Le Graie recherche un.e charg\u00e9.e de mission Animation eau dans la ville | Graie","og_description":"Objectif g\u00e9n\u00e9ral du poste La th\u00e9matique principale de ce poste est la strat\u00e9gie de gestion des eaux pluviales en ville, le lien avec l&rsquo;urbanisme et l&rsquo;\u00e9volution des connaissances et des pratiques pour une gestion plus durable et int\u00e9gr\u00e9e. L&rsquo;ambition de &hellip;","og_url":"https:\/\/asso.graie.org\/portail\/le-graie-recherche-un-e-charge-e-de-mission-animation-eau-dans-la-ville\/","og_site_name":"Graie","article_published_time":"2023-01-09T15:50:38+00:00","article_modified_time":"2023-01-25T08:05:45+00:00","og_image":[{"width":1667,"height":1042,"url":"https:\/\/asso.graie.org\/portail\/wp-content\/uploads\/2023\/01\/recrutement.png","type":"image\/png"}],"author":"Laure Dumonte","twitter_card":"summary_large_image","twitter_creator":"@asso_graie","twitter_site":"@asso_graie","twitter_misc":{"\u00c9crit par":"Laure Dumonte","Dur\u00e9e de lecture estim\u00e9e":"1 minute"},"schema":{"@context":"https:\/\/schema.org","@graph":[{"@type":"Article","@id":"https:\/\/asso.graie.org\/portail\/le-graie-recherche-un-e-charge-e-de-mission-animation-eau-dans-la-ville\/#article","isPartOf":{"@id":"https:\/\/asso.graie.org\/portail\/le-graie-recherche-un-e-charge-e-de-mission-animation-eau-dans-la-ville\/"},"author":{"name":"Laure Dumonte","@id":"https:\/\/asso.graie.org\/portail\/#\/schema\/person\/b7fb559684005d59490969faaa8fc42f"},"headline":"Le Graie recherche un.e charg\u00e9.e de mission Animation eau dans la ville","datePublished":"2023-01-09T15:50:38+00:00","dateModified":"2023-01-25T08:05:45+00:00","mainEntityOfPage":{"@id":"https:\/\/asso.graie.org\/portail\/le-graie-recherche-un-e-charge-e-de-mission-animation-eau-dans-la-ville\/"},"wordCount":158,"publisher":{"@id":"https:\/\/asso.graie.org\/portail\/#organization"},"keywords":["eaux pluviales"],"inLanguage":"fr-FR"},{"@type":"WebPage","@id":"https:\/\/asso.graie.org\/portail\/le-graie-recherche-un-e-charge-e-de-mission-animation-eau-dans-la-ville\/","url":"https:\/\/asso.graie.org\/portail\/le-graie-recherche-un-e-charge-e-de-mission-animation-eau-dans-la-ville\/","name":"Le Graie recherche un.e charg\u00e9.e de mission Animation eau dans la ville | Graie","isPartOf":{"@id":"https:\/\/asso.graie.org\/portail\/#website"},"datePublished":"2023-01-09T15:50:38+00:00","dateModified":"2023-01-25T08:05:45+00:00","breadcrumb":{"@id":"https:\/\/asso.graie.org\/portail\/le-graie-recherche-un-e-charge-e-de-mission-animation-eau-dans-la-ville\/#breadcrumb"},"inLanguage":"fr-FR","potentialAction":[{"@type":"ReadAction","target":["https:\/\/asso.graie.org\/portail\/le-graie-recherche-un-e-charge-e-de-mission-animation-eau-dans-la-ville\/"]}]},{"@type":"BreadcrumbList","@id":"https:\/\/asso.graie.org\/portail\/le-graie-recherche-un-e-charge-e-de-mission-animation-eau-dans-la-ville\/#breadcrumb","itemListElement":[{"@type":"ListItem","position":1,"name":"Accueil","item":"https:\/\/asso.graie.org\/portail\/"},{"@type":"ListItem","position":2,"name":"Le Graie recherche un.e charg\u00e9.e de mission Animation eau dans la ville"}]},{"@type":"WebSite","@id":"https:\/\/asso.graie.org\/portail\/#website","url":"https:\/\/asso.graie.org\/portail\/","name":"Graie","description":"P\u00f4le Eau et Territoires","publisher":{"@id":"https:\/\/asso.graie.org\/portail\/#organization"},"potentialAction":[{"@type":"SearchAction","target":{"@type":"EntryPoint","urlTemplate":"https:\/\/asso.graie.org\/portail\/?s={search_term_string}"},"query-input":"required name=search_term_string"}],"inLanguage":"fr-FR"},{"@type":"Organization","@id":"https:\/\/asso.graie.org\/portail\/#organization","name":"Le Graie","url":"https:\/\/asso.graie.org\/portail\/","logo":{"@type":"ImageObject","inLanguage":"fr-FR","@id":"https:\/\/asso.graie.org\/portail\/#\/schema\/logo\/image\/","url":"https:\/\/asso.graie.org\/portail\/wp-content\/uploads\/2021\/12\/Logotype-Graie.png","contentUrl":"https:\/\/asso.graie.org\/portail\/wp-content\/uploads\/2021\/12\/Logotype-Graie.png","width":1890,"height":1181,"caption":"Le Graie"},"image":{"@id":"https:\/\/asso.graie.org\/portail\/#\/schema\/logo\/image\/"},"sameAs":["https:\/\/fr.linkedin.com\/company\/graie?trk=top_nav_home","https:\/\/www.youtube.com\/channel\/UCZQk0Tt7upYwERYNdDIZqLQ","https:\/\/twitter.com\/asso_graie"]},{"@type":"Person","@id":"https:\/\/asso.graie.org\/portail\/#\/schema\/person\/b7fb559684005d59490969faaa8fc42f","name":"Laure Dumonte","url":"https:\/\/asso.graie.org\/portail\/author\/sarahscarrott\/"}]}},"_links":{"self":[{"href":"https:\/\/asso.graie.org\/portail\/wp-json\/wp\/v2\/posts\/22523"}],"collection":[{"href":"https:\/\/asso.graie.org\/portail\/wp-json\/wp\/v2\/posts"}],"about":[{"href":"https:\/\/asso.graie.org\/portail\/wp-json\/wp\/v2\/types\/post"}],"author":[{"embeddable":true,"href":"https:\/\/asso.graie.org\/portail\/wp-json\/wp\/v2\/users\/3"}],"replies":[{"embeddable":true,"href":"https:\/\/asso.graie.org\/portail\/wp-json\/wp\/v2\/comments?post=22523"}],"version-history":[{"count":1,"href":"https:\/\/asso.graie.org\/portail\/wp-json\/wp\/v2\/posts\/22523\/revisions"}],"predecessor-version":[{"id":22525,"href":"https:\/\/asso.graie.org\/portail\/wp-json\/wp\/v2\/posts\/22523\/revisions\/22525"}],"wp:featuredmedia":[{"embeddable":true,"href":"https:\/\/asso.graie.org\/portail\/wp-json\/wp\/v2\/media\/22524"}],"wp:attachment":[{"href":"https:\/\/asso.graie.org\/portail\/wp-json\/wp\/v2\/media?parent=22523"}],"wp:term":[{"taxonomy":"category","embeddable":true,"href":"https:\/\/asso.graie.org\/portail\/wp-json\/wp\/v2\/categories?post=22523"},{"taxonomy":"post_tag","embeddable":true,"href":"https:\/\/asso.graie.org\/portail\/wp-json\/wp\/v2\/tags?post=22523"}],"curies":[{"name":"wp","href":"https:\/\/api.w.org\/{rel}","templated":true}]}}