{"id":22591,"date":"2023-01-24T11:51:27","date_gmt":"2023-01-24T10:51:27","guid":{"rendered":"https:\/\/asso.graie.org\/portail\/?p=22591"},"modified":"2023-02-27T15:17:33","modified_gmt":"2023-02-27T14:17:33","slug":"colloque-partenaire-secheresse-etiages","status":"publish","type":"post","link":"https:\/\/asso.graie.org\/portail\/colloque-partenaire-secheresse-etiages\/","title":{"rendered":"Colloque Partenaire | S\u00e9cheresse et \u00e9tiages"},"content":{"rendered":"\n<h2 class=\"wp-block-heading\">La SHF propose de revenir sur la s\u00e9cheresse de 2022 en croisant les regards et exp\u00e9riences de diff\u00e9rentes disciplines et secteurs d&rsquo;activit\u00e9 li\u00e9s \u00e0 l&rsquo;eau.<\/h2>\n\n\n\n<div style=\"height:30px\" aria-hidden=\"true\" class=\"wp-block-spacer\"><\/div>\n\n\n\n<div class=\"wp-block-image\"><figure class=\"aligncenter size-full\"><img decoding=\"async\" loading=\"lazy\" width=\"1023\" height=\"441\" src=\"https:\/\/asso.graie.org\/portail\/wp-content\/uploads\/2023\/01\/secheresse_etiages_mars23.png\" alt=\"\" class=\"wp-image-22592\" srcset=\"https:\/\/asso.graie.org\/portail\/wp-content\/uploads\/2023\/01\/secheresse_etiages_mars23.png 1023w, https:\/\/asso.graie.org\/portail\/wp-content\/uploads\/2023\/01\/secheresse_etiages_mars23-300x129.png 300w, https:\/\/asso.graie.org\/portail\/wp-content\/uploads\/2023\/01\/secheresse_etiages_mars23-768x331.png 768w\" sizes=\"(max-width: 1023px) 100vw, 1023px\" \/><\/figure><\/div>\n\n\n\n<div style=\"height:26px\" aria-hidden=\"true\" class=\"wp-block-spacer\"><\/div>\n\n\n\n<hr class=\"wp-block-separator\"\/>\n\n\n\n<div style=\"height:20px\" aria-hidden=\"true\" class=\"wp-block-spacer\"><\/div>\n\n\n\n<h3 class=\"has-text-align-center wp-block-heading\">8 &amp; 9 mars 2023<\/h3>\n\n\n\n<p class=\"has-text-align-center\"><strong>A Paris &amp; en distanciel<\/strong><\/p>\n\n\n\n<div style=\"height:20px\" aria-hidden=\"true\" class=\"wp-block-spacer\"><\/div>\n\n\n\n<hr class=\"wp-block-separator\"\/>\n\n\n\n<div style=\"height:41px\" aria-hidden=\"true\" class=\"wp-block-spacer\"><\/div>\n\n\n\n<h2 class=\"wp-block-heading\">Objectifs et programme<\/h2>\n\n\n\n<p>L\u2019objectif de ces journ\u00e9es est de mieux comprendre le ph\u00e9nom\u00e8ne, de partager des retours d\u2019exp\u00e9rience sur ses cons\u00e9quences et sa gestion, d\u2019en tirer des enseignements et d\u2019identifier des perspectives de travaux futurs.<\/p>\n\n\n\n<div style=\"height:17px\" aria-hidden=\"true\" class=\"wp-block-spacer\"><\/div>\n\n\n\n<p>3 th\u00e8mes seront abord\u00e9s :<\/p>\n\n\n\n<ol><li><strong>Regards hydro-climatiques sur la s\u00e9cheresse et les \u00e9tiages 2022<\/strong><\/li><li><strong>Evaluation des impacts de la s\u00e9cheresse et implications pour la gestion de l\u2019eau<\/strong><\/li><li><strong>S\u00e9cheresse 2022, pr\u00e9figuratrice des s\u00e9cheresses de demain<\/strong><\/li><\/ol>\n\n\n\n<div style=\"height:35px\" aria-hidden=\"true\" class=\"wp-block-spacer\"><\/div>\n\n\n\n<h2 class=\"wp-block-heading\">Appel \u00e0 communication<\/h2>\n\n\n\n<div style=\"height:16px\" aria-hidden=\"true\" class=\"wp-block-spacer\"><\/div>\n\n\n\n<p>Vous avez <strong>jusqu&rsquo;au 27 janvier<\/strong> pour envoyer vos r\u00e9sum\u00e9s.<\/p>\n\n\n\n<div style=\"height:16px\" aria-hidden=\"true\" class=\"wp-block-spacer\"><\/div>\n\n\n\n<div class=\"wp-block-buttons is-layout-flex wp-block-buttons-is-layout-flex\">\n<div class=\"wp-block-button\"><a class=\"wp-block-button__link has-white-color has-vivid-green-cyan-background-color has-text-color has-background\" href=\"https:\/\/www.shf-hydro.org\/wp-content\/uploads\/2022\/12\/Appel-Communications-Secheresse-et-Etiages-2022.pdf\"><strong>T\u00e9l\u00e9chargez l&rsquo;appel \u00e0 communication<\/strong><\/a><\/div>\n<\/div>\n\n\n\n<div style=\"height:19px\" aria-hidden=\"true\" class=\"wp-block-spacer\"><\/div>\n\n\n\n<p>Les inscriptions ouvriront apr\u00e8s la s\u00e9lection des communications qui aura lieu en f\u00e9vrier.<\/p>\n\n\n\n<div style=\"height:30px\" aria-hidden=\"true\" class=\"wp-block-spacer\"><\/div>\n\n\n\n<h2 class=\"wp-block-heading\">En savoir plus<\/h2>\n\n\n\n<div style=\"height:19px\" aria-hidden=\"true\" class=\"wp-block-spacer\"><\/div>\n\n\n\n<p>Pour en savoir plus, rendez-vous sur le site de la SHF : <\/p>\n\n\n\n<div style=\"height:19px\" aria-hidden=\"true\" class=\"wp-block-spacer\"><\/div>\n\n\n\n<div class=\"wp-block-buttons is-layout-flex wp-block-buttons-is-layout-flex\">\n<div class=\"wp-block-button\"><a class=\"wp-block-button__link has-white-color has-vivid-cyan-blue-background-color has-text-color has-background\" href=\"https:\/\/www.shf-hydro.org\/colloques\/secheresse-et-etiages-2022\/#info\"><strong>Plus d&rsquo;informations<\/strong><\/a><\/div>\n<\/div>\n\n\n\n<div style=\"height:72px\" aria-hidden=\"true\" class=\"wp-block-spacer\"><\/div>\n","protected":false},"excerpt":{"rendered":"<p>La SHF propose de revenir sur la s\u00e9cheresse de 2022 en croisant les regards et exp\u00e9riences de diff\u00e9rentes disciplines et secteurs d&rsquo;activit\u00e9 li\u00e9s \u00e0 l&rsquo;eau. 8 &amp; 9 mars 2023 A Paris &amp; en distanciel Objectifs et programme L\u2019objectif de &hellip;<\/p>\n","protected":false},"author":16,"featured_media":22592,"comment_status":"closed","ping_status":"closed","sticky":false,"template":"","format":"standard","meta":{"_mi_skip_tracking":false,"footnotes":""},"categories":[27,28],"tags":[1701,440,1830,1833,1834,1835,1836,993,1673,1831,1832],"acf":[],"yoast_head":"<!-- This site is optimized with the Yoast SEO plugin v19.13 - https:\/\/yoast.com\/wordpress\/plugins\/seo\/ -->\n<title>Colloque Partenaire | S\u00e9cheresse et \u00e9tiages | Graie<\/title>\n<meta name=\"description\" content=\"La SHF propose de revenir sur la s\u00e9cheresse de 2022 en croisant les regards et exp\u00e9riences de diff\u00e9rentes disciplines et secteurs d&#039;activit\u00e9 li\u00e9s \u00e0 l&#039;eau.\" \/>\n<meta name=\"robots\" content=\"index, follow, max-snippet:-1, max-image-preview:large, max-video-preview:-1\" \/>\n<link rel=\"canonical\" href=\"https:\/\/asso.graie.org\/portail\/colloque-partenaire-secheresse-etiages\/\" \/>\n<meta property=\"og:locale\" content=\"fr_FR\" \/>\n<meta property=\"og:type\" content=\"article\" \/>\n<meta property=\"og:title\" content=\"Colloque Partenaire | S\u00e9cheresse et \u00e9tiages | Graie\" \/>\n<meta property=\"og:description\" content=\"La SHF propose de revenir sur la s\u00e9cheresse de 2022 en croisant les regards et exp\u00e9riences de diff\u00e9rentes disciplines et secteurs d&#039;activit\u00e9 li\u00e9s \u00e0 l&#039;eau.\" \/>\n<meta property=\"og:url\" content=\"https:\/\/asso.graie.org\/portail\/colloque-partenaire-secheresse-etiages\/\" \/>\n<meta property=\"og:site_name\" content=\"Graie\" \/>\n<meta property=\"article:published_time\" content=\"2023-01-24T10:51:27+00:00\" \/>\n<meta property=\"article:modified_time\" content=\"2023-02-27T14:17:33+00:00\" \/>\n<meta property=\"og:image\" content=\"https:\/\/asso.graie.org\/portail\/wp-content\/uploads\/2023\/01\/secheresse_etiages_mars23.png\" \/>\n\t<meta property=\"og:image:width\" content=\"1023\" \/>\n\t<meta property=\"og:image:height\" content=\"441\" \/>\n\t<meta property=\"og:image:type\" content=\"image\/png\" \/>\n<meta name=\"author\" content=\"Maureen Carpentier\" \/>\n<meta name=\"twitter:card\" content=\"summary_large_image\" \/>\n<meta name=\"twitter:creator\" content=\"@asso_graie\" \/>\n<meta name=\"twitter:site\" content=\"@asso_graie\" \/>\n<meta name=\"twitter:label1\" content=\"\u00c9crit par\" \/>\n\t<meta name=\"twitter:data1\" content=\"Maureen Carpentier\" \/>\n\t<meta name=\"twitter:label2\" content=\"Dur\u00e9e de lecture estim\u00e9e\" \/>\n\t<meta name=\"twitter:data2\" content=\"1 minute\" \/>\n<script type=\"application\/ld+json\" class=\"yoast-schema-graph\">{\"@context\":\"https:\/\/schema.org\",\"@graph\":[{\"@type\":\"Article\",\"@id\":\"https:\/\/asso.graie.org\/portail\/colloque-partenaire-secheresse-etiages\/#article\",\"isPartOf\":{\"@id\":\"https:\/\/asso.graie.org\/portail\/colloque-partenaire-secheresse-etiages\/\"},\"author\":{\"name\":\"Maureen Carpentier\",\"@id\":\"https:\/\/asso.graie.org\/portail\/#\/schema\/person\/486e14d091ff09d12f2b31bad560eb4f\"},\"headline\":\"Colloque Partenaire | S\u00e9cheresse et \u00e9tiages\",\"datePublished\":\"2023-01-24T10:51:27+00:00\",\"dateModified\":\"2023-02-27T14:17:33+00:00\",\"mainEntityOfPage\":{\"@id\":\"https:\/\/asso.graie.org\/portail\/colloque-partenaire-secheresse-etiages\/\"},\"wordCount\":171,\"publisher\":{\"@id\":\"https:\/\/asso.graie.org\/portail\/#organization\"},\"keywords\":[\"colloque\",\"\u00e9tiage\",\"etiage\",\"etiages\",\"\u00e9tiages\",\"\u00e9v\u00e8nement\",\"evenement\",\"Paris\",\"partenaire\",\"secheresse\",\"secheresse 2022\"],\"articleSection\":[\"Actualit\u00e9s partenaires\",\"Toute l'actualit\u00e9\"],\"inLanguage\":\"fr-FR\"},{\"@type\":\"WebPage\",\"@id\":\"https:\/\/asso.graie.org\/portail\/colloque-partenaire-secheresse-etiages\/\",\"url\":\"https:\/\/asso.graie.org\/portail\/colloque-partenaire-secheresse-etiages\/\",\"name\":\"Colloque Partenaire | S\u00e9cheresse et \u00e9tiages | Graie\",\"isPartOf\":{\"@id\":\"https:\/\/asso.graie.org\/portail\/#website\"},\"datePublished\":\"2023-01-24T10:51:27+00:00\",\"dateModified\":\"2023-02-27T14:17:33+00:00\",\"description\":\"La SHF propose de revenir sur la s\u00e9cheresse de 2022 en croisant les regards et exp\u00e9riences de diff\u00e9rentes disciplines et secteurs d'activit\u00e9 li\u00e9s \u00e0 l'eau.\",\"breadcrumb\":{\"@id\":\"https:\/\/asso.graie.org\/portail\/colloque-partenaire-secheresse-etiages\/#breadcrumb\"},\"inLanguage\":\"fr-FR\",\"potentialAction\":[{\"@type\":\"ReadAction\",\"target\":[\"https:\/\/asso.graie.org\/portail\/colloque-partenaire-secheresse-etiages\/\"]}]},{\"@type\":\"BreadcrumbList\",\"@id\":\"https:\/\/asso.graie.org\/portail\/colloque-partenaire-secheresse-etiages\/#breadcrumb\",\"itemListElement\":[{\"@type\":\"ListItem\",\"position\":1,\"name\":\"Accueil\",\"item\":\"https:\/\/asso.graie.org\/portail\/\"},{\"@type\":\"ListItem\",\"position\":2,\"name\":\"Colloque Partenaire | S\u00e9cheresse et \u00e9tiages\"}]},{\"@type\":\"WebSite\",\"@id\":\"https:\/\/asso.graie.org\/portail\/#website\",\"url\":\"https:\/\/asso.graie.org\/portail\/\",\"name\":\"Graie\",\"description\":\"P\u00f4le Eau et Territoires\",\"publisher\":{\"@id\":\"https:\/\/asso.graie.org\/portail\/#organization\"},\"potentialAction\":[{\"@type\":\"SearchAction\",\"target\":{\"@type\":\"EntryPoint\",\"urlTemplate\":\"https:\/\/asso.graie.org\/portail\/?s={search_term_string}\"},\"query-input\":\"required name=search_term_string\"}],\"inLanguage\":\"fr-FR\"},{\"@type\":\"Organization\",\"@id\":\"https:\/\/asso.graie.org\/portail\/#organization\",\"name\":\"Le Graie\",\"url\":\"https:\/\/asso.graie.org\/portail\/\",\"logo\":{\"@type\":\"ImageObject\",\"inLanguage\":\"fr-FR\",\"@id\":\"https:\/\/asso.graie.org\/portail\/#\/schema\/logo\/image\/\",\"url\":\"https:\/\/asso.graie.org\/portail\/wp-content\/uploads\/2021\/12\/Logotype-Graie.png\",\"contentUrl\":\"https:\/\/asso.graie.org\/portail\/wp-content\/uploads\/2021\/12\/Logotype-Graie.png\",\"width\":1890,\"height\":1181,\"caption\":\"Le Graie\"},\"image\":{\"@id\":\"https:\/\/asso.graie.org\/portail\/#\/schema\/logo\/image\/\"},\"sameAs\":[\"https:\/\/fr.linkedin.com\/company\/graie?trk=top_nav_home\",\"https:\/\/www.youtube.com\/channel\/UCZQk0Tt7upYwERYNdDIZqLQ\",\"https:\/\/twitter.com\/asso_graie\"]},{\"@type\":\"Person\",\"@id\":\"https:\/\/asso.graie.org\/portail\/#\/schema\/person\/486e14d091ff09d12f2b31bad560eb4f\",\"name\":\"Maureen Carpentier\",\"url\":\"https:\/\/asso.graie.org\/portail\/author\/juliettecasanova\/\"}]}<\/script>\n<!-- \/ Yoast SEO plugin. -->","yoast_head_json":{"title":"Colloque Partenaire | S\u00e9cheresse et \u00e9tiages | Graie","description":"La SHF propose de revenir sur la s\u00e9cheresse de 2022 en croisant les regards et exp\u00e9riences de diff\u00e9rentes disciplines et secteurs d'activit\u00e9 li\u00e9s \u00e0 l'eau.","robots":{"index":"index","follow":"follow","max-snippet":"max-snippet:-1","max-image-preview":"max-image-preview:large","max-video-preview":"max-video-preview:-1"},"canonical":"https:\/\/asso.graie.org\/portail\/colloque-partenaire-secheresse-etiages\/","og_locale":"fr_FR","og_type":"article","og_title":"Colloque Partenaire | S\u00e9cheresse et \u00e9tiages | Graie","og_description":"La SHF propose de revenir sur la s\u00e9cheresse de 2022 en croisant les regards et exp\u00e9riences de diff\u00e9rentes disciplines et secteurs d'activit\u00e9 li\u00e9s \u00e0 l'eau.","og_url":"https:\/\/asso.graie.org\/portail\/colloque-partenaire-secheresse-etiages\/","og_site_name":"Graie","article_published_time":"2023-01-24T10:51:27+00:00","article_modified_time":"2023-02-27T14:17:33+00:00","og_image":[{"width":1023,"height":441,"url":"https:\/\/asso.graie.org\/portail\/wp-content\/uploads\/2023\/01\/secheresse_etiages_mars23.png","type":"image\/png"}],"author":"Maureen Carpentier","twitter_card":"summary_large_image","twitter_creator":"@asso_graie","twitter_site":"@asso_graie","twitter_misc":{"\u00c9crit par":"Maureen Carpentier","Dur\u00e9e de lecture estim\u00e9e":"1 minute"},"schema":{"@context":"https:\/\/schema.org","@graph":[{"@type":"Article","@id":"https:\/\/asso.graie.org\/portail\/colloque-partenaire-secheresse-etiages\/#article","isPartOf":{"@id":"https:\/\/asso.graie.org\/portail\/colloque-partenaire-secheresse-etiages\/"},"author":{"name":"Maureen Carpentier","@id":"https:\/\/asso.graie.org\/portail\/#\/schema\/person\/486e14d091ff09d12f2b31bad560eb4f"},"headline":"Colloque Partenaire | S\u00e9cheresse et \u00e9tiages","datePublished":"2023-01-24T10:51:27+00:00","dateModified":"2023-02-27T14:17:33+00:00","mainEntityOfPage":{"@id":"https:\/\/asso.graie.org\/portail\/colloque-partenaire-secheresse-etiages\/"},"wordCount":171,"publisher":{"@id":"https:\/\/asso.graie.org\/portail\/#organization"},"keywords":["colloque","\u00e9tiage","etiage","etiages","\u00e9tiages","\u00e9v\u00e8nement","evenement","Paris","partenaire","secheresse","secheresse 2022"],"articleSection":["Actualit\u00e9s partenaires","Toute l'actualit\u00e9"],"inLanguage":"fr-FR"},{"@type":"WebPage","@id":"https:\/\/asso.graie.org\/portail\/colloque-partenaire-secheresse-etiages\/","url":"https:\/\/asso.graie.org\/portail\/colloque-partenaire-secheresse-etiages\/","name":"Colloque Partenaire | S\u00e9cheresse et \u00e9tiages | Graie","isPartOf":{"@id":"https:\/\/asso.graie.org\/portail\/#website"},"datePublished":"2023-01-24T10:51:27+00:00","dateModified":"2023-02-27T14:17:33+00:00","description":"La SHF propose de revenir sur la s\u00e9cheresse de 2022 en croisant les regards et exp\u00e9riences de diff\u00e9rentes disciplines et secteurs d'activit\u00e9 li\u00e9s \u00e0 l'eau.","breadcrumb":{"@id":"https:\/\/asso.graie.org\/portail\/colloque-partenaire-secheresse-etiages\/#breadcrumb"},"inLanguage":"fr-FR","potentialAction":[{"@type":"ReadAction","target":["https:\/\/asso.graie.org\/portail\/colloque-partenaire-secheresse-etiages\/"]}]},{"@type":"BreadcrumbList","@id":"https:\/\/asso.graie.org\/portail\/colloque-partenaire-secheresse-etiages\/#breadcrumb","itemListElement":[{"@type":"ListItem","position":1,"name":"Accueil","item":"https:\/\/asso.graie.org\/portail\/"},{"@type":"ListItem","position":2,"name":"Colloque Partenaire | S\u00e9cheresse et \u00e9tiages"}]},{"@type":"WebSite","@id":"https:\/\/asso.graie.org\/portail\/#website","url":"https:\/\/asso.graie.org\/portail\/","name":"Graie","description":"P\u00f4le Eau et Territoires","publisher":{"@id":"https:\/\/asso.graie.org\/portail\/#organization"},"potentialAction":[{"@type":"SearchAction","target":{"@type":"EntryPoint","urlTemplate":"https:\/\/asso.graie.org\/portail\/?s={search_term_string}"},"query-input":"required name=search_term_string"}],"inLanguage":"fr-FR"},{"@type":"Organization","@id":"https:\/\/asso.graie.org\/portail\/#organization","name":"Le Graie","url":"https:\/\/asso.graie.org\/portail\/","logo":{"@type":"ImageObject","inLanguage":"fr-FR","@id":"https:\/\/asso.graie.org\/portail\/#\/schema\/logo\/image\/","url":"https:\/\/asso.graie.org\/portail\/wp-content\/uploads\/2021\/12\/Logotype-Graie.png","contentUrl":"https:\/\/asso.graie.org\/portail\/wp-content\/uploads\/2021\/12\/Logotype-Graie.png","width":1890,"height":1181,"caption":"Le Graie"},"image":{"@id":"https:\/\/asso.graie.org\/portail\/#\/schema\/logo\/image\/"},"sameAs":["https:\/\/fr.linkedin.com\/company\/graie?trk=top_nav_home","https:\/\/www.youtube.com\/channel\/UCZQk0Tt7upYwERYNdDIZqLQ","https:\/\/twitter.com\/asso_graie"]},{"@type":"Person","@id":"https:\/\/asso.graie.org\/portail\/#\/schema\/person\/486e14d091ff09d12f2b31bad560eb4f","name":"Maureen Carpentier","url":"https:\/\/asso.graie.org\/portail\/author\/juliettecasanova\/"}]}},"_links":{"self":[{"href":"https:\/\/asso.graie.org\/portail\/wp-json\/wp\/v2\/posts\/22591"}],"collection":[{"href":"https:\/\/asso.graie.org\/portail\/wp-json\/wp\/v2\/posts"}],"about":[{"href":"https:\/\/asso.graie.org\/portail\/wp-json\/wp\/v2\/types\/post"}],"author":[{"embeddable":true,"href":"https:\/\/asso.graie.org\/portail\/wp-json\/wp\/v2\/users\/16"}],"replies":[{"embeddable":true,"href":"https:\/\/asso.graie.org\/portail\/wp-json\/wp\/v2\/comments?post=22591"}],"version-history":[{"count":5,"href":"https:\/\/asso.graie.org\/portail\/wp-json\/wp\/v2\/posts\/22591\/revisions"}],"predecessor-version":[{"id":22597,"href":"https:\/\/asso.graie.org\/portail\/wp-json\/wp\/v2\/posts\/22591\/revisions\/22597"}],"wp:featuredmedia":[{"embeddable":true,"href":"https:\/\/asso.graie.org\/portail\/wp-json\/wp\/v2\/media\/22592"}],"wp:attachment":[{"href":"https:\/\/asso.graie.org\/portail\/wp-json\/wp\/v2\/media?parent=22591"}],"wp:term":[{"taxonomy":"category","embeddable":true,"href":"https:\/\/asso.graie.org\/portail\/wp-json\/wp\/v2\/categories?post=22591"},{"taxonomy":"post_tag","embeddable":true,"href":"https:\/\/asso.graie.org\/portail\/wp-json\/wp\/v2\/tags?post=22591"}],"curies":[{"name":"wp","href":"https:\/\/api.w.org\/{rel}","templated":true}]}}