{"id":22631,"date":"2023-01-26T09:11:42","date_gmt":"2023-01-26T08:11:42","guid":{"rendered":"https:\/\/asso.graie.org\/portail\/?p=22631"},"modified":"2023-02-20T10:57:51","modified_gmt":"2023-02-20T09:57:51","slug":"le-graie-recherche-un-e-assistant-e-evenementiel-le-bilingue-anglais","status":"publish","type":"post","link":"https:\/\/asso.graie.org\/portail\/le-graie-recherche-un-e-assistant-e-evenementiel-le-bilingue-anglais\/","title":{"rendered":"Le Graie recherche un.e Assistant.e \u00c9v\u00e8nementiel.le Bilingue anglais"},"content":{"rendered":"\n<div style=\"height:54px\" aria-hidden=\"true\" class=\"wp-block-spacer\"><\/div>\n\n\n\n<h2 class=\"wp-block-heading\">Poste pourvu !<\/h2>\n\n\n\n<div style=\"height:63px\" aria-hidden=\"true\" class=\"wp-block-spacer\"><\/div>\n\n\n\n<h2 class=\"wp-block-heading\">Objectif g\u00e9n\u00e9ral du poste<\/h2>\n\n\n\n<div style=\"height:17px\" aria-hidden=\"true\" class=\"wp-block-spacer\"><\/div>\n\n\n\n<p>Le Graie organise \u00e0 Lyon tous les 3 ans la conf\u00e9rence internationale Novatech, rencontre scientifique et technique sur la gestion de l&rsquo;eau dans la ville. La prochaine \u00e9dition est organis\u00e9e du 3 au 7 juillet 2023.<\/p>\n\n\n\n<div style=\"height:17px\" aria-hidden=\"true\" class=\"wp-block-spacer\"><\/div>\n\n\n\n<p>Les objectifs de ce <strong>CDD de 5 mois <\/strong>reposent principalement sur cette conf\u00e9rence ; mais votre mission serait \u00e9tendue  au suivi de la traduction d&rsquo;un ouvrage en lien avec la th\u00e9matique : l&rsquo;ouvrage OTHU.<\/p>\n\n\n\n<ol type=\"1\"><li>Gestion des inscriptions de la conf\u00e9rence internationale Novatech 2023 (75%)<\/li><li>Suivi de l&rsquo;\u00e9dition et de la traduction en anglais de l&rsquo;ouvrage collectif OTHU en appui de la directrice OTHU (25%)<\/li><\/ol>\n\n\n\n<div style=\"height:28px\" aria-hidden=\"true\" class=\"wp-block-spacer\"><\/div>\n\n\n\n<p>Retrouvez toutes les informations sur ce poste dans l&rsquo;<a href=\"https:\/\/asso.graie.org\/portail\/wp-content\/uploads\/2023\/01\/Assistant_e_evenementiel_le_bilingue_2023.pdf\"><strong>offre \u00e0 t\u00e9l\u00e9charger ici<\/strong>. <\/a><\/p>\n\n\n\n<div style=\"height:19px\" aria-hidden=\"true\" class=\"wp-block-spacer\"><\/div>\n\n\n\n<p><strong>Envoyer lettre de motivation et CV \u00e0 :<\/strong><br>Elodie Brelot \u2013 asso@graie.org<\/p>\n\n\n\n<div style=\"height:52px\" aria-hidden=\"true\" class=\"wp-block-spacer\"><\/div>\n","protected":false},"excerpt":{"rendered":"<p>Poste pourvu ! Objectif g\u00e9n\u00e9ral du poste Le Graie organise \u00e0 Lyon tous les 3 ans la conf\u00e9rence internationale Novatech, rencontre scientifique et technique sur la gestion de l&rsquo;eau dans la ville. La prochaine \u00e9dition est organis\u00e9e du 3 au &hellip;<\/p>\n","protected":false},"author":16,"featured_media":22524,"comment_status":"closed","ping_status":"closed","sticky":false,"template":"","format":"standard","meta":{"_mi_skip_tracking":false,"footnotes":""},"categories":[1],"tags":[],"acf":[],"yoast_head":"<!-- This site is optimized with the Yoast SEO plugin v19.13 - https:\/\/yoast.com\/wordpress\/plugins\/seo\/ -->\n<title>Le Graie recherche un.e Assistant.e \u00c9v\u00e8nementiel.le Bilingue anglais | Graie<\/title>\n<meta name=\"robots\" content=\"index, follow, max-snippet:-1, max-image-preview:large, max-video-preview:-1\" \/>\n<link rel=\"canonical\" href=\"https:\/\/asso.graie.org\/portail\/le-graie-recherche-un-e-assistant-e-evenementiel-le-bilingue-anglais\/\" \/>\n<meta property=\"og:locale\" content=\"fr_FR\" \/>\n<meta property=\"og:type\" content=\"article\" \/>\n<meta property=\"og:title\" content=\"Le Graie recherche un.e Assistant.e \u00c9v\u00e8nementiel.le Bilingue anglais | Graie\" \/>\n<meta property=\"og:description\" content=\"Poste pourvu ! Objectif g\u00e9n\u00e9ral du poste Le Graie organise \u00e0 Lyon tous les 3 ans la conf\u00e9rence internationale Novatech, rencontre scientifique et technique sur la gestion de l&rsquo;eau dans la ville. La prochaine \u00e9dition est organis\u00e9e du 3 au &hellip;\" \/>\n<meta property=\"og:url\" content=\"https:\/\/asso.graie.org\/portail\/le-graie-recherche-un-e-assistant-e-evenementiel-le-bilingue-anglais\/\" \/>\n<meta property=\"og:site_name\" content=\"Graie\" \/>\n<meta property=\"article:published_time\" content=\"2023-01-26T08:11:42+00:00\" \/>\n<meta property=\"article:modified_time\" content=\"2023-02-20T09:57:51+00:00\" \/>\n<meta property=\"og:image\" content=\"https:\/\/asso.graie.org\/portail\/wp-content\/uploads\/2023\/01\/recrutement.png\" \/>\n\t<meta property=\"og:image:width\" content=\"1667\" \/>\n\t<meta property=\"og:image:height\" content=\"1042\" \/>\n\t<meta property=\"og:image:type\" content=\"image\/png\" \/>\n<meta name=\"author\" content=\"Maureen Carpentier\" \/>\n<meta name=\"twitter:card\" content=\"summary_large_image\" \/>\n<meta name=\"twitter:creator\" content=\"@asso_graie\" \/>\n<meta name=\"twitter:site\" content=\"@asso_graie\" \/>\n<meta name=\"twitter:label1\" content=\"\u00c9crit par\" \/>\n\t<meta name=\"twitter:data1\" content=\"Maureen Carpentier\" \/>\n\t<meta name=\"twitter:label2\" content=\"Dur\u00e9e de lecture estim\u00e9e\" \/>\n\t<meta name=\"twitter:data2\" content=\"1 minute\" \/>\n<script type=\"application\/ld+json\" class=\"yoast-schema-graph\">{\"@context\":\"https:\/\/schema.org\",\"@graph\":[{\"@type\":\"Article\",\"@id\":\"https:\/\/asso.graie.org\/portail\/le-graie-recherche-un-e-assistant-e-evenementiel-le-bilingue-anglais\/#article\",\"isPartOf\":{\"@id\":\"https:\/\/asso.graie.org\/portail\/le-graie-recherche-un-e-assistant-e-evenementiel-le-bilingue-anglais\/\"},\"author\":{\"name\":\"Maureen Carpentier\",\"@id\":\"https:\/\/asso.graie.org\/portail\/#\/schema\/person\/486e14d091ff09d12f2b31bad560eb4f\"},\"headline\":\"Le Graie recherche un.e Assistant.e \u00c9v\u00e8nementiel.le Bilingue anglais\",\"datePublished\":\"2023-01-26T08:11:42+00:00\",\"dateModified\":\"2023-02-20T09:57:51+00:00\",\"mainEntityOfPage\":{\"@id\":\"https:\/\/asso.graie.org\/portail\/le-graie-recherche-un-e-assistant-e-evenementiel-le-bilingue-anglais\/\"},\"wordCount\":140,\"publisher\":{\"@id\":\"https:\/\/asso.graie.org\/portail\/#organization\"},\"inLanguage\":\"fr-FR\"},{\"@type\":\"WebPage\",\"@id\":\"https:\/\/asso.graie.org\/portail\/le-graie-recherche-un-e-assistant-e-evenementiel-le-bilingue-anglais\/\",\"url\":\"https:\/\/asso.graie.org\/portail\/le-graie-recherche-un-e-assistant-e-evenementiel-le-bilingue-anglais\/\",\"name\":\"Le Graie recherche un.e Assistant.e \u00c9v\u00e8nementiel.le Bilingue anglais | Graie\",\"isPartOf\":{\"@id\":\"https:\/\/asso.graie.org\/portail\/#website\"},\"datePublished\":\"2023-01-26T08:11:42+00:00\",\"dateModified\":\"2023-02-20T09:57:51+00:00\",\"breadcrumb\":{\"@id\":\"https:\/\/asso.graie.org\/portail\/le-graie-recherche-un-e-assistant-e-evenementiel-le-bilingue-anglais\/#breadcrumb\"},\"inLanguage\":\"fr-FR\",\"potentialAction\":[{\"@type\":\"ReadAction\",\"target\":[\"https:\/\/asso.graie.org\/portail\/le-graie-recherche-un-e-assistant-e-evenementiel-le-bilingue-anglais\/\"]}]},{\"@type\":\"BreadcrumbList\",\"@id\":\"https:\/\/asso.graie.org\/portail\/le-graie-recherche-un-e-assistant-e-evenementiel-le-bilingue-anglais\/#breadcrumb\",\"itemListElement\":[{\"@type\":\"ListItem\",\"position\":1,\"name\":\"Accueil\",\"item\":\"https:\/\/asso.graie.org\/portail\/\"},{\"@type\":\"ListItem\",\"position\":2,\"name\":\"Le Graie recherche un.e Assistant.e \u00c9v\u00e8nementiel.le Bilingue anglais\"}]},{\"@type\":\"WebSite\",\"@id\":\"https:\/\/asso.graie.org\/portail\/#website\",\"url\":\"https:\/\/asso.graie.org\/portail\/\",\"name\":\"Graie\",\"description\":\"P\u00f4le Eau et Territoires\",\"publisher\":{\"@id\":\"https:\/\/asso.graie.org\/portail\/#organization\"},\"potentialAction\":[{\"@type\":\"SearchAction\",\"target\":{\"@type\":\"EntryPoint\",\"urlTemplate\":\"https:\/\/asso.graie.org\/portail\/?s={search_term_string}\"},\"query-input\":\"required name=search_term_string\"}],\"inLanguage\":\"fr-FR\"},{\"@type\":\"Organization\",\"@id\":\"https:\/\/asso.graie.org\/portail\/#organization\",\"name\":\"Le Graie\",\"url\":\"https:\/\/asso.graie.org\/portail\/\",\"logo\":{\"@type\":\"ImageObject\",\"inLanguage\":\"fr-FR\",\"@id\":\"https:\/\/asso.graie.org\/portail\/#\/schema\/logo\/image\/\",\"url\":\"https:\/\/asso.graie.org\/portail\/wp-content\/uploads\/2021\/12\/Logotype-Graie.png\",\"contentUrl\":\"https:\/\/asso.graie.org\/portail\/wp-content\/uploads\/2021\/12\/Logotype-Graie.png\",\"width\":1890,\"height\":1181,\"caption\":\"Le Graie\"},\"image\":{\"@id\":\"https:\/\/asso.graie.org\/portail\/#\/schema\/logo\/image\/\"},\"sameAs\":[\"https:\/\/fr.linkedin.com\/company\/graie?trk=top_nav_home\",\"https:\/\/www.youtube.com\/channel\/UCZQk0Tt7upYwERYNdDIZqLQ\",\"https:\/\/twitter.com\/asso_graie\"]},{\"@type\":\"Person\",\"@id\":\"https:\/\/asso.graie.org\/portail\/#\/schema\/person\/486e14d091ff09d12f2b31bad560eb4f\",\"name\":\"Maureen Carpentier\",\"url\":\"https:\/\/asso.graie.org\/portail\/author\/juliettecasanova\/\"}]}<\/script>\n<!-- \/ Yoast SEO plugin. -->","yoast_head_json":{"title":"Le Graie recherche un.e Assistant.e \u00c9v\u00e8nementiel.le Bilingue anglais | Graie","robots":{"index":"index","follow":"follow","max-snippet":"max-snippet:-1","max-image-preview":"max-image-preview:large","max-video-preview":"max-video-preview:-1"},"canonical":"https:\/\/asso.graie.org\/portail\/le-graie-recherche-un-e-assistant-e-evenementiel-le-bilingue-anglais\/","og_locale":"fr_FR","og_type":"article","og_title":"Le Graie recherche un.e Assistant.e \u00c9v\u00e8nementiel.le Bilingue anglais | Graie","og_description":"Poste pourvu ! Objectif g\u00e9n\u00e9ral du poste Le Graie organise \u00e0 Lyon tous les 3 ans la conf\u00e9rence internationale Novatech, rencontre scientifique et technique sur la gestion de l&rsquo;eau dans la ville. La prochaine \u00e9dition est organis\u00e9e du 3 au &hellip;","og_url":"https:\/\/asso.graie.org\/portail\/le-graie-recherche-un-e-assistant-e-evenementiel-le-bilingue-anglais\/","og_site_name":"Graie","article_published_time":"2023-01-26T08:11:42+00:00","article_modified_time":"2023-02-20T09:57:51+00:00","og_image":[{"width":1667,"height":1042,"url":"https:\/\/asso.graie.org\/portail\/wp-content\/uploads\/2023\/01\/recrutement.png","type":"image\/png"}],"author":"Maureen Carpentier","twitter_card":"summary_large_image","twitter_creator":"@asso_graie","twitter_site":"@asso_graie","twitter_misc":{"\u00c9crit par":"Maureen Carpentier","Dur\u00e9e de lecture estim\u00e9e":"1 minute"},"schema":{"@context":"https:\/\/schema.org","@graph":[{"@type":"Article","@id":"https:\/\/asso.graie.org\/portail\/le-graie-recherche-un-e-assistant-e-evenementiel-le-bilingue-anglais\/#article","isPartOf":{"@id":"https:\/\/asso.graie.org\/portail\/le-graie-recherche-un-e-assistant-e-evenementiel-le-bilingue-anglais\/"},"author":{"name":"Maureen Carpentier","@id":"https:\/\/asso.graie.org\/portail\/#\/schema\/person\/486e14d091ff09d12f2b31bad560eb4f"},"headline":"Le Graie recherche un.e Assistant.e \u00c9v\u00e8nementiel.le Bilingue anglais","datePublished":"2023-01-26T08:11:42+00:00","dateModified":"2023-02-20T09:57:51+00:00","mainEntityOfPage":{"@id":"https:\/\/asso.graie.org\/portail\/le-graie-recherche-un-e-assistant-e-evenementiel-le-bilingue-anglais\/"},"wordCount":140,"publisher":{"@id":"https:\/\/asso.graie.org\/portail\/#organization"},"inLanguage":"fr-FR"},{"@type":"WebPage","@id":"https:\/\/asso.graie.org\/portail\/le-graie-recherche-un-e-assistant-e-evenementiel-le-bilingue-anglais\/","url":"https:\/\/asso.graie.org\/portail\/le-graie-recherche-un-e-assistant-e-evenementiel-le-bilingue-anglais\/","name":"Le Graie recherche un.e Assistant.e \u00c9v\u00e8nementiel.le Bilingue anglais | Graie","isPartOf":{"@id":"https:\/\/asso.graie.org\/portail\/#website"},"datePublished":"2023-01-26T08:11:42+00:00","dateModified":"2023-02-20T09:57:51+00:00","breadcrumb":{"@id":"https:\/\/asso.graie.org\/portail\/le-graie-recherche-un-e-assistant-e-evenementiel-le-bilingue-anglais\/#breadcrumb"},"inLanguage":"fr-FR","potentialAction":[{"@type":"ReadAction","target":["https:\/\/asso.graie.org\/portail\/le-graie-recherche-un-e-assistant-e-evenementiel-le-bilingue-anglais\/"]}]},{"@type":"BreadcrumbList","@id":"https:\/\/asso.graie.org\/portail\/le-graie-recherche-un-e-assistant-e-evenementiel-le-bilingue-anglais\/#breadcrumb","itemListElement":[{"@type":"ListItem","position":1,"name":"Accueil","item":"https:\/\/asso.graie.org\/portail\/"},{"@type":"ListItem","position":2,"name":"Le Graie recherche un.e Assistant.e \u00c9v\u00e8nementiel.le Bilingue anglais"}]},{"@type":"WebSite","@id":"https:\/\/asso.graie.org\/portail\/#website","url":"https:\/\/asso.graie.org\/portail\/","name":"Graie","description":"P\u00f4le Eau et Territoires","publisher":{"@id":"https:\/\/asso.graie.org\/portail\/#organization"},"potentialAction":[{"@type":"SearchAction","target":{"@type":"EntryPoint","urlTemplate":"https:\/\/asso.graie.org\/portail\/?s={search_term_string}"},"query-input":"required name=search_term_string"}],"inLanguage":"fr-FR"},{"@type":"Organization","@id":"https:\/\/asso.graie.org\/portail\/#organization","name":"Le Graie","url":"https:\/\/asso.graie.org\/portail\/","logo":{"@type":"ImageObject","inLanguage":"fr-FR","@id":"https:\/\/asso.graie.org\/portail\/#\/schema\/logo\/image\/","url":"https:\/\/asso.graie.org\/portail\/wp-content\/uploads\/2021\/12\/Logotype-Graie.png","contentUrl":"https:\/\/asso.graie.org\/portail\/wp-content\/uploads\/2021\/12\/Logotype-Graie.png","width":1890,"height":1181,"caption":"Le Graie"},"image":{"@id":"https:\/\/asso.graie.org\/portail\/#\/schema\/logo\/image\/"},"sameAs":["https:\/\/fr.linkedin.com\/company\/graie?trk=top_nav_home","https:\/\/www.youtube.com\/channel\/UCZQk0Tt7upYwERYNdDIZqLQ","https:\/\/twitter.com\/asso_graie"]},{"@type":"Person","@id":"https:\/\/asso.graie.org\/portail\/#\/schema\/person\/486e14d091ff09d12f2b31bad560eb4f","name":"Maureen Carpentier","url":"https:\/\/asso.graie.org\/portail\/author\/juliettecasanova\/"}]}},"_links":{"self":[{"href":"https:\/\/asso.graie.org\/portail\/wp-json\/wp\/v2\/posts\/22631"}],"collection":[{"href":"https:\/\/asso.graie.org\/portail\/wp-json\/wp\/v2\/posts"}],"about":[{"href":"https:\/\/asso.graie.org\/portail\/wp-json\/wp\/v2\/types\/post"}],"author":[{"embeddable":true,"href":"https:\/\/asso.graie.org\/portail\/wp-json\/wp\/v2\/users\/16"}],"replies":[{"embeddable":true,"href":"https:\/\/asso.graie.org\/portail\/wp-json\/wp\/v2\/comments?post=22631"}],"version-history":[{"count":7,"href":"https:\/\/asso.graie.org\/portail\/wp-json\/wp\/v2\/posts\/22631\/revisions"}],"predecessor-version":[{"id":22876,"href":"https:\/\/asso.graie.org\/portail\/wp-json\/wp\/v2\/posts\/22631\/revisions\/22876"}],"wp:featuredmedia":[{"embeddable":true,"href":"https:\/\/asso.graie.org\/portail\/wp-json\/wp\/v2\/media\/22524"}],"wp:attachment":[{"href":"https:\/\/asso.graie.org\/portail\/wp-json\/wp\/v2\/media?parent=22631"}],"wp:term":[{"taxonomy":"category","embeddable":true,"href":"https:\/\/asso.graie.org\/portail\/wp-json\/wp\/v2\/categories?post=22631"},{"taxonomy":"post_tag","embeddable":true,"href":"https:\/\/asso.graie.org\/portail\/wp-json\/wp\/v2\/tags?post=22631"}],"curies":[{"name":"wp","href":"https:\/\/api.w.org\/{rel}","templated":true}]}}