{"id":22765,"date":"2023-03-23T14:33:00","date_gmt":"2023-03-23T13:33:00","guid":{"rendered":"https:\/\/asso.graie.org\/portail\/?p=22765"},"modified":"2024-10-01T10:22:39","modified_gmt":"2024-10-01T08:22:39","slug":"ecole-ete-zabr-h2o","status":"publish","type":"post","link":"https:\/\/asso.graie.org\/portail\/ecole-ete-zabr-h2o\/","title":{"rendered":"\u00c9cole d&rsquo;\u00e9t\u00e9 ZABR-H2O&rsquo;Lyon sur la rivi\u00e8re d&rsquo;Ain"},"content":{"rendered":"\n<h3 class=\"wp-block-heading\">La Zabr et H2O co-organisent une \u00e9cole d\u2019\u00e9t\u00e9 du 26 juin au 1er juillet 2023 sur le th\u00e8mes des rivi\u00e8res \u00e0 fond graveleux.<\/h3>\n\n\n\n<div style=\"height:24px\" aria-hidden=\"true\" class=\"wp-block-spacer\"><\/div>\n\n\n<div class=\"wp-block-image\">\n<figure class=\"aligncenter size-full\"><img decoding=\"async\" loading=\"lazy\" width=\"907\" height=\"472\" src=\"https:\/\/asso.graie.org\/portail\/wp-content\/uploads\/2023\/02\/SummerSchoolH2O.png\" alt=\"\" class=\"wp-image-22917\" srcset=\"https:\/\/asso.graie.org\/portail\/wp-content\/uploads\/2023\/02\/SummerSchoolH2O.png 907w, https:\/\/asso.graie.org\/portail\/wp-content\/uploads\/2023\/02\/SummerSchoolH2O-300x156.png 300w, https:\/\/asso.graie.org\/portail\/wp-content\/uploads\/2023\/02\/SummerSchoolH2O-768x400.png 768w, https:\/\/asso.graie.org\/portail\/wp-content\/uploads\/2023\/02\/SummerSchoolH2O-780x405.png 780w\" sizes=\"(max-width: 907px) 100vw, 907px\" \/><\/figure><\/div>\n\n\n<div style=\"height:28px\" aria-hidden=\"true\" class=\"wp-block-spacer\"><\/div>\n\n\n\n<p class=\"has-text-align-center\"><strong>Les candidatures sont closes !<\/strong><\/p>\n\n\n\n<div style=\"height:32px\" aria-hidden=\"true\" class=\"wp-block-spacer\"><\/div>\n\n\n\n<p><strong>Doctorants, postdoctorants fran\u00e7ais, europ\u00e9ens et internationaux,<\/strong> venez d\u00e9couvrir les principales probl\u00e9matiques de recherche et les m\u00e9thodes associ\u00e9es \u00e0 l\u2019\u00e9tude des enjeux soci\u00e9taux et \u00e9cologiques du bassin de l\u2019Ain et des rivi\u00e8res \u00e0 fond graveleux en g\u00e9n\u00e9ral. Une place importante sera accord\u00e9e aux visites de sites pour appuyer les aspects m\u00e9thodologiques.<\/p>\n\n\n\n<div style=\"height:23px\" aria-hidden=\"true\" class=\"wp-block-spacer\"><\/div>\n\n\n\n<p>Des scientifiques de renom (M.Alp, T.Datry, S.Flaminio, N.Lamouroux, J.Lejot, H.Pi\u00e9gay\u2026) mais aussi de jeunes chercheurs et des acteurs du territoire se proposent de partager leurs connaissances, leurs pratiques de recherche et d\u2019actions sur les rivi\u00e8res \u00e0 fond graveleux.<\/p>\n\n\n\n<div style=\"height:23px\" aria-hidden=\"true\" class=\"wp-block-spacer\"><\/div>\n\n\n\n<p>G\u00e9omorphologie, \u00e9co-hydraulique, \u00e9cologie, perception, intermittence, t\u00e9l\u00e9d\u00e9tection, voici les nombreuses th\u00e9matiques qui seront abord\u00e9es et approfondies lors de cette \u00e9cole d\u2019\u00e9t\u00e9.<\/p>\n\n\n\n<div style=\"height:23px\" aria-hidden=\"true\" class=\"wp-block-spacer\"><\/div>\n\n\n\n<p>R\u00e9servez votre semaine pour l\u2019\u00e9cole d\u2019\u00e9t\u00e9 2023&nbsp;<em>Gravel Bed Rivers de l\u2019EUR H2O\u2019Lyon et de la ZABR.<\/em><\/p>\n\n\n\n<div style=\"height:21px\" aria-hidden=\"true\" class=\"wp-block-spacer\"><\/div>\n\n\n\n<hr class=\"wp-block-separator has-css-opacity\"\/>\n\n\n\n<div style=\"height:23px\" aria-hidden=\"true\" class=\"wp-block-spacer\"><\/div>\n\n\n\n<h2 class=\"wp-block-heading\"><strong>Programme<\/strong><\/h2>\n\n\n\n<p>Les participants acquerront des connaissances sur les sujets suivants :<br>&#8211; Gestion multi-usages de l&rsquo;eau et perception par les acteurs<br>&#8211; Eco-hydrologie et g\u00e9omorphologie des rivi\u00e8res \u00e0 fond graveleux<br>&#8211; Ecologie des rivi\u00e8res intermittentes<br>&#8211; T\u00e9l\u00e9d\u00e9tection pour \u00e9tudes \u00e0 grande \u00e9chelle<\/p>\n\n\n\n<div style=\"height:17px\" aria-hidden=\"true\" class=\"wp-block-spacer\"><\/div>\n\n\n\n<p>Lors de la premi\u00e8re journ\u00e9e, le partage d&rsquo;exp\u00e9riences de gestionnaires et d&rsquo;acteurs du territoire de la rivi\u00e8re d&rsquo;Ain vous permettra d&rsquo;appr\u00e9hender la gestion multi-usages de l&rsquo;eau et sa perception, en lien avec les enjeux de la gestion quantitative. <\/p>\n\n\n\n<p>Le lendemain, vous vous immergerez directement dans la rivi\u00e8re d&rsquo;Ain lors d&rsquo;une journ\u00e9e d&rsquo;observations \u00e9co-hydromorphologiques depuis un cano\u00eb. <\/p>\n\n\n\n<p>Ce voyage sera compl\u00e9t\u00e9 par une journ\u00e9e de conf\u00e9rences et d&rsquo;activit\u00e9s interactives sur la mobilit\u00e9 des s\u00e9diments, le r\u00f4le de la for\u00eat alluviale et l&rsquo;influence des conditions physiques d&rsquo;habitat sur les communaut\u00e9s d&rsquo;invert\u00e9br\u00e9s et de poissons. <\/p>\n\n\n\n<p>Vous d\u00e9couvrirez les \u00e9tonnantes adaptations \u00e9cologiques des rivi\u00e8res intermittentes en parcourant l&rsquo;Albarine. Enfin, vous aurez l&rsquo;occasion d&rsquo;observer le fleuve depuis les airs en vous familiarisant avec la t\u00e9l\u00e9d\u00e9tection pour percevoir l&rsquo;environnement \u00e0 plus grande \u00e9chelle.<\/p>\n\n\n\n<div style=\"height:27px\" aria-hidden=\"true\" class=\"wp-block-spacer\"><\/div>\n\n\n\n<p>Cette \u00e9cole d\u2019\u00e9t\u00e9 aura lieu&nbsp;<strong>en anglais<\/strong>&nbsp;exclusivement.<\/p>\n\n\n\n<div style=\"height:23px\" aria-hidden=\"true\" class=\"wp-block-spacer\"><\/div>\n\n\n\n<hr class=\"wp-block-separator has-css-opacity\"\/>\n\n\n\n<div style=\"height:23px\" aria-hidden=\"true\" class=\"wp-block-spacer\"><\/div>\n\n\n\n<h2 class=\"wp-block-heading\">Tarifs &amp; \u00e9ligibilit\u00e9<\/h2>\n\n\n\n<p>L\u2019\u00e9cole d\u2019\u00e9t\u00e9 est ouverte aux \u00e9tudiants des programmes MSc et PhD li\u00e9s \u00e0 l\u2019eau et aux post-doctorants. Le participant doit \u00eatre capable de communiquer couramment en anglais.<\/p>\n\n\n\n<p><br>Les frais de participation s\u2019\u00e9l\u00e8vent \u00e0 750\u20ac. Ils couvrent : la participation \u00e0 l\u2019\u00e9cole (y compris le mat\u00e9riel de cours et les excursions sur le terrain), les petits d\u00e9jeuners, les d\u00e9jeuners, les d\u00eeners, l\u2019h\u00e9bergement (5 nuits du lundi 26 juin au samedi 1er juillet).<\/p>\n\n\n\n<p><br>Les frais de participation pour les \u00e9tudiants de MSc et PhD de la communaut\u00e9 H2O\u2019Lyon sont pay\u00e9s par H2O\u2019Lyon.<\/p>\n\n\n\n<p><br>Apr\u00e8s avoir re\u00e7u la confirmation de votre s\u00e9lection (<strong>avant fin avril 2023<\/strong>), vous serez invit\u00e9 \u00e0 proc\u00e9der au paiement des frais de participation.<\/p>\n\n\n\n<div style=\"height:23px\" aria-hidden=\"true\" class=\"wp-block-spacer\"><\/div>\n\n\n\n<hr class=\"wp-block-separator has-css-opacity\"\/>\n\n\n\n<div style=\"height:23px\" aria-hidden=\"true\" class=\"wp-block-spacer\"><\/div>\n\n\n\n<h2 class=\"wp-block-heading\">Comment postuler ?<\/h2>\n\n\n\n<p>Pour postuler, envoyez votre formulaire d\u00fbment rempli (contenant votre dossier de candidature) ainsi que votre CV <strong>avant le 3 avril 2023<\/strong>.<\/p>\n\n\n\n<p>Le Graie est en charge des candidatures pour cette \u00e9cole d&rsquo;\u00e9t\u00e9. Pour toute question concernant votre candidature, veuillez contacter asso@graie.org.<\/p>\n\n\n\n<div style=\"height:20px\" aria-hidden=\"true\" class=\"wp-block-spacer\"><\/div>\n\n\n\n<div class=\"wp-block-buttons is-layout-flex wp-block-buttons-is-layout-flex\">\n<div class=\"wp-block-button\"><a class=\"wp-block-button__link has-white-color has-vivid-green-cyan-background-color has-text-color has-background wp-element-button\" href=\"https:\/\/asso.graie.org\/portail\/wp-content\/uploads\/2023\/02\/Application_form_SummerSchool.docx\">T\u00e9l\u00e9chargez le dossier de candidature<\/a><\/div>\n<\/div>\n\n\n\n<div style=\"height:21px\" aria-hidden=\"true\" class=\"wp-block-spacer\"><\/div>\n\n\n\n<div class=\"wp-block-buttons is-layout-flex wp-block-buttons-is-layout-flex\"><\/div>\n\n\n\n<div style=\"height:23px\" aria-hidden=\"true\" class=\"wp-block-spacer\"><\/div>\n\n\n\n<hr class=\"wp-block-separator has-css-opacity\"\/>\n\n\n\n<div style=\"height:23px\" aria-hidden=\"true\" class=\"wp-block-spacer\"><\/div>\n\n\n\n<h2 class=\"wp-block-heading\">Lieu<\/h2>\n\n\n\n<ul>\n<li>L\u2019\u00e9cole d\u2019\u00e9t\u00e9 sera accueillie par le centre de la&nbsp;<strong>Tour d\u2019Oncin<\/strong>, un lieu d\u2019h\u00e9bergement et de conf\u00e9rence appropri\u00e9 pr\u00e8s de la rivi\u00e8re d\u2019Ain.<\/li>\n\n\n\n<li>Le trajet de Lyon \u00e0 la Tour d\u2019Oncin et le retour \u00e0 Lyon sont pris en charge par les organisateurs. Les frais de d\u00e9placement vers et depuis le point de rencontre \u00e0 Lyon ne sont pas inclus dans les frais de participation.<\/li>\n\n\n\n<li><strong>La r\u00e9servation des chambres est incluse <\/strong>dans les frais d\u2019inscription et est r\u00e9alis\u00e9e par les organisateurs. Veuillez contacter h2olyon@univ-lyon1.fr pour toute question concernant votre h\u00e9bergement.<\/li>\n<\/ul>\n\n\n\n<div style=\"height:23px\" aria-hidden=\"true\" class=\"wp-block-spacer\"><\/div>\n\n\n\n<hr class=\"wp-block-separator has-css-opacity\"\/>\n\n\n\n<div style=\"height:23px\" aria-hidden=\"true\" class=\"wp-block-spacer\"><\/div>\n\n\n\n<h2 class=\"wp-block-heading\">Organisateurs<\/h2>\n\n\n\n<ul>\n<li>Sara Puijalon (CNRS, University of Lyon 1)<\/li>\n\n\n\n<li>Marylise Cottet (ENS de Lyon)<\/li>\n\n\n\n<li>Herv\u00e9 Capra (INRAE de Lyon)<\/li>\n\n\n\n<li>Claire-Lise Meyer et Elisabeth Leniti (H2O\u2019Lyon)<\/li>\n\n\n\n<li>Anne Cl\u00e9mens et Isabelle Costaz (ZABR &#8211; Graie)<\/li>\n<\/ul>\n\n\n\n<div style=\"height:100px\" aria-hidden=\"true\" class=\"wp-block-spacer\"><\/div>\n","protected":false},"excerpt":{"rendered":"<p>La Zabr et H2O co-organisent une \u00e9cole d\u2019\u00e9t\u00e9 du 26 juin au 1er juillet 2023 sur le th\u00e8mes des rivi\u00e8res \u00e0 fond graveleux. Les candidatures sont closes ! Doctorants, postdoctorants fran\u00e7ais, europ\u00e9ens et internationaux, venez d\u00e9couvrir les principales probl\u00e9matiques de &hellip;<\/p>\n","protected":false},"author":16,"featured_media":22917,"comment_status":"closed","ping_status":"closed","sticky":false,"template":"","format":"standard","meta":{"_mi_skip_tracking":false,"footnotes":""},"categories":[24,589,74,28],"tags":[297,1851,1846,1848,1847,1853,1850,1849,1693,302,1852,284],"acf":[],"yoast_head":"<!-- This site is optimized with the Yoast SEO plugin v19.13 - https:\/\/yoast.com\/wordpress\/plugins\/seo\/ -->\n<title>\u00c9cole d&#039;\u00e9t\u00e9 ZABR-H2O&#039;Lyon sur la rivi\u00e8re d&#039;Ain | Graie<\/title>\n<meta name=\"description\" content=\"La Zabr et H2O co-organisent une \u00e9cole d\u2019\u00e9t\u00e9 du 26 au 30 juin 2023 sur le th\u00e8mes des rivi\u00e8res \u00e0 fond graveleux.\" \/>\n<meta name=\"robots\" content=\"index, follow, max-snippet:-1, max-image-preview:large, max-video-preview:-1\" \/>\n<link rel=\"canonical\" href=\"https:\/\/asso.graie.org\/portail\/ecole-ete-zabr-h2o\/\" \/>\n<meta property=\"og:locale\" content=\"fr_FR\" \/>\n<meta property=\"og:type\" content=\"article\" \/>\n<meta property=\"og:title\" content=\"\u00c9cole d&#039;\u00e9t\u00e9 ZABR-H2O&#039;Lyon sur la rivi\u00e8re d&#039;Ain | Graie\" \/>\n<meta property=\"og:description\" content=\"La Zabr et H2O co-organisent une \u00e9cole d\u2019\u00e9t\u00e9 du 26 au 30 juin 2023 sur le th\u00e8mes des rivi\u00e8res \u00e0 fond graveleux.\" \/>\n<meta property=\"og:url\" content=\"https:\/\/asso.graie.org\/portail\/ecole-ete-zabr-h2o\/\" \/>\n<meta property=\"og:site_name\" content=\"Graie\" \/>\n<meta property=\"article:published_time\" content=\"2023-03-23T13:33:00+00:00\" \/>\n<meta property=\"article:modified_time\" content=\"2024-10-01T08:22:39+00:00\" \/>\n<meta property=\"og:image\" content=\"https:\/\/asso.graie.org\/portail\/wp-content\/uploads\/2023\/02\/SummerSchoolH2O.png\" \/>\n\t<meta property=\"og:image:width\" content=\"907\" \/>\n\t<meta property=\"og:image:height\" content=\"472\" \/>\n\t<meta property=\"og:image:type\" content=\"image\/png\" \/>\n<meta name=\"author\" content=\"Maureen Carpentier\" \/>\n<meta name=\"twitter:card\" content=\"summary_large_image\" \/>\n<meta name=\"twitter:creator\" content=\"@asso_graie\" \/>\n<meta name=\"twitter:site\" content=\"@asso_graie\" \/>\n<meta name=\"twitter:label1\" content=\"\u00c9crit par\" \/>\n\t<meta name=\"twitter:data1\" content=\"Maureen Carpentier\" \/>\n\t<meta name=\"twitter:label2\" content=\"Dur\u00e9e de lecture estim\u00e9e\" \/>\n\t<meta name=\"twitter:data2\" content=\"4 minutes\" \/>\n<script type=\"application\/ld+json\" class=\"yoast-schema-graph\">{\"@context\":\"https:\/\/schema.org\",\"@graph\":[{\"@type\":\"Article\",\"@id\":\"https:\/\/asso.graie.org\/portail\/ecole-ete-zabr-h2o\/#article\",\"isPartOf\":{\"@id\":\"https:\/\/asso.graie.org\/portail\/ecole-ete-zabr-h2o\/\"},\"author\":{\"name\":\"Maureen Carpentier\",\"@id\":\"https:\/\/asso.graie.org\/portail\/#\/schema\/person\/486e14d091ff09d12f2b31bad560eb4f\"},\"headline\":\"\u00c9cole d&rsquo;\u00e9t\u00e9 ZABR-H2O&rsquo;Lyon sur la rivi\u00e8re d&rsquo;Ain\",\"datePublished\":\"2023-03-23T13:33:00+00:00\",\"dateModified\":\"2024-10-01T08:22:39+00:00\",\"mainEntityOfPage\":{\"@id\":\"https:\/\/asso.graie.org\/portail\/ecole-ete-zabr-h2o\/\"},\"wordCount\":720,\"publisher\":{\"@id\":\"https:\/\/asso.graie.org\/portail\/#organization\"},\"keywords\":[\"Ain\",\"bed\",\"\u00e9cole\",\"\u00e9cole d&#039;\u00e9t\u00e9\",\"\u00e9t\u00e9\",\"fond graveleux\",\"gravel\",\"gravel bed rivers\",\"h2o\",\"rivi\u00e8re\",\"summer school\",\"ZABR\"],\"articleSection\":[\"Actu Graie\",\"Historique Agenda\",\"Milieux aquatiques\",\"Toute l'actualit\u00e9\"],\"inLanguage\":\"fr-FR\"},{\"@type\":\"WebPage\",\"@id\":\"https:\/\/asso.graie.org\/portail\/ecole-ete-zabr-h2o\/\",\"url\":\"https:\/\/asso.graie.org\/portail\/ecole-ete-zabr-h2o\/\",\"name\":\"\u00c9cole d'\u00e9t\u00e9 ZABR-H2O'Lyon sur la rivi\u00e8re d'Ain | Graie\",\"isPartOf\":{\"@id\":\"https:\/\/asso.graie.org\/portail\/#website\"},\"datePublished\":\"2023-03-23T13:33:00+00:00\",\"dateModified\":\"2024-10-01T08:22:39+00:00\",\"description\":\"La Zabr et H2O co-organisent une \u00e9cole d\u2019\u00e9t\u00e9 du 26 au 30 juin 2023 sur le th\u00e8mes des rivi\u00e8res \u00e0 fond graveleux.\",\"breadcrumb\":{\"@id\":\"https:\/\/asso.graie.org\/portail\/ecole-ete-zabr-h2o\/#breadcrumb\"},\"inLanguage\":\"fr-FR\",\"potentialAction\":[{\"@type\":\"ReadAction\",\"target\":[\"https:\/\/asso.graie.org\/portail\/ecole-ete-zabr-h2o\/\"]}]},{\"@type\":\"BreadcrumbList\",\"@id\":\"https:\/\/asso.graie.org\/portail\/ecole-ete-zabr-h2o\/#breadcrumb\",\"itemListElement\":[{\"@type\":\"ListItem\",\"position\":1,\"name\":\"Accueil\",\"item\":\"https:\/\/asso.graie.org\/portail\/\"},{\"@type\":\"ListItem\",\"position\":2,\"name\":\"\u00c9cole d&rsquo;\u00e9t\u00e9 ZABR-H2O&rsquo;Lyon sur la rivi\u00e8re d&rsquo;Ain\"}]},{\"@type\":\"WebSite\",\"@id\":\"https:\/\/asso.graie.org\/portail\/#website\",\"url\":\"https:\/\/asso.graie.org\/portail\/\",\"name\":\"Graie\",\"description\":\"P\u00f4le Eau et Territoires\",\"publisher\":{\"@id\":\"https:\/\/asso.graie.org\/portail\/#organization\"},\"potentialAction\":[{\"@type\":\"SearchAction\",\"target\":{\"@type\":\"EntryPoint\",\"urlTemplate\":\"https:\/\/asso.graie.org\/portail\/?s={search_term_string}\"},\"query-input\":\"required name=search_term_string\"}],\"inLanguage\":\"fr-FR\"},{\"@type\":\"Organization\",\"@id\":\"https:\/\/asso.graie.org\/portail\/#organization\",\"name\":\"Le Graie\",\"url\":\"https:\/\/asso.graie.org\/portail\/\",\"logo\":{\"@type\":\"ImageObject\",\"inLanguage\":\"fr-FR\",\"@id\":\"https:\/\/asso.graie.org\/portail\/#\/schema\/logo\/image\/\",\"url\":\"https:\/\/asso.graie.org\/portail\/wp-content\/uploads\/2021\/12\/Logotype-Graie.png\",\"contentUrl\":\"https:\/\/asso.graie.org\/portail\/wp-content\/uploads\/2021\/12\/Logotype-Graie.png\",\"width\":1890,\"height\":1181,\"caption\":\"Le Graie\"},\"image\":{\"@id\":\"https:\/\/asso.graie.org\/portail\/#\/schema\/logo\/image\/\"},\"sameAs\":[\"https:\/\/fr.linkedin.com\/company\/graie?trk=top_nav_home\",\"https:\/\/www.youtube.com\/channel\/UCZQk0Tt7upYwERYNdDIZqLQ\",\"https:\/\/twitter.com\/asso_graie\"]},{\"@type\":\"Person\",\"@id\":\"https:\/\/asso.graie.org\/portail\/#\/schema\/person\/486e14d091ff09d12f2b31bad560eb4f\",\"name\":\"Maureen Carpentier\",\"url\":\"https:\/\/asso.graie.org\/portail\/author\/juliettecasanova\/\"}]}<\/script>\n<!-- \/ Yoast SEO plugin. -->","yoast_head_json":{"title":"\u00c9cole d'\u00e9t\u00e9 ZABR-H2O'Lyon sur la rivi\u00e8re d'Ain | Graie","description":"La Zabr et H2O co-organisent une \u00e9cole d\u2019\u00e9t\u00e9 du 26 au 30 juin 2023 sur le th\u00e8mes des rivi\u00e8res \u00e0 fond graveleux.","robots":{"index":"index","follow":"follow","max-snippet":"max-snippet:-1","max-image-preview":"max-image-preview:large","max-video-preview":"max-video-preview:-1"},"canonical":"https:\/\/asso.graie.org\/portail\/ecole-ete-zabr-h2o\/","og_locale":"fr_FR","og_type":"article","og_title":"\u00c9cole d'\u00e9t\u00e9 ZABR-H2O'Lyon sur la rivi\u00e8re d'Ain | Graie","og_description":"La Zabr et H2O co-organisent une \u00e9cole d\u2019\u00e9t\u00e9 du 26 au 30 juin 2023 sur le th\u00e8mes des rivi\u00e8res \u00e0 fond graveleux.","og_url":"https:\/\/asso.graie.org\/portail\/ecole-ete-zabr-h2o\/","og_site_name":"Graie","article_published_time":"2023-03-23T13:33:00+00:00","article_modified_time":"2024-10-01T08:22:39+00:00","og_image":[{"width":907,"height":472,"url":"https:\/\/asso.graie.org\/portail\/wp-content\/uploads\/2023\/02\/SummerSchoolH2O.png","type":"image\/png"}],"author":"Maureen Carpentier","twitter_card":"summary_large_image","twitter_creator":"@asso_graie","twitter_site":"@asso_graie","twitter_misc":{"\u00c9crit par":"Maureen Carpentier","Dur\u00e9e de lecture estim\u00e9e":"4 minutes"},"schema":{"@context":"https:\/\/schema.org","@graph":[{"@type":"Article","@id":"https:\/\/asso.graie.org\/portail\/ecole-ete-zabr-h2o\/#article","isPartOf":{"@id":"https:\/\/asso.graie.org\/portail\/ecole-ete-zabr-h2o\/"},"author":{"name":"Maureen Carpentier","@id":"https:\/\/asso.graie.org\/portail\/#\/schema\/person\/486e14d091ff09d12f2b31bad560eb4f"},"headline":"\u00c9cole d&rsquo;\u00e9t\u00e9 ZABR-H2O&rsquo;Lyon sur la rivi\u00e8re d&rsquo;Ain","datePublished":"2023-03-23T13:33:00+00:00","dateModified":"2024-10-01T08:22:39+00:00","mainEntityOfPage":{"@id":"https:\/\/asso.graie.org\/portail\/ecole-ete-zabr-h2o\/"},"wordCount":720,"publisher":{"@id":"https:\/\/asso.graie.org\/portail\/#organization"},"keywords":["Ain","bed","\u00e9cole","\u00e9cole d&#039;\u00e9t\u00e9","\u00e9t\u00e9","fond graveleux","gravel","gravel bed rivers","h2o","rivi\u00e8re","summer school","ZABR"],"articleSection":["Actu Graie","Historique Agenda","Milieux aquatiques","Toute l'actualit\u00e9"],"inLanguage":"fr-FR"},{"@type":"WebPage","@id":"https:\/\/asso.graie.org\/portail\/ecole-ete-zabr-h2o\/","url":"https:\/\/asso.graie.org\/portail\/ecole-ete-zabr-h2o\/","name":"\u00c9cole d'\u00e9t\u00e9 ZABR-H2O'Lyon sur la rivi\u00e8re d'Ain | Graie","isPartOf":{"@id":"https:\/\/asso.graie.org\/portail\/#website"},"datePublished":"2023-03-23T13:33:00+00:00","dateModified":"2024-10-01T08:22:39+00:00","description":"La Zabr et H2O co-organisent une \u00e9cole d\u2019\u00e9t\u00e9 du 26 au 30 juin 2023 sur le th\u00e8mes des rivi\u00e8res \u00e0 fond graveleux.","breadcrumb":{"@id":"https:\/\/asso.graie.org\/portail\/ecole-ete-zabr-h2o\/#breadcrumb"},"inLanguage":"fr-FR","potentialAction":[{"@type":"ReadAction","target":["https:\/\/asso.graie.org\/portail\/ecole-ete-zabr-h2o\/"]}]},{"@type":"BreadcrumbList","@id":"https:\/\/asso.graie.org\/portail\/ecole-ete-zabr-h2o\/#breadcrumb","itemListElement":[{"@type":"ListItem","position":1,"name":"Accueil","item":"https:\/\/asso.graie.org\/portail\/"},{"@type":"ListItem","position":2,"name":"\u00c9cole d&rsquo;\u00e9t\u00e9 ZABR-H2O&rsquo;Lyon sur la rivi\u00e8re d&rsquo;Ain"}]},{"@type":"WebSite","@id":"https:\/\/asso.graie.org\/portail\/#website","url":"https:\/\/asso.graie.org\/portail\/","name":"Graie","description":"P\u00f4le Eau et Territoires","publisher":{"@id":"https:\/\/asso.graie.org\/portail\/#organization"},"potentialAction":[{"@type":"SearchAction","target":{"@type":"EntryPoint","urlTemplate":"https:\/\/asso.graie.org\/portail\/?s={search_term_string}"},"query-input":"required name=search_term_string"}],"inLanguage":"fr-FR"},{"@type":"Organization","@id":"https:\/\/asso.graie.org\/portail\/#organization","name":"Le Graie","url":"https:\/\/asso.graie.org\/portail\/","logo":{"@type":"ImageObject","inLanguage":"fr-FR","@id":"https:\/\/asso.graie.org\/portail\/#\/schema\/logo\/image\/","url":"https:\/\/asso.graie.org\/portail\/wp-content\/uploads\/2021\/12\/Logotype-Graie.png","contentUrl":"https:\/\/asso.graie.org\/portail\/wp-content\/uploads\/2021\/12\/Logotype-Graie.png","width":1890,"height":1181,"caption":"Le Graie"},"image":{"@id":"https:\/\/asso.graie.org\/portail\/#\/schema\/logo\/image\/"},"sameAs":["https:\/\/fr.linkedin.com\/company\/graie?trk=top_nav_home","https:\/\/www.youtube.com\/channel\/UCZQk0Tt7upYwERYNdDIZqLQ","https:\/\/twitter.com\/asso_graie"]},{"@type":"Person","@id":"https:\/\/asso.graie.org\/portail\/#\/schema\/person\/486e14d091ff09d12f2b31bad560eb4f","name":"Maureen Carpentier","url":"https:\/\/asso.graie.org\/portail\/author\/juliettecasanova\/"}]}},"_links":{"self":[{"href":"https:\/\/asso.graie.org\/portail\/wp-json\/wp\/v2\/posts\/22765"}],"collection":[{"href":"https:\/\/asso.graie.org\/portail\/wp-json\/wp\/v2\/posts"}],"about":[{"href":"https:\/\/asso.graie.org\/portail\/wp-json\/wp\/v2\/types\/post"}],"author":[{"embeddable":true,"href":"https:\/\/asso.graie.org\/portail\/wp-json\/wp\/v2\/users\/16"}],"replies":[{"embeddable":true,"href":"https:\/\/asso.graie.org\/portail\/wp-json\/wp\/v2\/comments?post=22765"}],"version-history":[{"count":22,"href":"https:\/\/asso.graie.org\/portail\/wp-json\/wp\/v2\/posts\/22765\/revisions"}],"predecessor-version":[{"id":26661,"href":"https:\/\/asso.graie.org\/portail\/wp-json\/wp\/v2\/posts\/22765\/revisions\/26661"}],"wp:featuredmedia":[{"embeddable":true,"href":"https:\/\/asso.graie.org\/portail\/wp-json\/wp\/v2\/media\/22917"}],"wp:attachment":[{"href":"https:\/\/asso.graie.org\/portail\/wp-json\/wp\/v2\/media?parent=22765"}],"wp:term":[{"taxonomy":"category","embeddable":true,"href":"https:\/\/asso.graie.org\/portail\/wp-json\/wp\/v2\/categories?post=22765"},{"taxonomy":"post_tag","embeddable":true,"href":"https:\/\/asso.graie.org\/portail\/wp-json\/wp\/v2\/tags?post=22765"}],"curies":[{"name":"wp","href":"https:\/\/api.w.org\/{rel}","templated":true}]}}