{"id":22842,"date":"2023-02-17T10:06:19","date_gmt":"2023-02-17T09:06:19","guid":{"rendered":"https:\/\/asso.graie.org\/portail\/?p=22842"},"modified":"2025-02-10T10:59:44","modified_gmt":"2025-02-10T09:59:44","slug":"partenaire-cours-dete-management-of-micropollutants-in-urban-water-cycle","status":"publish","type":"post","link":"https:\/\/asso.graie.org\/portail\/partenaire-cours-dete-management-of-micropollutants-in-urban-water-cycle\/","title":{"rendered":"Partenaire | Cours d&rsquo;\u00e9t\u00e9 : Management of micropollutants in urban water cycle"},"content":{"rendered":"\n<div style=\"height:34px\" aria-hidden=\"true\" class=\"wp-block-spacer\"><\/div>\n\n\n\n<h3 class=\"wp-block-heading\">La quatri\u00e8me \u00e9dition de ce cours d&rsquo;\u00e9t\u00e9 avant-gardiste sur le management des micropolluants dans le cycle urbain de l&rsquo;eau aura lieu \u00e0 Gironne (Espagne) du 3 au 7 juillet 2023. <\/h3>\n\n\n\n<div style=\"height:34px\" aria-hidden=\"true\" class=\"wp-block-spacer\"><\/div>\n\n\n\n<p>Ces cours intensifs et hautement sp\u00e9cialis\u00e9s seront r\u00e9alis\u00e9s int\u00e9gralement en anglais. Ils porteront principalement sur les micropolluants \u00e9mergents dans les eaux us\u00e9es (y compris les boues) et les syst\u00e8mes de d\u00e9chets (y compris les biod\u00e9chets, les d\u00e9chets verts, les fumiers\u2026). Les aspects li\u00e9s aux sources, \u00e0 l&rsquo;analyse, \u00e0 la pr\u00e9sence et au devenir des micropolluants dans l&rsquo;eau et les d\u00e9chets, aux technologies de traitement (processus, microbiologie) et \u00e0 l&rsquo;impact \u00e9cotoxicologique des micropolluants seront abord\u00e9s. <\/p>\n\n\n\n<div style=\"height:34px\" aria-hidden=\"true\" class=\"wp-block-spacer\"><\/div>\n\n\n\n<p>A l&rsquo;issue de ces cours, les participants seront en mesure :<\/p>\n\n\n\n<ul>\n<li>d&rsquo;identifier les limites dans la gestion des micropolluants et les domaines dans lesquels des recherches futures sont n\u00e9cessaires <\/li>\n\n\n\n<li>de proposer des solutions technologiques \u00e9mergentes en connaissant les avantages et les inconv\u00e9nients et de choisir la meilleure option en fonction de leur propre contexte<\/li>\n<\/ul>\n\n\n\n<div style=\"height:33px\" aria-hidden=\"true\" class=\"wp-block-spacer\"><\/div>\n\n\n\n<p>Cours organis\u00e9s par l&rsquo;INRAE, ICRA et l&rsquo;Universit\u00e9 de Gironne.<\/p>\n\n\n\n<div style=\"height:34px\" aria-hidden=\"true\" class=\"wp-block-spacer\"><\/div>\n\n\n\n<h3 class=\"wp-block-heading\">Inscriptions<\/h3>\n\n\n\n<p>Les inscriptions ouvriront en mai 2023.<\/p>\n\n\n\n<p>Plus d&rsquo;informations sont disponibles sur le flyer et le site de l&rsquo;\u00e9v\u00e8nement :<\/p>\n\n\n\n<div class=\"wp-block-buttons is-content-justification-center is-layout-flex wp-container-1 wp-block-buttons-is-layout-flex\">\n<div class=\"wp-block-button\"><a class=\"wp-block-button__link has-white-color has-luminous-vivid-orange-background-color has-text-color has-background wp-element-button broken_link\" href=\"https:\/\/workshop.inrae.fr\/lesc-muwc\/\">Site<\/a><\/div>\n<\/div>\n\n\n\n<div style=\"height:34px\" aria-hidden=\"true\" class=\"wp-block-spacer\"><\/div>\n","protected":false},"excerpt":{"rendered":"<p>La quatri\u00e8me \u00e9dition de ce cours d&rsquo;\u00e9t\u00e9 avant-gardiste sur le management des micropolluants dans le cycle urbain de l&rsquo;eau aura lieu \u00e0 Gironne (Espagne) du 3 au 7 juillet 2023. Ces cours intensifs et hautement sp\u00e9cialis\u00e9s seront r\u00e9alis\u00e9s int\u00e9gralement en &hellip;<\/p>\n","protected":false},"author":16,"featured_media":22218,"comment_status":"closed","ping_status":"closed","sticky":false,"template":"","format":"standard","meta":{"_mi_skip_tracking":false,"footnotes":""},"categories":[27,28],"tags":[1858,1856,1847,1859,498,1857,1860,1855,1854],"acf":[],"yoast_head":"<!-- This site is optimized with the Yoast SEO plugin v19.13 - https:\/\/yoast.com\/wordpress\/plugins\/seo\/ -->\n<title>Partenaire | Cours d&#039;\u00e9t\u00e9 : Management of micropollutants in urban water cycle | Graie<\/title>\n<meta name=\"description\" content=\"La 4e \u00e9dition de ce cours d&#039;\u00e9t\u00e9 avant-gardiste sur le management des micropolluants dans le cycle urbain de l&#039;eau aura lieu \u00e0 Gironne (Espagne) du 3 au 7 juillet 2023.\" \/>\n<meta name=\"robots\" content=\"index, follow, max-snippet:-1, max-image-preview:large, max-video-preview:-1\" \/>\n<link rel=\"canonical\" href=\"https:\/\/asso.graie.org\/portail\/partenaire-cours-dete-management-of-micropollutants-in-urban-water-cycle\/\" \/>\n<meta property=\"og:locale\" content=\"fr_FR\" \/>\n<meta property=\"og:type\" content=\"article\" \/>\n<meta property=\"og:title\" content=\"Partenaire | Cours d&#039;\u00e9t\u00e9 : Management of micropollutants in urban water cycle | Graie\" \/>\n<meta property=\"og:description\" content=\"La 4e \u00e9dition de ce cours d&#039;\u00e9t\u00e9 avant-gardiste sur le management des micropolluants dans le cycle urbain de l&#039;eau aura lieu \u00e0 Gironne (Espagne) du 3 au 7 juillet 2023.\" \/>\n<meta property=\"og:url\" content=\"https:\/\/asso.graie.org\/portail\/partenaire-cours-dete-management-of-micropollutants-in-urban-water-cycle\/\" \/>\n<meta property=\"og:site_name\" content=\"Graie\" \/>\n<meta property=\"article:published_time\" content=\"2023-02-17T09:06:19+00:00\" \/>\n<meta property=\"article:modified_time\" content=\"2025-02-10T09:59:44+00:00\" \/>\n<meta property=\"og:image\" content=\"https:\/\/asso.graie.org\/portail\/wp-content\/uploads\/2022\/11\/7-1024x512.png\" \/>\n\t<meta property=\"og:image:width\" content=\"1024\" \/>\n\t<meta property=\"og:image:height\" content=\"512\" \/>\n\t<meta property=\"og:image:type\" content=\"image\/png\" \/>\n<meta name=\"author\" content=\"Maureen Carpentier\" \/>\n<meta name=\"twitter:card\" content=\"summary_large_image\" \/>\n<meta name=\"twitter:creator\" content=\"@asso_graie\" \/>\n<meta name=\"twitter:site\" content=\"@asso_graie\" \/>\n<meta name=\"twitter:label1\" content=\"\u00c9crit par\" \/>\n\t<meta name=\"twitter:data1\" content=\"Maureen Carpentier\" \/>\n\t<meta name=\"twitter:label2\" content=\"Dur\u00e9e de lecture estim\u00e9e\" \/>\n\t<meta name=\"twitter:data2\" content=\"1 minute\" \/>\n<script type=\"application\/ld+json\" class=\"yoast-schema-graph\">{\"@context\":\"https:\/\/schema.org\",\"@graph\":[{\"@type\":\"Article\",\"@id\":\"https:\/\/asso.graie.org\/portail\/partenaire-cours-dete-management-of-micropollutants-in-urban-water-cycle\/#article\",\"isPartOf\":{\"@id\":\"https:\/\/asso.graie.org\/portail\/partenaire-cours-dete-management-of-micropollutants-in-urban-water-cycle\/\"},\"author\":{\"name\":\"Maureen Carpentier\",\"@id\":\"https:\/\/asso.graie.org\/portail\/#\/schema\/person\/486e14d091ff09d12f2b31bad560eb4f\"},\"headline\":\"Partenaire | Cours d&rsquo;\u00e9t\u00e9 : Management of micropollutants in urban water cycle\",\"datePublished\":\"2023-02-17T09:06:19+00:00\",\"dateModified\":\"2025-02-10T09:59:44+00:00\",\"mainEntityOfPage\":{\"@id\":\"https:\/\/asso.graie.org\/portail\/partenaire-cours-dete-management-of-micropollutants-in-urban-water-cycle\/\"},\"wordCount\":210,\"publisher\":{\"@id\":\"https:\/\/asso.graie.org\/portail\/#organization\"},\"keywords\":[\"cours d&#039;\u00e9t\u00e9\",\"course\",\"\u00e9t\u00e9\",\"gironne\",\"micropolluants\",\"micropollutant\",\"micropollutants\",\"school\",\"summer\"],\"articleSection\":[\"Actualit\u00e9s partenaires\",\"Toute l'actualit\u00e9\"],\"inLanguage\":\"fr-FR\"},{\"@type\":\"WebPage\",\"@id\":\"https:\/\/asso.graie.org\/portail\/partenaire-cours-dete-management-of-micropollutants-in-urban-water-cycle\/\",\"url\":\"https:\/\/asso.graie.org\/portail\/partenaire-cours-dete-management-of-micropollutants-in-urban-water-cycle\/\",\"name\":\"Partenaire | Cours d'\u00e9t\u00e9 : Management of micropollutants in urban water cycle | Graie\",\"isPartOf\":{\"@id\":\"https:\/\/asso.graie.org\/portail\/#website\"},\"datePublished\":\"2023-02-17T09:06:19+00:00\",\"dateModified\":\"2025-02-10T09:59:44+00:00\",\"description\":\"La 4e \u00e9dition de ce cours d'\u00e9t\u00e9 avant-gardiste sur le management des micropolluants dans le cycle urbain de l'eau aura lieu \u00e0 Gironne (Espagne) du 3 au 7 juillet 2023.\",\"breadcrumb\":{\"@id\":\"https:\/\/asso.graie.org\/portail\/partenaire-cours-dete-management-of-micropollutants-in-urban-water-cycle\/#breadcrumb\"},\"inLanguage\":\"fr-FR\",\"potentialAction\":[{\"@type\":\"ReadAction\",\"target\":[\"https:\/\/asso.graie.org\/portail\/partenaire-cours-dete-management-of-micropollutants-in-urban-water-cycle\/\"]}]},{\"@type\":\"BreadcrumbList\",\"@id\":\"https:\/\/asso.graie.org\/portail\/partenaire-cours-dete-management-of-micropollutants-in-urban-water-cycle\/#breadcrumb\",\"itemListElement\":[{\"@type\":\"ListItem\",\"position\":1,\"name\":\"Accueil\",\"item\":\"https:\/\/asso.graie.org\/portail\/\"},{\"@type\":\"ListItem\",\"position\":2,\"name\":\"Partenaire | Cours d&rsquo;\u00e9t\u00e9 : Management of micropollutants in urban water cycle\"}]},{\"@type\":\"WebSite\",\"@id\":\"https:\/\/asso.graie.org\/portail\/#website\",\"url\":\"https:\/\/asso.graie.org\/portail\/\",\"name\":\"Graie\",\"description\":\"P\u00f4le Eau et Territoires\",\"publisher\":{\"@id\":\"https:\/\/asso.graie.org\/portail\/#organization\"},\"potentialAction\":[{\"@type\":\"SearchAction\",\"target\":{\"@type\":\"EntryPoint\",\"urlTemplate\":\"https:\/\/asso.graie.org\/portail\/?s={search_term_string}\"},\"query-input\":\"required name=search_term_string\"}],\"inLanguage\":\"fr-FR\"},{\"@type\":\"Organization\",\"@id\":\"https:\/\/asso.graie.org\/portail\/#organization\",\"name\":\"Le Graie\",\"url\":\"https:\/\/asso.graie.org\/portail\/\",\"logo\":{\"@type\":\"ImageObject\",\"inLanguage\":\"fr-FR\",\"@id\":\"https:\/\/asso.graie.org\/portail\/#\/schema\/logo\/image\/\",\"url\":\"https:\/\/asso.graie.org\/portail\/wp-content\/uploads\/2021\/12\/Logotype-Graie.png\",\"contentUrl\":\"https:\/\/asso.graie.org\/portail\/wp-content\/uploads\/2021\/12\/Logotype-Graie.png\",\"width\":1890,\"height\":1181,\"caption\":\"Le Graie\"},\"image\":{\"@id\":\"https:\/\/asso.graie.org\/portail\/#\/schema\/logo\/image\/\"},\"sameAs\":[\"https:\/\/fr.linkedin.com\/company\/graie?trk=top_nav_home\",\"https:\/\/www.youtube.com\/channel\/UCZQk0Tt7upYwERYNdDIZqLQ\",\"https:\/\/twitter.com\/asso_graie\"]},{\"@type\":\"Person\",\"@id\":\"https:\/\/asso.graie.org\/portail\/#\/schema\/person\/486e14d091ff09d12f2b31bad560eb4f\",\"name\":\"Maureen Carpentier\",\"url\":\"https:\/\/asso.graie.org\/portail\/author\/juliettecasanova\/\"}]}<\/script>\n<!-- \/ Yoast SEO plugin. -->","yoast_head_json":{"title":"Partenaire | Cours d'\u00e9t\u00e9 : Management of micropollutants in urban water cycle | Graie","description":"La 4e \u00e9dition de ce cours d'\u00e9t\u00e9 avant-gardiste sur le management des micropolluants dans le cycle urbain de l'eau aura lieu \u00e0 Gironne (Espagne) du 3 au 7 juillet 2023.","robots":{"index":"index","follow":"follow","max-snippet":"max-snippet:-1","max-image-preview":"max-image-preview:large","max-video-preview":"max-video-preview:-1"},"canonical":"https:\/\/asso.graie.org\/portail\/partenaire-cours-dete-management-of-micropollutants-in-urban-water-cycle\/","og_locale":"fr_FR","og_type":"article","og_title":"Partenaire | Cours d'\u00e9t\u00e9 : Management of micropollutants in urban water cycle | Graie","og_description":"La 4e \u00e9dition de ce cours d'\u00e9t\u00e9 avant-gardiste sur le management des micropolluants dans le cycle urbain de l'eau aura lieu \u00e0 Gironne (Espagne) du 3 au 7 juillet 2023.","og_url":"https:\/\/asso.graie.org\/portail\/partenaire-cours-dete-management-of-micropollutants-in-urban-water-cycle\/","og_site_name":"Graie","article_published_time":"2023-02-17T09:06:19+00:00","article_modified_time":"2025-02-10T09:59:44+00:00","og_image":[{"width":1024,"height":512,"url":"https:\/\/asso.graie.org\/portail\/wp-content\/uploads\/2022\/11\/7-1024x512.png","type":"image\/png"}],"author":"Maureen Carpentier","twitter_card":"summary_large_image","twitter_creator":"@asso_graie","twitter_site":"@asso_graie","twitter_misc":{"\u00c9crit par":"Maureen Carpentier","Dur\u00e9e de lecture estim\u00e9e":"1 minute"},"schema":{"@context":"https:\/\/schema.org","@graph":[{"@type":"Article","@id":"https:\/\/asso.graie.org\/portail\/partenaire-cours-dete-management-of-micropollutants-in-urban-water-cycle\/#article","isPartOf":{"@id":"https:\/\/asso.graie.org\/portail\/partenaire-cours-dete-management-of-micropollutants-in-urban-water-cycle\/"},"author":{"name":"Maureen Carpentier","@id":"https:\/\/asso.graie.org\/portail\/#\/schema\/person\/486e14d091ff09d12f2b31bad560eb4f"},"headline":"Partenaire | Cours d&rsquo;\u00e9t\u00e9 : Management of micropollutants in urban water cycle","datePublished":"2023-02-17T09:06:19+00:00","dateModified":"2025-02-10T09:59:44+00:00","mainEntityOfPage":{"@id":"https:\/\/asso.graie.org\/portail\/partenaire-cours-dete-management-of-micropollutants-in-urban-water-cycle\/"},"wordCount":210,"publisher":{"@id":"https:\/\/asso.graie.org\/portail\/#organization"},"keywords":["cours d&#039;\u00e9t\u00e9","course","\u00e9t\u00e9","gironne","micropolluants","micropollutant","micropollutants","school","summer"],"articleSection":["Actualit\u00e9s partenaires","Toute l'actualit\u00e9"],"inLanguage":"fr-FR"},{"@type":"WebPage","@id":"https:\/\/asso.graie.org\/portail\/partenaire-cours-dete-management-of-micropollutants-in-urban-water-cycle\/","url":"https:\/\/asso.graie.org\/portail\/partenaire-cours-dete-management-of-micropollutants-in-urban-water-cycle\/","name":"Partenaire | Cours d'\u00e9t\u00e9 : Management of micropollutants in urban water cycle | Graie","isPartOf":{"@id":"https:\/\/asso.graie.org\/portail\/#website"},"datePublished":"2023-02-17T09:06:19+00:00","dateModified":"2025-02-10T09:59:44+00:00","description":"La 4e \u00e9dition de ce cours d'\u00e9t\u00e9 avant-gardiste sur le management des micropolluants dans le cycle urbain de l'eau aura lieu \u00e0 Gironne (Espagne) du 3 au 7 juillet 2023.","breadcrumb":{"@id":"https:\/\/asso.graie.org\/portail\/partenaire-cours-dete-management-of-micropollutants-in-urban-water-cycle\/#breadcrumb"},"inLanguage":"fr-FR","potentialAction":[{"@type":"ReadAction","target":["https:\/\/asso.graie.org\/portail\/partenaire-cours-dete-management-of-micropollutants-in-urban-water-cycle\/"]}]},{"@type":"BreadcrumbList","@id":"https:\/\/asso.graie.org\/portail\/partenaire-cours-dete-management-of-micropollutants-in-urban-water-cycle\/#breadcrumb","itemListElement":[{"@type":"ListItem","position":1,"name":"Accueil","item":"https:\/\/asso.graie.org\/portail\/"},{"@type":"ListItem","position":2,"name":"Partenaire | Cours d&rsquo;\u00e9t\u00e9 : Management of micropollutants in urban water cycle"}]},{"@type":"WebSite","@id":"https:\/\/asso.graie.org\/portail\/#website","url":"https:\/\/asso.graie.org\/portail\/","name":"Graie","description":"P\u00f4le Eau et Territoires","publisher":{"@id":"https:\/\/asso.graie.org\/portail\/#organization"},"potentialAction":[{"@type":"SearchAction","target":{"@type":"EntryPoint","urlTemplate":"https:\/\/asso.graie.org\/portail\/?s={search_term_string}"},"query-input":"required name=search_term_string"}],"inLanguage":"fr-FR"},{"@type":"Organization","@id":"https:\/\/asso.graie.org\/portail\/#organization","name":"Le Graie","url":"https:\/\/asso.graie.org\/portail\/","logo":{"@type":"ImageObject","inLanguage":"fr-FR","@id":"https:\/\/asso.graie.org\/portail\/#\/schema\/logo\/image\/","url":"https:\/\/asso.graie.org\/portail\/wp-content\/uploads\/2021\/12\/Logotype-Graie.png","contentUrl":"https:\/\/asso.graie.org\/portail\/wp-content\/uploads\/2021\/12\/Logotype-Graie.png","width":1890,"height":1181,"caption":"Le Graie"},"image":{"@id":"https:\/\/asso.graie.org\/portail\/#\/schema\/logo\/image\/"},"sameAs":["https:\/\/fr.linkedin.com\/company\/graie?trk=top_nav_home","https:\/\/www.youtube.com\/channel\/UCZQk0Tt7upYwERYNdDIZqLQ","https:\/\/twitter.com\/asso_graie"]},{"@type":"Person","@id":"https:\/\/asso.graie.org\/portail\/#\/schema\/person\/486e14d091ff09d12f2b31bad560eb4f","name":"Maureen Carpentier","url":"https:\/\/asso.graie.org\/portail\/author\/juliettecasanova\/"}]}},"_links":{"self":[{"href":"https:\/\/asso.graie.org\/portail\/wp-json\/wp\/v2\/posts\/22842"}],"collection":[{"href":"https:\/\/asso.graie.org\/portail\/wp-json\/wp\/v2\/posts"}],"about":[{"href":"https:\/\/asso.graie.org\/portail\/wp-json\/wp\/v2\/types\/post"}],"author":[{"embeddable":true,"href":"https:\/\/asso.graie.org\/portail\/wp-json\/wp\/v2\/users\/16"}],"replies":[{"embeddable":true,"href":"https:\/\/asso.graie.org\/portail\/wp-json\/wp\/v2\/comments?post=22842"}],"version-history":[{"count":3,"href":"https:\/\/asso.graie.org\/portail\/wp-json\/wp\/v2\/posts\/22842\/revisions"}],"predecessor-version":[{"id":27476,"href":"https:\/\/asso.graie.org\/portail\/wp-json\/wp\/v2\/posts\/22842\/revisions\/27476"}],"wp:featuredmedia":[{"embeddable":true,"href":"https:\/\/asso.graie.org\/portail\/wp-json\/wp\/v2\/media\/22218"}],"wp:attachment":[{"href":"https:\/\/asso.graie.org\/portail\/wp-json\/wp\/v2\/media?parent=22842"}],"wp:term":[{"taxonomy":"category","embeddable":true,"href":"https:\/\/asso.graie.org\/portail\/wp-json\/wp\/v2\/categories?post=22842"},{"taxonomy":"post_tag","embeddable":true,"href":"https:\/\/asso.graie.org\/portail\/wp-json\/wp\/v2\/tags?post=22842"}],"curies":[{"name":"wp","href":"https:\/\/api.w.org\/{rel}","templated":true}]}}